{"id":17825,"date":"2023-02-26T19:32:39","date_gmt":"2023-02-26T19:32:39","guid":{"rendered":"https:\/\/www.africa-press.net\/togo\/politique\/togo-present-at-the-parliamentary-assembly-of-oacps-in-brussels"},"modified":"2023-02-26T20:22:03","modified_gmt":"2023-02-26T20:22:03","slug":"togo-present-at-the-parliamentary-assembly-of-oacps-in-brussels","status":"publish","type":"post","link":"https:\/\/www.africa-press.net\/togo\/politique\/togo-present-at-the-parliamentary-assembly-of-oacps-in-brussels","title":{"rendered":"Togo present at the Parliamentary Assembly of OACPS in Brussels"},"content":{"rendered":"<p><span style=\"color: #ff6600\"><strong>Africa-Press &#8211; Togo. <\/strong><\/span><b>The Parliamentary Assembly of the Organization of African, Caribbean and Pacific States (OACPS) is organizing a special session on the OACPS-EU partnership agreement. Togo has also sent a delegation to this event which is being held this weekend at the OACPS Secretariat in Brussels, Belgium.<\/b><\/p>\n<p>According to our information, a Togolese delegation made up of a number of Togolese MPs is taking part in this session.<\/p>\n<p>As OACPS chief negotiator of the new agreement between the organization and the European Union, the Togolese Minister of Foreign Affairs, Robert Dussey, also participates in the meeting.<\/p>\n<p>Dussey presented his report on Saturday, while calling on parliamentarians to seek the support of their colleagues in the European Parliament for the signing of the new agreement.<\/p>\n<p>Robert Dussey, Togo\u2019s Foreign Affairs Minister, and the OACPS Chief negotiator of the new agreement, is addressing the members of Parliament and calling on Parliamentarians to seek support from colleagues in European Parliament for the signing of the new agreement. pic.twitter.com\/OHg8wtNENH<\/p>\n<p>Composed of 79 African, Caribbean and Pacific Member States, the Organization of African, Caribbean and Pacific States (OACPS) strives to achieve the sustainable development of its members and their progressive integration into the Mondial economy.<\/p>\n<p><strong>Pour plus d&rsquo;informations et d&rsquo;analyses sur la <a href=\"https:\/\/www.africa-press.net\/togo\">Togo<\/a>, suivez <a href=\"https:\/\/www.africa-press.net\/\">Africa-Press<\/a><\/strong><\/p>\n","protected":false},"excerpt":{"rendered":"<p>Africa-Press &#8211; Togo. The Parliamentary Assembly of the Organization of African, Caribbean and Pacific States (OACPS) is organizing a special session on the OACPS-EU partnership agreement. Togo has also sent a delegation to this event which is being held this weekend at the OACPS Secretariat in Brussels, Belgium. According to our information, a Togolese delegation [&hellip;]<\/p>\n","protected":false},"author":82,"featured_media":17824,"comment_status":"open","ping_status":"closed","sticky":false,"template":"","format":"standard","meta":{"footnotes":""},"categories":[2,10],"tags":[36,49,50],"class_list":["post-17825","post","type-post","status-publish","format-standard","has-post-thumbnail","hentry","category-politique","category-toutes-les-actualites","tag-africa-press","tag-africa-press-togo","tag-togo"],"yoast_head":"<!-- This site is optimized with the Yoast SEO Premium plugin v26.1 (Yoast SEO v27.0) - https:\/\/yoast.com\/product\/yoast-seo-premium-wordpress\/ -->\n<title>Togo present at the Parliamentary Assembly of OACPS in Brussels - Togo<\/title>\n<meta name=\"description\" content=\"The Parliamentary Assembly of the Organization of African, Caribbean and Pacific States (OACPS) is organizing a speci ...\" \/>\n<meta name=\"robots\" content=\"index, follow, max-snippet:-1, max-image-preview:large, max-video-preview:-1\" \/>\n<link rel=\"canonical\" href=\"https:\/\/www.africa-press.net\/togo\/politique\/togo-present-at-the-parliamentary-assembly-of-oacps-in-brussels\" \/>\n<meta property=\"og:locale\" content=\"fr_FR\" \/>\n<meta property=\"og:type\" content=\"article\" \/>\n<meta property=\"og:title\" content=\"Togo present at the Parliamentary Assembly of OACPS in Brussels\" \/>\n<meta property=\"og:description\" content=\"The Parliamentary Assembly of the Organization of African, Caribbean and Pacific States (OACPS) is organizing a speci ...\" \/>\n<meta property=\"og:url\" content=\"https:\/\/www.africa-press.net\/togo\/politique\/togo-present-at-the-parliamentary-assembly-of-oacps-in-brussels\" \/>\n<meta property=\"og:site_name\" content=\"Togo\" \/>\n<meta property=\"article:published_time\" content=\"2023-02-26T19:32:39+00:00\" \/>\n<meta property=\"article:modified_time\" content=\"2023-02-26T20:22:03+00:00\" \/>\n<meta property=\"og:image\" content=\"https:\/\/static.africa-press.net\/togo\/sites\/58\/2023\/02\/postQueueImg_1677427365.21.jpg\" \/>\n\t<meta property=\"og:image:width\" content=\"1556\" \/>\n\t<meta property=\"og:image:height\" content=\"1167\" \/>\n\t<meta property=\"og:image:type\" content=\"image\/jpeg\" \/>\n<meta name=\"author\" content=\"cfeditorfr\" \/>\n<meta name=\"twitter:card\" content=\"summary_large_image\" \/>\n<meta name=\"twitter:label1\" content=\"\u00c9crit par\" \/>\n\t<meta name=\"twitter:data1\" content=\"cfeditorfr\" \/>\n\t<meta name=\"twitter:label2\" content=\"Dur\u00e9e de lecture estim\u00e9e\" \/>\n\t<meta name=\"twitter:data2\" content=\"2 minutes\" \/>\n<script type=\"application\/ld+json\" class=\"yoast-schema-graph\">{\"@context\":\"https:\/\/schema.org\",\"@graph\":[{\"@type\":\"Article\",\"@id\":\"https:\/\/www.africa-press.net\/togo\/politique\/togo-present-at-the-parliamentary-assembly-of-oacps-in-brussels#article\",\"isPartOf\":{\"@id\":\"https:\/\/www.africa-press.net\/togo\/politique\/togo-present-at-the-parliamentary-assembly-of-oacps-in-brussels\"},\"author\":{\"name\":\"cfeditorfr\",\"@id\":\"https:\/\/www.africa-press.net\/togo\/#\/schema\/person\/2b1cf3cd81a31e3cd26889ca66d677f1\"},\"headline\":\"Togo present at the Parliamentary Assembly of OACPS in Brussels\",\"datePublished\":\"2023-02-26T19:32:39+00:00\",\"dateModified\":\"2023-02-26T20:22:03+00:00\",\"mainEntityOfPage\":{\"@id\":\"https:\/\/www.africa-press.net\/togo\/politique\/togo-present-at-the-parliamentary-assembly-of-oacps-in-brussels\"},\"wordCount\":227,\"commentCount\":0,\"image\":{\"@id\":\"https:\/\/www.africa-press.net\/togo\/politique\/togo-present-at-the-parliamentary-assembly-of-oacps-in-brussels#primaryimage\"},\"thumbnailUrl\":\"https:\/\/static.africa-press.net\/togo\/sites\/58\/2023\/02\/postQueueImg_1677427365.21.jpg\",\"keywords\":[\"Africa Press\",\"Africa Press-Togo\",\"Togo\"],\"articleSection\":[\"Politique\",\"Toutes les actualit\u00e9s\"],\"inLanguage\":\"fr-FR\",\"potentialAction\":[{\"@type\":\"CommentAction\",\"name\":\"Comment\",\"target\":[\"https:\/\/www.africa-press.net\/togo\/politique\/togo-present-at-the-parliamentary-assembly-of-oacps-in-brussels#respond\"]}]},{\"@type\":\"WebPage\",\"@id\":\"https:\/\/www.africa-press.net\/togo\/politique\/togo-present-at-the-parliamentary-assembly-of-oacps-in-brussels\",\"url\":\"https:\/\/www.africa-press.net\/togo\/politique\/togo-present-at-the-parliamentary-assembly-of-oacps-in-brussels\",\"name\":\"Togo present at the Parliamentary Assembly of OACPS in Brussels - Togo\",\"isPartOf\":{\"@id\":\"https:\/\/www.africa-press.net\/togo\/#website\"},\"primaryImageOfPage\":{\"@id\":\"https:\/\/www.africa-press.net\/togo\/politique\/togo-present-at-the-parliamentary-assembly-of-oacps-in-brussels#primaryimage\"},\"image\":{\"@id\":\"https:\/\/www.africa-press.net\/togo\/politique\/togo-present-at-the-parliamentary-assembly-of-oacps-in-brussels#primaryimage\"},\"thumbnailUrl\":\"https:\/\/static.africa-press.net\/togo\/sites\/58\/2023\/02\/postQueueImg_1677427365.21.jpg\",\"datePublished\":\"2023-02-26T19:32:39+00:00\",\"dateModified\":\"2023-02-26T20:22:03+00:00\",\"author\":{\"@id\":\"https:\/\/www.africa-press.net\/togo\/#\/schema\/person\/2b1cf3cd81a31e3cd26889ca66d677f1\"},\"description\":\"The Parliamentary Assembly of the Organization of African, Caribbean and Pacific States (OACPS) is organizing a speci ...\",\"breadcrumb\":{\"@id\":\"https:\/\/www.africa-press.net\/togo\/politique\/togo-present-at-the-parliamentary-assembly-of-oacps-in-brussels#breadcrumb\"},\"inLanguage\":\"fr-FR\",\"potentialAction\":[{\"@type\":\"ReadAction\",\"target\":[\"https:\/\/www.africa-press.net\/togo\/politique\/togo-present-at-the-parliamentary-assembly-of-oacps-in-brussels\"]}]},{\"@type\":\"ImageObject\",\"inLanguage\":\"fr-FR\",\"@id\":\"https:\/\/www.africa-press.net\/togo\/politique\/togo-present-at-the-parliamentary-assembly-of-oacps-in-brussels#primaryimage\",\"url\":\"https:\/\/static.africa-press.net\/togo\/sites\/58\/2023\/02\/postQueueImg_1677427365.21.jpg\",\"contentUrl\":\"https:\/\/static.africa-press.net\/togo\/sites\/58\/2023\/02\/postQueueImg_1677427365.21.jpg\",\"width\":1556,\"height\":1167,\"caption\":\"Togo present at the Parliamentary Assembly of OACPS in Brussels\"},{\"@type\":\"BreadcrumbList\",\"@id\":\"https:\/\/www.africa-press.net\/togo\/politique\/togo-present-at-the-parliamentary-assembly-of-oacps-in-brussels#breadcrumb\",\"itemListElement\":[{\"@type\":\"ListItem\",\"position\":1,\"name\":\"Accueil\",\"item\":\"https:\/\/www.africa-press.net\/togo\/\"},{\"@type\":\"ListItem\",\"position\":2,\"name\":\"Togo present at the Parliamentary Assembly of OACPS in Brussels\"}]},{\"@type\":\"WebSite\",\"@id\":\"https:\/\/www.africa-press.net\/togo\/#website\",\"url\":\"https:\/\/www.africa-press.net\/togo\/\",\"name\":\"Togo\",\"description\":\"Just another Africa News Agency Sites site\",\"potentialAction\":[{\"@type\":\"SearchAction\",\"target\":{\"@type\":\"EntryPoint\",\"urlTemplate\":\"https:\/\/www.africa-press.net\/togo\/?s={search_term_string}\"},\"query-input\":{\"@type\":\"PropertyValueSpecification\",\"valueRequired\":true,\"valueName\":\"search_term_string\"}}],\"inLanguage\":\"fr-FR\"},{\"@type\":\"Person\",\"@id\":\"https:\/\/www.africa-press.net\/togo\/#\/schema\/person\/2b1cf3cd81a31e3cd26889ca66d677f1\",\"name\":\"cfeditorfr\"}]}<\/script>\n<!-- \/ Yoast SEO Premium plugin. -->","yoast_head_json":{"title":"Togo present at the Parliamentary Assembly of OACPS in Brussels - Togo","description":"The Parliamentary Assembly of the Organization of African, Caribbean and Pacific States (OACPS) is organizing a speci ...","robots":{"index":"index","follow":"follow","max-snippet":"max-snippet:-1","max-image-preview":"max-image-preview:large","max-video-preview":"max-video-preview:-1"},"canonical":"https:\/\/www.africa-press.net\/togo\/politique\/togo-present-at-the-parliamentary-assembly-of-oacps-in-brussels","og_locale":"fr_FR","og_type":"article","og_title":"Togo present at the Parliamentary Assembly of OACPS in Brussels","og_description":"The Parliamentary Assembly of the Organization of African, Caribbean and Pacific States (OACPS) is organizing a speci ...","og_url":"https:\/\/www.africa-press.net\/togo\/politique\/togo-present-at-the-parliamentary-assembly-of-oacps-in-brussels","og_site_name":"Togo","article_published_time":"2023-02-26T19:32:39+00:00","article_modified_time":"2023-02-26T20:22:03+00:00","og_image":[{"width":1556,"height":1167,"url":"https:\/\/static.africa-press.net\/togo\/sites\/58\/2023\/02\/postQueueImg_1677427365.21.jpg","type":"image\/jpeg"}],"author":"cfeditorfr","twitter_card":"summary_large_image","twitter_misc":{"\u00c9crit par":"cfeditorfr","Dur\u00e9e de lecture estim\u00e9e":"2 minutes"},"schema":{"@context":"https:\/\/schema.org","@graph":[{"@type":"Article","@id":"https:\/\/www.africa-press.net\/togo\/politique\/togo-present-at-the-parliamentary-assembly-of-oacps-in-brussels#article","isPartOf":{"@id":"https:\/\/www.africa-press.net\/togo\/politique\/togo-present-at-the-parliamentary-assembly-of-oacps-in-brussels"},"author":{"name":"cfeditorfr","@id":"https:\/\/www.africa-press.net\/togo\/#\/schema\/person\/2b1cf3cd81a31e3cd26889ca66d677f1"},"headline":"Togo present at the Parliamentary Assembly of OACPS in Brussels","datePublished":"2023-02-26T19:32:39+00:00","dateModified":"2023-02-26T20:22:03+00:00","mainEntityOfPage":{"@id":"https:\/\/www.africa-press.net\/togo\/politique\/togo-present-at-the-parliamentary-assembly-of-oacps-in-brussels"},"wordCount":227,"commentCount":0,"image":{"@id":"https:\/\/www.africa-press.net\/togo\/politique\/togo-present-at-the-parliamentary-assembly-of-oacps-in-brussels#primaryimage"},"thumbnailUrl":"https:\/\/static.africa-press.net\/togo\/sites\/58\/2023\/02\/postQueueImg_1677427365.21.jpg","keywords":["Africa Press","Africa Press-Togo","Togo"],"articleSection":["Politique","Toutes les actualit\u00e9s"],"inLanguage":"fr-FR","potentialAction":[{"@type":"CommentAction","name":"Comment","target":["https:\/\/www.africa-press.net\/togo\/politique\/togo-present-at-the-parliamentary-assembly-of-oacps-in-brussels#respond"]}]},{"@type":"WebPage","@id":"https:\/\/www.africa-press.net\/togo\/politique\/togo-present-at-the-parliamentary-assembly-of-oacps-in-brussels","url":"https:\/\/www.africa-press.net\/togo\/politique\/togo-present-at-the-parliamentary-assembly-of-oacps-in-brussels","name":"Togo present at the Parliamentary Assembly of OACPS in Brussels - Togo","isPartOf":{"@id":"https:\/\/www.africa-press.net\/togo\/#website"},"primaryImageOfPage":{"@id":"https:\/\/www.africa-press.net\/togo\/politique\/togo-present-at-the-parliamentary-assembly-of-oacps-in-brussels#primaryimage"},"image":{"@id":"https:\/\/www.africa-press.net\/togo\/politique\/togo-present-at-the-parliamentary-assembly-of-oacps-in-brussels#primaryimage"},"thumbnailUrl":"https:\/\/static.africa-press.net\/togo\/sites\/58\/2023\/02\/postQueueImg_1677427365.21.jpg","datePublished":"2023-02-26T19:32:39+00:00","dateModified":"2023-02-26T20:22:03+00:00","author":{"@id":"https:\/\/www.africa-press.net\/togo\/#\/schema\/person\/2b1cf3cd81a31e3cd26889ca66d677f1"},"description":"The Parliamentary Assembly of the Organization of African, Caribbean and Pacific States (OACPS) is organizing a speci ...","breadcrumb":{"@id":"https:\/\/www.africa-press.net\/togo\/politique\/togo-present-at-the-parliamentary-assembly-of-oacps-in-brussels#breadcrumb"},"inLanguage":"fr-FR","potentialAction":[{"@type":"ReadAction","target":["https:\/\/www.africa-press.net\/togo\/politique\/togo-present-at-the-parliamentary-assembly-of-oacps-in-brussels"]}]},{"@type":"ImageObject","inLanguage":"fr-FR","@id":"https:\/\/www.africa-press.net\/togo\/politique\/togo-present-at-the-parliamentary-assembly-of-oacps-in-brussels#primaryimage","url":"https:\/\/static.africa-press.net\/togo\/sites\/58\/2023\/02\/postQueueImg_1677427365.21.jpg","contentUrl":"https:\/\/static.africa-press.net\/togo\/sites\/58\/2023\/02\/postQueueImg_1677427365.21.jpg","width":1556,"height":1167,"caption":"Togo present at the Parliamentary Assembly of OACPS in Brussels"},{"@type":"BreadcrumbList","@id":"https:\/\/www.africa-press.net\/togo\/politique\/togo-present-at-the-parliamentary-assembly-of-oacps-in-brussels#breadcrumb","itemListElement":[{"@type":"ListItem","position":1,"name":"Accueil","item":"https:\/\/www.africa-press.net\/togo\/"},{"@type":"ListItem","position":2,"name":"Togo present at the Parliamentary Assembly of OACPS in Brussels"}]},{"@type":"WebSite","@id":"https:\/\/www.africa-press.net\/togo\/#website","url":"https:\/\/www.africa-press.net\/togo\/","name":"Togo","description":"Just another Africa News Agency Sites site","potentialAction":[{"@type":"SearchAction","target":{"@type":"EntryPoint","urlTemplate":"https:\/\/www.africa-press.net\/togo\/?s={search_term_string}"},"query-input":{"@type":"PropertyValueSpecification","valueRequired":true,"valueName":"search_term_string"}}],"inLanguage":"fr-FR"},{"@type":"Person","@id":"https:\/\/www.africa-press.net\/togo\/#\/schema\/person\/2b1cf3cd81a31e3cd26889ca66d677f1","name":"cfeditorfr"}]}},"_links":{"self":[{"href":"https:\/\/www.africa-press.net\/togo\/wp-json\/wp\/v2\/posts\/17825","targetHints":{"allow":["GET"]}}],"collection":[{"href":"https:\/\/www.africa-press.net\/togo\/wp-json\/wp\/v2\/posts"}],"about":[{"href":"https:\/\/www.africa-press.net\/togo\/wp-json\/wp\/v2\/types\/post"}],"author":[{"embeddable":true,"href":"https:\/\/www.africa-press.net\/togo\/wp-json\/wp\/v2\/users\/82"}],"replies":[{"embeddable":true,"href":"https:\/\/www.africa-press.net\/togo\/wp-json\/wp\/v2\/comments?post=17825"}],"version-history":[{"count":0,"href":"https:\/\/www.africa-press.net\/togo\/wp-json\/wp\/v2\/posts\/17825\/revisions"}],"wp:featuredmedia":[{"embeddable":true,"href":"https:\/\/www.africa-press.net\/togo\/wp-json\/wp\/v2\/media\/17824"}],"wp:attachment":[{"href":"https:\/\/www.africa-press.net\/togo\/wp-json\/wp\/v2\/media?parent=17825"}],"wp:term":[{"taxonomy":"category","embeddable":true,"href":"https:\/\/www.africa-press.net\/togo\/wp-json\/wp\/v2\/categories?post=17825"},{"taxonomy":"post_tag","embeddable":true,"href":"https:\/\/www.africa-press.net\/togo\/wp-json\/wp\/v2\/tags?post=17825"}],"curies":[{"name":"wp","href":"https:\/\/api.w.org\/{rel}","templated":true}]}}