{"id":17833,"date":"2023-02-26T19:33:17","date_gmt":"2023-02-26T19:33:17","guid":{"rendered":"https:\/\/www.africa-press.net\/togo\/politique\/togo-pour-dodji-apevon-le-pays-va-dans-le-gouffre-si-rien-nest-fait"},"modified":"2023-02-26T20:24:02","modified_gmt":"2023-02-26T20:24:02","slug":"togo-pour-dodji-apevon-le-pays-va-dans-le-gouffre-si-rien-nest-fait","status":"publish","type":"post","link":"https:\/\/www.africa-press.net\/togo\/politique\/togo-pour-dodji-apevon-le-pays-va-dans-le-gouffre-si-rien-nest-fait","title":{"rendered":"Togo \u2013 Pour Dodji APEVON, \u00ab \u2026 Le pays va dans le gouffre, si rien n\u2019est fait \u00bb"},"content":{"rendered":"<p><span style=\"color: #ff6600\"><strong>Africa-Press &#8211; Togo. <\/strong><\/span>Le Pre\u0301sident des Forces De\u0301mocratiques pour la Re\u0301publique (FDR), Paul Dodji APEVON a saisi l\u2019occasion de la rentre\u0301e politique de sa formation pour s\u2019exprimer sur la situation ge\u0301ne\u0301rale du Togo. Il a appele\u0301 toutes les couches sociales a\u0300 une mobilisation.<\/p>\n<p>Ce samedi 25 Fe\u0301vrier 2023, militants, sympathisants et responsables du parti politique FDR, se sont retrouve\u0301s pour leur rentre\u0301e politique a\u0300 Lome\u0301. Il s\u2019agissait d\u2019une opportunite\u0301 pour les membres du FDR d\u2019une part de s\u2019exprimer sur l\u2019actualite\u0301 nationale marque\u0301e par le terrorisme et l\u2019extre\u0301misme violent au nord du pays, les diverses malversations financie\u0300res etc&#8230; et d\u2019autre part de re\u0301fle\u0301chir aux prochaines e\u0301che\u0301ances e\u0301lectorales.<\/p>\n<p>Le coordinateur du parti pour le Grand-Lome\u0301, Dr James AMAGLO a indique\u0301 a\u0300 cette occasion : \u00ab On s\u2019est sentis interpelle\u0301s pour interpeller nos militants, interpeller nos concitoyens, interpeller la classe politique, de l\u2019opposition, surtout ceux qui s\u2019appellent majorite\u0301, qui conduisent les affaires, les interpeller, interpeller surtout l\u2019e\u0301lite parce qu\u2019un peuple sans e\u0301lite n\u2019existe pas \u00bb.<\/p>\n<p>En ce qui concerne l\u2019actualite\u0301 nationale, le Pre\u0301sident des FDR, Me Paul Dodji APEVON n\u2019a pas manque\u0301 de se prononcer sur la re\u0301action du gouvernement relativement au rapport produit par la Cour des comptes sur la Fonds de riposte et de solidarite\u0301 covid19, gestion 2020 : \u00ab Et ce qui nous a estomaque\u0301s, c\u2019est la manie\u0300re dont le gouvernement s\u2019inge\u0301nie a\u0300 nier tout ce que la Cour des comptes a dit. Ce qui veut dire que si la Cour des comptes produit un rapport et que le gouvernement ne veut pas reconnai\u0302tre ce rapport, donc toutes les institutions qu\u2019on met en place pour contro\u0302ler l\u2019action du gouvernement, c\u2019est du pipeau, c\u2019est du n\u2019importe quoi. \u00bb.<\/p>\n<p>Tout ceci fait dire a\u0300 Me APEVON que \u00ab si rien n\u2019est fait, la manie\u0300re dont le pays est gouverne\u0301, to\u0302t ou tard le pays va dans le gouffre \u00bb.<\/p>\n<p><strong>Pour plus d&rsquo;informations et d&rsquo;analyses sur la <a href=\"https:\/\/www.africa-press.net\/togo\">Togo<\/a>, suivez <a href=\"https:\/\/www.africa-press.net\/\">Africa-Press<\/a><\/strong><\/p>\n","protected":false},"excerpt":{"rendered":"<p>Africa-Press &#8211; Togo. Le Pre\u0301sident des Forces De\u0301mocratiques pour la Re\u0301publique (FDR), Paul Dodji APEVON a saisi l\u2019occasion de la rentre\u0301e politique de sa formation pour s\u2019exprimer sur la situation ge\u0301ne\u0301rale du Togo. Il a appele\u0301 toutes les couches sociales a\u0300 une mobilisation. Ce samedi 25 Fe\u0301vrier 2023, militants, sympathisants et responsables du parti politique [&hellip;]<\/p>\n","protected":false},"author":82,"featured_media":17832,"comment_status":"open","ping_status":"closed","sticky":false,"template":"","format":"standard","meta":{"footnotes":""},"categories":[2,10],"tags":[36,49,50],"class_list":["post-17833","post","type-post","status-publish","format-standard","has-post-thumbnail","hentry","category-politique","category-toutes-les-actualites","tag-africa-press","tag-africa-press-togo","tag-togo"],"yoast_head":"<!-- This site is optimized with the Yoast SEO Premium plugin v26.1 (Yoast SEO v27.0) - https:\/\/yoast.com\/product\/yoast-seo-premium-wordpress\/ -->\n<title>Togo \u2013 Pour Dodji APEVON, \u00ab \u2026 Le pays va dans le gouffre, si rien n\u2019est fait \u00bb - Togo<\/title>\n<meta name=\"description\" content=\"Le Pre\u0301sident des Forces De\u0301mocratiques pour la Re\u0301publique (FDR), Paul Dodji APEVON a saisi l\u2019occasion de la rentre\u0301e p ...\" \/>\n<meta name=\"robots\" content=\"index, follow, max-snippet:-1, max-image-preview:large, max-video-preview:-1\" \/>\n<link rel=\"canonical\" href=\"https:\/\/www.africa-press.net\/togo\/politique\/togo-pour-dodji-apevon-le-pays-va-dans-le-gouffre-si-rien-nest-fait\" \/>\n<meta property=\"og:locale\" content=\"fr_FR\" \/>\n<meta property=\"og:type\" content=\"article\" \/>\n<meta property=\"og:title\" content=\"Togo \u2013 Pour Dodji APEVON, \u00ab \u2026 Le pays va dans le gouffre, si rien n\u2019est fait \u00bb\" \/>\n<meta property=\"og:description\" content=\"Le Pre\u0301sident des Forces De\u0301mocratiques pour la Re\u0301publique (FDR), Paul Dodji APEVON a saisi l\u2019occasion de la rentre\u0301e p ...\" \/>\n<meta property=\"og:url\" content=\"https:\/\/www.africa-press.net\/togo\/politique\/togo-pour-dodji-apevon-le-pays-va-dans-le-gouffre-si-rien-nest-fait\" \/>\n<meta property=\"og:site_name\" content=\"Togo\" \/>\n<meta property=\"article:published_time\" content=\"2023-02-26T19:33:17+00:00\" \/>\n<meta property=\"article:modified_time\" content=\"2023-02-26T20:24:02+00:00\" \/>\n<meta property=\"og:image\" content=\"https:\/\/static.africa-press.net\/togo\/sites\/58\/2023\/02\/postQueueImg_1677427411.81.jpg\" \/>\n\t<meta property=\"og:image:width\" content=\"1200\" \/>\n\t<meta property=\"og:image:height\" content=\"800\" \/>\n\t<meta property=\"og:image:type\" content=\"image\/jpeg\" \/>\n<meta name=\"author\" content=\"cfeditorfr\" \/>\n<meta name=\"twitter:card\" content=\"summary_large_image\" \/>\n<meta name=\"twitter:label1\" content=\"\u00c9crit par\" \/>\n\t<meta name=\"twitter:data1\" content=\"cfeditorfr\" \/>\n\t<meta name=\"twitter:label2\" content=\"Dur\u00e9e de lecture estim\u00e9e\" \/>\n\t<meta name=\"twitter:data2\" content=\"2 minutes\" \/>\n<script type=\"application\/ld+json\" class=\"yoast-schema-graph\">{\"@context\":\"https:\/\/schema.org\",\"@graph\":[{\"@type\":\"Article\",\"@id\":\"https:\/\/www.africa-press.net\/togo\/politique\/togo-pour-dodji-apevon-le-pays-va-dans-le-gouffre-si-rien-nest-fait#article\",\"isPartOf\":{\"@id\":\"https:\/\/www.africa-press.net\/togo\/politique\/togo-pour-dodji-apevon-le-pays-va-dans-le-gouffre-si-rien-nest-fait\"},\"author\":{\"name\":\"cfeditorfr\",\"@id\":\"https:\/\/www.africa-press.net\/togo\/#\/schema\/person\/2b1cf3cd81a31e3cd26889ca66d677f1\"},\"headline\":\"Togo \u2013 Pour Dodji APEVON, \u00ab \u2026 Le pays va dans le gouffre, si rien n\u2019est fait \u00bb\",\"datePublished\":\"2023-02-26T19:33:17+00:00\",\"dateModified\":\"2023-02-26T20:24:02+00:00\",\"mainEntityOfPage\":{\"@id\":\"https:\/\/www.africa-press.net\/togo\/politique\/togo-pour-dodji-apevon-le-pays-va-dans-le-gouffre-si-rien-nest-fait\"},\"wordCount\":377,\"commentCount\":0,\"image\":{\"@id\":\"https:\/\/www.africa-press.net\/togo\/politique\/togo-pour-dodji-apevon-le-pays-va-dans-le-gouffre-si-rien-nest-fait#primaryimage\"},\"thumbnailUrl\":\"https:\/\/static.africa-press.net\/togo\/sites\/58\/2023\/02\/postQueueImg_1677427411.81.jpg\",\"keywords\":[\"Africa Press\",\"Africa Press-Togo\",\"Togo\"],\"articleSection\":[\"Politique\",\"Toutes les actualit\u00e9s\"],\"inLanguage\":\"fr-FR\",\"potentialAction\":[{\"@type\":\"CommentAction\",\"name\":\"Comment\",\"target\":[\"https:\/\/www.africa-press.net\/togo\/politique\/togo-pour-dodji-apevon-le-pays-va-dans-le-gouffre-si-rien-nest-fait#respond\"]}]},{\"@type\":\"WebPage\",\"@id\":\"https:\/\/www.africa-press.net\/togo\/politique\/togo-pour-dodji-apevon-le-pays-va-dans-le-gouffre-si-rien-nest-fait\",\"url\":\"https:\/\/www.africa-press.net\/togo\/politique\/togo-pour-dodji-apevon-le-pays-va-dans-le-gouffre-si-rien-nest-fait\",\"name\":\"Togo \u2013 Pour Dodji APEVON, \u00ab \u2026 Le pays va dans le gouffre, si rien n\u2019est fait \u00bb - Togo\",\"isPartOf\":{\"@id\":\"https:\/\/www.africa-press.net\/togo\/#website\"},\"primaryImageOfPage\":{\"@id\":\"https:\/\/www.africa-press.net\/togo\/politique\/togo-pour-dodji-apevon-le-pays-va-dans-le-gouffre-si-rien-nest-fait#primaryimage\"},\"image\":{\"@id\":\"https:\/\/www.africa-press.net\/togo\/politique\/togo-pour-dodji-apevon-le-pays-va-dans-le-gouffre-si-rien-nest-fait#primaryimage\"},\"thumbnailUrl\":\"https:\/\/static.africa-press.net\/togo\/sites\/58\/2023\/02\/postQueueImg_1677427411.81.jpg\",\"datePublished\":\"2023-02-26T19:33:17+00:00\",\"dateModified\":\"2023-02-26T20:24:02+00:00\",\"author\":{\"@id\":\"https:\/\/www.africa-press.net\/togo\/#\/schema\/person\/2b1cf3cd81a31e3cd26889ca66d677f1\"},\"description\":\"Le Pre\u0301sident des Forces De\u0301mocratiques pour la Re\u0301publique (FDR), Paul Dodji APEVON a saisi l\u2019occasion de la rentre\u0301e p ...\",\"breadcrumb\":{\"@id\":\"https:\/\/www.africa-press.net\/togo\/politique\/togo-pour-dodji-apevon-le-pays-va-dans-le-gouffre-si-rien-nest-fait#breadcrumb\"},\"inLanguage\":\"fr-FR\",\"potentialAction\":[{\"@type\":\"ReadAction\",\"target\":[\"https:\/\/www.africa-press.net\/togo\/politique\/togo-pour-dodji-apevon-le-pays-va-dans-le-gouffre-si-rien-nest-fait\"]}]},{\"@type\":\"ImageObject\",\"inLanguage\":\"fr-FR\",\"@id\":\"https:\/\/www.africa-press.net\/togo\/politique\/togo-pour-dodji-apevon-le-pays-va-dans-le-gouffre-si-rien-nest-fait#primaryimage\",\"url\":\"https:\/\/static.africa-press.net\/togo\/sites\/58\/2023\/02\/postQueueImg_1677427411.81.jpg\",\"contentUrl\":\"https:\/\/static.africa-press.net\/togo\/sites\/58\/2023\/02\/postQueueImg_1677427411.81.jpg\",\"width\":1200,\"height\":800,\"caption\":\"Togo \u2013 Pour Dodji APEVON, \u00ab \u2026 Le pays va dans le gouffre, si rien n\u2019est fait \u00bb\"},{\"@type\":\"BreadcrumbList\",\"@id\":\"https:\/\/www.africa-press.net\/togo\/politique\/togo-pour-dodji-apevon-le-pays-va-dans-le-gouffre-si-rien-nest-fait#breadcrumb\",\"itemListElement\":[{\"@type\":\"ListItem\",\"position\":1,\"name\":\"Accueil\",\"item\":\"https:\/\/www.africa-press.net\/togo\/\"},{\"@type\":\"ListItem\",\"position\":2,\"name\":\"Togo \u2013 Pour Dodji APEVON, \u00ab \u2026 Le pays va dans le gouffre, si rien n\u2019est fait \u00bb\"}]},{\"@type\":\"WebSite\",\"@id\":\"https:\/\/www.africa-press.net\/togo\/#website\",\"url\":\"https:\/\/www.africa-press.net\/togo\/\",\"name\":\"Togo\",\"description\":\"Just another Africa News Agency Sites site\",\"potentialAction\":[{\"@type\":\"SearchAction\",\"target\":{\"@type\":\"EntryPoint\",\"urlTemplate\":\"https:\/\/www.africa-press.net\/togo\/?s={search_term_string}\"},\"query-input\":{\"@type\":\"PropertyValueSpecification\",\"valueRequired\":true,\"valueName\":\"search_term_string\"}}],\"inLanguage\":\"fr-FR\"},{\"@type\":\"Person\",\"@id\":\"https:\/\/www.africa-press.net\/togo\/#\/schema\/person\/2b1cf3cd81a31e3cd26889ca66d677f1\",\"name\":\"cfeditorfr\"}]}<\/script>\n<!-- \/ Yoast SEO Premium plugin. -->","yoast_head_json":{"title":"Togo \u2013 Pour Dodji APEVON, \u00ab \u2026 Le pays va dans le gouffre, si rien n\u2019est fait \u00bb - Togo","description":"Le Pre\u0301sident des Forces De\u0301mocratiques pour la Re\u0301publique (FDR), Paul Dodji APEVON a saisi l\u2019occasion de la rentre\u0301e p ...","robots":{"index":"index","follow":"follow","max-snippet":"max-snippet:-1","max-image-preview":"max-image-preview:large","max-video-preview":"max-video-preview:-1"},"canonical":"https:\/\/www.africa-press.net\/togo\/politique\/togo-pour-dodji-apevon-le-pays-va-dans-le-gouffre-si-rien-nest-fait","og_locale":"fr_FR","og_type":"article","og_title":"Togo \u2013 Pour Dodji APEVON, \u00ab \u2026 Le pays va dans le gouffre, si rien n\u2019est fait \u00bb","og_description":"Le Pre\u0301sident des Forces De\u0301mocratiques pour la Re\u0301publique (FDR), Paul Dodji APEVON a saisi l\u2019occasion de la rentre\u0301e p ...","og_url":"https:\/\/www.africa-press.net\/togo\/politique\/togo-pour-dodji-apevon-le-pays-va-dans-le-gouffre-si-rien-nest-fait","og_site_name":"Togo","article_published_time":"2023-02-26T19:33:17+00:00","article_modified_time":"2023-02-26T20:24:02+00:00","og_image":[{"width":1200,"height":800,"url":"https:\/\/static.africa-press.net\/togo\/sites\/58\/2023\/02\/postQueueImg_1677427411.81.jpg","type":"image\/jpeg"}],"author":"cfeditorfr","twitter_card":"summary_large_image","twitter_misc":{"\u00c9crit par":"cfeditorfr","Dur\u00e9e de lecture estim\u00e9e":"2 minutes"},"schema":{"@context":"https:\/\/schema.org","@graph":[{"@type":"Article","@id":"https:\/\/www.africa-press.net\/togo\/politique\/togo-pour-dodji-apevon-le-pays-va-dans-le-gouffre-si-rien-nest-fait#article","isPartOf":{"@id":"https:\/\/www.africa-press.net\/togo\/politique\/togo-pour-dodji-apevon-le-pays-va-dans-le-gouffre-si-rien-nest-fait"},"author":{"name":"cfeditorfr","@id":"https:\/\/www.africa-press.net\/togo\/#\/schema\/person\/2b1cf3cd81a31e3cd26889ca66d677f1"},"headline":"Togo \u2013 Pour Dodji APEVON, \u00ab \u2026 Le pays va dans le gouffre, si rien n\u2019est fait \u00bb","datePublished":"2023-02-26T19:33:17+00:00","dateModified":"2023-02-26T20:24:02+00:00","mainEntityOfPage":{"@id":"https:\/\/www.africa-press.net\/togo\/politique\/togo-pour-dodji-apevon-le-pays-va-dans-le-gouffre-si-rien-nest-fait"},"wordCount":377,"commentCount":0,"image":{"@id":"https:\/\/www.africa-press.net\/togo\/politique\/togo-pour-dodji-apevon-le-pays-va-dans-le-gouffre-si-rien-nest-fait#primaryimage"},"thumbnailUrl":"https:\/\/static.africa-press.net\/togo\/sites\/58\/2023\/02\/postQueueImg_1677427411.81.jpg","keywords":["Africa Press","Africa Press-Togo","Togo"],"articleSection":["Politique","Toutes les actualit\u00e9s"],"inLanguage":"fr-FR","potentialAction":[{"@type":"CommentAction","name":"Comment","target":["https:\/\/www.africa-press.net\/togo\/politique\/togo-pour-dodji-apevon-le-pays-va-dans-le-gouffre-si-rien-nest-fait#respond"]}]},{"@type":"WebPage","@id":"https:\/\/www.africa-press.net\/togo\/politique\/togo-pour-dodji-apevon-le-pays-va-dans-le-gouffre-si-rien-nest-fait","url":"https:\/\/www.africa-press.net\/togo\/politique\/togo-pour-dodji-apevon-le-pays-va-dans-le-gouffre-si-rien-nest-fait","name":"Togo \u2013 Pour Dodji APEVON, \u00ab \u2026 Le pays va dans le gouffre, si rien n\u2019est fait \u00bb - Togo","isPartOf":{"@id":"https:\/\/www.africa-press.net\/togo\/#website"},"primaryImageOfPage":{"@id":"https:\/\/www.africa-press.net\/togo\/politique\/togo-pour-dodji-apevon-le-pays-va-dans-le-gouffre-si-rien-nest-fait#primaryimage"},"image":{"@id":"https:\/\/www.africa-press.net\/togo\/politique\/togo-pour-dodji-apevon-le-pays-va-dans-le-gouffre-si-rien-nest-fait#primaryimage"},"thumbnailUrl":"https:\/\/static.africa-press.net\/togo\/sites\/58\/2023\/02\/postQueueImg_1677427411.81.jpg","datePublished":"2023-02-26T19:33:17+00:00","dateModified":"2023-02-26T20:24:02+00:00","author":{"@id":"https:\/\/www.africa-press.net\/togo\/#\/schema\/person\/2b1cf3cd81a31e3cd26889ca66d677f1"},"description":"Le Pre\u0301sident des Forces De\u0301mocratiques pour la Re\u0301publique (FDR), Paul Dodji APEVON a saisi l\u2019occasion de la rentre\u0301e p ...","breadcrumb":{"@id":"https:\/\/www.africa-press.net\/togo\/politique\/togo-pour-dodji-apevon-le-pays-va-dans-le-gouffre-si-rien-nest-fait#breadcrumb"},"inLanguage":"fr-FR","potentialAction":[{"@type":"ReadAction","target":["https:\/\/www.africa-press.net\/togo\/politique\/togo-pour-dodji-apevon-le-pays-va-dans-le-gouffre-si-rien-nest-fait"]}]},{"@type":"ImageObject","inLanguage":"fr-FR","@id":"https:\/\/www.africa-press.net\/togo\/politique\/togo-pour-dodji-apevon-le-pays-va-dans-le-gouffre-si-rien-nest-fait#primaryimage","url":"https:\/\/static.africa-press.net\/togo\/sites\/58\/2023\/02\/postQueueImg_1677427411.81.jpg","contentUrl":"https:\/\/static.africa-press.net\/togo\/sites\/58\/2023\/02\/postQueueImg_1677427411.81.jpg","width":1200,"height":800,"caption":"Togo \u2013 Pour Dodji APEVON, \u00ab \u2026 Le pays va dans le gouffre, si rien n\u2019est fait \u00bb"},{"@type":"BreadcrumbList","@id":"https:\/\/www.africa-press.net\/togo\/politique\/togo-pour-dodji-apevon-le-pays-va-dans-le-gouffre-si-rien-nest-fait#breadcrumb","itemListElement":[{"@type":"ListItem","position":1,"name":"Accueil","item":"https:\/\/www.africa-press.net\/togo\/"},{"@type":"ListItem","position":2,"name":"Togo \u2013 Pour Dodji APEVON, \u00ab \u2026 Le pays va dans le gouffre, si rien n\u2019est fait \u00bb"}]},{"@type":"WebSite","@id":"https:\/\/www.africa-press.net\/togo\/#website","url":"https:\/\/www.africa-press.net\/togo\/","name":"Togo","description":"Just another Africa News Agency Sites site","potentialAction":[{"@type":"SearchAction","target":{"@type":"EntryPoint","urlTemplate":"https:\/\/www.africa-press.net\/togo\/?s={search_term_string}"},"query-input":{"@type":"PropertyValueSpecification","valueRequired":true,"valueName":"search_term_string"}}],"inLanguage":"fr-FR"},{"@type":"Person","@id":"https:\/\/www.africa-press.net\/togo\/#\/schema\/person\/2b1cf3cd81a31e3cd26889ca66d677f1","name":"cfeditorfr"}]}},"_links":{"self":[{"href":"https:\/\/www.africa-press.net\/togo\/wp-json\/wp\/v2\/posts\/17833","targetHints":{"allow":["GET"]}}],"collection":[{"href":"https:\/\/www.africa-press.net\/togo\/wp-json\/wp\/v2\/posts"}],"about":[{"href":"https:\/\/www.africa-press.net\/togo\/wp-json\/wp\/v2\/types\/post"}],"author":[{"embeddable":true,"href":"https:\/\/www.africa-press.net\/togo\/wp-json\/wp\/v2\/users\/82"}],"replies":[{"embeddable":true,"href":"https:\/\/www.africa-press.net\/togo\/wp-json\/wp\/v2\/comments?post=17833"}],"version-history":[{"count":0,"href":"https:\/\/www.africa-press.net\/togo\/wp-json\/wp\/v2\/posts\/17833\/revisions"}],"wp:featuredmedia":[{"embeddable":true,"href":"https:\/\/www.africa-press.net\/togo\/wp-json\/wp\/v2\/media\/17832"}],"wp:attachment":[{"href":"https:\/\/www.africa-press.net\/togo\/wp-json\/wp\/v2\/media?parent=17833"}],"wp:term":[{"taxonomy":"category","embeddable":true,"href":"https:\/\/www.africa-press.net\/togo\/wp-json\/wp\/v2\/categories?post=17833"},{"taxonomy":"post_tag","embeddable":true,"href":"https:\/\/www.africa-press.net\/togo\/wp-json\/wp\/v2\/tags?post=17833"}],"curies":[{"name":"wp","href":"https:\/\/api.w.org\/{rel}","templated":true}]}}