{"id":17835,"date":"2023-02-26T19:33:35","date_gmt":"2023-02-26T19:33:35","guid":{"rendered":"https:\/\/www.africa-press.net\/togo\/politique\/togo-a-sokode-faure-gnassingbe-agreablement-touche-par-laccueil-reserve"},"modified":"2023-02-26T20:24:21","modified_gmt":"2023-02-26T20:24:21","slug":"togo-a-sokode-faure-gnassingbe-agreablement-touche-par-laccueil-reserve","status":"publish","type":"post","link":"https:\/\/www.africa-press.net\/togo\/politique\/togo-a-sokode-faure-gnassingbe-agreablement-touche-par-laccueil-reserve","title":{"rendered":"Togo \u2013 A Sokod\u00e9, Faure Gnassingb\u00e9 agr\u00e9ablement touch\u00e9 par l\u2019accueil r\u00e9serv\u00e9"},"content":{"rendered":"<p><span style=\"color: #ff6600\"><strong>Africa-Press &#8211; Togo. <\/strong><\/span><b>Le Chef de l\u2019Etat Faure Gnassingbe\u0301 poursuit sa randonne\u0301e des chefs-lieux des re\u0301gions administratives du pays sous la casquette du Forum des Producteurs Agricoles du Togo (FoPAT). Ce week-end, la ville de Sokode\u0301, Chef-lieu de la Re\u0301gion Centrale, a e\u0301te\u0301 l\u2019ho\u0302te des ministres et du chef de l\u2019Etat qui visiblement n\u2019est pas reste\u0301 insensible a\u0300 l\u2019accueil.<\/b><\/p>\n<p>Le chef de l\u2019Etat togolais a fait le de\u0301placement de la ville de Sokode\u0301 pour clo\u0302turer les travaux du Forum des Producteurs Agricoles du Togo pour la Re\u0301gion Centrale tenu du 23 au 25 fe\u0301vrier 2023. Pour un e\u0301ve\u0300nement qui permet a\u0300 Faure Gnassingbe\u0301 de se montrer aux populations apre\u0300s un tre\u0300s long moment de retrait, celui-ci ne se prive pas des bains de foule. Ceux qui connaissent les \u00ab ambiances \u00bb des campagnes e\u0301lectorales, n\u2019he\u0301sitent pas a\u0300 dire qu\u2019il s\u2019agit presque exactement de la me\u0302me chose.<\/p>\n<p>L\u2019e\u0301tape de Sokode\u0301 e\u0301tait particulie\u0300rement attendue par l\u2019entourage du Chef de l\u2019Etat, pour qui il s\u2019agissait d\u2019une belle occasion pour \u00ab refaire \u00bb entrer cette ville dans l\u2019affection pre\u0301sidentielle. Il est important de pre\u0301ciser que Sokode\u0301, re\u0301pute\u0301 pour e\u0302tre le fief de l\u2019intre\u0301pide opposant Tikpi Atchadam qui comme d\u2019autres est dans le maquis, a e\u0301te\u0301 le the\u0301a\u0302tre de violentes contestations lors des manifestations organise\u0301es par l\u2019opposition en 2017.<\/p>\n<p>Le pari est sans doute gagne\u0301 par les cadres et l\u2019entourage de Faure Gnassingbe\u0301 puisque ce dernier a clairement indique\u0301 sa satisfaction sur son compte twitter : \u00ab <b>J\u2019ai e\u0301te\u0301 agre\u0301ablement touche\u0301 par la chaleur de l\u2019accueil re\u0301serve\u0301 a\u0300 ma de\u0301le\u0301gation et a\u0300 moi-me\u0302me a\u0300 #Sokode\u0301 ce jour, par les populations de la re\u0301gion #Centrale<\/b> \u00bb. Au demeurant, il faut se demander si les retombe\u0301es de la joie du Chef de l\u2019Etat parviendront aux pauvres populations qui se sont aligne\u0301es pour applaudir, crier et chanter a\u0300 Faure Gnassingbe\u0301.<\/p>\n<p><strong>Pour plus d&rsquo;informations et d&rsquo;analyses sur la <a href=\"https:\/\/www.africa-press.net\/togo\">Togo<\/a>, suivez <a href=\"https:\/\/www.africa-press.net\/\">Africa-Press<\/a><\/strong><\/p>\n","protected":false},"excerpt":{"rendered":"<p>Africa-Press &#8211; Togo. Le Chef de l\u2019Etat Faure Gnassingbe\u0301 poursuit sa randonne\u0301e des chefs-lieux des re\u0301gions administratives du pays sous la casquette du Forum des Producteurs Agricoles du Togo (FoPAT). Ce week-end, la ville de Sokode\u0301, Chef-lieu de la Re\u0301gion Centrale, a e\u0301te\u0301 l\u2019ho\u0302te des ministres et du chef de l\u2019Etat qui visiblement n\u2019est pas [&hellip;]<\/p>\n","protected":false},"author":82,"featured_media":17834,"comment_status":"open","ping_status":"closed","sticky":false,"template":"","format":"standard","meta":{"footnotes":""},"categories":[2,10],"tags":[36,49,50],"class_list":["post-17835","post","type-post","status-publish","format-standard","has-post-thumbnail","hentry","category-politique","category-toutes-les-actualites","tag-africa-press","tag-africa-press-togo","tag-togo"],"yoast_head":"<!-- This site is optimized with the Yoast SEO Premium plugin v26.1 (Yoast SEO v27.0) - https:\/\/yoast.com\/product\/yoast-seo-premium-wordpress\/ -->\n<title>Togo \u2013 A Sokod\u00e9, Faure Gnassingb\u00e9 agr\u00e9ablement touch\u00e9 par l\u2019accueil r\u00e9serv\u00e9 - Togo<\/title>\n<meta name=\"description\" content=\"Le Chef de l\u2019Etat Faure Gnassingbe\u0301 poursuit sa randonne\u0301e des chefs-lieux des re\u0301gions administratives du pays sous ...\" \/>\n<meta name=\"robots\" content=\"index, follow, max-snippet:-1, max-image-preview:large, max-video-preview:-1\" \/>\n<link rel=\"canonical\" href=\"https:\/\/www.africa-press.net\/togo\/politique\/togo-a-sokode-faure-gnassingbe-agreablement-touche-par-laccueil-reserve\" \/>\n<meta property=\"og:locale\" content=\"fr_FR\" \/>\n<meta property=\"og:type\" content=\"article\" \/>\n<meta property=\"og:title\" content=\"Togo \u2013 A Sokod\u00e9, Faure Gnassingb\u00e9 agr\u00e9ablement touch\u00e9 par l\u2019accueil r\u00e9serv\u00e9\" \/>\n<meta property=\"og:description\" content=\"Le Chef de l\u2019Etat Faure Gnassingbe\u0301 poursuit sa randonne\u0301e des chefs-lieux des re\u0301gions administratives du pays sous ...\" \/>\n<meta property=\"og:url\" content=\"https:\/\/www.africa-press.net\/togo\/politique\/togo-a-sokode-faure-gnassingbe-agreablement-touche-par-laccueil-reserve\" \/>\n<meta property=\"og:site_name\" content=\"Togo\" \/>\n<meta property=\"article:published_time\" content=\"2023-02-26T19:33:35+00:00\" \/>\n<meta property=\"article:modified_time\" content=\"2023-02-26T20:24:21+00:00\" \/>\n<meta property=\"og:image\" content=\"https:\/\/static.africa-press.net\/togo\/sites\/58\/2023\/02\/postQueueImg_1677427425.96.jpg\" \/>\n\t<meta property=\"og:image:width\" content=\"1200\" \/>\n\t<meta property=\"og:image:height\" content=\"800\" \/>\n\t<meta property=\"og:image:type\" content=\"image\/jpeg\" \/>\n<meta name=\"author\" content=\"cfeditorfr\" \/>\n<meta name=\"twitter:card\" content=\"summary_large_image\" \/>\n<meta name=\"twitter:label1\" content=\"\u00c9crit par\" \/>\n\t<meta name=\"twitter:data1\" content=\"cfeditorfr\" \/>\n\t<meta name=\"twitter:label2\" content=\"Dur\u00e9e de lecture estim\u00e9e\" \/>\n\t<meta name=\"twitter:data2\" content=\"2 minutes\" \/>\n<script type=\"application\/ld+json\" class=\"yoast-schema-graph\">{\"@context\":\"https:\/\/schema.org\",\"@graph\":[{\"@type\":\"Article\",\"@id\":\"https:\/\/www.africa-press.net\/togo\/politique\/togo-a-sokode-faure-gnassingbe-agreablement-touche-par-laccueil-reserve#article\",\"isPartOf\":{\"@id\":\"https:\/\/www.africa-press.net\/togo\/politique\/togo-a-sokode-faure-gnassingbe-agreablement-touche-par-laccueil-reserve\"},\"author\":{\"name\":\"cfeditorfr\",\"@id\":\"https:\/\/www.africa-press.net\/togo\/#\/schema\/person\/2b1cf3cd81a31e3cd26889ca66d677f1\"},\"headline\":\"Togo \u2013 A Sokod\u00e9, Faure Gnassingb\u00e9 agr\u00e9ablement touch\u00e9 par l\u2019accueil r\u00e9serv\u00e9\",\"datePublished\":\"2023-02-26T19:33:35+00:00\",\"dateModified\":\"2023-02-26T20:24:21+00:00\",\"mainEntityOfPage\":{\"@id\":\"https:\/\/www.africa-press.net\/togo\/politique\/togo-a-sokode-faure-gnassingbe-agreablement-touche-par-laccueil-reserve\"},\"wordCount\":375,\"commentCount\":0,\"image\":{\"@id\":\"https:\/\/www.africa-press.net\/togo\/politique\/togo-a-sokode-faure-gnassingbe-agreablement-touche-par-laccueil-reserve#primaryimage\"},\"thumbnailUrl\":\"https:\/\/static.africa-press.net\/togo\/sites\/58\/2023\/02\/postQueueImg_1677427425.96.jpg\",\"keywords\":[\"Africa Press\",\"Africa Press-Togo\",\"Togo\"],\"articleSection\":[\"Politique\",\"Toutes les actualit\u00e9s\"],\"inLanguage\":\"fr-FR\",\"potentialAction\":[{\"@type\":\"CommentAction\",\"name\":\"Comment\",\"target\":[\"https:\/\/www.africa-press.net\/togo\/politique\/togo-a-sokode-faure-gnassingbe-agreablement-touche-par-laccueil-reserve#respond\"]}]},{\"@type\":\"WebPage\",\"@id\":\"https:\/\/www.africa-press.net\/togo\/politique\/togo-a-sokode-faure-gnassingbe-agreablement-touche-par-laccueil-reserve\",\"url\":\"https:\/\/www.africa-press.net\/togo\/politique\/togo-a-sokode-faure-gnassingbe-agreablement-touche-par-laccueil-reserve\",\"name\":\"Togo \u2013 A Sokod\u00e9, Faure Gnassingb\u00e9 agr\u00e9ablement touch\u00e9 par l\u2019accueil r\u00e9serv\u00e9 - Togo\",\"isPartOf\":{\"@id\":\"https:\/\/www.africa-press.net\/togo\/#website\"},\"primaryImageOfPage\":{\"@id\":\"https:\/\/www.africa-press.net\/togo\/politique\/togo-a-sokode-faure-gnassingbe-agreablement-touche-par-laccueil-reserve#primaryimage\"},\"image\":{\"@id\":\"https:\/\/www.africa-press.net\/togo\/politique\/togo-a-sokode-faure-gnassingbe-agreablement-touche-par-laccueil-reserve#primaryimage\"},\"thumbnailUrl\":\"https:\/\/static.africa-press.net\/togo\/sites\/58\/2023\/02\/postQueueImg_1677427425.96.jpg\",\"datePublished\":\"2023-02-26T19:33:35+00:00\",\"dateModified\":\"2023-02-26T20:24:21+00:00\",\"author\":{\"@id\":\"https:\/\/www.africa-press.net\/togo\/#\/schema\/person\/2b1cf3cd81a31e3cd26889ca66d677f1\"},\"description\":\"Le Chef de l\u2019Etat Faure Gnassingbe\u0301 poursuit sa randonne\u0301e des chefs-lieux des re\u0301gions administratives du pays sous ...\",\"breadcrumb\":{\"@id\":\"https:\/\/www.africa-press.net\/togo\/politique\/togo-a-sokode-faure-gnassingbe-agreablement-touche-par-laccueil-reserve#breadcrumb\"},\"inLanguage\":\"fr-FR\",\"potentialAction\":[{\"@type\":\"ReadAction\",\"target\":[\"https:\/\/www.africa-press.net\/togo\/politique\/togo-a-sokode-faure-gnassingbe-agreablement-touche-par-laccueil-reserve\"]}]},{\"@type\":\"ImageObject\",\"inLanguage\":\"fr-FR\",\"@id\":\"https:\/\/www.africa-press.net\/togo\/politique\/togo-a-sokode-faure-gnassingbe-agreablement-touche-par-laccueil-reserve#primaryimage\",\"url\":\"https:\/\/static.africa-press.net\/togo\/sites\/58\/2023\/02\/postQueueImg_1677427425.96.jpg\",\"contentUrl\":\"https:\/\/static.africa-press.net\/togo\/sites\/58\/2023\/02\/postQueueImg_1677427425.96.jpg\",\"width\":1200,\"height\":800,\"caption\":\"Togo \u2013 A Sokod\u00e9, Faure Gnassingb\u00e9 agr\u00e9ablement touch\u00e9 par l\u2019accueil r\u00e9serv\u00e9\"},{\"@type\":\"BreadcrumbList\",\"@id\":\"https:\/\/www.africa-press.net\/togo\/politique\/togo-a-sokode-faure-gnassingbe-agreablement-touche-par-laccueil-reserve#breadcrumb\",\"itemListElement\":[{\"@type\":\"ListItem\",\"position\":1,\"name\":\"Accueil\",\"item\":\"https:\/\/www.africa-press.net\/togo\/\"},{\"@type\":\"ListItem\",\"position\":2,\"name\":\"Togo \u2013 A Sokod\u00e9, Faure Gnassingb\u00e9 agr\u00e9ablement touch\u00e9 par l\u2019accueil r\u00e9serv\u00e9\"}]},{\"@type\":\"WebSite\",\"@id\":\"https:\/\/www.africa-press.net\/togo\/#website\",\"url\":\"https:\/\/www.africa-press.net\/togo\/\",\"name\":\"Togo\",\"description\":\"Just another Africa News Agency Sites site\",\"potentialAction\":[{\"@type\":\"SearchAction\",\"target\":{\"@type\":\"EntryPoint\",\"urlTemplate\":\"https:\/\/www.africa-press.net\/togo\/?s={search_term_string}\"},\"query-input\":{\"@type\":\"PropertyValueSpecification\",\"valueRequired\":true,\"valueName\":\"search_term_string\"}}],\"inLanguage\":\"fr-FR\"},{\"@type\":\"Person\",\"@id\":\"https:\/\/www.africa-press.net\/togo\/#\/schema\/person\/2b1cf3cd81a31e3cd26889ca66d677f1\",\"name\":\"cfeditorfr\"}]}<\/script>\n<!-- \/ Yoast SEO Premium plugin. -->","yoast_head_json":{"title":"Togo \u2013 A Sokod\u00e9, Faure Gnassingb\u00e9 agr\u00e9ablement touch\u00e9 par l\u2019accueil r\u00e9serv\u00e9 - Togo","description":"Le Chef de l\u2019Etat Faure Gnassingbe\u0301 poursuit sa randonne\u0301e des chefs-lieux des re\u0301gions administratives du pays sous ...","robots":{"index":"index","follow":"follow","max-snippet":"max-snippet:-1","max-image-preview":"max-image-preview:large","max-video-preview":"max-video-preview:-1"},"canonical":"https:\/\/www.africa-press.net\/togo\/politique\/togo-a-sokode-faure-gnassingbe-agreablement-touche-par-laccueil-reserve","og_locale":"fr_FR","og_type":"article","og_title":"Togo \u2013 A Sokod\u00e9, Faure Gnassingb\u00e9 agr\u00e9ablement touch\u00e9 par l\u2019accueil r\u00e9serv\u00e9","og_description":"Le Chef de l\u2019Etat Faure Gnassingbe\u0301 poursuit sa randonne\u0301e des chefs-lieux des re\u0301gions administratives du pays sous ...","og_url":"https:\/\/www.africa-press.net\/togo\/politique\/togo-a-sokode-faure-gnassingbe-agreablement-touche-par-laccueil-reserve","og_site_name":"Togo","article_published_time":"2023-02-26T19:33:35+00:00","article_modified_time":"2023-02-26T20:24:21+00:00","og_image":[{"width":1200,"height":800,"url":"https:\/\/static.africa-press.net\/togo\/sites\/58\/2023\/02\/postQueueImg_1677427425.96.jpg","type":"image\/jpeg"}],"author":"cfeditorfr","twitter_card":"summary_large_image","twitter_misc":{"\u00c9crit par":"cfeditorfr","Dur\u00e9e de lecture estim\u00e9e":"2 minutes"},"schema":{"@context":"https:\/\/schema.org","@graph":[{"@type":"Article","@id":"https:\/\/www.africa-press.net\/togo\/politique\/togo-a-sokode-faure-gnassingbe-agreablement-touche-par-laccueil-reserve#article","isPartOf":{"@id":"https:\/\/www.africa-press.net\/togo\/politique\/togo-a-sokode-faure-gnassingbe-agreablement-touche-par-laccueil-reserve"},"author":{"name":"cfeditorfr","@id":"https:\/\/www.africa-press.net\/togo\/#\/schema\/person\/2b1cf3cd81a31e3cd26889ca66d677f1"},"headline":"Togo \u2013 A Sokod\u00e9, Faure Gnassingb\u00e9 agr\u00e9ablement touch\u00e9 par l\u2019accueil r\u00e9serv\u00e9","datePublished":"2023-02-26T19:33:35+00:00","dateModified":"2023-02-26T20:24:21+00:00","mainEntityOfPage":{"@id":"https:\/\/www.africa-press.net\/togo\/politique\/togo-a-sokode-faure-gnassingbe-agreablement-touche-par-laccueil-reserve"},"wordCount":375,"commentCount":0,"image":{"@id":"https:\/\/www.africa-press.net\/togo\/politique\/togo-a-sokode-faure-gnassingbe-agreablement-touche-par-laccueil-reserve#primaryimage"},"thumbnailUrl":"https:\/\/static.africa-press.net\/togo\/sites\/58\/2023\/02\/postQueueImg_1677427425.96.jpg","keywords":["Africa Press","Africa Press-Togo","Togo"],"articleSection":["Politique","Toutes les actualit\u00e9s"],"inLanguage":"fr-FR","potentialAction":[{"@type":"CommentAction","name":"Comment","target":["https:\/\/www.africa-press.net\/togo\/politique\/togo-a-sokode-faure-gnassingbe-agreablement-touche-par-laccueil-reserve#respond"]}]},{"@type":"WebPage","@id":"https:\/\/www.africa-press.net\/togo\/politique\/togo-a-sokode-faure-gnassingbe-agreablement-touche-par-laccueil-reserve","url":"https:\/\/www.africa-press.net\/togo\/politique\/togo-a-sokode-faure-gnassingbe-agreablement-touche-par-laccueil-reserve","name":"Togo \u2013 A Sokod\u00e9, Faure Gnassingb\u00e9 agr\u00e9ablement touch\u00e9 par l\u2019accueil r\u00e9serv\u00e9 - Togo","isPartOf":{"@id":"https:\/\/www.africa-press.net\/togo\/#website"},"primaryImageOfPage":{"@id":"https:\/\/www.africa-press.net\/togo\/politique\/togo-a-sokode-faure-gnassingbe-agreablement-touche-par-laccueil-reserve#primaryimage"},"image":{"@id":"https:\/\/www.africa-press.net\/togo\/politique\/togo-a-sokode-faure-gnassingbe-agreablement-touche-par-laccueil-reserve#primaryimage"},"thumbnailUrl":"https:\/\/static.africa-press.net\/togo\/sites\/58\/2023\/02\/postQueueImg_1677427425.96.jpg","datePublished":"2023-02-26T19:33:35+00:00","dateModified":"2023-02-26T20:24:21+00:00","author":{"@id":"https:\/\/www.africa-press.net\/togo\/#\/schema\/person\/2b1cf3cd81a31e3cd26889ca66d677f1"},"description":"Le Chef de l\u2019Etat Faure Gnassingbe\u0301 poursuit sa randonne\u0301e des chefs-lieux des re\u0301gions administratives du pays sous ...","breadcrumb":{"@id":"https:\/\/www.africa-press.net\/togo\/politique\/togo-a-sokode-faure-gnassingbe-agreablement-touche-par-laccueil-reserve#breadcrumb"},"inLanguage":"fr-FR","potentialAction":[{"@type":"ReadAction","target":["https:\/\/www.africa-press.net\/togo\/politique\/togo-a-sokode-faure-gnassingbe-agreablement-touche-par-laccueil-reserve"]}]},{"@type":"ImageObject","inLanguage":"fr-FR","@id":"https:\/\/www.africa-press.net\/togo\/politique\/togo-a-sokode-faure-gnassingbe-agreablement-touche-par-laccueil-reserve#primaryimage","url":"https:\/\/static.africa-press.net\/togo\/sites\/58\/2023\/02\/postQueueImg_1677427425.96.jpg","contentUrl":"https:\/\/static.africa-press.net\/togo\/sites\/58\/2023\/02\/postQueueImg_1677427425.96.jpg","width":1200,"height":800,"caption":"Togo \u2013 A Sokod\u00e9, Faure Gnassingb\u00e9 agr\u00e9ablement touch\u00e9 par l\u2019accueil r\u00e9serv\u00e9"},{"@type":"BreadcrumbList","@id":"https:\/\/www.africa-press.net\/togo\/politique\/togo-a-sokode-faure-gnassingbe-agreablement-touche-par-laccueil-reserve#breadcrumb","itemListElement":[{"@type":"ListItem","position":1,"name":"Accueil","item":"https:\/\/www.africa-press.net\/togo\/"},{"@type":"ListItem","position":2,"name":"Togo \u2013 A Sokod\u00e9, Faure Gnassingb\u00e9 agr\u00e9ablement touch\u00e9 par l\u2019accueil r\u00e9serv\u00e9"}]},{"@type":"WebSite","@id":"https:\/\/www.africa-press.net\/togo\/#website","url":"https:\/\/www.africa-press.net\/togo\/","name":"Togo","description":"Just another Africa News Agency Sites site","potentialAction":[{"@type":"SearchAction","target":{"@type":"EntryPoint","urlTemplate":"https:\/\/www.africa-press.net\/togo\/?s={search_term_string}"},"query-input":{"@type":"PropertyValueSpecification","valueRequired":true,"valueName":"search_term_string"}}],"inLanguage":"fr-FR"},{"@type":"Person","@id":"https:\/\/www.africa-press.net\/togo\/#\/schema\/person\/2b1cf3cd81a31e3cd26889ca66d677f1","name":"cfeditorfr"}]}},"_links":{"self":[{"href":"https:\/\/www.africa-press.net\/togo\/wp-json\/wp\/v2\/posts\/17835","targetHints":{"allow":["GET"]}}],"collection":[{"href":"https:\/\/www.africa-press.net\/togo\/wp-json\/wp\/v2\/posts"}],"about":[{"href":"https:\/\/www.africa-press.net\/togo\/wp-json\/wp\/v2\/types\/post"}],"author":[{"embeddable":true,"href":"https:\/\/www.africa-press.net\/togo\/wp-json\/wp\/v2\/users\/82"}],"replies":[{"embeddable":true,"href":"https:\/\/www.africa-press.net\/togo\/wp-json\/wp\/v2\/comments?post=17835"}],"version-history":[{"count":0,"href":"https:\/\/www.africa-press.net\/togo\/wp-json\/wp\/v2\/posts\/17835\/revisions"}],"wp:featuredmedia":[{"embeddable":true,"href":"https:\/\/www.africa-press.net\/togo\/wp-json\/wp\/v2\/media\/17834"}],"wp:attachment":[{"href":"https:\/\/www.africa-press.net\/togo\/wp-json\/wp\/v2\/media?parent=17835"}],"wp:term":[{"taxonomy":"category","embeddable":true,"href":"https:\/\/www.africa-press.net\/togo\/wp-json\/wp\/v2\/categories?post=17835"},{"taxonomy":"post_tag","embeddable":true,"href":"https:\/\/www.africa-press.net\/togo\/wp-json\/wp\/v2\/tags?post=17835"}],"curies":[{"name":"wp","href":"https:\/\/api.w.org\/{rel}","templated":true}]}}