{"id":17861,"date":"2023-02-27T12:48:07","date_gmt":"2023-02-27T12:48:07","guid":{"rendered":"https:\/\/www.africa-press.net\/togo\/politique\/togo-christian-spieker-tous-les-dirigeants-des-pays-francophones-sont-les-memes"},"modified":"2023-02-27T12:54:25","modified_gmt":"2023-02-27T12:54:25","slug":"togo-christian-spieker-tous-les-dirigeants-des-pays-francophones-sont-les-memes","status":"publish","type":"post","link":"https:\/\/www.africa-press.net\/togo\/politique\/togo-christian-spieker-tous-les-dirigeants-des-pays-francophones-sont-les-memes","title":{"rendered":"Togo-Christian Spieker \u201cTous les dirigeants des pays francophones sont les m\u00eames\u201d"},"content":{"rendered":"<p><span style=\"color: #ff6600\"><strong>Africa-Press &#8211; Togo. <\/strong><\/span><b>Quiconque veut se faire confier la plus lourde responsabilite\u0301 au Togo, doit bien observer le monde dans son total bouleversement actuel aussi bien en Afrique que dans le reste du monde afin de pouvoir tirer beaucoup de lec\u0327ons.<\/b><\/p>\n<p>D \u0301abord la Guerre en Ukraine est une occasion qui permet de bien comprendre comment l \u0301occident de\u0301fend ses inte\u0301re\u0302ts lorsqu \u0301un pays tiers attaque un des leurs. Ils font bloc sans me\u0301nagement pour le de\u0301fendre. C \u0301est ainsi que les milliards de dollars ou d \u0301euros de part et d \u0301autre sont de\u0301bloque\u0301s pour soutenir l \u0301Ukraine sous l \u0301occupation russe. On peut se permettre de comparer cette occupation a\u0300 celle de la Palestine par l \u0301Israel qui attaque tout le temps sa voisine dont il ne veut me\u0302me pas son exsitence. Pourtant l \u0301agression israe\u0301lienne en Palestine n \u0301indigne autant, sinon me\u0302me pas, des chefs d \u0301E\u0301tat occidentaux qui de\u0301fendent l \u0301Ukraine aujourd \u0301hui . Au contraire, l \u0301Israel be\u0301ne\u0301ficie de soutien incondtionnel des E\u0301tats-Unis et de ses allie\u0301s qui se contentent des condammnations verbales en cas d \u0301attaque. Pourquoi n \u0301envoient-ils pas aussi des armes a\u0300 la Palestine pour se de\u0301fendre de l \u0301occupation israelienne puisqu \u0301ils reconnaissent aussi que c \u0301est une occupation ille\u0301gale? Quand on est juste il faut voir les choses avec un regard impartial et juste. Alors, l \u0301occident est-il juste vis-a\u0300-vis de la Palestine? C \u0301est un poids deux mesures.<\/p>\n<p>De Deux, on doit beaucoup remercier les autorite\u0301s maliennes pour leur courage face a\u0300 la France. Elles sont en train de boulerverser l \u0301ordre e\u0301tabli par la France dans ses colonies qu \u0301elle conside\u0300re comme ses pre\u0301 carre\u0301s ou tout simplement ses propriete\u0301s prive\u0301es et pour les conserver, a e\u0301tabli des bases militaires dans ces re\u0301gions pour les de\u0301fendre a\u0300 tout prix lorsque les re\u0301gimes en place sont me\u0301nace\u0301s par la cole\u0300re populaire. Il faut reconnai\u0302tre que la libe\u0301ration du joug franc\u0327ais en Afrique francophone est amorce\u0301e par le Mali. Au lieu que les chefs d \u0301E\u0301tat de ces pays encouragent leurs homologues maliens et burkinabe\u0300s, ils se laissent manipuler par les puissances e\u0301trange\u0300res en commenc\u0327ant. Ces dernie\u0300res qualifient les paramilitaires de Wagner de mercenaires et que la Russie selon elles, vient en Afrique pour piller et exploiter les ressources de l \u0301Afrique. C \u0301est ce langage que tiennent tout le temps, les journalistes de la chai\u0302ne France 24. Et ce que fait la France, elle, en Afrique jusqu \u0301aujourd \u0301hui, comment s \u0301appelle-t-il? N \u0301est-il pas aussi de l \u0301exploitation? Pourquoi cette me\u0302me chai\u0302ne France 24 ne de\u0301nonc\u0327ait-elle pas la France dans sa politique d \u0301exploitation en Afrique? Seuls les Africains abrutis peuvent voir les choses comme France 24 et croire cette chai\u0302ne dans ses commentaires biaise\u0301s sur l \u0301Afrique et les autorite\u0301s maliennes dans leur comportement.<\/p>\n<p>Le troisie\u0300me point de mon regard porte sur la gestion du Pouvoir en Afrique, en particulier en Afrique francophone.<\/p>\n<p>Tous les dirigeants des pays francophones sont les me\u0302mes. Il n \u0301y a aucune exception. Nous avons tendance a\u0300 incrimer le re\u0301gime togolais dans sa confiscation du Pouvoir. C \u0301est bien vrai. Mais la seule diffe\u0301rence au Togo des autres pays de l \u0301Afrique est que notre arme\u0301e n \u0301est pas une arme\u0301e re\u0301publicaine mais une arme\u0301e tribale qui de\u0301fend la cause d \u0301un homme au lieu que ce soit la cause d \u0301une Nation. A\u0300 part c\u0327a, il y a une identite\u0301 parfaite dans la gestion du Pouvoir dans ces pays. Prenons le cas de la Co\u0302te-d\u2019Ivoire : Alassane Wattara qui se prend pour un grand intellectuel et fonctionnaire international, a tout fait pour faire le 3e\u0300 mandat. Macky Sall au Se\u0301ne\u0301gal ou\u0300 la Constitution ne peut pas e\u0302tre plus claire que c\u0327a, lorgne aussi le troisie\u0300me mandat. Un jour je suis en train de suivre un de\u0301bat dans une vide\u0301o entre un Juriste se\u0301ne\u0301galais, sans doute du co\u0302te\u0301 du Pouvoir, et un journaliste. L \u0301argument du Juriste est que la Constitution se\u0301ne\u0301galaise n \u0301interdit pas au pre\u0301sident de briguer un troisie\u0300me mandat mais seulement qu \u0301il ne peut pas l \u0301exercer en cas de sa victoire. Il poursuit son raisonnement en disant que, c \u0301est quand Macky Sall va gagner les e\u0301lections du troisie\u0300me mandat que le proble\u0300me de son exercice va re\u0301ellement se poser et non a\u0300 la participation auxdites e\u0301lections. En clair, selon lui, Macky Sall peut bel et bien participer aux e\u0301lections du troisie\u0300me mandat mais ne peut pas l \u0301exercer s \u0301il gagnait. Voila\u0300 comment nos Juristes africains forme\u0301s en France ou dans leus pays, raisonnent quand il s \u0301agit de conserver le Pouvoir. Ils font honte au continent. C \u0301est leur ventre qu \u0301ils de\u0301fendent et non le Droit. Au Togo cette cate\u0301gorie de Juristes est pleine. Ils ont perdu toute cre\u0301dibilite\u0301 et la rigueur du Juriste quand ils raisonnent.<\/p>\n<p>Si Macky Sall n \u0301a pas envie de faire le troisie\u0300me mandat, va-t-il songer aller aux e\u0301lections du troisie\u0300me mandat? C \u0301est toute la question de bon sens qui est pose\u0301e. C \u0301est pour dire que Macky Sall aussi bel et bien violer la Constitution se\u0301ne\u0301galaise. Alpha Conde\u0301 aussi a viole\u0301 la Constitution guine\u0301enne. Donc, c \u0301est pour dire que tous les pre\u0301sidents africains sont pareils, surtout ceux qui ont la culture francophone. Imaginez un peu comment Alpha Conde\u0301 a combattu la dictature en Gune\u0301e et c \u0301est lui qui vient violer la Constitution guine\u0301nne. Aucun des pre\u0301sidents africains francophones n \u0301est e\u0301pargne\u0301 de cette envie de se maintenir au pouvoir apre\u0300s deux mandats successifs, que la Constitution soit claire ou pas. Me\u0302me si Faure Gnassingbe\u0301 quitte le pouvoir aujourd \u0301hui, un opposant qui prend le pouvoir par les urnes, va vouloir faire la me\u0302me chose et me\u0302me pire que Faure Gnassigbe\u0301 en se maintenant au pouvoir et bidouiller la Constitution. Pire, il va orienter ses relations vers la France pour asseoir sa longe\u0301vite\u0301 au Pouvoir. Les e\u0301lections ne seront pas aussi transaprentes comme ils le de\u0301noncent aujourd \u0301hui. Tous sont pareils, les Africains. Les Togolais ne sont pas e\u0301pargne\u0301s. Quelle est la raison fondamentale qui pousse a\u0300 faire le trisie\u0300me mandat? C \u0301est la culture franc\u0327aise du Pouvoir. Tout simplement ils sont tous forme\u0301s dans les e\u0301coles franc\u0327aises, acquie\u0300rent la culture franc\u0327aise de frauder et la me\u0301thode de pe\u0301renniser au Pouvoir par la faveur de France. C \u0301est tout. Les Africains francophones, opposants ou pas, ont des liens forts avec la France et comptent sur elle pour se maintenir au Pouvoir.<\/p>\n<p>D \u0301ailleurs en France certains dans le parti au Pouvoir proches a\u0300 Emmanuel Macron tiennent un raisonnement e\u0301taonnant: ils poussent Emmanuel Macron a\u0300 revenir encore au Pouvoir apre\u0300s un an d \u0301intervalle car selon eux, deux mandats conse\u0301cutifs veut dire qu \u0301on ne peut pas faire plus de deux mandats d \u0301affille\u0301 mais un an apre\u0300s, on peut<\/p>\n<p>se repre\u0301semter. Juridiquement le raisonnement est tenable et de\u0301fendable mais est-ce bien l \u0301ide\u0301e du le\u0301gislateur franc\u0327ais? La Constitution franc\u0327aise ne parle pas d \u0301\u201den aucun cas, plus de deux mandats\u201d mais pluto\u0302t de \u201cdeux mandats conse\u0301cutifs\u201d. C \u0301est bien deux interpre\u0301tations diffe\u0301rentes.<\/p>\n<p>Au Togo, pour pouvoir avoir l \u0301assurance qu \u0301un homme ne peut pas avoir le me\u0302me comportement que ces dictateurs, s \u0301il venait au pouvoir, il faut un homme d \u0301une autre culture que la culture franc\u0327aise ou francophone du Pouvoir et qui n \u0301ait pas de liens directs avec la France. Sylvanus Olympio est mode\u0300le pour le Pouvoir au Togo et en Afrique. Quel Togolais peut-il l \u0301e\u0302tre aujourd \u0301hui? Il n \u0301y a pas en mon sens. Pour que le Togo prenne la bonne direction et puisse e\u0301radiquer les maux dont il souffre depuis des de\u0301cennies, il faut un homme qui a ces caracteristiques :<\/p>\n<p>Il faut couper toute sorte de de\u0301pendance entre l \u0301homme du Pouvoir au Togo et la France.<\/p>\n<p>Voila\u0300 cet homme robot dont le Togo a besoin si on veut mettre le pays dans la bonne direction en 2025. Il n \u0301y aura aucun changement notable voulu par le peuple togolais si ces condtions ne sont pas remplies. Pour cela, il faut beaucoup observer les hommes politiques togolais qui veulent diriger ce pays. Sinon, vous allez vendre le sorcier pour acheter le voleur ou vice versa. Ils seront pire que Faure Gnassingbe\u0301 s \u0301ils venaient au Pouvoir. Il faut les faire passer au tamis. Seule l \u0301alternance ne suffit pas pour changer les choses dans notre pays. C \u0301est le syste\u0300me lui-me\u0302me dans lequel les hommes politiques e\u0301voluent qui doit changer afin que les hommes politiques eux-me\u0302mes changent. Exemple: Le Niger a connu une alternance de\u0301mocratique. Le pre\u0301sident Issouffou n \u0301a pas voulu changer la Constitution pour faire un troisie\u0300me mandat. C \u0301est bien beau. Mais il a soutenu quelqu \u0301un qui est pire que lui et ce dernier a mis le pays entre les mains de la France. Alors, peut-on vraiment parler du changement au Niger? Personnellement, je dirais non, car le me\u0302me syste\u0300me perdure au Niger. Le pre\u0301sident actuel, Mr BAZOUM est sorti de me\u0302me moule et du me\u0302me parti politique que le pre\u0301sident sortant. Il fait me\u0302me, ce qu \u0301Issoufou n \u0301a pas fait en accueillant la base militaire franc\u0327aise au Niger.<\/p>\n<p>Supposant que Faure Gnassingbe\u0301 manifeste la bonne volonte\u0301 en privile\u0301giant l \u0301inte\u0301re\u0302t du pays et se retirer de\u0301fintivement du Pouvoir a\u0300 la fin de ce mandat. Les Togolais appre\u0301cieront ce beau geste et le hisseront au rang d \u0301homme qui rentre dans l \u0301histoire de bon co\u0302te\u0301 du pays. Il va sortir par la grande porte. Mais si en se retirant, il place un de ses fide\u0300les au pouvoir qui le remplace afin que les acquis de ses anne\u0301es de re\u0300gne et ceux du syste\u0300me RPT\/UNIR soient pre\u0301sserve\u0301s. Alors, peut-on parler du changement ou d \u0301alternance? Pire encore si en se retirant volontairement il confiait le Pouvoir a\u0300 l \u0301un de ses fide\u0300les qui se montre plus royaliste que lui, que ce soit dans la gestion du pays comme dans les relations avec la France. Ou\u0300 se trouvera le changement ou l \u0301alternance dans notre pays?<\/p>\n<p>Pour qu \u0301il y ait changement notable au Togo, faisons en sorte que le jour que Faure Gnassingbe\u0301 va quitter le Pouvoir, que ce dernier ne remette pas le Pouvoir a\u0300 l \u0301un de ses fide\u0300les d \u0301UNIR, sinon c\u2019est le syste\u0300me qui continue me\u0302me sans lui, ni a\u0300 quiconque qui se trouve dans l \u0301une de ces caracte\u0301ristiques au rang de l\u2019opposition :<\/p>\n<p>Il faut qu \u0301en 2025 Faure Gnassingbe\u0301 ce\u0300de le Pouvoir a\u0300 quelqu \u0301un qui n \u0301est pas proche de la France pour remettre de l \u0301ordre dans ce pays et le redresser. Quelqu \u0301un qui peut diriger librement le pays sans influence de la France..<\/p>\n<p>Moi, je ne cache pas mon ambition de diriger le Togo a\u0300 partir de 2025 pour mettre la rigueur politique au centre de la culture togolaise car le pays est pourri. Il est important de cre\u0301er des industries de transformation de nos produits et me\u0302me demander a\u0300 l\u2019Allemagne de venir construire certaines industries de montage au Togo. Avec ce re\u0301gime en place, ce n\u2019est pas possible. Aucune industrie allemande ne viendra investir son argent dans ce syste\u0300me ou\u0300 l\u2019impunite\u0301 et la corruption sont monnaie courante. La corruption est ende\u0301mique et devient la re\u0300gle. Le pillage se fait a\u0300 ciel ouvert en toute impunite\u0301. Les pilleurs ne sont plus inquie\u0301te\u0301s, puisqu \u0301ils sont prote\u0301ge\u0301s. La justice ne les inquie\u0300te plus. La justice c\u2019est pour eux. Ils ont le pouvoir exe\u0301cutif, le\u0301gislatif et judiciaire entre leurs mains. Le pays a besoin de changement, que ce soit sur le plan e\u0301conomique, e\u0301ducatif, culturel et politique. Les vautours sont encourage\u0301s par l \u0301impunite\u0301 et le silence de Faure Gnassingbe\u0301 qui laisse faire.<\/p>\n<p>Me\u0302me si Faure Gnassingbe\u0301 quitte le pouvoir un jour ou du moins en 2025, tant que le syste\u0300me RPT\/UNIR en place perdure, rien ne changera. C \u0301est tout le syste\u0300me qui doit changer au Togo. L \u0301appareil exe\u0301cutif, le\u0301gislatif et judiciaire doivent changer. Il faut e\u0301loigner les Togolais de la culture de l \u0301argent facile et leur inculquer une autre culture de la rigueur et du me\u0301rite.<\/p>\n<p>Dr. Christian Spieker<\/p>\n<p><strong>Pour plus d&rsquo;informations et d&rsquo;analyses sur la <a href=\"https:\/\/www.africa-press.net\/togo\">Togo<\/a>, suivez <a href=\"https:\/\/www.africa-press.net\/\">Africa-Press<\/a><\/strong><\/p>\n","protected":false},"excerpt":{"rendered":"<p>Africa-Press &#8211; Togo. Quiconque veut se faire confier la plus lourde responsabilite\u0301 au Togo, doit bien observer le monde dans son total bouleversement actuel aussi bien en Afrique que dans le reste du monde afin de pouvoir tirer beaucoup de lec\u0327ons. D \u0301abord la Guerre en Ukraine est une occasion qui permet de bien comprendre [&hellip;]<\/p>\n","protected":false},"author":82,"featured_media":17860,"comment_status":"open","ping_status":"closed","sticky":false,"template":"","format":"standard","meta":{"footnotes":""},"categories":[2,10],"tags":[36,49,50],"class_list":["post-17861","post","type-post","status-publish","format-standard","has-post-thumbnail","hentry","category-politique","category-toutes-les-actualites","tag-africa-press","tag-africa-press-togo","tag-togo"],"yoast_head":"<!-- This site is optimized with the Yoast SEO Premium plugin v26.1 (Yoast SEO v27.0) - https:\/\/yoast.com\/product\/yoast-seo-premium-wordpress\/ -->\n<title>Togo-Christian Spieker \u201cTous les dirigeants des pays francophones sont les m\u00eames\u201d - Togo<\/title>\n<meta name=\"description\" content=\"Quiconque veut se faire confier la plus lourde responsabilite\u0301 au Togo, doit bien observer le monde dans son total bo ...\" \/>\n<meta name=\"robots\" content=\"index, follow, max-snippet:-1, max-image-preview:large, max-video-preview:-1\" \/>\n<link rel=\"canonical\" href=\"https:\/\/www.africa-press.net\/togo\/politique\/togo-christian-spieker-tous-les-dirigeants-des-pays-francophones-sont-les-memes\" \/>\n<meta property=\"og:locale\" content=\"fr_FR\" \/>\n<meta property=\"og:type\" content=\"article\" \/>\n<meta property=\"og:title\" content=\"Togo-Christian Spieker \u201cTous les dirigeants des pays francophones sont les m\u00eames\u201d\" \/>\n<meta property=\"og:description\" content=\"Quiconque veut se faire confier la plus lourde responsabilite\u0301 au Togo, doit bien observer le monde dans son total bo ...\" \/>\n<meta property=\"og:url\" content=\"https:\/\/www.africa-press.net\/togo\/politique\/togo-christian-spieker-tous-les-dirigeants-des-pays-francophones-sont-les-memes\" \/>\n<meta property=\"og:site_name\" content=\"Togo\" \/>\n<meta property=\"article:published_time\" content=\"2023-02-27T12:48:07+00:00\" \/>\n<meta property=\"article:modified_time\" content=\"2023-02-27T12:54:25+00:00\" \/>\n<meta property=\"og:image\" content=\"https:\/\/static.africa-press.net\/togo\/sites\/58\/2023\/02\/postQueueImg_1677489491.23.jpg\" \/>\n\t<meta property=\"og:image:width\" content=\"1280\" \/>\n\t<meta property=\"og:image:height\" content=\"800\" \/>\n\t<meta property=\"og:image:type\" content=\"image\/jpeg\" \/>\n<meta name=\"author\" content=\"cfeditorfr\" \/>\n<meta name=\"twitter:card\" content=\"summary_large_image\" \/>\n<meta name=\"twitter:label1\" content=\"\u00c9crit par\" \/>\n\t<meta name=\"twitter:data1\" content=\"cfeditorfr\" \/>\n\t<meta name=\"twitter:label2\" content=\"Dur\u00e9e de lecture estim\u00e9e\" \/>\n\t<meta name=\"twitter:data2\" content=\"11 minutes\" \/>\n<script type=\"application\/ld+json\" class=\"yoast-schema-graph\">{\"@context\":\"https:\/\/schema.org\",\"@graph\":[{\"@type\":\"Article\",\"@id\":\"https:\/\/www.africa-press.net\/togo\/politique\/togo-christian-spieker-tous-les-dirigeants-des-pays-francophones-sont-les-memes#article\",\"isPartOf\":{\"@id\":\"https:\/\/www.africa-press.net\/togo\/politique\/togo-christian-spieker-tous-les-dirigeants-des-pays-francophones-sont-les-memes\"},\"author\":{\"name\":\"cfeditorfr\",\"@id\":\"https:\/\/www.africa-press.net\/togo\/#\/schema\/person\/2b1cf3cd81a31e3cd26889ca66d677f1\"},\"headline\":\"Togo-Christian Spieker \u201cTous les dirigeants des pays francophones sont les m\u00eames\u201d\",\"datePublished\":\"2023-02-27T12:48:07+00:00\",\"dateModified\":\"2023-02-27T12:54:25+00:00\",\"mainEntityOfPage\":{\"@id\":\"https:\/\/www.africa-press.net\/togo\/politique\/togo-christian-spieker-tous-les-dirigeants-des-pays-francophones-sont-les-memes\"},\"wordCount\":2236,\"commentCount\":0,\"image\":{\"@id\":\"https:\/\/www.africa-press.net\/togo\/politique\/togo-christian-spieker-tous-les-dirigeants-des-pays-francophones-sont-les-memes#primaryimage\"},\"thumbnailUrl\":\"https:\/\/static.africa-press.net\/togo\/sites\/58\/2023\/02\/postQueueImg_1677489491.23.jpg\",\"keywords\":[\"Africa Press\",\"Africa Press-Togo\",\"Togo\"],\"articleSection\":[\"Politique\",\"Toutes les actualit\u00e9s\"],\"inLanguage\":\"fr-FR\",\"potentialAction\":[{\"@type\":\"CommentAction\",\"name\":\"Comment\",\"target\":[\"https:\/\/www.africa-press.net\/togo\/politique\/togo-christian-spieker-tous-les-dirigeants-des-pays-francophones-sont-les-memes#respond\"]}]},{\"@type\":\"WebPage\",\"@id\":\"https:\/\/www.africa-press.net\/togo\/politique\/togo-christian-spieker-tous-les-dirigeants-des-pays-francophones-sont-les-memes\",\"url\":\"https:\/\/www.africa-press.net\/togo\/politique\/togo-christian-spieker-tous-les-dirigeants-des-pays-francophones-sont-les-memes\",\"name\":\"Togo-Christian Spieker \u201cTous les dirigeants des pays francophones sont les m\u00eames\u201d - Togo\",\"isPartOf\":{\"@id\":\"https:\/\/www.africa-press.net\/togo\/#website\"},\"primaryImageOfPage\":{\"@id\":\"https:\/\/www.africa-press.net\/togo\/politique\/togo-christian-spieker-tous-les-dirigeants-des-pays-francophones-sont-les-memes#primaryimage\"},\"image\":{\"@id\":\"https:\/\/www.africa-press.net\/togo\/politique\/togo-christian-spieker-tous-les-dirigeants-des-pays-francophones-sont-les-memes#primaryimage\"},\"thumbnailUrl\":\"https:\/\/static.africa-press.net\/togo\/sites\/58\/2023\/02\/postQueueImg_1677489491.23.jpg\",\"datePublished\":\"2023-02-27T12:48:07+00:00\",\"dateModified\":\"2023-02-27T12:54:25+00:00\",\"author\":{\"@id\":\"https:\/\/www.africa-press.net\/togo\/#\/schema\/person\/2b1cf3cd81a31e3cd26889ca66d677f1\"},\"description\":\"Quiconque veut se faire confier la plus lourde responsabilite\u0301 au Togo, doit bien observer le monde dans son total bo ...\",\"breadcrumb\":{\"@id\":\"https:\/\/www.africa-press.net\/togo\/politique\/togo-christian-spieker-tous-les-dirigeants-des-pays-francophones-sont-les-memes#breadcrumb\"},\"inLanguage\":\"fr-FR\",\"potentialAction\":[{\"@type\":\"ReadAction\",\"target\":[\"https:\/\/www.africa-press.net\/togo\/politique\/togo-christian-spieker-tous-les-dirigeants-des-pays-francophones-sont-les-memes\"]}]},{\"@type\":\"ImageObject\",\"inLanguage\":\"fr-FR\",\"@id\":\"https:\/\/www.africa-press.net\/togo\/politique\/togo-christian-spieker-tous-les-dirigeants-des-pays-francophones-sont-les-memes#primaryimage\",\"url\":\"https:\/\/static.africa-press.net\/togo\/sites\/58\/2023\/02\/postQueueImg_1677489491.23.jpg\",\"contentUrl\":\"https:\/\/static.africa-press.net\/togo\/sites\/58\/2023\/02\/postQueueImg_1677489491.23.jpg\",\"width\":1280,\"height\":800,\"caption\":\"Togo-Christian Spieker \u201cTous les dirigeants des pays francophones sont les m\u00eames\u201d\"},{\"@type\":\"BreadcrumbList\",\"@id\":\"https:\/\/www.africa-press.net\/togo\/politique\/togo-christian-spieker-tous-les-dirigeants-des-pays-francophones-sont-les-memes#breadcrumb\",\"itemListElement\":[{\"@type\":\"ListItem\",\"position\":1,\"name\":\"Accueil\",\"item\":\"https:\/\/www.africa-press.net\/togo\/\"},{\"@type\":\"ListItem\",\"position\":2,\"name\":\"Togo-Christian Spieker \u201cTous les dirigeants des pays francophones sont les m\u00eames\u201d\"}]},{\"@type\":\"WebSite\",\"@id\":\"https:\/\/www.africa-press.net\/togo\/#website\",\"url\":\"https:\/\/www.africa-press.net\/togo\/\",\"name\":\"Togo\",\"description\":\"Just another Africa News Agency Sites site\",\"potentialAction\":[{\"@type\":\"SearchAction\",\"target\":{\"@type\":\"EntryPoint\",\"urlTemplate\":\"https:\/\/www.africa-press.net\/togo\/?s={search_term_string}\"},\"query-input\":{\"@type\":\"PropertyValueSpecification\",\"valueRequired\":true,\"valueName\":\"search_term_string\"}}],\"inLanguage\":\"fr-FR\"},{\"@type\":\"Person\",\"@id\":\"https:\/\/www.africa-press.net\/togo\/#\/schema\/person\/2b1cf3cd81a31e3cd26889ca66d677f1\",\"name\":\"cfeditorfr\"}]}<\/script>\n<!-- \/ Yoast SEO Premium plugin. -->","yoast_head_json":{"title":"Togo-Christian Spieker \u201cTous les dirigeants des pays francophones sont les m\u00eames\u201d - Togo","description":"Quiconque veut se faire confier la plus lourde responsabilite\u0301 au Togo, doit bien observer le monde dans son total bo ...","robots":{"index":"index","follow":"follow","max-snippet":"max-snippet:-1","max-image-preview":"max-image-preview:large","max-video-preview":"max-video-preview:-1"},"canonical":"https:\/\/www.africa-press.net\/togo\/politique\/togo-christian-spieker-tous-les-dirigeants-des-pays-francophones-sont-les-memes","og_locale":"fr_FR","og_type":"article","og_title":"Togo-Christian Spieker \u201cTous les dirigeants des pays francophones sont les m\u00eames\u201d","og_description":"Quiconque veut se faire confier la plus lourde responsabilite\u0301 au Togo, doit bien observer le monde dans son total bo ...","og_url":"https:\/\/www.africa-press.net\/togo\/politique\/togo-christian-spieker-tous-les-dirigeants-des-pays-francophones-sont-les-memes","og_site_name":"Togo","article_published_time":"2023-02-27T12:48:07+00:00","article_modified_time":"2023-02-27T12:54:25+00:00","og_image":[{"width":1280,"height":800,"url":"https:\/\/static.africa-press.net\/togo\/sites\/58\/2023\/02\/postQueueImg_1677489491.23.jpg","type":"image\/jpeg"}],"author":"cfeditorfr","twitter_card":"summary_large_image","twitter_misc":{"\u00c9crit par":"cfeditorfr","Dur\u00e9e de lecture estim\u00e9e":"11 minutes"},"schema":{"@context":"https:\/\/schema.org","@graph":[{"@type":"Article","@id":"https:\/\/www.africa-press.net\/togo\/politique\/togo-christian-spieker-tous-les-dirigeants-des-pays-francophones-sont-les-memes#article","isPartOf":{"@id":"https:\/\/www.africa-press.net\/togo\/politique\/togo-christian-spieker-tous-les-dirigeants-des-pays-francophones-sont-les-memes"},"author":{"name":"cfeditorfr","@id":"https:\/\/www.africa-press.net\/togo\/#\/schema\/person\/2b1cf3cd81a31e3cd26889ca66d677f1"},"headline":"Togo-Christian Spieker \u201cTous les dirigeants des pays francophones sont les m\u00eames\u201d","datePublished":"2023-02-27T12:48:07+00:00","dateModified":"2023-02-27T12:54:25+00:00","mainEntityOfPage":{"@id":"https:\/\/www.africa-press.net\/togo\/politique\/togo-christian-spieker-tous-les-dirigeants-des-pays-francophones-sont-les-memes"},"wordCount":2236,"commentCount":0,"image":{"@id":"https:\/\/www.africa-press.net\/togo\/politique\/togo-christian-spieker-tous-les-dirigeants-des-pays-francophones-sont-les-memes#primaryimage"},"thumbnailUrl":"https:\/\/static.africa-press.net\/togo\/sites\/58\/2023\/02\/postQueueImg_1677489491.23.jpg","keywords":["Africa Press","Africa Press-Togo","Togo"],"articleSection":["Politique","Toutes les actualit\u00e9s"],"inLanguage":"fr-FR","potentialAction":[{"@type":"CommentAction","name":"Comment","target":["https:\/\/www.africa-press.net\/togo\/politique\/togo-christian-spieker-tous-les-dirigeants-des-pays-francophones-sont-les-memes#respond"]}]},{"@type":"WebPage","@id":"https:\/\/www.africa-press.net\/togo\/politique\/togo-christian-spieker-tous-les-dirigeants-des-pays-francophones-sont-les-memes","url":"https:\/\/www.africa-press.net\/togo\/politique\/togo-christian-spieker-tous-les-dirigeants-des-pays-francophones-sont-les-memes","name":"Togo-Christian Spieker \u201cTous les dirigeants des pays francophones sont les m\u00eames\u201d - Togo","isPartOf":{"@id":"https:\/\/www.africa-press.net\/togo\/#website"},"primaryImageOfPage":{"@id":"https:\/\/www.africa-press.net\/togo\/politique\/togo-christian-spieker-tous-les-dirigeants-des-pays-francophones-sont-les-memes#primaryimage"},"image":{"@id":"https:\/\/www.africa-press.net\/togo\/politique\/togo-christian-spieker-tous-les-dirigeants-des-pays-francophones-sont-les-memes#primaryimage"},"thumbnailUrl":"https:\/\/static.africa-press.net\/togo\/sites\/58\/2023\/02\/postQueueImg_1677489491.23.jpg","datePublished":"2023-02-27T12:48:07+00:00","dateModified":"2023-02-27T12:54:25+00:00","author":{"@id":"https:\/\/www.africa-press.net\/togo\/#\/schema\/person\/2b1cf3cd81a31e3cd26889ca66d677f1"},"description":"Quiconque veut se faire confier la plus lourde responsabilite\u0301 au Togo, doit bien observer le monde dans son total bo ...","breadcrumb":{"@id":"https:\/\/www.africa-press.net\/togo\/politique\/togo-christian-spieker-tous-les-dirigeants-des-pays-francophones-sont-les-memes#breadcrumb"},"inLanguage":"fr-FR","potentialAction":[{"@type":"ReadAction","target":["https:\/\/www.africa-press.net\/togo\/politique\/togo-christian-spieker-tous-les-dirigeants-des-pays-francophones-sont-les-memes"]}]},{"@type":"ImageObject","inLanguage":"fr-FR","@id":"https:\/\/www.africa-press.net\/togo\/politique\/togo-christian-spieker-tous-les-dirigeants-des-pays-francophones-sont-les-memes#primaryimage","url":"https:\/\/static.africa-press.net\/togo\/sites\/58\/2023\/02\/postQueueImg_1677489491.23.jpg","contentUrl":"https:\/\/static.africa-press.net\/togo\/sites\/58\/2023\/02\/postQueueImg_1677489491.23.jpg","width":1280,"height":800,"caption":"Togo-Christian Spieker \u201cTous les dirigeants des pays francophones sont les m\u00eames\u201d"},{"@type":"BreadcrumbList","@id":"https:\/\/www.africa-press.net\/togo\/politique\/togo-christian-spieker-tous-les-dirigeants-des-pays-francophones-sont-les-memes#breadcrumb","itemListElement":[{"@type":"ListItem","position":1,"name":"Accueil","item":"https:\/\/www.africa-press.net\/togo\/"},{"@type":"ListItem","position":2,"name":"Togo-Christian Spieker \u201cTous les dirigeants des pays francophones sont les m\u00eames\u201d"}]},{"@type":"WebSite","@id":"https:\/\/www.africa-press.net\/togo\/#website","url":"https:\/\/www.africa-press.net\/togo\/","name":"Togo","description":"Just another Africa News Agency Sites site","potentialAction":[{"@type":"SearchAction","target":{"@type":"EntryPoint","urlTemplate":"https:\/\/www.africa-press.net\/togo\/?s={search_term_string}"},"query-input":{"@type":"PropertyValueSpecification","valueRequired":true,"valueName":"search_term_string"}}],"inLanguage":"fr-FR"},{"@type":"Person","@id":"https:\/\/www.africa-press.net\/togo\/#\/schema\/person\/2b1cf3cd81a31e3cd26889ca66d677f1","name":"cfeditorfr"}]}},"_links":{"self":[{"href":"https:\/\/www.africa-press.net\/togo\/wp-json\/wp\/v2\/posts\/17861","targetHints":{"allow":["GET"]}}],"collection":[{"href":"https:\/\/www.africa-press.net\/togo\/wp-json\/wp\/v2\/posts"}],"about":[{"href":"https:\/\/www.africa-press.net\/togo\/wp-json\/wp\/v2\/types\/post"}],"author":[{"embeddable":true,"href":"https:\/\/www.africa-press.net\/togo\/wp-json\/wp\/v2\/users\/82"}],"replies":[{"embeddable":true,"href":"https:\/\/www.africa-press.net\/togo\/wp-json\/wp\/v2\/comments?post=17861"}],"version-history":[{"count":0,"href":"https:\/\/www.africa-press.net\/togo\/wp-json\/wp\/v2\/posts\/17861\/revisions"}],"wp:featuredmedia":[{"embeddable":true,"href":"https:\/\/www.africa-press.net\/togo\/wp-json\/wp\/v2\/media\/17860"}],"wp:attachment":[{"href":"https:\/\/www.africa-press.net\/togo\/wp-json\/wp\/v2\/media?parent=17861"}],"wp:term":[{"taxonomy":"category","embeddable":true,"href":"https:\/\/www.africa-press.net\/togo\/wp-json\/wp\/v2\/categories?post=17861"},{"taxonomy":"post_tag","embeddable":true,"href":"https:\/\/www.africa-press.net\/togo\/wp-json\/wp\/v2\/tags?post=17861"}],"curies":[{"name":"wp","href":"https:\/\/api.w.org\/{rel}","templated":true}]}}