{"id":17871,"date":"2023-02-27T12:48:54","date_gmt":"2023-02-27T12:48:54","guid":{"rendered":"https:\/\/www.africa-press.net\/togo\/politique\/emmanuel-macron-pose-les-jalons-de-sa-nouvelle-politique-africaine"},"modified":"2023-02-27T14:12:55","modified_gmt":"2023-02-27T14:12:55","slug":"emmanuel-macron-pose-les-jalons-de-sa-nouvelle-politique-africaine","status":"publish","type":"post","link":"https:\/\/www.africa-press.net\/togo\/politique\/emmanuel-macron-pose-les-jalons-de-sa-nouvelle-politique-africaine","title":{"rendered":"Emmanuel Macron pose les jalons de sa nouvelle politique africaine"},"content":{"rendered":"<p><span style=\"color: #ff6600\"><strong>Africa-Press &#8211; Togo. <\/strong><\/span><b>Le chef de l\u2019E\u0301tat franc\u0327ais, avant de se rendre au Gabon, en Angola, au Congo et en Re\u0301publique de\u0301mocratique du Congo, va prononcer un discours retrac\u0327ant la politique africaine de l\u2019E\u0301lyse\u0301e durant les quatre prochaines anne\u0301es.<\/b><\/p>\n<p>L\u2019exercice s\u2019annonce de\u0301licat pour Emmanuel Macron. En effet, ce lundi 27 fe\u0301vrier 2023, il se pre\u0301pare a\u0300 prononcer un nouveau discours devant pre\u0301ciser les grandes lignes de sa politique africaine pour le reste de son second mandat. Une intervention en pre\u0301lude a\u0300 la tourne\u0301e dans quatre pays africains : Gabon, Angola et les deux Congo.<\/p>\n<p>Selon l\u2019E\u0301lyse\u0301e, Emmanuel Macron expliquera \u00ab ses priorite\u0301s et sa me\u0301thode pour approfondir le partenariat entre la France, l\u2019Europe et le continent africain \u00bb. Une nouvelle orientation qui tiendra compte de la nature de la pre\u0301sence militaire franc\u0327aise en Afrique. Les soldats franc\u0327ais sont somme\u0301s de quitte\u0301s le Mali et le Burkina Faso.<\/p>\n<p>\u00ab La philosophie de ce changement, c\u2019est de coope\u0301rer autrement, pas de mettre plus ou moins d\u2019hommes \u00bb, ajoute une source a\u0300 l\u2019AFP, enchai\u0302nant que \u00ab Nous rentrons dans un cycle ou\u0300 nous allons travailler en deuxie\u0300me rideau \u00bb.<\/p>\n<p>En novembre 2017, l\u2019actuel pre\u0301sident franc\u0327ais a prononce\u0301 un discours me\u0301morable a\u0300 Ouagadougou sauf que dans les faits beaucoup de choses n\u2019ont pas change\u0301. Celui de ce lundi 27 fe\u0301vrier vise a\u0300 fixer un nouveau cap a\u0300 la politique franc\u0327aise sur le continent, surtout que les relations franco-africaines sont de plus en plus de\u0301crie\u0301es par une nouvelle ge\u0301ne\u0301ration de jeunes africains qui assurent que le pays colonisateur ne fait pas grand-chose pour que ses anciennes colonies se de\u0301veloppent.<\/p>\n<p><strong>Pour plus d&rsquo;informations et d&rsquo;analyses sur la <a href=\"https:\/\/www.africa-press.net\/togo\">Togo<\/a>, suivez <a href=\"https:\/\/www.africa-press.net\/\">Africa-Press<\/a><\/strong><\/p>\n","protected":false},"excerpt":{"rendered":"<p>Africa-Press &#8211; Togo. Le chef de l\u2019E\u0301tat franc\u0327ais, avant de se rendre au Gabon, en Angola, au Congo et en Re\u0301publique de\u0301mocratique du Congo, va prononcer un discours retrac\u0327ant la politique africaine de l\u2019E\u0301lyse\u0301e durant les quatre prochaines anne\u0301es. L\u2019exercice s\u2019annonce de\u0301licat pour Emmanuel Macron. En effet, ce lundi 27 fe\u0301vrier 2023, il se pre\u0301pare [&hellip;]<\/p>\n","protected":false},"author":82,"featured_media":17870,"comment_status":"open","ping_status":"closed","sticky":false,"template":"","format":"standard","meta":{"footnotes":""},"categories":[2,10],"tags":[36,49,50],"class_list":["post-17871","post","type-post","status-publish","format-standard","has-post-thumbnail","hentry","category-politique","category-toutes-les-actualites","tag-africa-press","tag-africa-press-togo","tag-togo"],"yoast_head":"<!-- This site is optimized with the Yoast SEO Premium plugin v26.1 (Yoast SEO v27.0) - https:\/\/yoast.com\/product\/yoast-seo-premium-wordpress\/ -->\n<title>Emmanuel Macron pose les jalons de sa nouvelle politique africaine - Togo<\/title>\n<meta name=\"description\" content=\"Le chef de l\u2019E\u0301tat franc\u0327ais, avant de se rendre au Gabon, en Angola, au Congo et en Re\u0301publique de\u0301mocratique du Con ...\" \/>\n<meta name=\"robots\" content=\"index, follow, max-snippet:-1, max-image-preview:large, max-video-preview:-1\" \/>\n<link rel=\"canonical\" href=\"https:\/\/www.africa-press.net\/togo\/politique\/emmanuel-macron-pose-les-jalons-de-sa-nouvelle-politique-africaine\" \/>\n<meta property=\"og:locale\" content=\"fr_FR\" \/>\n<meta property=\"og:type\" content=\"article\" \/>\n<meta property=\"og:title\" content=\"Emmanuel Macron pose les jalons de sa nouvelle politique africaine\" \/>\n<meta property=\"og:description\" content=\"Le chef de l\u2019E\u0301tat franc\u0327ais, avant de se rendre au Gabon, en Angola, au Congo et en Re\u0301publique de\u0301mocratique du Con ...\" \/>\n<meta property=\"og:url\" content=\"https:\/\/www.africa-press.net\/togo\/politique\/emmanuel-macron-pose-les-jalons-de-sa-nouvelle-politique-africaine\" \/>\n<meta property=\"og:site_name\" content=\"Togo\" \/>\n<meta property=\"article:published_time\" content=\"2023-02-27T12:48:54+00:00\" \/>\n<meta property=\"article:modified_time\" content=\"2023-02-27T14:12:55+00:00\" \/>\n<meta property=\"og:image\" content=\"https:\/\/static.africa-press.net\/togo\/sites\/58\/2023\/02\/postQueueImg_1677489536.59.jpg\" \/>\n\t<meta property=\"og:image:width\" content=\"1280\" \/>\n\t<meta property=\"og:image:height\" content=\"800\" \/>\n\t<meta property=\"og:image:type\" content=\"image\/jpeg\" \/>\n<meta name=\"author\" content=\"cfeditorfr\" \/>\n<meta name=\"twitter:card\" content=\"summary_large_image\" \/>\n<meta name=\"twitter:label1\" content=\"\u00c9crit par\" \/>\n\t<meta name=\"twitter:data1\" content=\"cfeditorfr\" \/>\n\t<meta name=\"twitter:label2\" content=\"Dur\u00e9e de lecture estim\u00e9e\" \/>\n\t<meta name=\"twitter:data2\" content=\"2 minutes\" \/>\n<script type=\"application\/ld+json\" class=\"yoast-schema-graph\">{\"@context\":\"https:\/\/schema.org\",\"@graph\":[{\"@type\":\"Article\",\"@id\":\"https:\/\/www.africa-press.net\/togo\/politique\/emmanuel-macron-pose-les-jalons-de-sa-nouvelle-politique-africaine#article\",\"isPartOf\":{\"@id\":\"https:\/\/www.africa-press.net\/togo\/politique\/emmanuel-macron-pose-les-jalons-de-sa-nouvelle-politique-africaine\"},\"author\":{\"name\":\"cfeditorfr\",\"@id\":\"https:\/\/www.africa-press.net\/togo\/#\/schema\/person\/2b1cf3cd81a31e3cd26889ca66d677f1\"},\"headline\":\"Emmanuel Macron pose les jalons de sa nouvelle politique africaine\",\"datePublished\":\"2023-02-27T12:48:54+00:00\",\"dateModified\":\"2023-02-27T14:12:55+00:00\",\"mainEntityOfPage\":{\"@id\":\"https:\/\/www.africa-press.net\/togo\/politique\/emmanuel-macron-pose-les-jalons-de-sa-nouvelle-politique-africaine\"},\"wordCount\":322,\"commentCount\":0,\"image\":{\"@id\":\"https:\/\/www.africa-press.net\/togo\/politique\/emmanuel-macron-pose-les-jalons-de-sa-nouvelle-politique-africaine#primaryimage\"},\"thumbnailUrl\":\"https:\/\/static.africa-press.net\/togo\/sites\/58\/2023\/02\/postQueueImg_1677489536.59.jpg\",\"keywords\":[\"Africa Press\",\"Africa Press-Togo\",\"Togo\"],\"articleSection\":[\"Politique\",\"Toutes les actualit\u00e9s\"],\"inLanguage\":\"fr-FR\",\"potentialAction\":[{\"@type\":\"CommentAction\",\"name\":\"Comment\",\"target\":[\"https:\/\/www.africa-press.net\/togo\/politique\/emmanuel-macron-pose-les-jalons-de-sa-nouvelle-politique-africaine#respond\"]}]},{\"@type\":\"WebPage\",\"@id\":\"https:\/\/www.africa-press.net\/togo\/politique\/emmanuel-macron-pose-les-jalons-de-sa-nouvelle-politique-africaine\",\"url\":\"https:\/\/www.africa-press.net\/togo\/politique\/emmanuel-macron-pose-les-jalons-de-sa-nouvelle-politique-africaine\",\"name\":\"Emmanuel Macron pose les jalons de sa nouvelle politique africaine - Togo\",\"isPartOf\":{\"@id\":\"https:\/\/www.africa-press.net\/togo\/#website\"},\"primaryImageOfPage\":{\"@id\":\"https:\/\/www.africa-press.net\/togo\/politique\/emmanuel-macron-pose-les-jalons-de-sa-nouvelle-politique-africaine#primaryimage\"},\"image\":{\"@id\":\"https:\/\/www.africa-press.net\/togo\/politique\/emmanuel-macron-pose-les-jalons-de-sa-nouvelle-politique-africaine#primaryimage\"},\"thumbnailUrl\":\"https:\/\/static.africa-press.net\/togo\/sites\/58\/2023\/02\/postQueueImg_1677489536.59.jpg\",\"datePublished\":\"2023-02-27T12:48:54+00:00\",\"dateModified\":\"2023-02-27T14:12:55+00:00\",\"author\":{\"@id\":\"https:\/\/www.africa-press.net\/togo\/#\/schema\/person\/2b1cf3cd81a31e3cd26889ca66d677f1\"},\"description\":\"Le chef de l\u2019E\u0301tat franc\u0327ais, avant de se rendre au Gabon, en Angola, au Congo et en Re\u0301publique de\u0301mocratique du Con ...\",\"breadcrumb\":{\"@id\":\"https:\/\/www.africa-press.net\/togo\/politique\/emmanuel-macron-pose-les-jalons-de-sa-nouvelle-politique-africaine#breadcrumb\"},\"inLanguage\":\"fr-FR\",\"potentialAction\":[{\"@type\":\"ReadAction\",\"target\":[\"https:\/\/www.africa-press.net\/togo\/politique\/emmanuel-macron-pose-les-jalons-de-sa-nouvelle-politique-africaine\"]}]},{\"@type\":\"ImageObject\",\"inLanguage\":\"fr-FR\",\"@id\":\"https:\/\/www.africa-press.net\/togo\/politique\/emmanuel-macron-pose-les-jalons-de-sa-nouvelle-politique-africaine#primaryimage\",\"url\":\"https:\/\/static.africa-press.net\/togo\/sites\/58\/2023\/02\/postQueueImg_1677489536.59.jpg\",\"contentUrl\":\"https:\/\/static.africa-press.net\/togo\/sites\/58\/2023\/02\/postQueueImg_1677489536.59.jpg\",\"width\":1280,\"height\":800,\"caption\":\"Emmanuel Macron pose les jalons de sa nouvelle politique africaine\"},{\"@type\":\"BreadcrumbList\",\"@id\":\"https:\/\/www.africa-press.net\/togo\/politique\/emmanuel-macron-pose-les-jalons-de-sa-nouvelle-politique-africaine#breadcrumb\",\"itemListElement\":[{\"@type\":\"ListItem\",\"position\":1,\"name\":\"Accueil\",\"item\":\"https:\/\/www.africa-press.net\/togo\/\"},{\"@type\":\"ListItem\",\"position\":2,\"name\":\"Emmanuel Macron pose les jalons de sa nouvelle politique africaine\"}]},{\"@type\":\"WebSite\",\"@id\":\"https:\/\/www.africa-press.net\/togo\/#website\",\"url\":\"https:\/\/www.africa-press.net\/togo\/\",\"name\":\"Togo\",\"description\":\"Just another Africa News Agency Sites site\",\"potentialAction\":[{\"@type\":\"SearchAction\",\"target\":{\"@type\":\"EntryPoint\",\"urlTemplate\":\"https:\/\/www.africa-press.net\/togo\/?s={search_term_string}\"},\"query-input\":{\"@type\":\"PropertyValueSpecification\",\"valueRequired\":true,\"valueName\":\"search_term_string\"}}],\"inLanguage\":\"fr-FR\"},{\"@type\":\"Person\",\"@id\":\"https:\/\/www.africa-press.net\/togo\/#\/schema\/person\/2b1cf3cd81a31e3cd26889ca66d677f1\",\"name\":\"cfeditorfr\"}]}<\/script>\n<!-- \/ Yoast SEO Premium plugin. -->","yoast_head_json":{"title":"Emmanuel Macron pose les jalons de sa nouvelle politique africaine - Togo","description":"Le chef de l\u2019E\u0301tat franc\u0327ais, avant de se rendre au Gabon, en Angola, au Congo et en Re\u0301publique de\u0301mocratique du Con ...","robots":{"index":"index","follow":"follow","max-snippet":"max-snippet:-1","max-image-preview":"max-image-preview:large","max-video-preview":"max-video-preview:-1"},"canonical":"https:\/\/www.africa-press.net\/togo\/politique\/emmanuel-macron-pose-les-jalons-de-sa-nouvelle-politique-africaine","og_locale":"fr_FR","og_type":"article","og_title":"Emmanuel Macron pose les jalons de sa nouvelle politique africaine","og_description":"Le chef de l\u2019E\u0301tat franc\u0327ais, avant de se rendre au Gabon, en Angola, au Congo et en Re\u0301publique de\u0301mocratique du Con ...","og_url":"https:\/\/www.africa-press.net\/togo\/politique\/emmanuel-macron-pose-les-jalons-de-sa-nouvelle-politique-africaine","og_site_name":"Togo","article_published_time":"2023-02-27T12:48:54+00:00","article_modified_time":"2023-02-27T14:12:55+00:00","og_image":[{"width":1280,"height":800,"url":"https:\/\/static.africa-press.net\/togo\/sites\/58\/2023\/02\/postQueueImg_1677489536.59.jpg","type":"image\/jpeg"}],"author":"cfeditorfr","twitter_card":"summary_large_image","twitter_misc":{"\u00c9crit par":"cfeditorfr","Dur\u00e9e de lecture estim\u00e9e":"2 minutes"},"schema":{"@context":"https:\/\/schema.org","@graph":[{"@type":"Article","@id":"https:\/\/www.africa-press.net\/togo\/politique\/emmanuel-macron-pose-les-jalons-de-sa-nouvelle-politique-africaine#article","isPartOf":{"@id":"https:\/\/www.africa-press.net\/togo\/politique\/emmanuel-macron-pose-les-jalons-de-sa-nouvelle-politique-africaine"},"author":{"name":"cfeditorfr","@id":"https:\/\/www.africa-press.net\/togo\/#\/schema\/person\/2b1cf3cd81a31e3cd26889ca66d677f1"},"headline":"Emmanuel Macron pose les jalons de sa nouvelle politique africaine","datePublished":"2023-02-27T12:48:54+00:00","dateModified":"2023-02-27T14:12:55+00:00","mainEntityOfPage":{"@id":"https:\/\/www.africa-press.net\/togo\/politique\/emmanuel-macron-pose-les-jalons-de-sa-nouvelle-politique-africaine"},"wordCount":322,"commentCount":0,"image":{"@id":"https:\/\/www.africa-press.net\/togo\/politique\/emmanuel-macron-pose-les-jalons-de-sa-nouvelle-politique-africaine#primaryimage"},"thumbnailUrl":"https:\/\/static.africa-press.net\/togo\/sites\/58\/2023\/02\/postQueueImg_1677489536.59.jpg","keywords":["Africa Press","Africa Press-Togo","Togo"],"articleSection":["Politique","Toutes les actualit\u00e9s"],"inLanguage":"fr-FR","potentialAction":[{"@type":"CommentAction","name":"Comment","target":["https:\/\/www.africa-press.net\/togo\/politique\/emmanuel-macron-pose-les-jalons-de-sa-nouvelle-politique-africaine#respond"]}]},{"@type":"WebPage","@id":"https:\/\/www.africa-press.net\/togo\/politique\/emmanuel-macron-pose-les-jalons-de-sa-nouvelle-politique-africaine","url":"https:\/\/www.africa-press.net\/togo\/politique\/emmanuel-macron-pose-les-jalons-de-sa-nouvelle-politique-africaine","name":"Emmanuel Macron pose les jalons de sa nouvelle politique africaine - Togo","isPartOf":{"@id":"https:\/\/www.africa-press.net\/togo\/#website"},"primaryImageOfPage":{"@id":"https:\/\/www.africa-press.net\/togo\/politique\/emmanuel-macron-pose-les-jalons-de-sa-nouvelle-politique-africaine#primaryimage"},"image":{"@id":"https:\/\/www.africa-press.net\/togo\/politique\/emmanuel-macron-pose-les-jalons-de-sa-nouvelle-politique-africaine#primaryimage"},"thumbnailUrl":"https:\/\/static.africa-press.net\/togo\/sites\/58\/2023\/02\/postQueueImg_1677489536.59.jpg","datePublished":"2023-02-27T12:48:54+00:00","dateModified":"2023-02-27T14:12:55+00:00","author":{"@id":"https:\/\/www.africa-press.net\/togo\/#\/schema\/person\/2b1cf3cd81a31e3cd26889ca66d677f1"},"description":"Le chef de l\u2019E\u0301tat franc\u0327ais, avant de se rendre au Gabon, en Angola, au Congo et en Re\u0301publique de\u0301mocratique du Con ...","breadcrumb":{"@id":"https:\/\/www.africa-press.net\/togo\/politique\/emmanuel-macron-pose-les-jalons-de-sa-nouvelle-politique-africaine#breadcrumb"},"inLanguage":"fr-FR","potentialAction":[{"@type":"ReadAction","target":["https:\/\/www.africa-press.net\/togo\/politique\/emmanuel-macron-pose-les-jalons-de-sa-nouvelle-politique-africaine"]}]},{"@type":"ImageObject","inLanguage":"fr-FR","@id":"https:\/\/www.africa-press.net\/togo\/politique\/emmanuel-macron-pose-les-jalons-de-sa-nouvelle-politique-africaine#primaryimage","url":"https:\/\/static.africa-press.net\/togo\/sites\/58\/2023\/02\/postQueueImg_1677489536.59.jpg","contentUrl":"https:\/\/static.africa-press.net\/togo\/sites\/58\/2023\/02\/postQueueImg_1677489536.59.jpg","width":1280,"height":800,"caption":"Emmanuel Macron pose les jalons de sa nouvelle politique africaine"},{"@type":"BreadcrumbList","@id":"https:\/\/www.africa-press.net\/togo\/politique\/emmanuel-macron-pose-les-jalons-de-sa-nouvelle-politique-africaine#breadcrumb","itemListElement":[{"@type":"ListItem","position":1,"name":"Accueil","item":"https:\/\/www.africa-press.net\/togo\/"},{"@type":"ListItem","position":2,"name":"Emmanuel Macron pose les jalons de sa nouvelle politique africaine"}]},{"@type":"WebSite","@id":"https:\/\/www.africa-press.net\/togo\/#website","url":"https:\/\/www.africa-press.net\/togo\/","name":"Togo","description":"Just another Africa News Agency Sites site","potentialAction":[{"@type":"SearchAction","target":{"@type":"EntryPoint","urlTemplate":"https:\/\/www.africa-press.net\/togo\/?s={search_term_string}"},"query-input":{"@type":"PropertyValueSpecification","valueRequired":true,"valueName":"search_term_string"}}],"inLanguage":"fr-FR"},{"@type":"Person","@id":"https:\/\/www.africa-press.net\/togo\/#\/schema\/person\/2b1cf3cd81a31e3cd26889ca66d677f1","name":"cfeditorfr"}]}},"_links":{"self":[{"href":"https:\/\/www.africa-press.net\/togo\/wp-json\/wp\/v2\/posts\/17871","targetHints":{"allow":["GET"]}}],"collection":[{"href":"https:\/\/www.africa-press.net\/togo\/wp-json\/wp\/v2\/posts"}],"about":[{"href":"https:\/\/www.africa-press.net\/togo\/wp-json\/wp\/v2\/types\/post"}],"author":[{"embeddable":true,"href":"https:\/\/www.africa-press.net\/togo\/wp-json\/wp\/v2\/users\/82"}],"replies":[{"embeddable":true,"href":"https:\/\/www.africa-press.net\/togo\/wp-json\/wp\/v2\/comments?post=17871"}],"version-history":[{"count":0,"href":"https:\/\/www.africa-press.net\/togo\/wp-json\/wp\/v2\/posts\/17871\/revisions"}],"wp:featuredmedia":[{"embeddable":true,"href":"https:\/\/www.africa-press.net\/togo\/wp-json\/wp\/v2\/media\/17870"}],"wp:attachment":[{"href":"https:\/\/www.africa-press.net\/togo\/wp-json\/wp\/v2\/media?parent=17871"}],"wp:term":[{"taxonomy":"category","embeddable":true,"href":"https:\/\/www.africa-press.net\/togo\/wp-json\/wp\/v2\/categories?post=17871"},{"taxonomy":"post_tag","embeddable":true,"href":"https:\/\/www.africa-press.net\/togo\/wp-json\/wp\/v2\/tags?post=17871"}],"curies":[{"name":"wp","href":"https:\/\/api.w.org\/{rel}","templated":true}]}}