{"id":17902,"date":"2023-02-27T18:01:18","date_gmt":"2023-02-27T18:01:18","guid":{"rendered":"https:\/\/www.africa-press.net\/togo\/politique\/togo-des-excuses-ou-la-demission-du-ministre-qui-menace-face-au-covidgate"},"modified":"2023-02-27T19:27:19","modified_gmt":"2023-02-27T19:27:19","slug":"togo-des-excuses-ou-la-demission-du-ministre-qui-menace-face-au-covidgate","status":"publish","type":"post","link":"https:\/\/www.africa-press.net\/togo\/politique\/togo-des-excuses-ou-la-demission-du-ministre-qui-menace-face-au-covidgate","title":{"rendered":"Togo\u00a0: des excuses ou la d\u00e9mission du ministre qui menace face au Covidgate"},"content":{"rendered":"<p><span style=\"color: #ff6600\"><strong>Africa-Press &#8211; Togo. <\/strong><\/span>Aucun ministre, soit de droits de l\u2019Homme ne doit prendre le vilain plaisir pour lancer des menaces pour ceux qui utilisent leur raison pour analyser le rapport de la cour des comptes.<\/p>\n<p>Ce rapport, tel que mis sur la place publique, pose un se\u0301rieux proble\u0300me.<\/p>\n<p>Et la cour des comptes est une institution publique.<\/p>\n<p>Elle fonctionne gra\u0302ce au fonds des contribuables.<\/p>\n<p>Si elle publie un rapport concernant 400 milliards destine\u0301s a\u0300 pre\u0301server la vie des millions de togolais en pe\u0301riode de crise .<\/p>\n<p>C\u2019est un droit et un devoir de jouer son ro\u0302le de redevabilite\u0301 par rapport a\u0300 l\u2019utilisation de fonds de riposte covid19 .<\/p>\n<p>Il revient a\u0300 la justice de s\u2019auto-saisir et de mener des enque\u0302tes alternatives pour nous pre\u0301senter un nouveau rapport.<\/p>\n<p>Il ne revient pas a\u0300 un ministre de chercher a\u0300 nous amener a\u0300 accepter un tel rapport en nous imposant un silence.<\/p>\n<p>Le contro\u0302le citoyen d\u2019action publique est un droit , et nous exigeons qu\u2019une lumie\u0300re soit faite sur les zones qui paraissent douteuses dans le rapport de la cour des comptes.<\/p>\n<p>Ce rapport tel que pre\u0301sente\u0301 montre qu\u2019il y a : \u00ab Un double abus de confiance, la fraude, la fraude fiscale et la sortie de flux financiers illicitement gagne\u0301s, par la me\u0301thode de \u201c Import over invoicing \u201d ou surfacturation des importations de biens \u00bb ; DE\u0301CLARATION DES OSC , PORTANT SUR LE RAPPORT D\u2019AUDIT DE LA COUR DES COMPTES DU TOGO, SUR LE FONDS DE RIPOSTE ET DE SOLIDARITE\u0301 COVID-19.<\/p>\n<p>Ce rapport pose un de\u0301bat public sur la gestion calamiteuse de fonds publics au Togo.<\/p>\n<p>La re\u0301action du ministre des droits de l\u2019Homme est une provocation, insulte a\u0300 notre intelligence.<\/p>\n<p>Comment peut-on demander a\u0300 un peuple de garder le silence face a\u0300 un tel rapport de la cour des comptes ?<\/p>\n<p>Si le ministre a ose\u0301 imposer le silence par sa menace, c\u2019est a\u0300 cause de nos re\u0301actions face aux diffe\u0301rents faits injustices, arbitraires et mesures impopulaires.<\/p>\n<p>L\u2019indiffe\u0301rence, la re\u0301signation, le fatalisme que nous avons actuellement permettent au ministre de se prendre pour un dieu qu\u2019on ne peut pas permettre de mettre son opinion sur ses actes.<\/p>\n<p>Si des gens qui ont encore la raison laissent faire certaines re\u0301actions parce que le peuple est dans une le\u0301thargie.<\/p>\n<p>Nous sommes en train de cre\u0301er simplement un environnement propice a\u0300 l\u2019explosion sociale.<\/p>\n<p>Nous pensons que si on veut vraiment un climat de cohe\u0301sion sociale, de patriotisme, la de\u0301claration du ministre des droits de l\u2019Homme doit e\u0302tre sanctionne\u0301e. Et ce ministre doit pre\u0301senter des excuses aux togolais ou simplement donner sa de\u0301mission.<\/p>\n<p>Ce n\u2019est pas le ro\u0302le d\u2019un ministre de droits de l\u2019Homme de brandir des menaces.<\/p>\n<p>Nous avons besoin que la justice togolaise face son enque\u0302te pour nous sortir un nouveau rapport.<\/p>\n<p>\u00ab Le danger, c\u2019est d\u2019outrepasser la pense\u0301e de la cour, pour faire des attributions d\u2019infractions a\u0300 des personnes. Je le dis parce que naturellement, en tant que ministre des droits de l\u2019homme, je suis interpelle\u0301. Nous avons vu des grands titres de la presse qui, depuis que le rapport a e\u0301te\u0301 publie\u0301, ont mis quasiment des administrations et des autorite\u0301s a\u0300 l\u2019index. Il faut faire extre\u0302mement attention a\u0300 cela parce qu\u2019aujourd\u2019hui, si les gens qui ont flirte\u0301 avec l\u2019infraction sur la diffamation et l\u2019atteinte a\u0300 la re\u0301putation, elles seront manifestement condamne\u0301es \u00bb, de\u0301clare le ministre des droits de l\u2019Homme du Togo<\/p>\n<p>Nous sommes une ge\u0301ne\u0301ration de re\u0301sultats positifs.<\/p>\n<p>La victoire est la no\u0302tre maintenant.<\/p>\n<p>fovi katakou ( b-a-b-a, RAL)<\/p>\n<p>Nature-Homme-Societe<\/p>\n<p><strong>Pour plus d&rsquo;informations et d&rsquo;analyses sur la <a href=\"https:\/\/www.africa-press.net\/togo\">Togo<\/a>, suivez <a href=\"https:\/\/www.africa-press.net\/\">Africa-Press<\/a><\/strong><\/p>\n","protected":false},"excerpt":{"rendered":"<p>Africa-Press &#8211; Togo. Aucun ministre, soit de droits de l\u2019Homme ne doit prendre le vilain plaisir pour lancer des menaces pour ceux qui utilisent leur raison pour analyser le rapport de la cour des comptes. Ce rapport, tel que mis sur la place publique, pose un se\u0301rieux proble\u0300me. Et la cour des comptes est une [&hellip;]<\/p>\n","protected":false},"author":82,"featured_media":17901,"comment_status":"open","ping_status":"closed","sticky":false,"template":"","format":"standard","meta":{"footnotes":""},"categories":[2,10],"tags":[36,49,285,50],"class_list":["post-17902","post","type-post","status-publish","format-standard","has-post-thumbnail","hentry","category-politique","category-toutes-les-actualites","tag-africa-press","tag-africa-press-togo","tag-covid-19","tag-togo"],"yoast_head":"<!-- This site is optimized with the Yoast SEO Premium plugin v26.1 (Yoast SEO v27.0) - https:\/\/yoast.com\/product\/yoast-seo-premium-wordpress\/ -->\n<title>Togo\u00a0: des excuses ou la d\u00e9mission du ministre qui menace face au Covidgate - Togo<\/title>\n<meta name=\"description\" content=\"Aucun ministre, soit de droits de l\u2019Homme ne doit prendre le vilain plaisir pour lancer des menaces pour ceux qui utilis ...\" \/>\n<meta name=\"robots\" content=\"index, follow, max-snippet:-1, max-image-preview:large, max-video-preview:-1\" \/>\n<link rel=\"canonical\" href=\"https:\/\/www.africa-press.net\/togo\/politique\/togo-des-excuses-ou-la-demission-du-ministre-qui-menace-face-au-covidgate\" \/>\n<meta property=\"og:locale\" content=\"fr_FR\" \/>\n<meta property=\"og:type\" content=\"article\" \/>\n<meta property=\"og:title\" content=\"Togo\u00a0: des excuses ou la d\u00e9mission du ministre qui menace face au Covidgate\" \/>\n<meta property=\"og:description\" content=\"Aucun ministre, soit de droits de l\u2019Homme ne doit prendre le vilain plaisir pour lancer des menaces pour ceux qui utilis ...\" \/>\n<meta property=\"og:url\" content=\"https:\/\/www.africa-press.net\/togo\/politique\/togo-des-excuses-ou-la-demission-du-ministre-qui-menace-face-au-covidgate\" \/>\n<meta property=\"og:site_name\" content=\"Togo\" \/>\n<meta property=\"article:published_time\" content=\"2023-02-27T18:01:18+00:00\" \/>\n<meta property=\"article:modified_time\" content=\"2023-02-27T19:27:19+00:00\" \/>\n<meta property=\"og:image\" content=\"https:\/\/static.africa-press.net\/togo\/sites\/58\/2023\/02\/postQueueImg_1677508297.82.jpg\" \/>\n\t<meta property=\"og:image:width\" content=\"720\" \/>\n\t<meta property=\"og:image:height\" content=\"479\" \/>\n\t<meta property=\"og:image:type\" content=\"image\/jpeg\" \/>\n<meta name=\"author\" content=\"cfeditorfr\" \/>\n<meta name=\"twitter:card\" content=\"summary_large_image\" \/>\n<meta name=\"twitter:label1\" content=\"\u00c9crit par\" \/>\n\t<meta name=\"twitter:data1\" content=\"cfeditorfr\" \/>\n\t<meta name=\"twitter:label2\" content=\"Dur\u00e9e de lecture estim\u00e9e\" \/>\n\t<meta name=\"twitter:data2\" content=\"3 minutes\" \/>\n<script type=\"application\/ld+json\" class=\"yoast-schema-graph\">{\"@context\":\"https:\/\/schema.org\",\"@graph\":[{\"@type\":\"Article\",\"@id\":\"https:\/\/www.africa-press.net\/togo\/politique\/togo-des-excuses-ou-la-demission-du-ministre-qui-menace-face-au-covidgate#article\",\"isPartOf\":{\"@id\":\"https:\/\/www.africa-press.net\/togo\/politique\/togo-des-excuses-ou-la-demission-du-ministre-qui-menace-face-au-covidgate\"},\"author\":{\"name\":\"cfeditorfr\",\"@id\":\"https:\/\/www.africa-press.net\/togo\/#\/schema\/person\/2b1cf3cd81a31e3cd26889ca66d677f1\"},\"headline\":\"Togo\u00a0: des excuses ou la d\u00e9mission du ministre qui menace face au Covidgate\",\"datePublished\":\"2023-02-27T18:01:18+00:00\",\"dateModified\":\"2023-02-27T19:27:19+00:00\",\"mainEntityOfPage\":{\"@id\":\"https:\/\/www.africa-press.net\/togo\/politique\/togo-des-excuses-ou-la-demission-du-ministre-qui-menace-face-au-covidgate\"},\"wordCount\":661,\"commentCount\":0,\"image\":{\"@id\":\"https:\/\/www.africa-press.net\/togo\/politique\/togo-des-excuses-ou-la-demission-du-ministre-qui-menace-face-au-covidgate#primaryimage\"},\"thumbnailUrl\":\"https:\/\/static.africa-press.net\/togo\/sites\/58\/2023\/02\/postQueueImg_1677508297.82.jpg\",\"keywords\":[\"Africa Press\",\"Africa Press-Togo\",\"Covid-19\",\"Togo\"],\"articleSection\":[\"Politique\",\"Toutes les actualit\u00e9s\"],\"inLanguage\":\"fr-FR\",\"potentialAction\":[{\"@type\":\"CommentAction\",\"name\":\"Comment\",\"target\":[\"https:\/\/www.africa-press.net\/togo\/politique\/togo-des-excuses-ou-la-demission-du-ministre-qui-menace-face-au-covidgate#respond\"]}]},{\"@type\":\"WebPage\",\"@id\":\"https:\/\/www.africa-press.net\/togo\/politique\/togo-des-excuses-ou-la-demission-du-ministre-qui-menace-face-au-covidgate\",\"url\":\"https:\/\/www.africa-press.net\/togo\/politique\/togo-des-excuses-ou-la-demission-du-ministre-qui-menace-face-au-covidgate\",\"name\":\"Togo\u00a0: des excuses ou la d\u00e9mission du ministre qui menace face au Covidgate - Togo\",\"isPartOf\":{\"@id\":\"https:\/\/www.africa-press.net\/togo\/#website\"},\"primaryImageOfPage\":{\"@id\":\"https:\/\/www.africa-press.net\/togo\/politique\/togo-des-excuses-ou-la-demission-du-ministre-qui-menace-face-au-covidgate#primaryimage\"},\"image\":{\"@id\":\"https:\/\/www.africa-press.net\/togo\/politique\/togo-des-excuses-ou-la-demission-du-ministre-qui-menace-face-au-covidgate#primaryimage\"},\"thumbnailUrl\":\"https:\/\/static.africa-press.net\/togo\/sites\/58\/2023\/02\/postQueueImg_1677508297.82.jpg\",\"datePublished\":\"2023-02-27T18:01:18+00:00\",\"dateModified\":\"2023-02-27T19:27:19+00:00\",\"author\":{\"@id\":\"https:\/\/www.africa-press.net\/togo\/#\/schema\/person\/2b1cf3cd81a31e3cd26889ca66d677f1\"},\"description\":\"Aucun ministre, soit de droits de l\u2019Homme ne doit prendre le vilain plaisir pour lancer des menaces pour ceux qui utilis ...\",\"breadcrumb\":{\"@id\":\"https:\/\/www.africa-press.net\/togo\/politique\/togo-des-excuses-ou-la-demission-du-ministre-qui-menace-face-au-covidgate#breadcrumb\"},\"inLanguage\":\"fr-FR\",\"potentialAction\":[{\"@type\":\"ReadAction\",\"target\":[\"https:\/\/www.africa-press.net\/togo\/politique\/togo-des-excuses-ou-la-demission-du-ministre-qui-menace-face-au-covidgate\"]}]},{\"@type\":\"ImageObject\",\"inLanguage\":\"fr-FR\",\"@id\":\"https:\/\/www.africa-press.net\/togo\/politique\/togo-des-excuses-ou-la-demission-du-ministre-qui-menace-face-au-covidgate#primaryimage\",\"url\":\"https:\/\/static.africa-press.net\/togo\/sites\/58\/2023\/02\/postQueueImg_1677508297.82.jpg\",\"contentUrl\":\"https:\/\/static.africa-press.net\/togo\/sites\/58\/2023\/02\/postQueueImg_1677508297.82.jpg\",\"width\":720,\"height\":479,\"caption\":\"Togo\u00a0: des excuses ou la d\u00e9mission du ministre qui menace face au Covidgate\"},{\"@type\":\"BreadcrumbList\",\"@id\":\"https:\/\/www.africa-press.net\/togo\/politique\/togo-des-excuses-ou-la-demission-du-ministre-qui-menace-face-au-covidgate#breadcrumb\",\"itemListElement\":[{\"@type\":\"ListItem\",\"position\":1,\"name\":\"Accueil\",\"item\":\"https:\/\/www.africa-press.net\/togo\/\"},{\"@type\":\"ListItem\",\"position\":2,\"name\":\"Togo\u00a0: des excuses ou la d\u00e9mission du ministre qui menace face au Covidgate\"}]},{\"@type\":\"WebSite\",\"@id\":\"https:\/\/www.africa-press.net\/togo\/#website\",\"url\":\"https:\/\/www.africa-press.net\/togo\/\",\"name\":\"Togo\",\"description\":\"Just another Africa News Agency Sites site\",\"potentialAction\":[{\"@type\":\"SearchAction\",\"target\":{\"@type\":\"EntryPoint\",\"urlTemplate\":\"https:\/\/www.africa-press.net\/togo\/?s={search_term_string}\"},\"query-input\":{\"@type\":\"PropertyValueSpecification\",\"valueRequired\":true,\"valueName\":\"search_term_string\"}}],\"inLanguage\":\"fr-FR\"},{\"@type\":\"Person\",\"@id\":\"https:\/\/www.africa-press.net\/togo\/#\/schema\/person\/2b1cf3cd81a31e3cd26889ca66d677f1\",\"name\":\"cfeditorfr\"}]}<\/script>\n<!-- \/ Yoast SEO Premium plugin. -->","yoast_head_json":{"title":"Togo\u00a0: des excuses ou la d\u00e9mission du ministre qui menace face au Covidgate - Togo","description":"Aucun ministre, soit de droits de l\u2019Homme ne doit prendre le vilain plaisir pour lancer des menaces pour ceux qui utilis ...","robots":{"index":"index","follow":"follow","max-snippet":"max-snippet:-1","max-image-preview":"max-image-preview:large","max-video-preview":"max-video-preview:-1"},"canonical":"https:\/\/www.africa-press.net\/togo\/politique\/togo-des-excuses-ou-la-demission-du-ministre-qui-menace-face-au-covidgate","og_locale":"fr_FR","og_type":"article","og_title":"Togo\u00a0: des excuses ou la d\u00e9mission du ministre qui menace face au Covidgate","og_description":"Aucun ministre, soit de droits de l\u2019Homme ne doit prendre le vilain plaisir pour lancer des menaces pour ceux qui utilis ...","og_url":"https:\/\/www.africa-press.net\/togo\/politique\/togo-des-excuses-ou-la-demission-du-ministre-qui-menace-face-au-covidgate","og_site_name":"Togo","article_published_time":"2023-02-27T18:01:18+00:00","article_modified_time":"2023-02-27T19:27:19+00:00","og_image":[{"width":720,"height":479,"url":"https:\/\/static.africa-press.net\/togo\/sites\/58\/2023\/02\/postQueueImg_1677508297.82.jpg","type":"image\/jpeg"}],"author":"cfeditorfr","twitter_card":"summary_large_image","twitter_misc":{"\u00c9crit par":"cfeditorfr","Dur\u00e9e de lecture estim\u00e9e":"3 minutes"},"schema":{"@context":"https:\/\/schema.org","@graph":[{"@type":"Article","@id":"https:\/\/www.africa-press.net\/togo\/politique\/togo-des-excuses-ou-la-demission-du-ministre-qui-menace-face-au-covidgate#article","isPartOf":{"@id":"https:\/\/www.africa-press.net\/togo\/politique\/togo-des-excuses-ou-la-demission-du-ministre-qui-menace-face-au-covidgate"},"author":{"name":"cfeditorfr","@id":"https:\/\/www.africa-press.net\/togo\/#\/schema\/person\/2b1cf3cd81a31e3cd26889ca66d677f1"},"headline":"Togo\u00a0: des excuses ou la d\u00e9mission du ministre qui menace face au Covidgate","datePublished":"2023-02-27T18:01:18+00:00","dateModified":"2023-02-27T19:27:19+00:00","mainEntityOfPage":{"@id":"https:\/\/www.africa-press.net\/togo\/politique\/togo-des-excuses-ou-la-demission-du-ministre-qui-menace-face-au-covidgate"},"wordCount":661,"commentCount":0,"image":{"@id":"https:\/\/www.africa-press.net\/togo\/politique\/togo-des-excuses-ou-la-demission-du-ministre-qui-menace-face-au-covidgate#primaryimage"},"thumbnailUrl":"https:\/\/static.africa-press.net\/togo\/sites\/58\/2023\/02\/postQueueImg_1677508297.82.jpg","keywords":["Africa Press","Africa Press-Togo","Covid-19","Togo"],"articleSection":["Politique","Toutes les actualit\u00e9s"],"inLanguage":"fr-FR","potentialAction":[{"@type":"CommentAction","name":"Comment","target":["https:\/\/www.africa-press.net\/togo\/politique\/togo-des-excuses-ou-la-demission-du-ministre-qui-menace-face-au-covidgate#respond"]}]},{"@type":"WebPage","@id":"https:\/\/www.africa-press.net\/togo\/politique\/togo-des-excuses-ou-la-demission-du-ministre-qui-menace-face-au-covidgate","url":"https:\/\/www.africa-press.net\/togo\/politique\/togo-des-excuses-ou-la-demission-du-ministre-qui-menace-face-au-covidgate","name":"Togo\u00a0: des excuses ou la d\u00e9mission du ministre qui menace face au Covidgate - Togo","isPartOf":{"@id":"https:\/\/www.africa-press.net\/togo\/#website"},"primaryImageOfPage":{"@id":"https:\/\/www.africa-press.net\/togo\/politique\/togo-des-excuses-ou-la-demission-du-ministre-qui-menace-face-au-covidgate#primaryimage"},"image":{"@id":"https:\/\/www.africa-press.net\/togo\/politique\/togo-des-excuses-ou-la-demission-du-ministre-qui-menace-face-au-covidgate#primaryimage"},"thumbnailUrl":"https:\/\/static.africa-press.net\/togo\/sites\/58\/2023\/02\/postQueueImg_1677508297.82.jpg","datePublished":"2023-02-27T18:01:18+00:00","dateModified":"2023-02-27T19:27:19+00:00","author":{"@id":"https:\/\/www.africa-press.net\/togo\/#\/schema\/person\/2b1cf3cd81a31e3cd26889ca66d677f1"},"description":"Aucun ministre, soit de droits de l\u2019Homme ne doit prendre le vilain plaisir pour lancer des menaces pour ceux qui utilis ...","breadcrumb":{"@id":"https:\/\/www.africa-press.net\/togo\/politique\/togo-des-excuses-ou-la-demission-du-ministre-qui-menace-face-au-covidgate#breadcrumb"},"inLanguage":"fr-FR","potentialAction":[{"@type":"ReadAction","target":["https:\/\/www.africa-press.net\/togo\/politique\/togo-des-excuses-ou-la-demission-du-ministre-qui-menace-face-au-covidgate"]}]},{"@type":"ImageObject","inLanguage":"fr-FR","@id":"https:\/\/www.africa-press.net\/togo\/politique\/togo-des-excuses-ou-la-demission-du-ministre-qui-menace-face-au-covidgate#primaryimage","url":"https:\/\/static.africa-press.net\/togo\/sites\/58\/2023\/02\/postQueueImg_1677508297.82.jpg","contentUrl":"https:\/\/static.africa-press.net\/togo\/sites\/58\/2023\/02\/postQueueImg_1677508297.82.jpg","width":720,"height":479,"caption":"Togo\u00a0: des excuses ou la d\u00e9mission du ministre qui menace face au Covidgate"},{"@type":"BreadcrumbList","@id":"https:\/\/www.africa-press.net\/togo\/politique\/togo-des-excuses-ou-la-demission-du-ministre-qui-menace-face-au-covidgate#breadcrumb","itemListElement":[{"@type":"ListItem","position":1,"name":"Accueil","item":"https:\/\/www.africa-press.net\/togo\/"},{"@type":"ListItem","position":2,"name":"Togo\u00a0: des excuses ou la d\u00e9mission du ministre qui menace face au Covidgate"}]},{"@type":"WebSite","@id":"https:\/\/www.africa-press.net\/togo\/#website","url":"https:\/\/www.africa-press.net\/togo\/","name":"Togo","description":"Just another Africa News Agency Sites site","potentialAction":[{"@type":"SearchAction","target":{"@type":"EntryPoint","urlTemplate":"https:\/\/www.africa-press.net\/togo\/?s={search_term_string}"},"query-input":{"@type":"PropertyValueSpecification","valueRequired":true,"valueName":"search_term_string"}}],"inLanguage":"fr-FR"},{"@type":"Person","@id":"https:\/\/www.africa-press.net\/togo\/#\/schema\/person\/2b1cf3cd81a31e3cd26889ca66d677f1","name":"cfeditorfr"}]}},"_links":{"self":[{"href":"https:\/\/www.africa-press.net\/togo\/wp-json\/wp\/v2\/posts\/17902","targetHints":{"allow":["GET"]}}],"collection":[{"href":"https:\/\/www.africa-press.net\/togo\/wp-json\/wp\/v2\/posts"}],"about":[{"href":"https:\/\/www.africa-press.net\/togo\/wp-json\/wp\/v2\/types\/post"}],"author":[{"embeddable":true,"href":"https:\/\/www.africa-press.net\/togo\/wp-json\/wp\/v2\/users\/82"}],"replies":[{"embeddable":true,"href":"https:\/\/www.africa-press.net\/togo\/wp-json\/wp\/v2\/comments?post=17902"}],"version-history":[{"count":0,"href":"https:\/\/www.africa-press.net\/togo\/wp-json\/wp\/v2\/posts\/17902\/revisions"}],"wp:featuredmedia":[{"embeddable":true,"href":"https:\/\/www.africa-press.net\/togo\/wp-json\/wp\/v2\/media\/17901"}],"wp:attachment":[{"href":"https:\/\/www.africa-press.net\/togo\/wp-json\/wp\/v2\/media?parent=17902"}],"wp:term":[{"taxonomy":"category","embeddable":true,"href":"https:\/\/www.africa-press.net\/togo\/wp-json\/wp\/v2\/categories?post=17902"},{"taxonomy":"post_tag","embeddable":true,"href":"https:\/\/www.africa-press.net\/togo\/wp-json\/wp\/v2\/tags?post=17902"}],"curies":[{"name":"wp","href":"https:\/\/api.w.org\/{rel}","templated":true}]}}