{"id":17911,"date":"2023-02-28T12:20:59","date_gmt":"2023-02-28T12:20:59","guid":{"rendered":"https:\/\/www.africa-press.net\/togo\/politique\/togo-david-dosseh-presente-son-prix-a-lambassadeur-fitzsimmons"},"modified":"2023-02-28T13:11:08","modified_gmt":"2023-02-28T13:11:08","slug":"togo-david-dosseh-presente-son-prix-a-lambassadeur-fitzsimmons","status":"publish","type":"post","link":"https:\/\/www.africa-press.net\/togo\/politique\/togo-david-dosseh-presente-son-prix-a-lambassadeur-fitzsimmons","title":{"rendered":"Togo-David Dosseh pr\u00e9sente son Prix \u00e0 l\u2019Ambassadeur Fitzsimmons"},"content":{"rendered":"<p><span style=\"color: #ff6600\"><strong>Africa-Press &#8211; Togo. <\/strong><\/span><b>Professeur David Dosseh a pre\u0301sente\u0301 son Prix des de\u0301fenseurs des droits de l\u2019Homme 2023 du De\u0301partement d\u2019E\u0301tat Ame\u0301ricain a\u0300 Elizabeth Fitzsimmons, l\u2019Ambassadeur des E\u0301tats-Unis au Togo, a annonce\u0301 l\u2019ambassade ce mardi.<\/b><\/p>\n<p>Pour la diplomate, les de\u0301fenseurs des droits affermissent les valeurs de\u0301mocratiques, favorisent l\u2019acce\u0300s a\u0300 la justice et conduisent au de\u0301veloppement durable.<\/p>\n<p>En effet, David Dosseh du Front Citoyen Togo Debout a rec\u0327u en de\u0301but de ce mois, le Prix lors de l\u2019e\u0301dition 2023 du Annual Global Human Rights Defender Award (Prix annuel des de\u0301fenseurs mondiaux des droits de l\u2019homme) aux E\u0301tats-Unis.<\/p>\n<p>Ils e\u0301taient au total 10 laure\u0301ats a\u0300 e\u0302tre prime\u0301s par le Bureau de la de\u0301mocratie, des droits de l\u2019homme et du travail des Etats Unis.<\/p>\n<p>Depuis plus de 15 ans, le Prof. Dosseh s\u2019emploie a\u0300 renforcer les capacite\u0301s de la socie\u0301te\u0301 civile togolaise, a\u0300 lutter contre l\u2019injustice et l\u2019impunite\u0301 et a\u0300 promouvoir les progre\u0300s de la de\u0301mocratie dans la re\u0301gion.<\/p>\n<p>En tant que me\u0301decin, il a inspire\u0301 l\u2019unite\u0301 et la solidarite\u0301 entre les professions me\u0301dicales et les re\u0301gions afin de pre\u0301senter un front uni et d\u2019obtenir de meilleures conditions de travail pour toute une se\u0301rie de personnels me\u0301dicaux.<\/p>\n<p><strong>Pour plus d&rsquo;informations et d&rsquo;analyses sur la <a href=\"https:\/\/www.africa-press.net\/togo\">Togo<\/a>, suivez <a href=\"https:\/\/www.africa-press.net\/\">Africa-Press<\/a><\/strong><\/p>\n","protected":false},"excerpt":{"rendered":"<p>Africa-Press &#8211; Togo. Professeur David Dosseh a pre\u0301sente\u0301 son Prix des de\u0301fenseurs des droits de l\u2019Homme 2023 du De\u0301partement d\u2019E\u0301tat Ame\u0301ricain a\u0300 Elizabeth Fitzsimmons, l\u2019Ambassadeur des E\u0301tats-Unis au Togo, a annonce\u0301 l\u2019ambassade ce mardi. Pour la diplomate, les de\u0301fenseurs des droits affermissent les valeurs de\u0301mocratiques, favorisent l\u2019acce\u0300s a\u0300 la justice et conduisent au de\u0301veloppement durable. [&hellip;]<\/p>\n","protected":false},"author":82,"featured_media":17910,"comment_status":"open","ping_status":"closed","sticky":false,"template":"","format":"standard","meta":{"footnotes":""},"categories":[2,10],"tags":[36,49,50],"class_list":["post-17911","post","type-post","status-publish","format-standard","has-post-thumbnail","hentry","category-politique","category-toutes-les-actualites","tag-africa-press","tag-africa-press-togo","tag-togo"],"yoast_head":"<!-- This site is optimized with the Yoast SEO Premium plugin v26.1 (Yoast SEO v27.0) - https:\/\/yoast.com\/product\/yoast-seo-premium-wordpress\/ -->\n<title>Togo-David Dosseh pr\u00e9sente son Prix \u00e0 l\u2019Ambassadeur Fitzsimmons - Togo<\/title>\n<meta name=\"description\" content=\"Professeur David Dosseh a pre\u0301sente\u0301 son Prix des de\u0301fenseurs des droits de l\u2019Homme 2023 du De\u0301partement d\u2019E\u0301tat Ame\u0301 ...\" \/>\n<meta name=\"robots\" content=\"index, follow, max-snippet:-1, max-image-preview:large, max-video-preview:-1\" \/>\n<link rel=\"canonical\" href=\"https:\/\/www.africa-press.net\/togo\/politique\/togo-david-dosseh-presente-son-prix-a-lambassadeur-fitzsimmons\" \/>\n<meta property=\"og:locale\" content=\"fr_FR\" \/>\n<meta property=\"og:type\" content=\"article\" \/>\n<meta property=\"og:title\" content=\"Togo-David Dosseh pr\u00e9sente son Prix \u00e0 l\u2019Ambassadeur Fitzsimmons\" \/>\n<meta property=\"og:description\" content=\"Professeur David Dosseh a pre\u0301sente\u0301 son Prix des de\u0301fenseurs des droits de l\u2019Homme 2023 du De\u0301partement d\u2019E\u0301tat Ame\u0301 ...\" \/>\n<meta property=\"og:url\" content=\"https:\/\/www.africa-press.net\/togo\/politique\/togo-david-dosseh-presente-son-prix-a-lambassadeur-fitzsimmons\" \/>\n<meta property=\"og:site_name\" content=\"Togo\" \/>\n<meta property=\"article:published_time\" content=\"2023-02-28T12:20:59+00:00\" \/>\n<meta property=\"article:modified_time\" content=\"2023-02-28T13:11:08+00:00\" \/>\n<meta property=\"og:image\" content=\"https:\/\/static.africa-press.net\/togo\/sites\/58\/2023\/02\/postQueueImg_1677574262.44.jpg\" \/>\n\t<meta property=\"og:image:width\" content=\"1303\" \/>\n\t<meta property=\"og:image:height\" content=\"993\" \/>\n\t<meta property=\"og:image:type\" content=\"image\/jpeg\" \/>\n<meta name=\"author\" content=\"cfeditorfr\" \/>\n<meta name=\"twitter:card\" content=\"summary_large_image\" \/>\n<meta name=\"twitter:label1\" content=\"\u00c9crit par\" \/>\n\t<meta name=\"twitter:data1\" content=\"cfeditorfr\" \/>\n\t<meta name=\"twitter:label2\" content=\"Dur\u00e9e de lecture estim\u00e9e\" \/>\n\t<meta name=\"twitter:data2\" content=\"1 minute\" \/>\n<script type=\"application\/ld+json\" class=\"yoast-schema-graph\">{\"@context\":\"https:\/\/schema.org\",\"@graph\":[{\"@type\":\"Article\",\"@id\":\"https:\/\/www.africa-press.net\/togo\/politique\/togo-david-dosseh-presente-son-prix-a-lambassadeur-fitzsimmons#article\",\"isPartOf\":{\"@id\":\"https:\/\/www.africa-press.net\/togo\/politique\/togo-david-dosseh-presente-son-prix-a-lambassadeur-fitzsimmons\"},\"author\":{\"name\":\"cfeditorfr\",\"@id\":\"https:\/\/www.africa-press.net\/togo\/#\/schema\/person\/2b1cf3cd81a31e3cd26889ca66d677f1\"},\"headline\":\"Togo-David Dosseh pr\u00e9sente son Prix \u00e0 l\u2019Ambassadeur Fitzsimmons\",\"datePublished\":\"2023-02-28T12:20:59+00:00\",\"dateModified\":\"2023-02-28T13:11:08+00:00\",\"mainEntityOfPage\":{\"@id\":\"https:\/\/www.africa-press.net\/togo\/politique\/togo-david-dosseh-presente-son-prix-a-lambassadeur-fitzsimmons\"},\"wordCount\":254,\"commentCount\":0,\"image\":{\"@id\":\"https:\/\/www.africa-press.net\/togo\/politique\/togo-david-dosseh-presente-son-prix-a-lambassadeur-fitzsimmons#primaryimage\"},\"thumbnailUrl\":\"https:\/\/static.africa-press.net\/togo\/sites\/58\/2023\/02\/postQueueImg_1677574262.44.jpg\",\"keywords\":[\"Africa Press\",\"Africa Press-Togo\",\"Togo\"],\"articleSection\":[\"Politique\",\"Toutes les actualit\u00e9s\"],\"inLanguage\":\"fr-FR\",\"potentialAction\":[{\"@type\":\"CommentAction\",\"name\":\"Comment\",\"target\":[\"https:\/\/www.africa-press.net\/togo\/politique\/togo-david-dosseh-presente-son-prix-a-lambassadeur-fitzsimmons#respond\"]}]},{\"@type\":\"WebPage\",\"@id\":\"https:\/\/www.africa-press.net\/togo\/politique\/togo-david-dosseh-presente-son-prix-a-lambassadeur-fitzsimmons\",\"url\":\"https:\/\/www.africa-press.net\/togo\/politique\/togo-david-dosseh-presente-son-prix-a-lambassadeur-fitzsimmons\",\"name\":\"Togo-David Dosseh pr\u00e9sente son Prix \u00e0 l\u2019Ambassadeur Fitzsimmons - Togo\",\"isPartOf\":{\"@id\":\"https:\/\/www.africa-press.net\/togo\/#website\"},\"primaryImageOfPage\":{\"@id\":\"https:\/\/www.africa-press.net\/togo\/politique\/togo-david-dosseh-presente-son-prix-a-lambassadeur-fitzsimmons#primaryimage\"},\"image\":{\"@id\":\"https:\/\/www.africa-press.net\/togo\/politique\/togo-david-dosseh-presente-son-prix-a-lambassadeur-fitzsimmons#primaryimage\"},\"thumbnailUrl\":\"https:\/\/static.africa-press.net\/togo\/sites\/58\/2023\/02\/postQueueImg_1677574262.44.jpg\",\"datePublished\":\"2023-02-28T12:20:59+00:00\",\"dateModified\":\"2023-02-28T13:11:08+00:00\",\"author\":{\"@id\":\"https:\/\/www.africa-press.net\/togo\/#\/schema\/person\/2b1cf3cd81a31e3cd26889ca66d677f1\"},\"description\":\"Professeur David Dosseh a pre\u0301sente\u0301 son Prix des de\u0301fenseurs des droits de l\u2019Homme 2023 du De\u0301partement d\u2019E\u0301tat Ame\u0301 ...\",\"breadcrumb\":{\"@id\":\"https:\/\/www.africa-press.net\/togo\/politique\/togo-david-dosseh-presente-son-prix-a-lambassadeur-fitzsimmons#breadcrumb\"},\"inLanguage\":\"fr-FR\",\"potentialAction\":[{\"@type\":\"ReadAction\",\"target\":[\"https:\/\/www.africa-press.net\/togo\/politique\/togo-david-dosseh-presente-son-prix-a-lambassadeur-fitzsimmons\"]}]},{\"@type\":\"ImageObject\",\"inLanguage\":\"fr-FR\",\"@id\":\"https:\/\/www.africa-press.net\/togo\/politique\/togo-david-dosseh-presente-son-prix-a-lambassadeur-fitzsimmons#primaryimage\",\"url\":\"https:\/\/static.africa-press.net\/togo\/sites\/58\/2023\/02\/postQueueImg_1677574262.44.jpg\",\"contentUrl\":\"https:\/\/static.africa-press.net\/togo\/sites\/58\/2023\/02\/postQueueImg_1677574262.44.jpg\",\"width\":1303,\"height\":993,\"caption\":\"Togo-David Dosseh pr\u00e9sente son Prix \u00e0 l\u2019Ambassadeur Fitzsimmons\"},{\"@type\":\"BreadcrumbList\",\"@id\":\"https:\/\/www.africa-press.net\/togo\/politique\/togo-david-dosseh-presente-son-prix-a-lambassadeur-fitzsimmons#breadcrumb\",\"itemListElement\":[{\"@type\":\"ListItem\",\"position\":1,\"name\":\"Accueil\",\"item\":\"https:\/\/www.africa-press.net\/togo\/\"},{\"@type\":\"ListItem\",\"position\":2,\"name\":\"Togo-David Dosseh pr\u00e9sente son Prix \u00e0 l\u2019Ambassadeur Fitzsimmons\"}]},{\"@type\":\"WebSite\",\"@id\":\"https:\/\/www.africa-press.net\/togo\/#website\",\"url\":\"https:\/\/www.africa-press.net\/togo\/\",\"name\":\"Togo\",\"description\":\"Just another Africa News Agency Sites site\",\"potentialAction\":[{\"@type\":\"SearchAction\",\"target\":{\"@type\":\"EntryPoint\",\"urlTemplate\":\"https:\/\/www.africa-press.net\/togo\/?s={search_term_string}\"},\"query-input\":{\"@type\":\"PropertyValueSpecification\",\"valueRequired\":true,\"valueName\":\"search_term_string\"}}],\"inLanguage\":\"fr-FR\"},{\"@type\":\"Person\",\"@id\":\"https:\/\/www.africa-press.net\/togo\/#\/schema\/person\/2b1cf3cd81a31e3cd26889ca66d677f1\",\"name\":\"cfeditorfr\"}]}<\/script>\n<!-- \/ Yoast SEO Premium plugin. -->","yoast_head_json":{"title":"Togo-David Dosseh pr\u00e9sente son Prix \u00e0 l\u2019Ambassadeur Fitzsimmons - Togo","description":"Professeur David Dosseh a pre\u0301sente\u0301 son Prix des de\u0301fenseurs des droits de l\u2019Homme 2023 du De\u0301partement d\u2019E\u0301tat Ame\u0301 ...","robots":{"index":"index","follow":"follow","max-snippet":"max-snippet:-1","max-image-preview":"max-image-preview:large","max-video-preview":"max-video-preview:-1"},"canonical":"https:\/\/www.africa-press.net\/togo\/politique\/togo-david-dosseh-presente-son-prix-a-lambassadeur-fitzsimmons","og_locale":"fr_FR","og_type":"article","og_title":"Togo-David Dosseh pr\u00e9sente son Prix \u00e0 l\u2019Ambassadeur Fitzsimmons","og_description":"Professeur David Dosseh a pre\u0301sente\u0301 son Prix des de\u0301fenseurs des droits de l\u2019Homme 2023 du De\u0301partement d\u2019E\u0301tat Ame\u0301 ...","og_url":"https:\/\/www.africa-press.net\/togo\/politique\/togo-david-dosseh-presente-son-prix-a-lambassadeur-fitzsimmons","og_site_name":"Togo","article_published_time":"2023-02-28T12:20:59+00:00","article_modified_time":"2023-02-28T13:11:08+00:00","og_image":[{"width":1303,"height":993,"url":"https:\/\/static.africa-press.net\/togo\/sites\/58\/2023\/02\/postQueueImg_1677574262.44.jpg","type":"image\/jpeg"}],"author":"cfeditorfr","twitter_card":"summary_large_image","twitter_misc":{"\u00c9crit par":"cfeditorfr","Dur\u00e9e de lecture estim\u00e9e":"1 minute"},"schema":{"@context":"https:\/\/schema.org","@graph":[{"@type":"Article","@id":"https:\/\/www.africa-press.net\/togo\/politique\/togo-david-dosseh-presente-son-prix-a-lambassadeur-fitzsimmons#article","isPartOf":{"@id":"https:\/\/www.africa-press.net\/togo\/politique\/togo-david-dosseh-presente-son-prix-a-lambassadeur-fitzsimmons"},"author":{"name":"cfeditorfr","@id":"https:\/\/www.africa-press.net\/togo\/#\/schema\/person\/2b1cf3cd81a31e3cd26889ca66d677f1"},"headline":"Togo-David Dosseh pr\u00e9sente son Prix \u00e0 l\u2019Ambassadeur Fitzsimmons","datePublished":"2023-02-28T12:20:59+00:00","dateModified":"2023-02-28T13:11:08+00:00","mainEntityOfPage":{"@id":"https:\/\/www.africa-press.net\/togo\/politique\/togo-david-dosseh-presente-son-prix-a-lambassadeur-fitzsimmons"},"wordCount":254,"commentCount":0,"image":{"@id":"https:\/\/www.africa-press.net\/togo\/politique\/togo-david-dosseh-presente-son-prix-a-lambassadeur-fitzsimmons#primaryimage"},"thumbnailUrl":"https:\/\/static.africa-press.net\/togo\/sites\/58\/2023\/02\/postQueueImg_1677574262.44.jpg","keywords":["Africa Press","Africa Press-Togo","Togo"],"articleSection":["Politique","Toutes les actualit\u00e9s"],"inLanguage":"fr-FR","potentialAction":[{"@type":"CommentAction","name":"Comment","target":["https:\/\/www.africa-press.net\/togo\/politique\/togo-david-dosseh-presente-son-prix-a-lambassadeur-fitzsimmons#respond"]}]},{"@type":"WebPage","@id":"https:\/\/www.africa-press.net\/togo\/politique\/togo-david-dosseh-presente-son-prix-a-lambassadeur-fitzsimmons","url":"https:\/\/www.africa-press.net\/togo\/politique\/togo-david-dosseh-presente-son-prix-a-lambassadeur-fitzsimmons","name":"Togo-David Dosseh pr\u00e9sente son Prix \u00e0 l\u2019Ambassadeur Fitzsimmons - Togo","isPartOf":{"@id":"https:\/\/www.africa-press.net\/togo\/#website"},"primaryImageOfPage":{"@id":"https:\/\/www.africa-press.net\/togo\/politique\/togo-david-dosseh-presente-son-prix-a-lambassadeur-fitzsimmons#primaryimage"},"image":{"@id":"https:\/\/www.africa-press.net\/togo\/politique\/togo-david-dosseh-presente-son-prix-a-lambassadeur-fitzsimmons#primaryimage"},"thumbnailUrl":"https:\/\/static.africa-press.net\/togo\/sites\/58\/2023\/02\/postQueueImg_1677574262.44.jpg","datePublished":"2023-02-28T12:20:59+00:00","dateModified":"2023-02-28T13:11:08+00:00","author":{"@id":"https:\/\/www.africa-press.net\/togo\/#\/schema\/person\/2b1cf3cd81a31e3cd26889ca66d677f1"},"description":"Professeur David Dosseh a pre\u0301sente\u0301 son Prix des de\u0301fenseurs des droits de l\u2019Homme 2023 du De\u0301partement d\u2019E\u0301tat Ame\u0301 ...","breadcrumb":{"@id":"https:\/\/www.africa-press.net\/togo\/politique\/togo-david-dosseh-presente-son-prix-a-lambassadeur-fitzsimmons#breadcrumb"},"inLanguage":"fr-FR","potentialAction":[{"@type":"ReadAction","target":["https:\/\/www.africa-press.net\/togo\/politique\/togo-david-dosseh-presente-son-prix-a-lambassadeur-fitzsimmons"]}]},{"@type":"ImageObject","inLanguage":"fr-FR","@id":"https:\/\/www.africa-press.net\/togo\/politique\/togo-david-dosseh-presente-son-prix-a-lambassadeur-fitzsimmons#primaryimage","url":"https:\/\/static.africa-press.net\/togo\/sites\/58\/2023\/02\/postQueueImg_1677574262.44.jpg","contentUrl":"https:\/\/static.africa-press.net\/togo\/sites\/58\/2023\/02\/postQueueImg_1677574262.44.jpg","width":1303,"height":993,"caption":"Togo-David Dosseh pr\u00e9sente son Prix \u00e0 l\u2019Ambassadeur Fitzsimmons"},{"@type":"BreadcrumbList","@id":"https:\/\/www.africa-press.net\/togo\/politique\/togo-david-dosseh-presente-son-prix-a-lambassadeur-fitzsimmons#breadcrumb","itemListElement":[{"@type":"ListItem","position":1,"name":"Accueil","item":"https:\/\/www.africa-press.net\/togo\/"},{"@type":"ListItem","position":2,"name":"Togo-David Dosseh pr\u00e9sente son Prix \u00e0 l\u2019Ambassadeur Fitzsimmons"}]},{"@type":"WebSite","@id":"https:\/\/www.africa-press.net\/togo\/#website","url":"https:\/\/www.africa-press.net\/togo\/","name":"Togo","description":"Just another Africa News Agency Sites site","potentialAction":[{"@type":"SearchAction","target":{"@type":"EntryPoint","urlTemplate":"https:\/\/www.africa-press.net\/togo\/?s={search_term_string}"},"query-input":{"@type":"PropertyValueSpecification","valueRequired":true,"valueName":"search_term_string"}}],"inLanguage":"fr-FR"},{"@type":"Person","@id":"https:\/\/www.africa-press.net\/togo\/#\/schema\/person\/2b1cf3cd81a31e3cd26889ca66d677f1","name":"cfeditorfr"}]}},"_links":{"self":[{"href":"https:\/\/www.africa-press.net\/togo\/wp-json\/wp\/v2\/posts\/17911","targetHints":{"allow":["GET"]}}],"collection":[{"href":"https:\/\/www.africa-press.net\/togo\/wp-json\/wp\/v2\/posts"}],"about":[{"href":"https:\/\/www.africa-press.net\/togo\/wp-json\/wp\/v2\/types\/post"}],"author":[{"embeddable":true,"href":"https:\/\/www.africa-press.net\/togo\/wp-json\/wp\/v2\/users\/82"}],"replies":[{"embeddable":true,"href":"https:\/\/www.africa-press.net\/togo\/wp-json\/wp\/v2\/comments?post=17911"}],"version-history":[{"count":0,"href":"https:\/\/www.africa-press.net\/togo\/wp-json\/wp\/v2\/posts\/17911\/revisions"}],"wp:featuredmedia":[{"embeddable":true,"href":"https:\/\/www.africa-press.net\/togo\/wp-json\/wp\/v2\/media\/17910"}],"wp:attachment":[{"href":"https:\/\/www.africa-press.net\/togo\/wp-json\/wp\/v2\/media?parent=17911"}],"wp:term":[{"taxonomy":"category","embeddable":true,"href":"https:\/\/www.africa-press.net\/togo\/wp-json\/wp\/v2\/categories?post=17911"},{"taxonomy":"post_tag","embeddable":true,"href":"https:\/\/www.africa-press.net\/togo\/wp-json\/wp\/v2\/tags?post=17911"}],"curies":[{"name":"wp","href":"https:\/\/api.w.org\/{rel}","templated":true}]}}