{"id":17925,"date":"2023-02-28T12:20:42","date_gmt":"2023-02-28T12:20:42","guid":{"rendered":"https:\/\/www.africa-press.net\/togo\/politique\/togo-ouatchisation-du-car-un-debat-qui-nen-finit-pas"},"modified":"2023-02-28T13:18:07","modified_gmt":"2023-02-28T13:18:07","slug":"togo-ouatchisation-du-car-un-debat-qui-nen-finit-pas","status":"publish","type":"post","link":"https:\/\/www.africa-press.net\/togo\/dossiers\/togo-ouatchisation-du-car-un-debat-qui-nen-finit-pas","title":{"rendered":"Togo-\u00ab Ouatchisation \u00bb du CAR, un d\u00e9bat qui n\u2019en finit pas"},"content":{"rendered":"<p><span style=\"color: #ff6600\"><strong>Africa-Press &#8211; Togo. <\/strong><\/span><b>Alors que beaucoup de militants du Comite\u0301 d\u2019action pour le renouveau (CAR) ont cru que la \u00ab ouatchisation \u00bb de la direction de leur parti est une histoire ancienne, Jean Kissi en rajoute aux pole\u0301miques.<\/b><\/p>\n<p>Il n\u2019est pas question pour l\u2019auteur de ces lignes de surfer sur le tribalisme, un mode d\u2019organisation sociale base\u0301e sur la tribu ou sur le sentiment d\u2019appartenance, a\u0300 un lieu, a\u0300 un groupe comme fondement essentiel de la vie sociale. Ce qui est tre\u0300s dangereux pour le vivre-ensemble.<\/p>\n<p><b>\u00ab Ouatchisation \u00bb<\/b><\/p>\n<p>L\u2019e\u0301quivoque e\u0301tant leve\u0301e, certains militants constatent tout de me\u0302me que depuis la cre\u0301ation du CAR au de\u0301but des anne\u0301es 90, il est toujours dirige\u0301 par un pre\u0301sident e\u0301lu issu du groupe \u00ab ouatchi \u00bb. En effet, pendant presque deux de\u0301cennies, le parti a e\u0301te\u0301 incarne\u0301 par feu Me Yawovi Agboyibo. Pour des raisons connues seulement de quelques initie\u0301s, la pre\u0301sidence fut ce\u0301de\u0301e a\u0300 Me Paul Diodji Apevon a\u0300 l\u2019issue d\u2019un congre\u0300s e\u0301lectif de 2008.<\/p>\n<p>Une dizaine d\u2019anne\u0301es plus tard, le \u00ab Be\u0301lier noir \u00bb, lui arrache le poste de pre\u0301sident qu\u2019il assume jusqu\u2019a\u0300 sa mort 30 mai 2020, a\u0300 Clichy en terre franc\u0327aise. Depuis lors, l\u2019inte\u0301rim est assure\u0301 par le vice-pre\u0301sident Yendouban Kolani.<\/p>\n<p>Entre-temps, le de\u0301bat est souleve\u0301 par certains militants voire des cadres, notamment Togbui Dagban-Ayivon IV. Ces derniers se demandent pourquoi leur parti est toujours pre\u0301side\u0301 par des cadres \u00ab Ouatchi \u00bb alors qu\u2019il y a d\u2019autres personnes compe\u0301tentes capables d\u2019apporter leur expe\u0301rience et ve\u0301cu pour un renouveau, mais n\u2019appartenant pas a\u0300 ce groupe. En interne, le sujet, dit-on, a e\u0301te\u0301 aborde\u0301. Sans plus de pre\u0301cision.<\/p>\n<p><b>Sortie de Jean Kissi<\/b><\/p>\n<p>Sur une radio prive\u0301e de la place, la question lie\u0301e a\u0300 la \u00ab ouatchisation \u00bb du CAR a e\u0301te\u0301 pose\u0301e au Secre\u0301taire ge\u0301ne\u0301ral du parti. Et sa re\u0301ponse en rajoute aux pole\u0301miques. Non seulement il se me\u0301lange les pinceaux, mais donne e\u0301galement l\u2019impression de n\u2019e\u0302tre pas en mesure de faire la diffe\u0301rence entre le groupe Ewe\u0301 et le groupe ouatchi.<\/p>\n<p>Les Ewe\u0301 sont une population ouest africaine vivant principalement au sud du Togo, au Be\u0301nin, entre autres. Les Ouatchi font donc partie des Ewe\u0301 comme les Be\u0300, les Aflao etc. En clair, les Ouatchi ne signifient automatiquement pas Ewe\u0301. C\u2019est dire que les explications de Jean Kissi n\u2019ont rien a\u0300 avoir avec la question qui lui a e\u0301te\u0301 pose\u0301e. Il dit, en outre, que depuis trois ans, Yendouban Kolani (un Moba) pre\u0301side le CAR. C\u2019est vrai, mais il oublie volontairement de mentionner qu\u2019il n\u2019a jamais e\u0301lu a\u0300 ce poste et qu\u2019il ne l\u2019assume qu\u2019a\u0300 titre inte\u0301rimaire.<\/p>\n<p>Une telle invention me\u0301diatique n\u2019aurait-elle pas pour but de pre\u0301parer l\u2019opinion pour ce que certains murmurent dans des milieux politiques proches de la formation politique se re\u0301clamant de l\u2019opposition ?<\/p>\n<p><b>Quatre candidats dans le starting-block ?<\/b><\/p>\n<p>C\u2019est un secret de Polichinelle de dire que Yendouban Kolani, l\u2019actuel pre\u0301sident inte\u0301rimaire ambitionne de succe\u0301der a\u0300 feu mai\u0302tre Yawovi Agboyibo. Selon nos informations, il a, entre-temps, entrepris une tourne\u0301e dans la zone septentrionale du pays pour une ope\u0301ration de charme. Depuis lors, il serait convaincu qu\u2019il a toutes les chances de son co\u0302te\u0301 pour e\u0302tre e\u0301lu au moment opportun.<\/p>\n<p>Il aurait la\u0302che\u0301 que pour l\u2019heure qu\u2019ils sont quatre candidats : lui-me\u0302me d\u2019abord, ensuite Yao Date\u0300, Jean Kissi et Nador Awuku.<\/p>\n<p>Dans un article, intitule\u0301 \u00ab Le CAR pris en otage \u00bb qu\u2019Icilome a publie\u0301 le 6 mars 2022, on peut y lire que \u00ab Le quartette qui tient le parti a\u0300 la couleur rouge, notamment Yendouban Kolani, Nicolas Agbo, Yao Date\u0301 et Jean Kissi, a-t-il le bon profil ? \u00ab En l\u2019e\u0301tat actuel non. Ils sont tous lie\u0301s au pouvoir en place. Ils ne peuvent pas avoir cette inde\u0301pendance de paroles et d\u2019actions \u00bb, re\u0301pond a\u0300 icilome un cadre du parti ayant requis l\u2019anonymat \u00bb.<\/p>\n<p>\u00ab En effet, le premier, malade, est gare\u0301 au ministe\u0300re de l\u2019Education. Le deuxie\u0300me travaille au de\u0301partement en charge de l\u2019Enseignement technique. Le troisie\u0300me est un employe\u0301 d\u2019une socie\u0301te\u0301 prive\u0301e appartenant a\u0300 un membre du gouvernement. Le quatrie\u0300me e\u0301marge au ministe\u0300re de la Fonction publique. \u00ab Ils sont tous sous ordre. Ils ne peuvent pas diriger un parti politique comme le CAR \u00bb, poursuit l\u2019auteur du papier.<\/p>\n<p>Du de\u0301but mars 2022 a\u0300 aujourd\u2019hui, les lignes n\u2019ont pas bouge\u0301. Le plus curieux reste qu\u2019on ne trouve nulle part Togbui Dagban-Ayivon IV, lui qui est conside\u0301re\u0301, dit-on, comme un trouble-fe\u0302te. Sera-t-il candidat ? Ou a-t-il e\u0301te\u0301 contraint de freiner son ambition ?<\/p>\n<p><b>Le congre\u0300s pourra-t-il se tenir mi-avril prochain ?<\/b><\/p>\n<p>Officiellement, l\u2019assemble\u0301e ge\u0301ne\u0301rale extraordinaire e\u0301lective aura lieu les 14 et 15 avril prochains. Les pre\u0301paratifs ont commence\u0301. Ils avancent \u00ab normalement \u00bb nous a souffle\u0301 un militant proche de ceux qui sont accuse\u0301s d\u2019avoir en otage le parti.<\/p>\n<p>Sauf que dans les faits, les choses ne se passeraient pas comme certains le souhaitent. Jusqu\u2019aujourd\u2019hui, aucun consensus ne se de\u0301gage. En re\u0301alite\u0301, ce n\u2019est pas la base qui e\u0301lit le premier responsable du parti. \u00ab Travaille\u0301s \u00bb a\u0300 la veille du congre\u0300s, les pre\u0301sidents de fe\u0301de\u0301rations donnent le jour J leur onction a\u0300 la personnalite\u0301 (de consensus) qui leur est pre\u0301sente\u0301e.<\/p>\n<p>Bien que le temps presse, beaucoup de cadres ne s\u2019en rendent pas compte. Si les uns et les autres ne changent pas de posture, tout porte a\u0300 croire qu\u2019on ne connai\u0302tra pas le successeur du \u00ab Be\u0301lier noir \u00bb au soir du 15 avril 2023. Et ce n\u2019est pas ce ve\u0301he\u0301ment cadre du CAR, e\u0301galement membres du Cercle des amis de Faure qui s\u2019en mordra le doigt.<\/p>\n<p><strong>Pour plus d&rsquo;informations et d&rsquo;analyses sur la <a href=\"https:\/\/www.africa-press.net\/togo\">Togo<\/a>, suivez <a href=\"https:\/\/www.africa-press.net\/\">Africa-Press<\/a><\/strong><\/p>\n","protected":false},"excerpt":{"rendered":"<p>Africa-Press &#8211; Togo. Alors que beaucoup de militants du Comite\u0301 d\u2019action pour le renouveau (CAR) ont cru que la \u00ab ouatchisation \u00bb de la direction de leur parti est une histoire ancienne, Jean Kissi en rajoute aux pole\u0301miques. Il n\u2019est pas question pour l\u2019auteur de ces lignes de surfer sur le tribalisme, un mode d\u2019organisation [&hellip;]<\/p>\n","protected":false},"author":82,"featured_media":17924,"comment_status":"open","ping_status":"closed","sticky":false,"template":"","format":"standard","meta":{"footnotes":""},"categories":[7,10],"tags":[36,49,50],"class_list":["post-17925","post","type-post","status-publish","format-standard","has-post-thumbnail","hentry","category-dossiers","category-toutes-les-actualites","tag-africa-press","tag-africa-press-togo","tag-togo"],"yoast_head":"<!-- This site is optimized with the Yoast SEO Premium plugin v26.1 (Yoast SEO v27.0) - https:\/\/yoast.com\/product\/yoast-seo-premium-wordpress\/ -->\n<title>Togo-\u00ab Ouatchisation \u00bb du CAR, un d\u00e9bat qui n\u2019en finit pas - Togo<\/title>\n<meta name=\"description\" content=\"Alors que beaucoup de militants du Comite\u0301 d\u2019action pour le renouveau (CAR) ont cru que la \u00ab ouatchisation \u00bb de la di ...\" \/>\n<meta name=\"robots\" content=\"index, follow, max-snippet:-1, max-image-preview:large, max-video-preview:-1\" \/>\n<link rel=\"canonical\" href=\"https:\/\/www.africa-press.net\/togo\/dossiers\/togo-ouatchisation-du-car-un-debat-qui-nen-finit-pas\" \/>\n<meta property=\"og:locale\" content=\"fr_FR\" \/>\n<meta property=\"og:type\" content=\"article\" \/>\n<meta property=\"og:title\" content=\"Togo-\u00ab Ouatchisation \u00bb du CAR, un d\u00e9bat qui n\u2019en finit pas\" \/>\n<meta property=\"og:description\" content=\"Alors que beaucoup de militants du Comite\u0301 d\u2019action pour le renouveau (CAR) ont cru que la \u00ab ouatchisation \u00bb de la di ...\" \/>\n<meta property=\"og:url\" content=\"https:\/\/www.africa-press.net\/togo\/dossiers\/togo-ouatchisation-du-car-un-debat-qui-nen-finit-pas\" \/>\n<meta property=\"og:site_name\" content=\"Togo\" \/>\n<meta property=\"article:published_time\" content=\"2023-02-28T12:20:42+00:00\" \/>\n<meta property=\"article:modified_time\" content=\"2023-02-28T13:18:07+00:00\" \/>\n<meta property=\"og:image\" content=\"https:\/\/static.africa-press.net\/togo\/sites\/58\/2023\/02\/postQueueImg_1677575866.55.jpg\" \/>\n\t<meta property=\"og:image:width\" content=\"1280\" \/>\n\t<meta property=\"og:image:height\" content=\"800\" \/>\n\t<meta property=\"og:image:type\" content=\"image\/jpeg\" \/>\n<meta name=\"author\" content=\"cfeditorfr\" \/>\n<meta name=\"twitter:card\" content=\"summary_large_image\" \/>\n<meta name=\"twitter:label1\" content=\"\u00c9crit par\" \/>\n\t<meta name=\"twitter:data1\" content=\"cfeditorfr\" \/>\n\t<meta name=\"twitter:label2\" content=\"Dur\u00e9e de lecture estim\u00e9e\" \/>\n\t<meta name=\"twitter:data2\" content=\"5 minutes\" \/>\n<script type=\"application\/ld+json\" class=\"yoast-schema-graph\">{\"@context\":\"https:\/\/schema.org\",\"@graph\":[{\"@type\":\"Article\",\"@id\":\"https:\/\/www.africa-press.net\/togo\/dossiers\/togo-ouatchisation-du-car-un-debat-qui-nen-finit-pas#article\",\"isPartOf\":{\"@id\":\"https:\/\/www.africa-press.net\/togo\/dossiers\/togo-ouatchisation-du-car-un-debat-qui-nen-finit-pas\"},\"author\":{\"name\":\"cfeditorfr\",\"@id\":\"https:\/\/www.africa-press.net\/togo\/#\/schema\/person\/2b1cf3cd81a31e3cd26889ca66d677f1\"},\"headline\":\"Togo-\u00ab Ouatchisation \u00bb du CAR, un d\u00e9bat qui n\u2019en finit pas\",\"datePublished\":\"2023-02-28T12:20:42+00:00\",\"dateModified\":\"2023-02-28T13:18:07+00:00\",\"mainEntityOfPage\":{\"@id\":\"https:\/\/www.africa-press.net\/togo\/dossiers\/togo-ouatchisation-du-car-un-debat-qui-nen-finit-pas\"},\"wordCount\":1053,\"commentCount\":0,\"image\":{\"@id\":\"https:\/\/www.africa-press.net\/togo\/dossiers\/togo-ouatchisation-du-car-un-debat-qui-nen-finit-pas#primaryimage\"},\"thumbnailUrl\":\"https:\/\/static.africa-press.net\/togo\/sites\/58\/2023\/02\/postQueueImg_1677575866.55.jpg\",\"keywords\":[\"Africa Press\",\"Africa Press-Togo\",\"Togo\"],\"articleSection\":[\"Dossiers\",\"Toutes les actualit\u00e9s\"],\"inLanguage\":\"fr-FR\",\"potentialAction\":[{\"@type\":\"CommentAction\",\"name\":\"Comment\",\"target\":[\"https:\/\/www.africa-press.net\/togo\/dossiers\/togo-ouatchisation-du-car-un-debat-qui-nen-finit-pas#respond\"]}]},{\"@type\":\"WebPage\",\"@id\":\"https:\/\/www.africa-press.net\/togo\/dossiers\/togo-ouatchisation-du-car-un-debat-qui-nen-finit-pas\",\"url\":\"https:\/\/www.africa-press.net\/togo\/dossiers\/togo-ouatchisation-du-car-un-debat-qui-nen-finit-pas\",\"name\":\"Togo-\u00ab Ouatchisation \u00bb du CAR, un d\u00e9bat qui n\u2019en finit pas - Togo\",\"isPartOf\":{\"@id\":\"https:\/\/www.africa-press.net\/togo\/#website\"},\"primaryImageOfPage\":{\"@id\":\"https:\/\/www.africa-press.net\/togo\/dossiers\/togo-ouatchisation-du-car-un-debat-qui-nen-finit-pas#primaryimage\"},\"image\":{\"@id\":\"https:\/\/www.africa-press.net\/togo\/dossiers\/togo-ouatchisation-du-car-un-debat-qui-nen-finit-pas#primaryimage\"},\"thumbnailUrl\":\"https:\/\/static.africa-press.net\/togo\/sites\/58\/2023\/02\/postQueueImg_1677575866.55.jpg\",\"datePublished\":\"2023-02-28T12:20:42+00:00\",\"dateModified\":\"2023-02-28T13:18:07+00:00\",\"author\":{\"@id\":\"https:\/\/www.africa-press.net\/togo\/#\/schema\/person\/2b1cf3cd81a31e3cd26889ca66d677f1\"},\"description\":\"Alors que beaucoup de militants du Comite\u0301 d\u2019action pour le renouveau (CAR) ont cru que la \u00ab ouatchisation \u00bb de la di ...\",\"breadcrumb\":{\"@id\":\"https:\/\/www.africa-press.net\/togo\/dossiers\/togo-ouatchisation-du-car-un-debat-qui-nen-finit-pas#breadcrumb\"},\"inLanguage\":\"fr-FR\",\"potentialAction\":[{\"@type\":\"ReadAction\",\"target\":[\"https:\/\/www.africa-press.net\/togo\/dossiers\/togo-ouatchisation-du-car-un-debat-qui-nen-finit-pas\"]}]},{\"@type\":\"ImageObject\",\"inLanguage\":\"fr-FR\",\"@id\":\"https:\/\/www.africa-press.net\/togo\/dossiers\/togo-ouatchisation-du-car-un-debat-qui-nen-finit-pas#primaryimage\",\"url\":\"https:\/\/static.africa-press.net\/togo\/sites\/58\/2023\/02\/postQueueImg_1677575866.55.jpg\",\"contentUrl\":\"https:\/\/static.africa-press.net\/togo\/sites\/58\/2023\/02\/postQueueImg_1677575866.55.jpg\",\"width\":1280,\"height\":800,\"caption\":\"Togo-\u00ab Ouatchisation \u00bb du CAR, un d\u00e9bat qui n\u2019en finit pas\"},{\"@type\":\"BreadcrumbList\",\"@id\":\"https:\/\/www.africa-press.net\/togo\/dossiers\/togo-ouatchisation-du-car-un-debat-qui-nen-finit-pas#breadcrumb\",\"itemListElement\":[{\"@type\":\"ListItem\",\"position\":1,\"name\":\"Accueil\",\"item\":\"https:\/\/www.africa-press.net\/togo\/\"},{\"@type\":\"ListItem\",\"position\":2,\"name\":\"Togo-\u00ab Ouatchisation \u00bb du CAR, un d\u00e9bat qui n\u2019en finit pas\"}]},{\"@type\":\"WebSite\",\"@id\":\"https:\/\/www.africa-press.net\/togo\/#website\",\"url\":\"https:\/\/www.africa-press.net\/togo\/\",\"name\":\"Togo\",\"description\":\"Just another Africa News Agency Sites site\",\"potentialAction\":[{\"@type\":\"SearchAction\",\"target\":{\"@type\":\"EntryPoint\",\"urlTemplate\":\"https:\/\/www.africa-press.net\/togo\/?s={search_term_string}\"},\"query-input\":{\"@type\":\"PropertyValueSpecification\",\"valueRequired\":true,\"valueName\":\"search_term_string\"}}],\"inLanguage\":\"fr-FR\"},{\"@type\":\"Person\",\"@id\":\"https:\/\/www.africa-press.net\/togo\/#\/schema\/person\/2b1cf3cd81a31e3cd26889ca66d677f1\",\"name\":\"cfeditorfr\"}]}<\/script>\n<!-- \/ Yoast SEO Premium plugin. -->","yoast_head_json":{"title":"Togo-\u00ab Ouatchisation \u00bb du CAR, un d\u00e9bat qui n\u2019en finit pas - Togo","description":"Alors que beaucoup de militants du Comite\u0301 d\u2019action pour le renouveau (CAR) ont cru que la \u00ab ouatchisation \u00bb de la di ...","robots":{"index":"index","follow":"follow","max-snippet":"max-snippet:-1","max-image-preview":"max-image-preview:large","max-video-preview":"max-video-preview:-1"},"canonical":"https:\/\/www.africa-press.net\/togo\/dossiers\/togo-ouatchisation-du-car-un-debat-qui-nen-finit-pas","og_locale":"fr_FR","og_type":"article","og_title":"Togo-\u00ab Ouatchisation \u00bb du CAR, un d\u00e9bat qui n\u2019en finit pas","og_description":"Alors que beaucoup de militants du Comite\u0301 d\u2019action pour le renouveau (CAR) ont cru que la \u00ab ouatchisation \u00bb de la di ...","og_url":"https:\/\/www.africa-press.net\/togo\/dossiers\/togo-ouatchisation-du-car-un-debat-qui-nen-finit-pas","og_site_name":"Togo","article_published_time":"2023-02-28T12:20:42+00:00","article_modified_time":"2023-02-28T13:18:07+00:00","og_image":[{"width":1280,"height":800,"url":"https:\/\/static.africa-press.net\/togo\/sites\/58\/2023\/02\/postQueueImg_1677575866.55.jpg","type":"image\/jpeg"}],"author":"cfeditorfr","twitter_card":"summary_large_image","twitter_misc":{"\u00c9crit par":"cfeditorfr","Dur\u00e9e de lecture estim\u00e9e":"5 minutes"},"schema":{"@context":"https:\/\/schema.org","@graph":[{"@type":"Article","@id":"https:\/\/www.africa-press.net\/togo\/dossiers\/togo-ouatchisation-du-car-un-debat-qui-nen-finit-pas#article","isPartOf":{"@id":"https:\/\/www.africa-press.net\/togo\/dossiers\/togo-ouatchisation-du-car-un-debat-qui-nen-finit-pas"},"author":{"name":"cfeditorfr","@id":"https:\/\/www.africa-press.net\/togo\/#\/schema\/person\/2b1cf3cd81a31e3cd26889ca66d677f1"},"headline":"Togo-\u00ab Ouatchisation \u00bb du CAR, un d\u00e9bat qui n\u2019en finit pas","datePublished":"2023-02-28T12:20:42+00:00","dateModified":"2023-02-28T13:18:07+00:00","mainEntityOfPage":{"@id":"https:\/\/www.africa-press.net\/togo\/dossiers\/togo-ouatchisation-du-car-un-debat-qui-nen-finit-pas"},"wordCount":1053,"commentCount":0,"image":{"@id":"https:\/\/www.africa-press.net\/togo\/dossiers\/togo-ouatchisation-du-car-un-debat-qui-nen-finit-pas#primaryimage"},"thumbnailUrl":"https:\/\/static.africa-press.net\/togo\/sites\/58\/2023\/02\/postQueueImg_1677575866.55.jpg","keywords":["Africa Press","Africa Press-Togo","Togo"],"articleSection":["Dossiers","Toutes les actualit\u00e9s"],"inLanguage":"fr-FR","potentialAction":[{"@type":"CommentAction","name":"Comment","target":["https:\/\/www.africa-press.net\/togo\/dossiers\/togo-ouatchisation-du-car-un-debat-qui-nen-finit-pas#respond"]}]},{"@type":"WebPage","@id":"https:\/\/www.africa-press.net\/togo\/dossiers\/togo-ouatchisation-du-car-un-debat-qui-nen-finit-pas","url":"https:\/\/www.africa-press.net\/togo\/dossiers\/togo-ouatchisation-du-car-un-debat-qui-nen-finit-pas","name":"Togo-\u00ab Ouatchisation \u00bb du CAR, un d\u00e9bat qui n\u2019en finit pas - Togo","isPartOf":{"@id":"https:\/\/www.africa-press.net\/togo\/#website"},"primaryImageOfPage":{"@id":"https:\/\/www.africa-press.net\/togo\/dossiers\/togo-ouatchisation-du-car-un-debat-qui-nen-finit-pas#primaryimage"},"image":{"@id":"https:\/\/www.africa-press.net\/togo\/dossiers\/togo-ouatchisation-du-car-un-debat-qui-nen-finit-pas#primaryimage"},"thumbnailUrl":"https:\/\/static.africa-press.net\/togo\/sites\/58\/2023\/02\/postQueueImg_1677575866.55.jpg","datePublished":"2023-02-28T12:20:42+00:00","dateModified":"2023-02-28T13:18:07+00:00","author":{"@id":"https:\/\/www.africa-press.net\/togo\/#\/schema\/person\/2b1cf3cd81a31e3cd26889ca66d677f1"},"description":"Alors que beaucoup de militants du Comite\u0301 d\u2019action pour le renouveau (CAR) ont cru que la \u00ab ouatchisation \u00bb de la di ...","breadcrumb":{"@id":"https:\/\/www.africa-press.net\/togo\/dossiers\/togo-ouatchisation-du-car-un-debat-qui-nen-finit-pas#breadcrumb"},"inLanguage":"fr-FR","potentialAction":[{"@type":"ReadAction","target":["https:\/\/www.africa-press.net\/togo\/dossiers\/togo-ouatchisation-du-car-un-debat-qui-nen-finit-pas"]}]},{"@type":"ImageObject","inLanguage":"fr-FR","@id":"https:\/\/www.africa-press.net\/togo\/dossiers\/togo-ouatchisation-du-car-un-debat-qui-nen-finit-pas#primaryimage","url":"https:\/\/static.africa-press.net\/togo\/sites\/58\/2023\/02\/postQueueImg_1677575866.55.jpg","contentUrl":"https:\/\/static.africa-press.net\/togo\/sites\/58\/2023\/02\/postQueueImg_1677575866.55.jpg","width":1280,"height":800,"caption":"Togo-\u00ab Ouatchisation \u00bb du CAR, un d\u00e9bat qui n\u2019en finit pas"},{"@type":"BreadcrumbList","@id":"https:\/\/www.africa-press.net\/togo\/dossiers\/togo-ouatchisation-du-car-un-debat-qui-nen-finit-pas#breadcrumb","itemListElement":[{"@type":"ListItem","position":1,"name":"Accueil","item":"https:\/\/www.africa-press.net\/togo\/"},{"@type":"ListItem","position":2,"name":"Togo-\u00ab Ouatchisation \u00bb du CAR, un d\u00e9bat qui n\u2019en finit pas"}]},{"@type":"WebSite","@id":"https:\/\/www.africa-press.net\/togo\/#website","url":"https:\/\/www.africa-press.net\/togo\/","name":"Togo","description":"Just another Africa News Agency Sites site","potentialAction":[{"@type":"SearchAction","target":{"@type":"EntryPoint","urlTemplate":"https:\/\/www.africa-press.net\/togo\/?s={search_term_string}"},"query-input":{"@type":"PropertyValueSpecification","valueRequired":true,"valueName":"search_term_string"}}],"inLanguage":"fr-FR"},{"@type":"Person","@id":"https:\/\/www.africa-press.net\/togo\/#\/schema\/person\/2b1cf3cd81a31e3cd26889ca66d677f1","name":"cfeditorfr"}]}},"_links":{"self":[{"href":"https:\/\/www.africa-press.net\/togo\/wp-json\/wp\/v2\/posts\/17925","targetHints":{"allow":["GET"]}}],"collection":[{"href":"https:\/\/www.africa-press.net\/togo\/wp-json\/wp\/v2\/posts"}],"about":[{"href":"https:\/\/www.africa-press.net\/togo\/wp-json\/wp\/v2\/types\/post"}],"author":[{"embeddable":true,"href":"https:\/\/www.africa-press.net\/togo\/wp-json\/wp\/v2\/users\/82"}],"replies":[{"embeddable":true,"href":"https:\/\/www.africa-press.net\/togo\/wp-json\/wp\/v2\/comments?post=17925"}],"version-history":[{"count":0,"href":"https:\/\/www.africa-press.net\/togo\/wp-json\/wp\/v2\/posts\/17925\/revisions"}],"wp:featuredmedia":[{"embeddable":true,"href":"https:\/\/www.africa-press.net\/togo\/wp-json\/wp\/v2\/media\/17924"}],"wp:attachment":[{"href":"https:\/\/www.africa-press.net\/togo\/wp-json\/wp\/v2\/media?parent=17925"}],"wp:term":[{"taxonomy":"category","embeddable":true,"href":"https:\/\/www.africa-press.net\/togo\/wp-json\/wp\/v2\/categories?post=17925"},{"taxonomy":"post_tag","embeddable":true,"href":"https:\/\/www.africa-press.net\/togo\/wp-json\/wp\/v2\/tags?post=17925"}],"curies":[{"name":"wp","href":"https:\/\/api.w.org\/{rel}","templated":true}]}}