{"id":17944,"date":"2023-02-28T18:54:20","date_gmt":"2023-02-28T18:54:20","guid":{"rendered":"https:\/\/www.africa-press.net\/togo\/politique\/afrique-democratie-le-parent-pauvre-du-discours-de-macron"},"modified":"2023-02-28T19:35:50","modified_gmt":"2023-02-28T19:35:50","slug":"afrique-democratie-le-parent-pauvre-du-discours-de-macron","status":"publish","type":"post","link":"https:\/\/www.africa-press.net\/togo\/politique\/afrique-democratie-le-parent-pauvre-du-discours-de-macron","title":{"rendered":"Afrique\u2013D\u00e9mocratie, le parent pauvre du discours de Macron"},"content":{"rendered":"<p><span style=\"color: #ff6600\"><strong>Africa-Press &#8211; Togo. <\/strong><\/span><b>L\u2019actualite\u0301 franco africaine est marque\u0301e ce lundi 27 Fe\u0301vrier 2023 par le discours du Pre\u0301sident Emmanuel Macron sur les nouvelles orientations de la politique franc\u0327aise envers l\u2019Afrique. Dans son allocution, celui-ci a aborde\u0301 plusieurs sujets dont la coope\u0301ration militaire. Toutefois, les principes de\u0301mocratiques, autrefois fer de lance des occidentaux, semblent e\u0302tre rele\u0301gue\u0301s au second plan<\/b>.<\/p>\n<p>Dans un contexte ge\u0301opolitique marque\u0301 par un rejet de la pre\u0301sence militaire franc\u0327aise en Afrique, le Pre\u0301sident Macron a pris l\u2019initiative de faire un bilan de sa politique sur le continent et de de\u0301voiler ce que devront e\u0302tre les relations entre son pays et l\u2019Afrique. A cet exercice, le Chef de l\u2019Etat franc\u0327ais a reconnu a\u0300 demi-mot l\u2019e\u0301chec de plus en plus accumule\u0301 de la politique de son pays en Afrique.<\/p>\n<p>En toute intelligence politique, Emmanuel Macron a visiblement analyse\u0301, compris et retenu les parame\u0300tres de la politique africaine des nouvelles puissances e\u0301trange\u0300res, notamment la Russie et la Chine, qui re\u0301ussissent a\u0300 s\u2019installer en Afrique. Ces dernie\u0300res, en effet, ne se pre\u0301occupent gue\u0300re de la gouvernance politique des Etats dans lesquels elles s\u2019installent. Elles n\u2019ont que cure des principes de\u0301mocratiques ; une position qui arrange certains pays francophones hostiles aux re\u0300gles e\u0301le\u0301mentaires de la bonne gestion des choses de la cite\u0301. La Chine et la Russie pre\u0301fe\u0300rent e\u0302tre des partenaires e\u0301conomiques et militaires de nombreux Etats africains.<\/p>\n<p>La France d\u2019Emmanuel Macron va vraisemblablement emboi\u0302ter le pas a\u0300 la Russie et a\u0300 la Chine puisque dans son discours, le pre\u0301sident franc\u0327ais est a\u0300 maintes reprises revenu sur la coope\u0301ration militaire. il a par ailleurs vivement recommande\u0301 aux entreprises franc\u0327aises de conside\u0301rer de\u0301sormais l\u2019Afrique comme une terre de compe\u0301tition en matie\u0300re e\u0301conomique et financie\u0300re.<\/p>\n<p>La pe\u0301riode ou\u0300 la coope\u0301ration et les entreprises franc\u0327aises e\u0301taient des instruments de pression sur les Etats juge\u0301s \u00ab non de\u0301mocratiques \u00bb semble donc e\u0302tre re\u0301volue.<\/p>\n<p><strong>Pour plus d&rsquo;informations et d&rsquo;analyses sur la <a href=\"https:\/\/www.africa-press.net\/togo\">Togo<\/a>, suivez <a href=\"https:\/\/www.africa-press.net\/\">Africa-Press<\/a><\/strong><\/p>\n","protected":false},"excerpt":{"rendered":"<p>Africa-Press &#8211; Togo. L\u2019actualite\u0301 franco africaine est marque\u0301e ce lundi 27 Fe\u0301vrier 2023 par le discours du Pre\u0301sident Emmanuel Macron sur les nouvelles orientations de la politique franc\u0327aise envers l\u2019Afrique. Dans son allocution, celui-ci a aborde\u0301 plusieurs sujets dont la coope\u0301ration militaire. Toutefois, les principes de\u0301mocratiques, autrefois fer de lance des occidentaux, semblent e\u0302tre rele\u0301gue\u0301s [&hellip;]<\/p>\n","protected":false},"author":82,"featured_media":17943,"comment_status":"open","ping_status":"closed","sticky":false,"template":"","format":"standard","meta":{"footnotes":""},"categories":[2,10],"tags":[36,49,50],"class_list":["post-17944","post","type-post","status-publish","format-standard","has-post-thumbnail","hentry","category-politique","category-toutes-les-actualites","tag-africa-press","tag-africa-press-togo","tag-togo"],"yoast_head":"<!-- This site is optimized with the Yoast SEO Premium plugin v26.1 (Yoast SEO v27.0) - https:\/\/yoast.com\/product\/yoast-seo-premium-wordpress\/ -->\n<title>Afrique\u2013D\u00e9mocratie, le parent pauvre du discours de Macron - Togo<\/title>\n<meta name=\"description\" content=\"L\u2019actualite\u0301 franco africaine est marque\u0301e ce lundi 27 Fe\u0301vrier 2023 par le discours du Pre\u0301sident Emmanuel Macron su ...\" \/>\n<meta name=\"robots\" content=\"index, follow, max-snippet:-1, max-image-preview:large, max-video-preview:-1\" \/>\n<link rel=\"canonical\" href=\"https:\/\/www.africa-press.net\/togo\/politique\/afrique-democratie-le-parent-pauvre-du-discours-de-macron\" \/>\n<meta property=\"og:locale\" content=\"fr_FR\" \/>\n<meta property=\"og:type\" content=\"article\" \/>\n<meta property=\"og:title\" content=\"Afrique\u2013D\u00e9mocratie, le parent pauvre du discours de Macron\" \/>\n<meta property=\"og:description\" content=\"L\u2019actualite\u0301 franco africaine est marque\u0301e ce lundi 27 Fe\u0301vrier 2023 par le discours du Pre\u0301sident Emmanuel Macron su ...\" \/>\n<meta property=\"og:url\" content=\"https:\/\/www.africa-press.net\/togo\/politique\/afrique-democratie-le-parent-pauvre-du-discours-de-macron\" \/>\n<meta property=\"og:site_name\" content=\"Togo\" \/>\n<meta property=\"article:published_time\" content=\"2023-02-28T18:54:20+00:00\" \/>\n<meta property=\"article:modified_time\" content=\"2023-02-28T19:35:50+00:00\" \/>\n<meta property=\"og:image\" content=\"https:\/\/static.africa-press.net\/togo\/sites\/58\/2023\/02\/postQueueImg_1677597870.17.jpg\" \/>\n\t<meta property=\"og:image:width\" content=\"1200\" \/>\n\t<meta property=\"og:image:height\" content=\"800\" \/>\n\t<meta property=\"og:image:type\" content=\"image\/jpeg\" \/>\n<meta name=\"author\" content=\"cfeditorfr\" \/>\n<meta name=\"twitter:card\" content=\"summary_large_image\" \/>\n<meta name=\"twitter:label1\" content=\"\u00c9crit par\" \/>\n\t<meta name=\"twitter:data1\" content=\"cfeditorfr\" \/>\n\t<meta name=\"twitter:label2\" content=\"Dur\u00e9e de lecture estim\u00e9e\" \/>\n\t<meta name=\"twitter:data2\" content=\"2 minutes\" \/>\n<script type=\"application\/ld+json\" class=\"yoast-schema-graph\">{\"@context\":\"https:\/\/schema.org\",\"@graph\":[{\"@type\":\"Article\",\"@id\":\"https:\/\/www.africa-press.net\/togo\/politique\/afrique-democratie-le-parent-pauvre-du-discours-de-macron#article\",\"isPartOf\":{\"@id\":\"https:\/\/www.africa-press.net\/togo\/politique\/afrique-democratie-le-parent-pauvre-du-discours-de-macron\"},\"author\":{\"name\":\"cfeditorfr\",\"@id\":\"https:\/\/www.africa-press.net\/togo\/#\/schema\/person\/2b1cf3cd81a31e3cd26889ca66d677f1\"},\"headline\":\"Afrique\u2013D\u00e9mocratie, le parent pauvre du discours de Macron\",\"datePublished\":\"2023-02-28T18:54:20+00:00\",\"dateModified\":\"2023-02-28T19:35:50+00:00\",\"mainEntityOfPage\":{\"@id\":\"https:\/\/www.africa-press.net\/togo\/politique\/afrique-democratie-le-parent-pauvre-du-discours-de-macron\"},\"wordCount\":385,\"commentCount\":0,\"image\":{\"@id\":\"https:\/\/www.africa-press.net\/togo\/politique\/afrique-democratie-le-parent-pauvre-du-discours-de-macron#primaryimage\"},\"thumbnailUrl\":\"https:\/\/static.africa-press.net\/togo\/sites\/58\/2023\/02\/postQueueImg_1677597870.17.jpg\",\"keywords\":[\"Africa Press\",\"Africa Press-Togo\",\"Togo\"],\"articleSection\":[\"Politique\",\"Toutes les actualit\u00e9s\"],\"inLanguage\":\"fr-FR\",\"potentialAction\":[{\"@type\":\"CommentAction\",\"name\":\"Comment\",\"target\":[\"https:\/\/www.africa-press.net\/togo\/politique\/afrique-democratie-le-parent-pauvre-du-discours-de-macron#respond\"]}]},{\"@type\":\"WebPage\",\"@id\":\"https:\/\/www.africa-press.net\/togo\/politique\/afrique-democratie-le-parent-pauvre-du-discours-de-macron\",\"url\":\"https:\/\/www.africa-press.net\/togo\/politique\/afrique-democratie-le-parent-pauvre-du-discours-de-macron\",\"name\":\"Afrique\u2013D\u00e9mocratie, le parent pauvre du discours de Macron - Togo\",\"isPartOf\":{\"@id\":\"https:\/\/www.africa-press.net\/togo\/#website\"},\"primaryImageOfPage\":{\"@id\":\"https:\/\/www.africa-press.net\/togo\/politique\/afrique-democratie-le-parent-pauvre-du-discours-de-macron#primaryimage\"},\"image\":{\"@id\":\"https:\/\/www.africa-press.net\/togo\/politique\/afrique-democratie-le-parent-pauvre-du-discours-de-macron#primaryimage\"},\"thumbnailUrl\":\"https:\/\/static.africa-press.net\/togo\/sites\/58\/2023\/02\/postQueueImg_1677597870.17.jpg\",\"datePublished\":\"2023-02-28T18:54:20+00:00\",\"dateModified\":\"2023-02-28T19:35:50+00:00\",\"author\":{\"@id\":\"https:\/\/www.africa-press.net\/togo\/#\/schema\/person\/2b1cf3cd81a31e3cd26889ca66d677f1\"},\"description\":\"L\u2019actualite\u0301 franco africaine est marque\u0301e ce lundi 27 Fe\u0301vrier 2023 par le discours du Pre\u0301sident Emmanuel Macron su ...\",\"breadcrumb\":{\"@id\":\"https:\/\/www.africa-press.net\/togo\/politique\/afrique-democratie-le-parent-pauvre-du-discours-de-macron#breadcrumb\"},\"inLanguage\":\"fr-FR\",\"potentialAction\":[{\"@type\":\"ReadAction\",\"target\":[\"https:\/\/www.africa-press.net\/togo\/politique\/afrique-democratie-le-parent-pauvre-du-discours-de-macron\"]}]},{\"@type\":\"ImageObject\",\"inLanguage\":\"fr-FR\",\"@id\":\"https:\/\/www.africa-press.net\/togo\/politique\/afrique-democratie-le-parent-pauvre-du-discours-de-macron#primaryimage\",\"url\":\"https:\/\/static.africa-press.net\/togo\/sites\/58\/2023\/02\/postQueueImg_1677597870.17.jpg\",\"contentUrl\":\"https:\/\/static.africa-press.net\/togo\/sites\/58\/2023\/02\/postQueueImg_1677597870.17.jpg\",\"width\":1200,\"height\":800,\"caption\":\"Afrique\u2013D\u00e9mocratie, le parent pauvre du discours de Macron\"},{\"@type\":\"BreadcrumbList\",\"@id\":\"https:\/\/www.africa-press.net\/togo\/politique\/afrique-democratie-le-parent-pauvre-du-discours-de-macron#breadcrumb\",\"itemListElement\":[{\"@type\":\"ListItem\",\"position\":1,\"name\":\"Accueil\",\"item\":\"https:\/\/www.africa-press.net\/togo\/\"},{\"@type\":\"ListItem\",\"position\":2,\"name\":\"Afrique\u2013D\u00e9mocratie, le parent pauvre du discours de Macron\"}]},{\"@type\":\"WebSite\",\"@id\":\"https:\/\/www.africa-press.net\/togo\/#website\",\"url\":\"https:\/\/www.africa-press.net\/togo\/\",\"name\":\"Togo\",\"description\":\"Just another Africa News Agency Sites site\",\"potentialAction\":[{\"@type\":\"SearchAction\",\"target\":{\"@type\":\"EntryPoint\",\"urlTemplate\":\"https:\/\/www.africa-press.net\/togo\/?s={search_term_string}\"},\"query-input\":{\"@type\":\"PropertyValueSpecification\",\"valueRequired\":true,\"valueName\":\"search_term_string\"}}],\"inLanguage\":\"fr-FR\"},{\"@type\":\"Person\",\"@id\":\"https:\/\/www.africa-press.net\/togo\/#\/schema\/person\/2b1cf3cd81a31e3cd26889ca66d677f1\",\"name\":\"cfeditorfr\"}]}<\/script>\n<!-- \/ Yoast SEO Premium plugin. -->","yoast_head_json":{"title":"Afrique\u2013D\u00e9mocratie, le parent pauvre du discours de Macron - Togo","description":"L\u2019actualite\u0301 franco africaine est marque\u0301e ce lundi 27 Fe\u0301vrier 2023 par le discours du Pre\u0301sident Emmanuel Macron su ...","robots":{"index":"index","follow":"follow","max-snippet":"max-snippet:-1","max-image-preview":"max-image-preview:large","max-video-preview":"max-video-preview:-1"},"canonical":"https:\/\/www.africa-press.net\/togo\/politique\/afrique-democratie-le-parent-pauvre-du-discours-de-macron","og_locale":"fr_FR","og_type":"article","og_title":"Afrique\u2013D\u00e9mocratie, le parent pauvre du discours de Macron","og_description":"L\u2019actualite\u0301 franco africaine est marque\u0301e ce lundi 27 Fe\u0301vrier 2023 par le discours du Pre\u0301sident Emmanuel Macron su ...","og_url":"https:\/\/www.africa-press.net\/togo\/politique\/afrique-democratie-le-parent-pauvre-du-discours-de-macron","og_site_name":"Togo","article_published_time":"2023-02-28T18:54:20+00:00","article_modified_time":"2023-02-28T19:35:50+00:00","og_image":[{"width":1200,"height":800,"url":"https:\/\/static.africa-press.net\/togo\/sites\/58\/2023\/02\/postQueueImg_1677597870.17.jpg","type":"image\/jpeg"}],"author":"cfeditorfr","twitter_card":"summary_large_image","twitter_misc":{"\u00c9crit par":"cfeditorfr","Dur\u00e9e de lecture estim\u00e9e":"2 minutes"},"schema":{"@context":"https:\/\/schema.org","@graph":[{"@type":"Article","@id":"https:\/\/www.africa-press.net\/togo\/politique\/afrique-democratie-le-parent-pauvre-du-discours-de-macron#article","isPartOf":{"@id":"https:\/\/www.africa-press.net\/togo\/politique\/afrique-democratie-le-parent-pauvre-du-discours-de-macron"},"author":{"name":"cfeditorfr","@id":"https:\/\/www.africa-press.net\/togo\/#\/schema\/person\/2b1cf3cd81a31e3cd26889ca66d677f1"},"headline":"Afrique\u2013D\u00e9mocratie, le parent pauvre du discours de Macron","datePublished":"2023-02-28T18:54:20+00:00","dateModified":"2023-02-28T19:35:50+00:00","mainEntityOfPage":{"@id":"https:\/\/www.africa-press.net\/togo\/politique\/afrique-democratie-le-parent-pauvre-du-discours-de-macron"},"wordCount":385,"commentCount":0,"image":{"@id":"https:\/\/www.africa-press.net\/togo\/politique\/afrique-democratie-le-parent-pauvre-du-discours-de-macron#primaryimage"},"thumbnailUrl":"https:\/\/static.africa-press.net\/togo\/sites\/58\/2023\/02\/postQueueImg_1677597870.17.jpg","keywords":["Africa Press","Africa Press-Togo","Togo"],"articleSection":["Politique","Toutes les actualit\u00e9s"],"inLanguage":"fr-FR","potentialAction":[{"@type":"CommentAction","name":"Comment","target":["https:\/\/www.africa-press.net\/togo\/politique\/afrique-democratie-le-parent-pauvre-du-discours-de-macron#respond"]}]},{"@type":"WebPage","@id":"https:\/\/www.africa-press.net\/togo\/politique\/afrique-democratie-le-parent-pauvre-du-discours-de-macron","url":"https:\/\/www.africa-press.net\/togo\/politique\/afrique-democratie-le-parent-pauvre-du-discours-de-macron","name":"Afrique\u2013D\u00e9mocratie, le parent pauvre du discours de Macron - Togo","isPartOf":{"@id":"https:\/\/www.africa-press.net\/togo\/#website"},"primaryImageOfPage":{"@id":"https:\/\/www.africa-press.net\/togo\/politique\/afrique-democratie-le-parent-pauvre-du-discours-de-macron#primaryimage"},"image":{"@id":"https:\/\/www.africa-press.net\/togo\/politique\/afrique-democratie-le-parent-pauvre-du-discours-de-macron#primaryimage"},"thumbnailUrl":"https:\/\/static.africa-press.net\/togo\/sites\/58\/2023\/02\/postQueueImg_1677597870.17.jpg","datePublished":"2023-02-28T18:54:20+00:00","dateModified":"2023-02-28T19:35:50+00:00","author":{"@id":"https:\/\/www.africa-press.net\/togo\/#\/schema\/person\/2b1cf3cd81a31e3cd26889ca66d677f1"},"description":"L\u2019actualite\u0301 franco africaine est marque\u0301e ce lundi 27 Fe\u0301vrier 2023 par le discours du Pre\u0301sident Emmanuel Macron su ...","breadcrumb":{"@id":"https:\/\/www.africa-press.net\/togo\/politique\/afrique-democratie-le-parent-pauvre-du-discours-de-macron#breadcrumb"},"inLanguage":"fr-FR","potentialAction":[{"@type":"ReadAction","target":["https:\/\/www.africa-press.net\/togo\/politique\/afrique-democratie-le-parent-pauvre-du-discours-de-macron"]}]},{"@type":"ImageObject","inLanguage":"fr-FR","@id":"https:\/\/www.africa-press.net\/togo\/politique\/afrique-democratie-le-parent-pauvre-du-discours-de-macron#primaryimage","url":"https:\/\/static.africa-press.net\/togo\/sites\/58\/2023\/02\/postQueueImg_1677597870.17.jpg","contentUrl":"https:\/\/static.africa-press.net\/togo\/sites\/58\/2023\/02\/postQueueImg_1677597870.17.jpg","width":1200,"height":800,"caption":"Afrique\u2013D\u00e9mocratie, le parent pauvre du discours de Macron"},{"@type":"BreadcrumbList","@id":"https:\/\/www.africa-press.net\/togo\/politique\/afrique-democratie-le-parent-pauvre-du-discours-de-macron#breadcrumb","itemListElement":[{"@type":"ListItem","position":1,"name":"Accueil","item":"https:\/\/www.africa-press.net\/togo\/"},{"@type":"ListItem","position":2,"name":"Afrique\u2013D\u00e9mocratie, le parent pauvre du discours de Macron"}]},{"@type":"WebSite","@id":"https:\/\/www.africa-press.net\/togo\/#website","url":"https:\/\/www.africa-press.net\/togo\/","name":"Togo","description":"Just another Africa News Agency Sites site","potentialAction":[{"@type":"SearchAction","target":{"@type":"EntryPoint","urlTemplate":"https:\/\/www.africa-press.net\/togo\/?s={search_term_string}"},"query-input":{"@type":"PropertyValueSpecification","valueRequired":true,"valueName":"search_term_string"}}],"inLanguage":"fr-FR"},{"@type":"Person","@id":"https:\/\/www.africa-press.net\/togo\/#\/schema\/person\/2b1cf3cd81a31e3cd26889ca66d677f1","name":"cfeditorfr"}]}},"_links":{"self":[{"href":"https:\/\/www.africa-press.net\/togo\/wp-json\/wp\/v2\/posts\/17944","targetHints":{"allow":["GET"]}}],"collection":[{"href":"https:\/\/www.africa-press.net\/togo\/wp-json\/wp\/v2\/posts"}],"about":[{"href":"https:\/\/www.africa-press.net\/togo\/wp-json\/wp\/v2\/types\/post"}],"author":[{"embeddable":true,"href":"https:\/\/www.africa-press.net\/togo\/wp-json\/wp\/v2\/users\/82"}],"replies":[{"embeddable":true,"href":"https:\/\/www.africa-press.net\/togo\/wp-json\/wp\/v2\/comments?post=17944"}],"version-history":[{"count":0,"href":"https:\/\/www.africa-press.net\/togo\/wp-json\/wp\/v2\/posts\/17944\/revisions"}],"wp:featuredmedia":[{"embeddable":true,"href":"https:\/\/www.africa-press.net\/togo\/wp-json\/wp\/v2\/media\/17943"}],"wp:attachment":[{"href":"https:\/\/www.africa-press.net\/togo\/wp-json\/wp\/v2\/media?parent=17944"}],"wp:term":[{"taxonomy":"category","embeddable":true,"href":"https:\/\/www.africa-press.net\/togo\/wp-json\/wp\/v2\/categories?post=17944"},{"taxonomy":"post_tag","embeddable":true,"href":"https:\/\/www.africa-press.net\/togo\/wp-json\/wp\/v2\/tags?post=17944"}],"curies":[{"name":"wp","href":"https:\/\/api.w.org\/{rel}","templated":true}]}}