{"id":17950,"date":"2023-02-28T18:55:28","date_gmt":"2023-02-28T18:55:28","guid":{"rendered":"https:\/\/www.africa-press.net\/togo\/politique\/togo-politique-les-fdr-appellent-a-une-remobilisation"},"modified":"2023-02-28T19:36:57","modified_gmt":"2023-02-28T19:36:57","slug":"togo-politique-les-fdr-appellent-a-une-remobilisation","status":"publish","type":"post","link":"https:\/\/www.africa-press.net\/togo\/politique\/togo-politique-les-fdr-appellent-a-une-remobilisation","title":{"rendered":"Togo\/Politique : Les FDR appellent \u00e0 une remobilisation"},"content":{"rendered":"<p><span style=\"color: #ff6600\"><strong>Africa-Press &#8211; Togo. <\/strong><\/span>Le parti politique les Forces De\u0301mocratiques pour la Re\u0301publique (FDR) ont effectue\u0301 leur rentre\u0301e politique, ce samedi 25 fe\u0301vrier 2023 au Centre des expositions et foires (CETEF) Togo 2000 a\u0300 Lome\u0301. Au cours de cette rentre\u0301e politique, le parti de Me Apevon Dodzi a appele\u0301 a\u0300 une remobilisation populaire pour l\u2019ave\u0300nement du changement voulu par le peuple depuis plusieurs de\u0301cennies.<\/p>\n<p>Plusieurs sujets sociopolitiques e\u0301taient a\u0300 l\u2019ordre du jour. Entre autres, le rapport d\u2019audit de la Cour des comptes sur la gestion du Fonds de riposte et de solidarite\u0301 contre la Covid-19 (FRSC), la pauvrete\u0301 ende\u0301mique, l\u2019extre\u0301misme violent et le black-out du gouvernement, les tribulations de l\u2019opposition, les joutes e\u0301lections en perspective.<\/p>\n<p>\u00ab Face au de\u0301sastre dans lequel les dirigeants plongent notre pays chaque jour, se remettre ensemble devient un besoin impe\u0301ratif auquel tout vrai acteur du changement ne peut se soustraire \u00bb, a de\u0301clare\u0301 Me Dodzi Apevon.<\/p>\n<p>\u00ab Au-dela\u0300 des partis politiques, tous les citoyens doivent fe\u0301de\u0301rer leurs e\u0301nergies pour sauver le Togo du naufrage. Je lance donc un appel solennel a\u0300 toutes les filles et a\u0300 tous les fils de notre che\u0300re patrie, qu\u2019ils soient dans le pays ou au sein de la diaspora, de se mobiliser massivement pour la constitution d\u2019un Grand Mouvement Citoyen en vue de l\u2019e\u0301dification d\u2019une ve\u0301ritable Nation a\u0300 l\u2019horizon 2025 \u00bb, a-t-il poursuivi.<\/p>\n<p>Avant d\u2019ajouter : \u00ab La seule chose que nous avons aujourd\u2019hui, c\u2019est de fe\u0301de\u0301rer nos e\u0301nergies. Nous allons au-dela\u0300 des partis politiques et nous demandons la remobilisation de tous les citoyens. se remettre ensemble parait aujourd\u2019hui difficile non seulement parce que les de\u0301chirures sont profondes, mais surtout parce qu\u2019elles sont entretenues et alimente\u0301es chaque jour par certains, on ne sait a\u0300 quelle fin \u00bb.<\/p>\n<p>Pour les responsables du parti, cet appel a\u0300 la remobilisation ne s\u2019adresse pas qu\u2019aux partis politiques, mais a\u0300 toutes les composantes ou forces vives de Nation togolaise, civils comme corps habille\u0301s, hommes de droit, me\u0301decins, commerc\u0327ants, enseignants, paysans, artisans, e\u0301tudiants, e\u0301le\u0300ves, etc.<\/p>\n<p><strong>Pour plus d&rsquo;informations et d&rsquo;analyses sur la <a href=\"https:\/\/www.africa-press.net\/togo\">Togo<\/a>, suivez <a href=\"https:\/\/www.africa-press.net\/\">Africa-Press<\/a><\/strong><\/p>\n","protected":false},"excerpt":{"rendered":"<p>Africa-Press &#8211; Togo. Le parti politique les Forces De\u0301mocratiques pour la Re\u0301publique (FDR) ont effectue\u0301 leur rentre\u0301e politique, ce samedi 25 fe\u0301vrier 2023 au Centre des expositions et foires (CETEF) Togo 2000 a\u0300 Lome\u0301. Au cours de cette rentre\u0301e politique, le parti de Me Apevon Dodzi a appele\u0301 a\u0300 une remobilisation populaire pour l\u2019ave\u0300nement du [&hellip;]<\/p>\n","protected":false},"author":82,"featured_media":17949,"comment_status":"open","ping_status":"closed","sticky":false,"template":"","format":"standard","meta":{"footnotes":""},"categories":[2,10],"tags":[36,49,541,50],"class_list":["post-17950","post","type-post","status-publish","format-standard","has-post-thumbnail","hentry","category-politique","category-toutes-les-actualites","tag-africa-press","tag-africa-press-togo","tag-fdr","tag-togo"],"yoast_head":"<!-- This site is optimized with the Yoast SEO Premium plugin v26.1 (Yoast SEO v27.0) - https:\/\/yoast.com\/product\/yoast-seo-premium-wordpress\/ -->\n<title>Togo\/Politique : Les FDR appellent \u00e0 une remobilisation - Togo<\/title>\n<meta name=\"description\" content=\"Le parti politique les Forces De\u0301mocratiques pour la Re\u0301publique (FDR) ont effectue\u0301 leur rentre\u0301e politique, ce samedi ...\" \/>\n<meta name=\"robots\" content=\"index, follow, max-snippet:-1, max-image-preview:large, max-video-preview:-1\" \/>\n<link rel=\"canonical\" href=\"https:\/\/www.africa-press.net\/togo\/politique\/togo-politique-les-fdr-appellent-a-une-remobilisation\" \/>\n<meta property=\"og:locale\" content=\"fr_FR\" \/>\n<meta property=\"og:type\" content=\"article\" \/>\n<meta property=\"og:title\" content=\"Togo\/Politique : Les FDR appellent \u00e0 une remobilisation\" \/>\n<meta property=\"og:description\" content=\"Le parti politique les Forces De\u0301mocratiques pour la Re\u0301publique (FDR) ont effectue\u0301 leur rentre\u0301e politique, ce samedi ...\" \/>\n<meta property=\"og:url\" content=\"https:\/\/www.africa-press.net\/togo\/politique\/togo-politique-les-fdr-appellent-a-une-remobilisation\" \/>\n<meta property=\"og:site_name\" content=\"Togo\" \/>\n<meta property=\"article:published_time\" content=\"2023-02-28T18:55:28+00:00\" \/>\n<meta property=\"article:modified_time\" content=\"2023-02-28T19:36:57+00:00\" \/>\n<meta property=\"og:image\" content=\"https:\/\/static.africa-press.net\/togo\/sites\/58\/2023\/02\/postQueueImg_1677597939.57.jpg\" \/>\n\t<meta property=\"og:image:width\" content=\"720\" \/>\n\t<meta property=\"og:image:height\" content=\"498\" \/>\n\t<meta property=\"og:image:type\" content=\"image\/jpeg\" \/>\n<meta name=\"author\" content=\"cfeditorfr\" \/>\n<meta name=\"twitter:card\" content=\"summary_large_image\" \/>\n<meta name=\"twitter:label1\" content=\"\u00c9crit par\" \/>\n\t<meta name=\"twitter:data1\" content=\"cfeditorfr\" \/>\n\t<meta name=\"twitter:label2\" content=\"Dur\u00e9e de lecture estim\u00e9e\" \/>\n\t<meta name=\"twitter:data2\" content=\"2 minutes\" \/>\n<script type=\"application\/ld+json\" class=\"yoast-schema-graph\">{\"@context\":\"https:\/\/schema.org\",\"@graph\":[{\"@type\":\"Article\",\"@id\":\"https:\/\/www.africa-press.net\/togo\/politique\/togo-politique-les-fdr-appellent-a-une-remobilisation#article\",\"isPartOf\":{\"@id\":\"https:\/\/www.africa-press.net\/togo\/politique\/togo-politique-les-fdr-appellent-a-une-remobilisation\"},\"author\":{\"name\":\"cfeditorfr\",\"@id\":\"https:\/\/www.africa-press.net\/togo\/#\/schema\/person\/2b1cf3cd81a31e3cd26889ca66d677f1\"},\"headline\":\"Togo\/Politique : Les FDR appellent \u00e0 une remobilisation\",\"datePublished\":\"2023-02-28T18:55:28+00:00\",\"dateModified\":\"2023-02-28T19:36:57+00:00\",\"mainEntityOfPage\":{\"@id\":\"https:\/\/www.africa-press.net\/togo\/politique\/togo-politique-les-fdr-appellent-a-une-remobilisation\"},\"wordCount\":384,\"commentCount\":0,\"image\":{\"@id\":\"https:\/\/www.africa-press.net\/togo\/politique\/togo-politique-les-fdr-appellent-a-une-remobilisation#primaryimage\"},\"thumbnailUrl\":\"https:\/\/static.africa-press.net\/togo\/sites\/58\/2023\/02\/postQueueImg_1677597939.57.jpg\",\"keywords\":[\"Africa Press\",\"Africa Press-Togo\",\"FDR\",\"Togo\"],\"articleSection\":[\"Politique\",\"Toutes les actualit\u00e9s\"],\"inLanguage\":\"fr-FR\",\"potentialAction\":[{\"@type\":\"CommentAction\",\"name\":\"Comment\",\"target\":[\"https:\/\/www.africa-press.net\/togo\/politique\/togo-politique-les-fdr-appellent-a-une-remobilisation#respond\"]}]},{\"@type\":\"WebPage\",\"@id\":\"https:\/\/www.africa-press.net\/togo\/politique\/togo-politique-les-fdr-appellent-a-une-remobilisation\",\"url\":\"https:\/\/www.africa-press.net\/togo\/politique\/togo-politique-les-fdr-appellent-a-une-remobilisation\",\"name\":\"Togo\/Politique : Les FDR appellent \u00e0 une remobilisation - Togo\",\"isPartOf\":{\"@id\":\"https:\/\/www.africa-press.net\/togo\/#website\"},\"primaryImageOfPage\":{\"@id\":\"https:\/\/www.africa-press.net\/togo\/politique\/togo-politique-les-fdr-appellent-a-une-remobilisation#primaryimage\"},\"image\":{\"@id\":\"https:\/\/www.africa-press.net\/togo\/politique\/togo-politique-les-fdr-appellent-a-une-remobilisation#primaryimage\"},\"thumbnailUrl\":\"https:\/\/static.africa-press.net\/togo\/sites\/58\/2023\/02\/postQueueImg_1677597939.57.jpg\",\"datePublished\":\"2023-02-28T18:55:28+00:00\",\"dateModified\":\"2023-02-28T19:36:57+00:00\",\"author\":{\"@id\":\"https:\/\/www.africa-press.net\/togo\/#\/schema\/person\/2b1cf3cd81a31e3cd26889ca66d677f1\"},\"description\":\"Le parti politique les Forces De\u0301mocratiques pour la Re\u0301publique (FDR) ont effectue\u0301 leur rentre\u0301e politique, ce samedi ...\",\"breadcrumb\":{\"@id\":\"https:\/\/www.africa-press.net\/togo\/politique\/togo-politique-les-fdr-appellent-a-une-remobilisation#breadcrumb\"},\"inLanguage\":\"fr-FR\",\"potentialAction\":[{\"@type\":\"ReadAction\",\"target\":[\"https:\/\/www.africa-press.net\/togo\/politique\/togo-politique-les-fdr-appellent-a-une-remobilisation\"]}]},{\"@type\":\"ImageObject\",\"inLanguage\":\"fr-FR\",\"@id\":\"https:\/\/www.africa-press.net\/togo\/politique\/togo-politique-les-fdr-appellent-a-une-remobilisation#primaryimage\",\"url\":\"https:\/\/static.africa-press.net\/togo\/sites\/58\/2023\/02\/postQueueImg_1677597939.57.jpg\",\"contentUrl\":\"https:\/\/static.africa-press.net\/togo\/sites\/58\/2023\/02\/postQueueImg_1677597939.57.jpg\",\"width\":720,\"height\":498,\"caption\":\"Togo\/Politique : Les FDR appellent \u00e0 une remobilisation\"},{\"@type\":\"BreadcrumbList\",\"@id\":\"https:\/\/www.africa-press.net\/togo\/politique\/togo-politique-les-fdr-appellent-a-une-remobilisation#breadcrumb\",\"itemListElement\":[{\"@type\":\"ListItem\",\"position\":1,\"name\":\"Accueil\",\"item\":\"https:\/\/www.africa-press.net\/togo\/\"},{\"@type\":\"ListItem\",\"position\":2,\"name\":\"Togo\/Politique : Les FDR appellent \u00e0 une remobilisation\"}]},{\"@type\":\"WebSite\",\"@id\":\"https:\/\/www.africa-press.net\/togo\/#website\",\"url\":\"https:\/\/www.africa-press.net\/togo\/\",\"name\":\"Togo\",\"description\":\"Just another Africa News Agency Sites site\",\"potentialAction\":[{\"@type\":\"SearchAction\",\"target\":{\"@type\":\"EntryPoint\",\"urlTemplate\":\"https:\/\/www.africa-press.net\/togo\/?s={search_term_string}\"},\"query-input\":{\"@type\":\"PropertyValueSpecification\",\"valueRequired\":true,\"valueName\":\"search_term_string\"}}],\"inLanguage\":\"fr-FR\"},{\"@type\":\"Person\",\"@id\":\"https:\/\/www.africa-press.net\/togo\/#\/schema\/person\/2b1cf3cd81a31e3cd26889ca66d677f1\",\"name\":\"cfeditorfr\"}]}<\/script>\n<!-- \/ Yoast SEO Premium plugin. -->","yoast_head_json":{"title":"Togo\/Politique : Les FDR appellent \u00e0 une remobilisation - Togo","description":"Le parti politique les Forces De\u0301mocratiques pour la Re\u0301publique (FDR) ont effectue\u0301 leur rentre\u0301e politique, ce samedi ...","robots":{"index":"index","follow":"follow","max-snippet":"max-snippet:-1","max-image-preview":"max-image-preview:large","max-video-preview":"max-video-preview:-1"},"canonical":"https:\/\/www.africa-press.net\/togo\/politique\/togo-politique-les-fdr-appellent-a-une-remobilisation","og_locale":"fr_FR","og_type":"article","og_title":"Togo\/Politique : Les FDR appellent \u00e0 une remobilisation","og_description":"Le parti politique les Forces De\u0301mocratiques pour la Re\u0301publique (FDR) ont effectue\u0301 leur rentre\u0301e politique, ce samedi ...","og_url":"https:\/\/www.africa-press.net\/togo\/politique\/togo-politique-les-fdr-appellent-a-une-remobilisation","og_site_name":"Togo","article_published_time":"2023-02-28T18:55:28+00:00","article_modified_time":"2023-02-28T19:36:57+00:00","og_image":[{"width":720,"height":498,"url":"https:\/\/static.africa-press.net\/togo\/sites\/58\/2023\/02\/postQueueImg_1677597939.57.jpg","type":"image\/jpeg"}],"author":"cfeditorfr","twitter_card":"summary_large_image","twitter_misc":{"\u00c9crit par":"cfeditorfr","Dur\u00e9e de lecture estim\u00e9e":"2 minutes"},"schema":{"@context":"https:\/\/schema.org","@graph":[{"@type":"Article","@id":"https:\/\/www.africa-press.net\/togo\/politique\/togo-politique-les-fdr-appellent-a-une-remobilisation#article","isPartOf":{"@id":"https:\/\/www.africa-press.net\/togo\/politique\/togo-politique-les-fdr-appellent-a-une-remobilisation"},"author":{"name":"cfeditorfr","@id":"https:\/\/www.africa-press.net\/togo\/#\/schema\/person\/2b1cf3cd81a31e3cd26889ca66d677f1"},"headline":"Togo\/Politique : Les FDR appellent \u00e0 une remobilisation","datePublished":"2023-02-28T18:55:28+00:00","dateModified":"2023-02-28T19:36:57+00:00","mainEntityOfPage":{"@id":"https:\/\/www.africa-press.net\/togo\/politique\/togo-politique-les-fdr-appellent-a-une-remobilisation"},"wordCount":384,"commentCount":0,"image":{"@id":"https:\/\/www.africa-press.net\/togo\/politique\/togo-politique-les-fdr-appellent-a-une-remobilisation#primaryimage"},"thumbnailUrl":"https:\/\/static.africa-press.net\/togo\/sites\/58\/2023\/02\/postQueueImg_1677597939.57.jpg","keywords":["Africa Press","Africa Press-Togo","FDR","Togo"],"articleSection":["Politique","Toutes les actualit\u00e9s"],"inLanguage":"fr-FR","potentialAction":[{"@type":"CommentAction","name":"Comment","target":["https:\/\/www.africa-press.net\/togo\/politique\/togo-politique-les-fdr-appellent-a-une-remobilisation#respond"]}]},{"@type":"WebPage","@id":"https:\/\/www.africa-press.net\/togo\/politique\/togo-politique-les-fdr-appellent-a-une-remobilisation","url":"https:\/\/www.africa-press.net\/togo\/politique\/togo-politique-les-fdr-appellent-a-une-remobilisation","name":"Togo\/Politique : Les FDR appellent \u00e0 une remobilisation - Togo","isPartOf":{"@id":"https:\/\/www.africa-press.net\/togo\/#website"},"primaryImageOfPage":{"@id":"https:\/\/www.africa-press.net\/togo\/politique\/togo-politique-les-fdr-appellent-a-une-remobilisation#primaryimage"},"image":{"@id":"https:\/\/www.africa-press.net\/togo\/politique\/togo-politique-les-fdr-appellent-a-une-remobilisation#primaryimage"},"thumbnailUrl":"https:\/\/static.africa-press.net\/togo\/sites\/58\/2023\/02\/postQueueImg_1677597939.57.jpg","datePublished":"2023-02-28T18:55:28+00:00","dateModified":"2023-02-28T19:36:57+00:00","author":{"@id":"https:\/\/www.africa-press.net\/togo\/#\/schema\/person\/2b1cf3cd81a31e3cd26889ca66d677f1"},"description":"Le parti politique les Forces De\u0301mocratiques pour la Re\u0301publique (FDR) ont effectue\u0301 leur rentre\u0301e politique, ce samedi ...","breadcrumb":{"@id":"https:\/\/www.africa-press.net\/togo\/politique\/togo-politique-les-fdr-appellent-a-une-remobilisation#breadcrumb"},"inLanguage":"fr-FR","potentialAction":[{"@type":"ReadAction","target":["https:\/\/www.africa-press.net\/togo\/politique\/togo-politique-les-fdr-appellent-a-une-remobilisation"]}]},{"@type":"ImageObject","inLanguage":"fr-FR","@id":"https:\/\/www.africa-press.net\/togo\/politique\/togo-politique-les-fdr-appellent-a-une-remobilisation#primaryimage","url":"https:\/\/static.africa-press.net\/togo\/sites\/58\/2023\/02\/postQueueImg_1677597939.57.jpg","contentUrl":"https:\/\/static.africa-press.net\/togo\/sites\/58\/2023\/02\/postQueueImg_1677597939.57.jpg","width":720,"height":498,"caption":"Togo\/Politique : Les FDR appellent \u00e0 une remobilisation"},{"@type":"BreadcrumbList","@id":"https:\/\/www.africa-press.net\/togo\/politique\/togo-politique-les-fdr-appellent-a-une-remobilisation#breadcrumb","itemListElement":[{"@type":"ListItem","position":1,"name":"Accueil","item":"https:\/\/www.africa-press.net\/togo\/"},{"@type":"ListItem","position":2,"name":"Togo\/Politique : Les FDR appellent \u00e0 une remobilisation"}]},{"@type":"WebSite","@id":"https:\/\/www.africa-press.net\/togo\/#website","url":"https:\/\/www.africa-press.net\/togo\/","name":"Togo","description":"Just another Africa News Agency Sites site","potentialAction":[{"@type":"SearchAction","target":{"@type":"EntryPoint","urlTemplate":"https:\/\/www.africa-press.net\/togo\/?s={search_term_string}"},"query-input":{"@type":"PropertyValueSpecification","valueRequired":true,"valueName":"search_term_string"}}],"inLanguage":"fr-FR"},{"@type":"Person","@id":"https:\/\/www.africa-press.net\/togo\/#\/schema\/person\/2b1cf3cd81a31e3cd26889ca66d677f1","name":"cfeditorfr"}]}},"_links":{"self":[{"href":"https:\/\/www.africa-press.net\/togo\/wp-json\/wp\/v2\/posts\/17950","targetHints":{"allow":["GET"]}}],"collection":[{"href":"https:\/\/www.africa-press.net\/togo\/wp-json\/wp\/v2\/posts"}],"about":[{"href":"https:\/\/www.africa-press.net\/togo\/wp-json\/wp\/v2\/types\/post"}],"author":[{"embeddable":true,"href":"https:\/\/www.africa-press.net\/togo\/wp-json\/wp\/v2\/users\/82"}],"replies":[{"embeddable":true,"href":"https:\/\/www.africa-press.net\/togo\/wp-json\/wp\/v2\/comments?post=17950"}],"version-history":[{"count":0,"href":"https:\/\/www.africa-press.net\/togo\/wp-json\/wp\/v2\/posts\/17950\/revisions"}],"wp:featuredmedia":[{"embeddable":true,"href":"https:\/\/www.africa-press.net\/togo\/wp-json\/wp\/v2\/media\/17949"}],"wp:attachment":[{"href":"https:\/\/www.africa-press.net\/togo\/wp-json\/wp\/v2\/media?parent=17950"}],"wp:term":[{"taxonomy":"category","embeddable":true,"href":"https:\/\/www.africa-press.net\/togo\/wp-json\/wp\/v2\/categories?post=17950"},{"taxonomy":"post_tag","embeddable":true,"href":"https:\/\/www.africa-press.net\/togo\/wp-json\/wp\/v2\/tags?post=17950"}],"curies":[{"name":"wp","href":"https:\/\/api.w.org\/{rel}","templated":true}]}}