{"id":17976,"date":"2023-03-01T21:20:25","date_gmt":"2023-03-01T21:20:25","guid":{"rendered":"https:\/\/www.africa-press.net\/togo\/politique\/togo-declaration-des-biens-greffiers-et-assesseurs-entrent-en-fonction"},"modified":"2023-03-01T22:32:22","modified_gmt":"2023-03-01T22:32:22","slug":"togo-declaration-des-biens-greffiers-et-assesseurs-entrent-en-fonction","status":"publish","type":"post","link":"https:\/\/www.africa-press.net\/togo\/politique\/togo-declaration-des-biens-greffiers-et-assesseurs-entrent-en-fonction","title":{"rendered":"Togo-D\u00e9claration des biens : greffiers et assesseurs entrent en fonction"},"content":{"rendered":"<p><span style=\"color: #ff6600\"><strong>Africa-Press &#8211; Togo. <\/strong><\/span><b>Ceux qui sont charge\u0301s de ve\u0301rifier les de\u0301clarations des biens et avoirs des hautes personnalite\u0301s peuvent maintenant entamer leur mission. Ils viennent de pre\u0302ter serment devant le me\u0301diateur de la Re\u0301publique.<\/b><\/p>\n<p>En effet, trois (3) greffiers et quatre (4) assesseurs ont pre\u0302te\u0301 serment ce mardi 28 fe\u0301vrier 2023 a\u0300 Lome\u0301, afin d\u2019accomplir leur mission \u00ab en toute inde\u0301pendance et en toute impartialite\u0301, dans le respect les lois et re\u0300glements de la Re\u0301publique \u00bb.<\/p>\n<p>Selon Awa Nana-Daboya, le Me\u0301diateur de la Re\u0301publique, la prestation de serment de ces sept (7) personnes qui vont l\u2019assister, \u00ab marque un autre pas vers l\u2019ope\u0301rationnalite\u0301 exacte et concre\u0300te de (sa) mission \u00bb, celle consistant, rappelle-t-elle, a\u0300 \u00ab recevoir les de\u0301clarations des biens et avoirs, \u0153uvrer a\u0300 une gestion transparente des deniers publics et a\u0300 lutter contre l\u2019enrichissement illicite en vue de la promotion de l\u2019e\u0301mergence e\u0301conomique et de la bonne gouvernance surtout au Togo \u00bb.<\/p>\n<p>Christian Trimua, ministre des Droits de l\u2019Homme, charge\u0301 des Relations avec les institutions de la Re\u0301publique, a de\u0301clare\u0301, il y a quelques jours que les membres du gouvernement seraient pre\u0302ts a\u0300 se pre\u0302ter a\u0300 l\u2019exercice et qu\u2019ils n\u2019attendraient que la communication des dates de de\u0301part et les de\u0301lais pour ce faire.<\/p>\n<p><strong>Pour plus d&rsquo;informations et d&rsquo;analyses sur la <a href=\"https:\/\/www.africa-press.net\/togo\">Togo<\/a>, suivez <a href=\"https:\/\/www.africa-press.net\/\">Africa-Press<\/a><\/strong><\/p>\n","protected":false},"excerpt":{"rendered":"<p>Africa-Press &#8211; Togo. Ceux qui sont charge\u0301s de ve\u0301rifier les de\u0301clarations des biens et avoirs des hautes personnalite\u0301s peuvent maintenant entamer leur mission. Ils viennent de pre\u0302ter serment devant le me\u0301diateur de la Re\u0301publique. En effet, trois (3) greffiers et quatre (4) assesseurs ont pre\u0302te\u0301 serment ce mardi 28 fe\u0301vrier 2023 a\u0300 Lome\u0301, afin d\u2019accomplir [&hellip;]<\/p>\n","protected":false},"author":82,"featured_media":17975,"comment_status":"open","ping_status":"closed","sticky":false,"template":"","format":"standard","meta":{"footnotes":""},"categories":[2,10],"tags":[36,49,50],"class_list":["post-17976","post","type-post","status-publish","format-standard","has-post-thumbnail","hentry","category-politique","category-toutes-les-actualites","tag-africa-press","tag-africa-press-togo","tag-togo"],"yoast_head":"<!-- This site is optimized with the Yoast SEO Premium plugin v26.1 (Yoast SEO v27.0) - https:\/\/yoast.com\/product\/yoast-seo-premium-wordpress\/ -->\n<title>Togo-D\u00e9claration des biens : greffiers et assesseurs entrent en fonction - Togo<\/title>\n<meta name=\"description\" content=\"Ceux qui sont charge\u0301s de ve\u0301rifier les de\u0301clarations des biens et avoirs des hautes personnalite\u0301s peuvent maintenan ...\" \/>\n<meta name=\"robots\" content=\"index, follow, max-snippet:-1, max-image-preview:large, max-video-preview:-1\" \/>\n<link rel=\"canonical\" href=\"https:\/\/www.africa-press.net\/togo\/politique\/togo-declaration-des-biens-greffiers-et-assesseurs-entrent-en-fonction\" \/>\n<meta property=\"og:locale\" content=\"fr_FR\" \/>\n<meta property=\"og:type\" content=\"article\" \/>\n<meta property=\"og:title\" content=\"Togo-D\u00e9claration des biens : greffiers et assesseurs entrent en fonction\" \/>\n<meta property=\"og:description\" content=\"Ceux qui sont charge\u0301s de ve\u0301rifier les de\u0301clarations des biens et avoirs des hautes personnalite\u0301s peuvent maintenan ...\" \/>\n<meta property=\"og:url\" content=\"https:\/\/www.africa-press.net\/togo\/politique\/togo-declaration-des-biens-greffiers-et-assesseurs-entrent-en-fonction\" \/>\n<meta property=\"og:site_name\" content=\"Togo\" \/>\n<meta property=\"article:published_time\" content=\"2023-03-01T21:20:25+00:00\" \/>\n<meta property=\"article:modified_time\" content=\"2023-03-01T22:32:22+00:00\" \/>\n<meta property=\"og:image\" content=\"https:\/\/static.africa-press.net\/togo\/sites\/58\/2023\/03\/postQueueImg_1677693035.39.jpg\" \/>\n\t<meta property=\"og:image:width\" content=\"1280\" \/>\n\t<meta property=\"og:image:height\" content=\"800\" \/>\n\t<meta property=\"og:image:type\" content=\"image\/jpeg\" \/>\n<meta name=\"author\" content=\"cfeditorfr\" \/>\n<meta name=\"twitter:card\" content=\"summary_large_image\" \/>\n<meta name=\"twitter:label1\" content=\"\u00c9crit par\" \/>\n\t<meta name=\"twitter:data1\" content=\"cfeditorfr\" \/>\n\t<meta name=\"twitter:label2\" content=\"Dur\u00e9e de lecture estim\u00e9e\" \/>\n\t<meta name=\"twitter:data2\" content=\"1 minute\" \/>\n<script type=\"application\/ld+json\" class=\"yoast-schema-graph\">{\"@context\":\"https:\/\/schema.org\",\"@graph\":[{\"@type\":\"Article\",\"@id\":\"https:\/\/www.africa-press.net\/togo\/politique\/togo-declaration-des-biens-greffiers-et-assesseurs-entrent-en-fonction#article\",\"isPartOf\":{\"@id\":\"https:\/\/www.africa-press.net\/togo\/politique\/togo-declaration-des-biens-greffiers-et-assesseurs-entrent-en-fonction\"},\"author\":{\"name\":\"cfeditorfr\",\"@id\":\"https:\/\/www.africa-press.net\/togo\/#\/schema\/person\/2b1cf3cd81a31e3cd26889ca66d677f1\"},\"headline\":\"Togo-D\u00e9claration des biens : greffiers et assesseurs entrent en fonction\",\"datePublished\":\"2023-03-01T21:20:25+00:00\",\"dateModified\":\"2023-03-01T22:32:22+00:00\",\"mainEntityOfPage\":{\"@id\":\"https:\/\/www.africa-press.net\/togo\/politique\/togo-declaration-des-biens-greffiers-et-assesseurs-entrent-en-fonction\"},\"wordCount\":249,\"commentCount\":0,\"image\":{\"@id\":\"https:\/\/www.africa-press.net\/togo\/politique\/togo-declaration-des-biens-greffiers-et-assesseurs-entrent-en-fonction#primaryimage\"},\"thumbnailUrl\":\"https:\/\/static.africa-press.net\/togo\/sites\/58\/2023\/03\/postQueueImg_1677693035.39.jpg\",\"keywords\":[\"Africa Press\",\"Africa Press-Togo\",\"Togo\"],\"articleSection\":[\"Politique\",\"Toutes les actualit\u00e9s\"],\"inLanguage\":\"fr-FR\",\"potentialAction\":[{\"@type\":\"CommentAction\",\"name\":\"Comment\",\"target\":[\"https:\/\/www.africa-press.net\/togo\/politique\/togo-declaration-des-biens-greffiers-et-assesseurs-entrent-en-fonction#respond\"]}]},{\"@type\":\"WebPage\",\"@id\":\"https:\/\/www.africa-press.net\/togo\/politique\/togo-declaration-des-biens-greffiers-et-assesseurs-entrent-en-fonction\",\"url\":\"https:\/\/www.africa-press.net\/togo\/politique\/togo-declaration-des-biens-greffiers-et-assesseurs-entrent-en-fonction\",\"name\":\"Togo-D\u00e9claration des biens : greffiers et assesseurs entrent en fonction - Togo\",\"isPartOf\":{\"@id\":\"https:\/\/www.africa-press.net\/togo\/#website\"},\"primaryImageOfPage\":{\"@id\":\"https:\/\/www.africa-press.net\/togo\/politique\/togo-declaration-des-biens-greffiers-et-assesseurs-entrent-en-fonction#primaryimage\"},\"image\":{\"@id\":\"https:\/\/www.africa-press.net\/togo\/politique\/togo-declaration-des-biens-greffiers-et-assesseurs-entrent-en-fonction#primaryimage\"},\"thumbnailUrl\":\"https:\/\/static.africa-press.net\/togo\/sites\/58\/2023\/03\/postQueueImg_1677693035.39.jpg\",\"datePublished\":\"2023-03-01T21:20:25+00:00\",\"dateModified\":\"2023-03-01T22:32:22+00:00\",\"author\":{\"@id\":\"https:\/\/www.africa-press.net\/togo\/#\/schema\/person\/2b1cf3cd81a31e3cd26889ca66d677f1\"},\"description\":\"Ceux qui sont charge\u0301s de ve\u0301rifier les de\u0301clarations des biens et avoirs des hautes personnalite\u0301s peuvent maintenan ...\",\"breadcrumb\":{\"@id\":\"https:\/\/www.africa-press.net\/togo\/politique\/togo-declaration-des-biens-greffiers-et-assesseurs-entrent-en-fonction#breadcrumb\"},\"inLanguage\":\"fr-FR\",\"potentialAction\":[{\"@type\":\"ReadAction\",\"target\":[\"https:\/\/www.africa-press.net\/togo\/politique\/togo-declaration-des-biens-greffiers-et-assesseurs-entrent-en-fonction\"]}]},{\"@type\":\"ImageObject\",\"inLanguage\":\"fr-FR\",\"@id\":\"https:\/\/www.africa-press.net\/togo\/politique\/togo-declaration-des-biens-greffiers-et-assesseurs-entrent-en-fonction#primaryimage\",\"url\":\"https:\/\/static.africa-press.net\/togo\/sites\/58\/2023\/03\/postQueueImg_1677693035.39.jpg\",\"contentUrl\":\"https:\/\/static.africa-press.net\/togo\/sites\/58\/2023\/03\/postQueueImg_1677693035.39.jpg\",\"width\":1280,\"height\":800,\"caption\":\"Togo-D\u00e9claration des biens : greffiers et assesseurs entrent en fonction\"},{\"@type\":\"BreadcrumbList\",\"@id\":\"https:\/\/www.africa-press.net\/togo\/politique\/togo-declaration-des-biens-greffiers-et-assesseurs-entrent-en-fonction#breadcrumb\",\"itemListElement\":[{\"@type\":\"ListItem\",\"position\":1,\"name\":\"Accueil\",\"item\":\"https:\/\/www.africa-press.net\/togo\/\"},{\"@type\":\"ListItem\",\"position\":2,\"name\":\"Togo-D\u00e9claration des biens : greffiers et assesseurs entrent en fonction\"}]},{\"@type\":\"WebSite\",\"@id\":\"https:\/\/www.africa-press.net\/togo\/#website\",\"url\":\"https:\/\/www.africa-press.net\/togo\/\",\"name\":\"Togo\",\"description\":\"Just another Africa News Agency Sites site\",\"potentialAction\":[{\"@type\":\"SearchAction\",\"target\":{\"@type\":\"EntryPoint\",\"urlTemplate\":\"https:\/\/www.africa-press.net\/togo\/?s={search_term_string}\"},\"query-input\":{\"@type\":\"PropertyValueSpecification\",\"valueRequired\":true,\"valueName\":\"search_term_string\"}}],\"inLanguage\":\"fr-FR\"},{\"@type\":\"Person\",\"@id\":\"https:\/\/www.africa-press.net\/togo\/#\/schema\/person\/2b1cf3cd81a31e3cd26889ca66d677f1\",\"name\":\"cfeditorfr\"}]}<\/script>\n<!-- \/ Yoast SEO Premium plugin. -->","yoast_head_json":{"title":"Togo-D\u00e9claration des biens : greffiers et assesseurs entrent en fonction - Togo","description":"Ceux qui sont charge\u0301s de ve\u0301rifier les de\u0301clarations des biens et avoirs des hautes personnalite\u0301s peuvent maintenan ...","robots":{"index":"index","follow":"follow","max-snippet":"max-snippet:-1","max-image-preview":"max-image-preview:large","max-video-preview":"max-video-preview:-1"},"canonical":"https:\/\/www.africa-press.net\/togo\/politique\/togo-declaration-des-biens-greffiers-et-assesseurs-entrent-en-fonction","og_locale":"fr_FR","og_type":"article","og_title":"Togo-D\u00e9claration des biens : greffiers et assesseurs entrent en fonction","og_description":"Ceux qui sont charge\u0301s de ve\u0301rifier les de\u0301clarations des biens et avoirs des hautes personnalite\u0301s peuvent maintenan ...","og_url":"https:\/\/www.africa-press.net\/togo\/politique\/togo-declaration-des-biens-greffiers-et-assesseurs-entrent-en-fonction","og_site_name":"Togo","article_published_time":"2023-03-01T21:20:25+00:00","article_modified_time":"2023-03-01T22:32:22+00:00","og_image":[{"width":1280,"height":800,"url":"https:\/\/static.africa-press.net\/togo\/sites\/58\/2023\/03\/postQueueImg_1677693035.39.jpg","type":"image\/jpeg"}],"author":"cfeditorfr","twitter_card":"summary_large_image","twitter_misc":{"\u00c9crit par":"cfeditorfr","Dur\u00e9e de lecture estim\u00e9e":"1 minute"},"schema":{"@context":"https:\/\/schema.org","@graph":[{"@type":"Article","@id":"https:\/\/www.africa-press.net\/togo\/politique\/togo-declaration-des-biens-greffiers-et-assesseurs-entrent-en-fonction#article","isPartOf":{"@id":"https:\/\/www.africa-press.net\/togo\/politique\/togo-declaration-des-biens-greffiers-et-assesseurs-entrent-en-fonction"},"author":{"name":"cfeditorfr","@id":"https:\/\/www.africa-press.net\/togo\/#\/schema\/person\/2b1cf3cd81a31e3cd26889ca66d677f1"},"headline":"Togo-D\u00e9claration des biens : greffiers et assesseurs entrent en fonction","datePublished":"2023-03-01T21:20:25+00:00","dateModified":"2023-03-01T22:32:22+00:00","mainEntityOfPage":{"@id":"https:\/\/www.africa-press.net\/togo\/politique\/togo-declaration-des-biens-greffiers-et-assesseurs-entrent-en-fonction"},"wordCount":249,"commentCount":0,"image":{"@id":"https:\/\/www.africa-press.net\/togo\/politique\/togo-declaration-des-biens-greffiers-et-assesseurs-entrent-en-fonction#primaryimage"},"thumbnailUrl":"https:\/\/static.africa-press.net\/togo\/sites\/58\/2023\/03\/postQueueImg_1677693035.39.jpg","keywords":["Africa Press","Africa Press-Togo","Togo"],"articleSection":["Politique","Toutes les actualit\u00e9s"],"inLanguage":"fr-FR","potentialAction":[{"@type":"CommentAction","name":"Comment","target":["https:\/\/www.africa-press.net\/togo\/politique\/togo-declaration-des-biens-greffiers-et-assesseurs-entrent-en-fonction#respond"]}]},{"@type":"WebPage","@id":"https:\/\/www.africa-press.net\/togo\/politique\/togo-declaration-des-biens-greffiers-et-assesseurs-entrent-en-fonction","url":"https:\/\/www.africa-press.net\/togo\/politique\/togo-declaration-des-biens-greffiers-et-assesseurs-entrent-en-fonction","name":"Togo-D\u00e9claration des biens : greffiers et assesseurs entrent en fonction - Togo","isPartOf":{"@id":"https:\/\/www.africa-press.net\/togo\/#website"},"primaryImageOfPage":{"@id":"https:\/\/www.africa-press.net\/togo\/politique\/togo-declaration-des-biens-greffiers-et-assesseurs-entrent-en-fonction#primaryimage"},"image":{"@id":"https:\/\/www.africa-press.net\/togo\/politique\/togo-declaration-des-biens-greffiers-et-assesseurs-entrent-en-fonction#primaryimage"},"thumbnailUrl":"https:\/\/static.africa-press.net\/togo\/sites\/58\/2023\/03\/postQueueImg_1677693035.39.jpg","datePublished":"2023-03-01T21:20:25+00:00","dateModified":"2023-03-01T22:32:22+00:00","author":{"@id":"https:\/\/www.africa-press.net\/togo\/#\/schema\/person\/2b1cf3cd81a31e3cd26889ca66d677f1"},"description":"Ceux qui sont charge\u0301s de ve\u0301rifier les de\u0301clarations des biens et avoirs des hautes personnalite\u0301s peuvent maintenan ...","breadcrumb":{"@id":"https:\/\/www.africa-press.net\/togo\/politique\/togo-declaration-des-biens-greffiers-et-assesseurs-entrent-en-fonction#breadcrumb"},"inLanguage":"fr-FR","potentialAction":[{"@type":"ReadAction","target":["https:\/\/www.africa-press.net\/togo\/politique\/togo-declaration-des-biens-greffiers-et-assesseurs-entrent-en-fonction"]}]},{"@type":"ImageObject","inLanguage":"fr-FR","@id":"https:\/\/www.africa-press.net\/togo\/politique\/togo-declaration-des-biens-greffiers-et-assesseurs-entrent-en-fonction#primaryimage","url":"https:\/\/static.africa-press.net\/togo\/sites\/58\/2023\/03\/postQueueImg_1677693035.39.jpg","contentUrl":"https:\/\/static.africa-press.net\/togo\/sites\/58\/2023\/03\/postQueueImg_1677693035.39.jpg","width":1280,"height":800,"caption":"Togo-D\u00e9claration des biens : greffiers et assesseurs entrent en fonction"},{"@type":"BreadcrumbList","@id":"https:\/\/www.africa-press.net\/togo\/politique\/togo-declaration-des-biens-greffiers-et-assesseurs-entrent-en-fonction#breadcrumb","itemListElement":[{"@type":"ListItem","position":1,"name":"Accueil","item":"https:\/\/www.africa-press.net\/togo\/"},{"@type":"ListItem","position":2,"name":"Togo-D\u00e9claration des biens : greffiers et assesseurs entrent en fonction"}]},{"@type":"WebSite","@id":"https:\/\/www.africa-press.net\/togo\/#website","url":"https:\/\/www.africa-press.net\/togo\/","name":"Togo","description":"Just another Africa News Agency Sites site","potentialAction":[{"@type":"SearchAction","target":{"@type":"EntryPoint","urlTemplate":"https:\/\/www.africa-press.net\/togo\/?s={search_term_string}"},"query-input":{"@type":"PropertyValueSpecification","valueRequired":true,"valueName":"search_term_string"}}],"inLanguage":"fr-FR"},{"@type":"Person","@id":"https:\/\/www.africa-press.net\/togo\/#\/schema\/person\/2b1cf3cd81a31e3cd26889ca66d677f1","name":"cfeditorfr"}]}},"_links":{"self":[{"href":"https:\/\/www.africa-press.net\/togo\/wp-json\/wp\/v2\/posts\/17976","targetHints":{"allow":["GET"]}}],"collection":[{"href":"https:\/\/www.africa-press.net\/togo\/wp-json\/wp\/v2\/posts"}],"about":[{"href":"https:\/\/www.africa-press.net\/togo\/wp-json\/wp\/v2\/types\/post"}],"author":[{"embeddable":true,"href":"https:\/\/www.africa-press.net\/togo\/wp-json\/wp\/v2\/users\/82"}],"replies":[{"embeddable":true,"href":"https:\/\/www.africa-press.net\/togo\/wp-json\/wp\/v2\/comments?post=17976"}],"version-history":[{"count":0,"href":"https:\/\/www.africa-press.net\/togo\/wp-json\/wp\/v2\/posts\/17976\/revisions"}],"wp:featuredmedia":[{"embeddable":true,"href":"https:\/\/www.africa-press.net\/togo\/wp-json\/wp\/v2\/media\/17975"}],"wp:attachment":[{"href":"https:\/\/www.africa-press.net\/togo\/wp-json\/wp\/v2\/media?parent=17976"}],"wp:term":[{"taxonomy":"category","embeddable":true,"href":"https:\/\/www.africa-press.net\/togo\/wp-json\/wp\/v2\/categories?post=17976"},{"taxonomy":"post_tag","embeddable":true,"href":"https:\/\/www.africa-press.net\/togo\/wp-json\/wp\/v2\/tags?post=17976"}],"curies":[{"name":"wp","href":"https:\/\/api.w.org\/{rel}","templated":true}]}}