{"id":17982,"date":"2023-03-01T21:20:55","date_gmt":"2023-03-01T21:20:55","guid":{"rendered":"https:\/\/www.africa-press.net\/togo\/politique\/burkina-faso-un-acteur-de-la-societe-civile-condamne-a-24-mois-de-prison"},"modified":"2023-03-01T22:36:25","modified_gmt":"2023-03-01T22:36:25","slug":"burkina-faso-un-acteur-de-la-societe-civile-condamne-a-24-mois-de-prison","status":"publish","type":"post","link":"https:\/\/www.africa-press.net\/togo\/toutes-les-actualites\/burkina-faso-un-acteur-de-la-societe-civile-condamne-a-24-mois-de-prison","title":{"rendered":"Burkina Faso-Un acteur de la soci\u00e9t\u00e9 civile condamn\u00e9 \u00e0 24 mois de prison"},"content":{"rendered":"<p><span style=\"color: #ff6600\"><strong>Africa-Press &#8211; Togo. <\/strong><\/span><b>Le Tribunal de grande instance de Bobo-Dioulasso a condamne\u0301 l\u2019activiste Nestor Podasse\u0301 a\u0300 24 mois de prison, dont 06 mois fermes.<\/b><\/p>\n<p>Coordinateur national de Plane\u0300te des jeunes patriotes, une organisation de la socie\u0301te\u0301 civile, Nestor Podasse\u0301 a e\u0301te\u0301 place\u0301 en de\u0301tention le 09 fe\u0301vrier dernier, \u2018\u2018pour avoir profe\u0301re\u0301 des menaces contre une communaute\u0301 e\u0301trange\u0300re pendant des manifestations publiques conse\u0301cutives au dernier coup d\u2019Etat\u201d, rapporte l\u2019Agence d\u2019information du Burkina (AIB).<\/p>\n<p>Au cours de sa comparutions devant Tribunal de grande instance de Bobo-Dioulasso le lundi 27 fe\u0301vrier, Nestor Podasse\u0301 fait son mea-culpa. Cependant, il dit \u201davoir profe\u0301re\u0301 des menaces pour effrayer les autorite\u0301s franc\u0327aises afin qu\u2019elles livrent l\u2019ex pre\u0301sident Damiba qui se seraient refugie\u0301 a\u0300 la base militaire franc\u0327aise de Kamboinse\u0301\u201d, lit-on.<\/p>\n<p>Reconnu coupable des faits de menaces de mort sous condition, Nestor Podasse\u0301 a e\u0301te\u0301 condamne\u0301 a\u0300 24 mois de prison, dont 06 mois fermes par le Tribunal de grande instance de Bobo-Dioulasso. Le responsable de la socie\u0301te\u0301 civile doit s\u2019acquitter e\u0301galement d\u2019une amende de 02 millions francs Cfa.<\/p>\n<p>Le procureur a requis de le condamner a\u0300 24 mois de prison dont 12 fermes et a\u0300 payer une amende aussi ferme de 2 millions F CFA, d\u2019apre\u0300s toujours la me\u0302me source.<\/p>\n<p><strong>Pour plus d&rsquo;informations et d&rsquo;analyses sur la <a href=\"https:\/\/www.africa-press.net\/togo\">Togo<\/a>, suivez <a href=\"https:\/\/www.africa-press.net\/\">Africa-Press<\/a><\/strong><\/p>\n","protected":false},"excerpt":{"rendered":"<p>Africa-Press &#8211; Togo. Le Tribunal de grande instance de Bobo-Dioulasso a condamne\u0301 l\u2019activiste Nestor Podasse\u0301 a\u0300 24 mois de prison, dont 06 mois fermes. Coordinateur national de Plane\u0300te des jeunes patriotes, une organisation de la socie\u0301te\u0301 civile, Nestor Podasse\u0301 a e\u0301te\u0301 place\u0301 en de\u0301tention le 09 fe\u0301vrier dernier, \u2018\u2018pour avoir profe\u0301re\u0301 des menaces contre une [&hellip;]<\/p>\n","protected":false},"author":82,"featured_media":17981,"comment_status":"open","ping_status":"closed","sticky":false,"template":"","format":"standard","meta":{"footnotes":""},"categories":[21,10],"tags":[36,49,50],"class_list":["post-17982","post","type-post","status-publish","format-standard","has-post-thumbnail","hentry","category-communaute","category-toutes-les-actualites","tag-africa-press","tag-africa-press-togo","tag-togo"],"yoast_head":"<!-- This site is optimized with the Yoast SEO Premium plugin v26.1 (Yoast SEO v27.0) - https:\/\/yoast.com\/product\/yoast-seo-premium-wordpress\/ -->\n<title>Burkina Faso-Un acteur de la soci\u00e9t\u00e9 civile condamn\u00e9 \u00e0 24 mois de prison - Togo<\/title>\n<meta name=\"description\" content=\"Le Tribunal de grande instance de Bobo-Dioulasso a condamne\u0301 l\u2019activiste Nestor Podasse\u0301 a\u0300 24 mois de prison, dont 0 ...\" \/>\n<meta name=\"robots\" content=\"index, follow, max-snippet:-1, max-image-preview:large, max-video-preview:-1\" \/>\n<link rel=\"canonical\" href=\"https:\/\/www.africa-press.net\/togo\/toutes-les-actualites\/burkina-faso-un-acteur-de-la-societe-civile-condamne-a-24-mois-de-prison\" \/>\n<meta property=\"og:locale\" content=\"fr_FR\" \/>\n<meta property=\"og:type\" content=\"article\" \/>\n<meta property=\"og:title\" content=\"Burkina Faso-Un acteur de la soci\u00e9t\u00e9 civile condamn\u00e9 \u00e0 24 mois de prison\" \/>\n<meta property=\"og:description\" content=\"Le Tribunal de grande instance de Bobo-Dioulasso a condamne\u0301 l\u2019activiste Nestor Podasse\u0301 a\u0300 24 mois de prison, dont 0 ...\" \/>\n<meta property=\"og:url\" content=\"https:\/\/www.africa-press.net\/togo\/toutes-les-actualites\/burkina-faso-un-acteur-de-la-societe-civile-condamne-a-24-mois-de-prison\" \/>\n<meta property=\"og:site_name\" content=\"Togo\" \/>\n<meta property=\"article:published_time\" content=\"2023-03-01T21:20:55+00:00\" \/>\n<meta property=\"article:modified_time\" content=\"2023-03-01T22:36:25+00:00\" \/>\n<meta property=\"og:image\" content=\"https:\/\/static.africa-press.net\/togo\/sites\/58\/2023\/03\/postQueueImg_1677693059.02.jpg\" \/>\n\t<meta property=\"og:image:width\" content=\"1280\" \/>\n\t<meta property=\"og:image:height\" content=\"800\" \/>\n\t<meta property=\"og:image:type\" content=\"image\/jpeg\" \/>\n<meta name=\"author\" content=\"cfeditorfr\" \/>\n<meta name=\"twitter:card\" content=\"summary_large_image\" \/>\n<meta name=\"twitter:label1\" content=\"\u00c9crit par\" \/>\n\t<meta name=\"twitter:data1\" content=\"cfeditorfr\" \/>\n\t<meta name=\"twitter:label2\" content=\"Dur\u00e9e de lecture estim\u00e9e\" \/>\n\t<meta name=\"twitter:data2\" content=\"1 minute\" \/>\n<script type=\"application\/ld+json\" class=\"yoast-schema-graph\">{\"@context\":\"https:\/\/schema.org\",\"@graph\":[{\"@type\":\"Article\",\"@id\":\"https:\/\/www.africa-press.net\/togo\/toutes-les-actualites\/burkina-faso-un-acteur-de-la-societe-civile-condamne-a-24-mois-de-prison#article\",\"isPartOf\":{\"@id\":\"https:\/\/www.africa-press.net\/togo\/toutes-les-actualites\/burkina-faso-un-acteur-de-la-societe-civile-condamne-a-24-mois-de-prison\"},\"author\":{\"name\":\"cfeditorfr\",\"@id\":\"https:\/\/www.africa-press.net\/togo\/#\/schema\/person\/2b1cf3cd81a31e3cd26889ca66d677f1\"},\"headline\":\"Burkina Faso-Un acteur de la soci\u00e9t\u00e9 civile condamn\u00e9 \u00e0 24 mois de prison\",\"datePublished\":\"2023-03-01T21:20:55+00:00\",\"dateModified\":\"2023-03-01T22:36:25+00:00\",\"mainEntityOfPage\":{\"@id\":\"https:\/\/www.africa-press.net\/togo\/toutes-les-actualites\/burkina-faso-un-acteur-de-la-societe-civile-condamne-a-24-mois-de-prison\"},\"wordCount\":246,\"commentCount\":0,\"image\":{\"@id\":\"https:\/\/www.africa-press.net\/togo\/toutes-les-actualites\/burkina-faso-un-acteur-de-la-societe-civile-condamne-a-24-mois-de-prison#primaryimage\"},\"thumbnailUrl\":\"https:\/\/static.africa-press.net\/togo\/sites\/58\/2023\/03\/postQueueImg_1677693059.02.jpg\",\"keywords\":[\"Africa Press\",\"Africa Press-Togo\",\"Togo\"],\"articleSection\":[\"Communaut\u00e9\",\"Toutes les actualit\u00e9s\"],\"inLanguage\":\"fr-FR\",\"potentialAction\":[{\"@type\":\"CommentAction\",\"name\":\"Comment\",\"target\":[\"https:\/\/www.africa-press.net\/togo\/toutes-les-actualites\/burkina-faso-un-acteur-de-la-societe-civile-condamne-a-24-mois-de-prison#respond\"]}]},{\"@type\":\"WebPage\",\"@id\":\"https:\/\/www.africa-press.net\/togo\/toutes-les-actualites\/burkina-faso-un-acteur-de-la-societe-civile-condamne-a-24-mois-de-prison\",\"url\":\"https:\/\/www.africa-press.net\/togo\/toutes-les-actualites\/burkina-faso-un-acteur-de-la-societe-civile-condamne-a-24-mois-de-prison\",\"name\":\"Burkina Faso-Un acteur de la soci\u00e9t\u00e9 civile condamn\u00e9 \u00e0 24 mois de prison - Togo\",\"isPartOf\":{\"@id\":\"https:\/\/www.africa-press.net\/togo\/#website\"},\"primaryImageOfPage\":{\"@id\":\"https:\/\/www.africa-press.net\/togo\/toutes-les-actualites\/burkina-faso-un-acteur-de-la-societe-civile-condamne-a-24-mois-de-prison#primaryimage\"},\"image\":{\"@id\":\"https:\/\/www.africa-press.net\/togo\/toutes-les-actualites\/burkina-faso-un-acteur-de-la-societe-civile-condamne-a-24-mois-de-prison#primaryimage\"},\"thumbnailUrl\":\"https:\/\/static.africa-press.net\/togo\/sites\/58\/2023\/03\/postQueueImg_1677693059.02.jpg\",\"datePublished\":\"2023-03-01T21:20:55+00:00\",\"dateModified\":\"2023-03-01T22:36:25+00:00\",\"author\":{\"@id\":\"https:\/\/www.africa-press.net\/togo\/#\/schema\/person\/2b1cf3cd81a31e3cd26889ca66d677f1\"},\"description\":\"Le Tribunal de grande instance de Bobo-Dioulasso a condamne\u0301 l\u2019activiste Nestor Podasse\u0301 a\u0300 24 mois de prison, dont 0 ...\",\"breadcrumb\":{\"@id\":\"https:\/\/www.africa-press.net\/togo\/toutes-les-actualites\/burkina-faso-un-acteur-de-la-societe-civile-condamne-a-24-mois-de-prison#breadcrumb\"},\"inLanguage\":\"fr-FR\",\"potentialAction\":[{\"@type\":\"ReadAction\",\"target\":[\"https:\/\/www.africa-press.net\/togo\/toutes-les-actualites\/burkina-faso-un-acteur-de-la-societe-civile-condamne-a-24-mois-de-prison\"]}]},{\"@type\":\"ImageObject\",\"inLanguage\":\"fr-FR\",\"@id\":\"https:\/\/www.africa-press.net\/togo\/toutes-les-actualites\/burkina-faso-un-acteur-de-la-societe-civile-condamne-a-24-mois-de-prison#primaryimage\",\"url\":\"https:\/\/static.africa-press.net\/togo\/sites\/58\/2023\/03\/postQueueImg_1677693059.02.jpg\",\"contentUrl\":\"https:\/\/static.africa-press.net\/togo\/sites\/58\/2023\/03\/postQueueImg_1677693059.02.jpg\",\"width\":1280,\"height\":800,\"caption\":\"Burkina Faso-Un acteur de la soci\u00e9t\u00e9 civile condamn\u00e9 \u00e0 24 mois de prison\"},{\"@type\":\"BreadcrumbList\",\"@id\":\"https:\/\/www.africa-press.net\/togo\/toutes-les-actualites\/burkina-faso-un-acteur-de-la-societe-civile-condamne-a-24-mois-de-prison#breadcrumb\",\"itemListElement\":[{\"@type\":\"ListItem\",\"position\":1,\"name\":\"Accueil\",\"item\":\"https:\/\/www.africa-press.net\/togo\/\"},{\"@type\":\"ListItem\",\"position\":2,\"name\":\"Burkina Faso-Un acteur de la soci\u00e9t\u00e9 civile condamn\u00e9 \u00e0 24 mois de prison\"}]},{\"@type\":\"WebSite\",\"@id\":\"https:\/\/www.africa-press.net\/togo\/#website\",\"url\":\"https:\/\/www.africa-press.net\/togo\/\",\"name\":\"Togo\",\"description\":\"Just another Africa News Agency Sites site\",\"potentialAction\":[{\"@type\":\"SearchAction\",\"target\":{\"@type\":\"EntryPoint\",\"urlTemplate\":\"https:\/\/www.africa-press.net\/togo\/?s={search_term_string}\"},\"query-input\":{\"@type\":\"PropertyValueSpecification\",\"valueRequired\":true,\"valueName\":\"search_term_string\"}}],\"inLanguage\":\"fr-FR\"},{\"@type\":\"Person\",\"@id\":\"https:\/\/www.africa-press.net\/togo\/#\/schema\/person\/2b1cf3cd81a31e3cd26889ca66d677f1\",\"name\":\"cfeditorfr\"}]}<\/script>\n<!-- \/ Yoast SEO Premium plugin. -->","yoast_head_json":{"title":"Burkina Faso-Un acteur de la soci\u00e9t\u00e9 civile condamn\u00e9 \u00e0 24 mois de prison - Togo","description":"Le Tribunal de grande instance de Bobo-Dioulasso a condamne\u0301 l\u2019activiste Nestor Podasse\u0301 a\u0300 24 mois de prison, dont 0 ...","robots":{"index":"index","follow":"follow","max-snippet":"max-snippet:-1","max-image-preview":"max-image-preview:large","max-video-preview":"max-video-preview:-1"},"canonical":"https:\/\/www.africa-press.net\/togo\/toutes-les-actualites\/burkina-faso-un-acteur-de-la-societe-civile-condamne-a-24-mois-de-prison","og_locale":"fr_FR","og_type":"article","og_title":"Burkina Faso-Un acteur de la soci\u00e9t\u00e9 civile condamn\u00e9 \u00e0 24 mois de prison","og_description":"Le Tribunal de grande instance de Bobo-Dioulasso a condamne\u0301 l\u2019activiste Nestor Podasse\u0301 a\u0300 24 mois de prison, dont 0 ...","og_url":"https:\/\/www.africa-press.net\/togo\/toutes-les-actualites\/burkina-faso-un-acteur-de-la-societe-civile-condamne-a-24-mois-de-prison","og_site_name":"Togo","article_published_time":"2023-03-01T21:20:55+00:00","article_modified_time":"2023-03-01T22:36:25+00:00","og_image":[{"width":1280,"height":800,"url":"https:\/\/static.africa-press.net\/togo\/sites\/58\/2023\/03\/postQueueImg_1677693059.02.jpg","type":"image\/jpeg"}],"author":"cfeditorfr","twitter_card":"summary_large_image","twitter_misc":{"\u00c9crit par":"cfeditorfr","Dur\u00e9e de lecture estim\u00e9e":"1 minute"},"schema":{"@context":"https:\/\/schema.org","@graph":[{"@type":"Article","@id":"https:\/\/www.africa-press.net\/togo\/toutes-les-actualites\/burkina-faso-un-acteur-de-la-societe-civile-condamne-a-24-mois-de-prison#article","isPartOf":{"@id":"https:\/\/www.africa-press.net\/togo\/toutes-les-actualites\/burkina-faso-un-acteur-de-la-societe-civile-condamne-a-24-mois-de-prison"},"author":{"name":"cfeditorfr","@id":"https:\/\/www.africa-press.net\/togo\/#\/schema\/person\/2b1cf3cd81a31e3cd26889ca66d677f1"},"headline":"Burkina Faso-Un acteur de la soci\u00e9t\u00e9 civile condamn\u00e9 \u00e0 24 mois de prison","datePublished":"2023-03-01T21:20:55+00:00","dateModified":"2023-03-01T22:36:25+00:00","mainEntityOfPage":{"@id":"https:\/\/www.africa-press.net\/togo\/toutes-les-actualites\/burkina-faso-un-acteur-de-la-societe-civile-condamne-a-24-mois-de-prison"},"wordCount":246,"commentCount":0,"image":{"@id":"https:\/\/www.africa-press.net\/togo\/toutes-les-actualites\/burkina-faso-un-acteur-de-la-societe-civile-condamne-a-24-mois-de-prison#primaryimage"},"thumbnailUrl":"https:\/\/static.africa-press.net\/togo\/sites\/58\/2023\/03\/postQueueImg_1677693059.02.jpg","keywords":["Africa Press","Africa Press-Togo","Togo"],"articleSection":["Communaut\u00e9","Toutes les actualit\u00e9s"],"inLanguage":"fr-FR","potentialAction":[{"@type":"CommentAction","name":"Comment","target":["https:\/\/www.africa-press.net\/togo\/toutes-les-actualites\/burkina-faso-un-acteur-de-la-societe-civile-condamne-a-24-mois-de-prison#respond"]}]},{"@type":"WebPage","@id":"https:\/\/www.africa-press.net\/togo\/toutes-les-actualites\/burkina-faso-un-acteur-de-la-societe-civile-condamne-a-24-mois-de-prison","url":"https:\/\/www.africa-press.net\/togo\/toutes-les-actualites\/burkina-faso-un-acteur-de-la-societe-civile-condamne-a-24-mois-de-prison","name":"Burkina Faso-Un acteur de la soci\u00e9t\u00e9 civile condamn\u00e9 \u00e0 24 mois de prison - Togo","isPartOf":{"@id":"https:\/\/www.africa-press.net\/togo\/#website"},"primaryImageOfPage":{"@id":"https:\/\/www.africa-press.net\/togo\/toutes-les-actualites\/burkina-faso-un-acteur-de-la-societe-civile-condamne-a-24-mois-de-prison#primaryimage"},"image":{"@id":"https:\/\/www.africa-press.net\/togo\/toutes-les-actualites\/burkina-faso-un-acteur-de-la-societe-civile-condamne-a-24-mois-de-prison#primaryimage"},"thumbnailUrl":"https:\/\/static.africa-press.net\/togo\/sites\/58\/2023\/03\/postQueueImg_1677693059.02.jpg","datePublished":"2023-03-01T21:20:55+00:00","dateModified":"2023-03-01T22:36:25+00:00","author":{"@id":"https:\/\/www.africa-press.net\/togo\/#\/schema\/person\/2b1cf3cd81a31e3cd26889ca66d677f1"},"description":"Le Tribunal de grande instance de Bobo-Dioulasso a condamne\u0301 l\u2019activiste Nestor Podasse\u0301 a\u0300 24 mois de prison, dont 0 ...","breadcrumb":{"@id":"https:\/\/www.africa-press.net\/togo\/toutes-les-actualites\/burkina-faso-un-acteur-de-la-societe-civile-condamne-a-24-mois-de-prison#breadcrumb"},"inLanguage":"fr-FR","potentialAction":[{"@type":"ReadAction","target":["https:\/\/www.africa-press.net\/togo\/toutes-les-actualites\/burkina-faso-un-acteur-de-la-societe-civile-condamne-a-24-mois-de-prison"]}]},{"@type":"ImageObject","inLanguage":"fr-FR","@id":"https:\/\/www.africa-press.net\/togo\/toutes-les-actualites\/burkina-faso-un-acteur-de-la-societe-civile-condamne-a-24-mois-de-prison#primaryimage","url":"https:\/\/static.africa-press.net\/togo\/sites\/58\/2023\/03\/postQueueImg_1677693059.02.jpg","contentUrl":"https:\/\/static.africa-press.net\/togo\/sites\/58\/2023\/03\/postQueueImg_1677693059.02.jpg","width":1280,"height":800,"caption":"Burkina Faso-Un acteur de la soci\u00e9t\u00e9 civile condamn\u00e9 \u00e0 24 mois de prison"},{"@type":"BreadcrumbList","@id":"https:\/\/www.africa-press.net\/togo\/toutes-les-actualites\/burkina-faso-un-acteur-de-la-societe-civile-condamne-a-24-mois-de-prison#breadcrumb","itemListElement":[{"@type":"ListItem","position":1,"name":"Accueil","item":"https:\/\/www.africa-press.net\/togo\/"},{"@type":"ListItem","position":2,"name":"Burkina Faso-Un acteur de la soci\u00e9t\u00e9 civile condamn\u00e9 \u00e0 24 mois de prison"}]},{"@type":"WebSite","@id":"https:\/\/www.africa-press.net\/togo\/#website","url":"https:\/\/www.africa-press.net\/togo\/","name":"Togo","description":"Just another Africa News Agency Sites site","potentialAction":[{"@type":"SearchAction","target":{"@type":"EntryPoint","urlTemplate":"https:\/\/www.africa-press.net\/togo\/?s={search_term_string}"},"query-input":{"@type":"PropertyValueSpecification","valueRequired":true,"valueName":"search_term_string"}}],"inLanguage":"fr-FR"},{"@type":"Person","@id":"https:\/\/www.africa-press.net\/togo\/#\/schema\/person\/2b1cf3cd81a31e3cd26889ca66d677f1","name":"cfeditorfr"}]}},"_links":{"self":[{"href":"https:\/\/www.africa-press.net\/togo\/wp-json\/wp\/v2\/posts\/17982","targetHints":{"allow":["GET"]}}],"collection":[{"href":"https:\/\/www.africa-press.net\/togo\/wp-json\/wp\/v2\/posts"}],"about":[{"href":"https:\/\/www.africa-press.net\/togo\/wp-json\/wp\/v2\/types\/post"}],"author":[{"embeddable":true,"href":"https:\/\/www.africa-press.net\/togo\/wp-json\/wp\/v2\/users\/82"}],"replies":[{"embeddable":true,"href":"https:\/\/www.africa-press.net\/togo\/wp-json\/wp\/v2\/comments?post=17982"}],"version-history":[{"count":0,"href":"https:\/\/www.africa-press.net\/togo\/wp-json\/wp\/v2\/posts\/17982\/revisions"}],"wp:featuredmedia":[{"embeddable":true,"href":"https:\/\/www.africa-press.net\/togo\/wp-json\/wp\/v2\/media\/17981"}],"wp:attachment":[{"href":"https:\/\/www.africa-press.net\/togo\/wp-json\/wp\/v2\/media?parent=17982"}],"wp:term":[{"taxonomy":"category","embeddable":true,"href":"https:\/\/www.africa-press.net\/togo\/wp-json\/wp\/v2\/categories?post=17982"},{"taxonomy":"post_tag","embeddable":true,"href":"https:\/\/www.africa-press.net\/togo\/wp-json\/wp\/v2\/tags?post=17982"}],"curies":[{"name":"wp","href":"https:\/\/api.w.org\/{rel}","templated":true}]}}