{"id":18031,"date":"2023-03-02T12:24:39","date_gmt":"2023-03-02T12:24:39","guid":{"rendered":"https:\/\/www.africa-press.net\/togo\/politique\/elim-can-2023-roger-aholou-de-retour-dans-le-nid-des-eperviers"},"modified":"2023-03-02T12:45:06","modified_gmt":"2023-03-02T12:45:06","slug":"elim-can-2023-roger-aholou-de-retour-dans-le-nid-des-eperviers","status":"publish","type":"post","link":"https:\/\/www.africa-press.net\/togo\/sports\/elim-can-2023-roger-aholou-de-retour-dans-le-nid-des-eperviers","title":{"rendered":"\u00c9lim CAN 2023 : Roger Aholou de retour dans le nid des \u00c9perviers ?"},"content":{"rendered":"<p><span style=\"color: #ff6600\"><strong>Africa-Press &#8211; Togo. <\/strong><\/span><b>Le milieu de terrain sera probablement sur la liste de Paulo Duarte, coach des E\u0301perviers, pour la double confrontation Togo-Burkina Faso, au titre des e\u0301liminatoires de la CAN 2023.<\/b><\/p>\n<p>E\u0301carte\u0301 durant un moment du nid des E\u0301perviers, pour \u201cmanque\u201d de performance, a\u0300 en croire Paulo Duarte mercredi, Roger Aholou fera son come-back lors de la double confrontation Togo vs Burkina Faso.<\/p>\n<p>\u201cAujourd\u2019hui, je le regarde, je le trouve comple\u0300tement diffe\u0301rent. Un joueur de grand niveau qui joue dans un championnat de haut niveau en Afrique, au Maroc (Raja Club Athletic). Il joue techniquement et tactiquement bien\u201d, explique le technicien portugais des E\u0301perviers. Avant d\u2019ajouter : \u201cRoger Aholou fera partie de cette liste qui va affronter le Burkina\u201d.<\/p>\n<p>Selon le site foot.tg, Paulo Duarte s\u2019exprimait mercredi dans l\u2019e\u0301mission Fou de foot, un programme de Radio Victoire FM.<\/p>\n<p>La double confrontation entre le Togo et le Burkina Faso se jouera le 24 mars prochain a\u0300 Marakech au Maroc et le 28 mars au stade de Ke\u0301gue\u0301 a\u0300 Lome\u0301.<\/p>\n<p><strong>Pour plus d&rsquo;informations et d&rsquo;analyses sur la <a href=\"https:\/\/www.africa-press.net\/togo\">Togo<\/a>, suivez <a href=\"https:\/\/www.africa-press.net\/\">Africa-Press<\/a><\/strong><\/p>\n","protected":false},"excerpt":{"rendered":"<p>Africa-Press &#8211; Togo. Le milieu de terrain sera probablement sur la liste de Paulo Duarte, coach des E\u0301perviers, pour la double confrontation Togo-Burkina Faso, au titre des e\u0301liminatoires de la CAN 2023. E\u0301carte\u0301 durant un moment du nid des E\u0301perviers, pour \u201cmanque\u201d de performance, a\u0300 en croire Paulo Duarte mercredi, Roger Aholou fera son come-back [&hellip;]<\/p>\n","protected":false},"author":82,"featured_media":18029,"comment_status":"open","ping_status":"closed","sticky":false,"template":"","format":"standard","meta":{"footnotes":""},"categories":[6,10],"tags":[36,49,50],"class_list":["post-18031","post","type-post","status-publish","format-standard","has-post-thumbnail","hentry","category-sports","category-toutes-les-actualites","tag-africa-press","tag-africa-press-togo","tag-togo"],"yoast_head":"<!-- This site is optimized with the Yoast SEO Premium plugin v26.1 (Yoast SEO v27.0) - https:\/\/yoast.com\/product\/yoast-seo-premium-wordpress\/ -->\n<title>\u00c9lim CAN 2023 : Roger Aholou de retour dans le nid des \u00c9perviers ? - Togo<\/title>\n<meta name=\"description\" content=\"Le milieu de terrain sera probablement sur la liste de Paulo Duarte, coach des E\u0301perviers, pour la double confrontati ...\" \/>\n<meta name=\"robots\" content=\"index, follow, max-snippet:-1, max-image-preview:large, max-video-preview:-1\" \/>\n<link rel=\"canonical\" href=\"https:\/\/www.africa-press.net\/togo\/sports\/elim-can-2023-roger-aholou-de-retour-dans-le-nid-des-eperviers\" \/>\n<meta property=\"og:locale\" content=\"fr_FR\" \/>\n<meta property=\"og:type\" content=\"article\" \/>\n<meta property=\"og:title\" content=\"\u00c9lim CAN 2023 : Roger Aholou de retour dans le nid des \u00c9perviers ?\" \/>\n<meta property=\"og:description\" content=\"Le milieu de terrain sera probablement sur la liste de Paulo Duarte, coach des E\u0301perviers, pour la double confrontati ...\" \/>\n<meta property=\"og:url\" content=\"https:\/\/www.africa-press.net\/togo\/sports\/elim-can-2023-roger-aholou-de-retour-dans-le-nid-des-eperviers\" \/>\n<meta property=\"og:site_name\" content=\"Togo\" \/>\n<meta property=\"article:published_time\" content=\"2023-03-02T12:24:39+00:00\" \/>\n<meta property=\"article:modified_time\" content=\"2023-03-02T12:45:06+00:00\" \/>\n<meta property=\"og:image\" content=\"https:\/\/static.africa-press.net\/togo\/sites\/58\/2023\/03\/postQueueImg_1677747284.41.jpg\" \/>\n\t<meta property=\"og:image:width\" content=\"1051\" \/>\n\t<meta property=\"og:image:height\" content=\"750\" \/>\n\t<meta property=\"og:image:type\" content=\"image\/jpeg\" \/>\n<meta name=\"author\" content=\"cfeditorfr\" \/>\n<meta name=\"twitter:card\" content=\"summary_large_image\" \/>\n<meta name=\"twitter:label1\" content=\"\u00c9crit par\" \/>\n\t<meta name=\"twitter:data1\" content=\"cfeditorfr\" \/>\n\t<meta name=\"twitter:label2\" content=\"Dur\u00e9e de lecture estim\u00e9e\" \/>\n\t<meta name=\"twitter:data2\" content=\"1 minute\" \/>\n<script type=\"application\/ld+json\" class=\"yoast-schema-graph\">{\"@context\":\"https:\/\/schema.org\",\"@graph\":[{\"@type\":\"Article\",\"@id\":\"https:\/\/www.africa-press.net\/togo\/sports\/elim-can-2023-roger-aholou-de-retour-dans-le-nid-des-eperviers#article\",\"isPartOf\":{\"@id\":\"https:\/\/www.africa-press.net\/togo\/sports\/elim-can-2023-roger-aholou-de-retour-dans-le-nid-des-eperviers\"},\"author\":{\"name\":\"cfeditorfr\",\"@id\":\"https:\/\/www.africa-press.net\/togo\/#\/schema\/person\/2b1cf3cd81a31e3cd26889ca66d677f1\"},\"headline\":\"\u00c9lim CAN 2023 : Roger Aholou de retour dans le nid des \u00c9perviers ?\",\"datePublished\":\"2023-03-02T12:24:39+00:00\",\"dateModified\":\"2023-03-02T12:45:06+00:00\",\"mainEntityOfPage\":{\"@id\":\"https:\/\/www.africa-press.net\/togo\/sports\/elim-can-2023-roger-aholou-de-retour-dans-le-nid-des-eperviers\"},\"wordCount\":202,\"commentCount\":0,\"image\":{\"@id\":\"https:\/\/www.africa-press.net\/togo\/sports\/elim-can-2023-roger-aholou-de-retour-dans-le-nid-des-eperviers#primaryimage\"},\"thumbnailUrl\":\"https:\/\/static.africa-press.net\/togo\/sites\/58\/2023\/03\/postQueueImg_1677747284.41.jpg\",\"keywords\":[\"Africa Press\",\"Africa Press-Togo\",\"Togo\"],\"articleSection\":[\"Sports\",\"Toutes les actualit\u00e9s\"],\"inLanguage\":\"fr-FR\",\"potentialAction\":[{\"@type\":\"CommentAction\",\"name\":\"Comment\",\"target\":[\"https:\/\/www.africa-press.net\/togo\/sports\/elim-can-2023-roger-aholou-de-retour-dans-le-nid-des-eperviers#respond\"]}]},{\"@type\":\"WebPage\",\"@id\":\"https:\/\/www.africa-press.net\/togo\/sports\/elim-can-2023-roger-aholou-de-retour-dans-le-nid-des-eperviers\",\"url\":\"https:\/\/www.africa-press.net\/togo\/sports\/elim-can-2023-roger-aholou-de-retour-dans-le-nid-des-eperviers\",\"name\":\"\u00c9lim CAN 2023 : Roger Aholou de retour dans le nid des \u00c9perviers ? - Togo\",\"isPartOf\":{\"@id\":\"https:\/\/www.africa-press.net\/togo\/#website\"},\"primaryImageOfPage\":{\"@id\":\"https:\/\/www.africa-press.net\/togo\/sports\/elim-can-2023-roger-aholou-de-retour-dans-le-nid-des-eperviers#primaryimage\"},\"image\":{\"@id\":\"https:\/\/www.africa-press.net\/togo\/sports\/elim-can-2023-roger-aholou-de-retour-dans-le-nid-des-eperviers#primaryimage\"},\"thumbnailUrl\":\"https:\/\/static.africa-press.net\/togo\/sites\/58\/2023\/03\/postQueueImg_1677747284.41.jpg\",\"datePublished\":\"2023-03-02T12:24:39+00:00\",\"dateModified\":\"2023-03-02T12:45:06+00:00\",\"author\":{\"@id\":\"https:\/\/www.africa-press.net\/togo\/#\/schema\/person\/2b1cf3cd81a31e3cd26889ca66d677f1\"},\"description\":\"Le milieu de terrain sera probablement sur la liste de Paulo Duarte, coach des E\u0301perviers, pour la double confrontati ...\",\"breadcrumb\":{\"@id\":\"https:\/\/www.africa-press.net\/togo\/sports\/elim-can-2023-roger-aholou-de-retour-dans-le-nid-des-eperviers#breadcrumb\"},\"inLanguage\":\"fr-FR\",\"potentialAction\":[{\"@type\":\"ReadAction\",\"target\":[\"https:\/\/www.africa-press.net\/togo\/sports\/elim-can-2023-roger-aholou-de-retour-dans-le-nid-des-eperviers\"]}]},{\"@type\":\"ImageObject\",\"inLanguage\":\"fr-FR\",\"@id\":\"https:\/\/www.africa-press.net\/togo\/sports\/elim-can-2023-roger-aholou-de-retour-dans-le-nid-des-eperviers#primaryimage\",\"url\":\"https:\/\/static.africa-press.net\/togo\/sites\/58\/2023\/03\/postQueueImg_1677747284.41.jpg\",\"contentUrl\":\"https:\/\/static.africa-press.net\/togo\/sites\/58\/2023\/03\/postQueueImg_1677747284.41.jpg\",\"width\":1051,\"height\":750,\"caption\":\"\u00c9lim CAN 2023 : Roger Aholou de retour dans le nid des \u00c9perviers ?\"},{\"@type\":\"BreadcrumbList\",\"@id\":\"https:\/\/www.africa-press.net\/togo\/sports\/elim-can-2023-roger-aholou-de-retour-dans-le-nid-des-eperviers#breadcrumb\",\"itemListElement\":[{\"@type\":\"ListItem\",\"position\":1,\"name\":\"Accueil\",\"item\":\"https:\/\/www.africa-press.net\/togo\/\"},{\"@type\":\"ListItem\",\"position\":2,\"name\":\"\u00c9lim CAN 2023 : Roger Aholou de retour dans le nid des \u00c9perviers ?\"}]},{\"@type\":\"WebSite\",\"@id\":\"https:\/\/www.africa-press.net\/togo\/#website\",\"url\":\"https:\/\/www.africa-press.net\/togo\/\",\"name\":\"Togo\",\"description\":\"Just another Africa News Agency Sites site\",\"potentialAction\":[{\"@type\":\"SearchAction\",\"target\":{\"@type\":\"EntryPoint\",\"urlTemplate\":\"https:\/\/www.africa-press.net\/togo\/?s={search_term_string}\"},\"query-input\":{\"@type\":\"PropertyValueSpecification\",\"valueRequired\":true,\"valueName\":\"search_term_string\"}}],\"inLanguage\":\"fr-FR\"},{\"@type\":\"Person\",\"@id\":\"https:\/\/www.africa-press.net\/togo\/#\/schema\/person\/2b1cf3cd81a31e3cd26889ca66d677f1\",\"name\":\"cfeditorfr\"}]}<\/script>\n<!-- \/ Yoast SEO Premium plugin. -->","yoast_head_json":{"title":"\u00c9lim CAN 2023 : Roger Aholou de retour dans le nid des \u00c9perviers ? - Togo","description":"Le milieu de terrain sera probablement sur la liste de Paulo Duarte, coach des E\u0301perviers, pour la double confrontati ...","robots":{"index":"index","follow":"follow","max-snippet":"max-snippet:-1","max-image-preview":"max-image-preview:large","max-video-preview":"max-video-preview:-1"},"canonical":"https:\/\/www.africa-press.net\/togo\/sports\/elim-can-2023-roger-aholou-de-retour-dans-le-nid-des-eperviers","og_locale":"fr_FR","og_type":"article","og_title":"\u00c9lim CAN 2023 : Roger Aholou de retour dans le nid des \u00c9perviers ?","og_description":"Le milieu de terrain sera probablement sur la liste de Paulo Duarte, coach des E\u0301perviers, pour la double confrontati ...","og_url":"https:\/\/www.africa-press.net\/togo\/sports\/elim-can-2023-roger-aholou-de-retour-dans-le-nid-des-eperviers","og_site_name":"Togo","article_published_time":"2023-03-02T12:24:39+00:00","article_modified_time":"2023-03-02T12:45:06+00:00","og_image":[{"width":1051,"height":750,"url":"https:\/\/static.africa-press.net\/togo\/sites\/58\/2023\/03\/postQueueImg_1677747284.41.jpg","type":"image\/jpeg"}],"author":"cfeditorfr","twitter_card":"summary_large_image","twitter_misc":{"\u00c9crit par":"cfeditorfr","Dur\u00e9e de lecture estim\u00e9e":"1 minute"},"schema":{"@context":"https:\/\/schema.org","@graph":[{"@type":"Article","@id":"https:\/\/www.africa-press.net\/togo\/sports\/elim-can-2023-roger-aholou-de-retour-dans-le-nid-des-eperviers#article","isPartOf":{"@id":"https:\/\/www.africa-press.net\/togo\/sports\/elim-can-2023-roger-aholou-de-retour-dans-le-nid-des-eperviers"},"author":{"name":"cfeditorfr","@id":"https:\/\/www.africa-press.net\/togo\/#\/schema\/person\/2b1cf3cd81a31e3cd26889ca66d677f1"},"headline":"\u00c9lim CAN 2023 : Roger Aholou de retour dans le nid des \u00c9perviers ?","datePublished":"2023-03-02T12:24:39+00:00","dateModified":"2023-03-02T12:45:06+00:00","mainEntityOfPage":{"@id":"https:\/\/www.africa-press.net\/togo\/sports\/elim-can-2023-roger-aholou-de-retour-dans-le-nid-des-eperviers"},"wordCount":202,"commentCount":0,"image":{"@id":"https:\/\/www.africa-press.net\/togo\/sports\/elim-can-2023-roger-aholou-de-retour-dans-le-nid-des-eperviers#primaryimage"},"thumbnailUrl":"https:\/\/static.africa-press.net\/togo\/sites\/58\/2023\/03\/postQueueImg_1677747284.41.jpg","keywords":["Africa Press","Africa Press-Togo","Togo"],"articleSection":["Sports","Toutes les actualit\u00e9s"],"inLanguage":"fr-FR","potentialAction":[{"@type":"CommentAction","name":"Comment","target":["https:\/\/www.africa-press.net\/togo\/sports\/elim-can-2023-roger-aholou-de-retour-dans-le-nid-des-eperviers#respond"]}]},{"@type":"WebPage","@id":"https:\/\/www.africa-press.net\/togo\/sports\/elim-can-2023-roger-aholou-de-retour-dans-le-nid-des-eperviers","url":"https:\/\/www.africa-press.net\/togo\/sports\/elim-can-2023-roger-aholou-de-retour-dans-le-nid-des-eperviers","name":"\u00c9lim CAN 2023 : Roger Aholou de retour dans le nid des \u00c9perviers ? - Togo","isPartOf":{"@id":"https:\/\/www.africa-press.net\/togo\/#website"},"primaryImageOfPage":{"@id":"https:\/\/www.africa-press.net\/togo\/sports\/elim-can-2023-roger-aholou-de-retour-dans-le-nid-des-eperviers#primaryimage"},"image":{"@id":"https:\/\/www.africa-press.net\/togo\/sports\/elim-can-2023-roger-aholou-de-retour-dans-le-nid-des-eperviers#primaryimage"},"thumbnailUrl":"https:\/\/static.africa-press.net\/togo\/sites\/58\/2023\/03\/postQueueImg_1677747284.41.jpg","datePublished":"2023-03-02T12:24:39+00:00","dateModified":"2023-03-02T12:45:06+00:00","author":{"@id":"https:\/\/www.africa-press.net\/togo\/#\/schema\/person\/2b1cf3cd81a31e3cd26889ca66d677f1"},"description":"Le milieu de terrain sera probablement sur la liste de Paulo Duarte, coach des E\u0301perviers, pour la double confrontati ...","breadcrumb":{"@id":"https:\/\/www.africa-press.net\/togo\/sports\/elim-can-2023-roger-aholou-de-retour-dans-le-nid-des-eperviers#breadcrumb"},"inLanguage":"fr-FR","potentialAction":[{"@type":"ReadAction","target":["https:\/\/www.africa-press.net\/togo\/sports\/elim-can-2023-roger-aholou-de-retour-dans-le-nid-des-eperviers"]}]},{"@type":"ImageObject","inLanguage":"fr-FR","@id":"https:\/\/www.africa-press.net\/togo\/sports\/elim-can-2023-roger-aholou-de-retour-dans-le-nid-des-eperviers#primaryimage","url":"https:\/\/static.africa-press.net\/togo\/sites\/58\/2023\/03\/postQueueImg_1677747284.41.jpg","contentUrl":"https:\/\/static.africa-press.net\/togo\/sites\/58\/2023\/03\/postQueueImg_1677747284.41.jpg","width":1051,"height":750,"caption":"\u00c9lim CAN 2023 : Roger Aholou de retour dans le nid des \u00c9perviers ?"},{"@type":"BreadcrumbList","@id":"https:\/\/www.africa-press.net\/togo\/sports\/elim-can-2023-roger-aholou-de-retour-dans-le-nid-des-eperviers#breadcrumb","itemListElement":[{"@type":"ListItem","position":1,"name":"Accueil","item":"https:\/\/www.africa-press.net\/togo\/"},{"@type":"ListItem","position":2,"name":"\u00c9lim CAN 2023 : Roger Aholou de retour dans le nid des \u00c9perviers ?"}]},{"@type":"WebSite","@id":"https:\/\/www.africa-press.net\/togo\/#website","url":"https:\/\/www.africa-press.net\/togo\/","name":"Togo","description":"Just another Africa News Agency Sites site","potentialAction":[{"@type":"SearchAction","target":{"@type":"EntryPoint","urlTemplate":"https:\/\/www.africa-press.net\/togo\/?s={search_term_string}"},"query-input":{"@type":"PropertyValueSpecification","valueRequired":true,"valueName":"search_term_string"}}],"inLanguage":"fr-FR"},{"@type":"Person","@id":"https:\/\/www.africa-press.net\/togo\/#\/schema\/person\/2b1cf3cd81a31e3cd26889ca66d677f1","name":"cfeditorfr"}]}},"_links":{"self":[{"href":"https:\/\/www.africa-press.net\/togo\/wp-json\/wp\/v2\/posts\/18031","targetHints":{"allow":["GET"]}}],"collection":[{"href":"https:\/\/www.africa-press.net\/togo\/wp-json\/wp\/v2\/posts"}],"about":[{"href":"https:\/\/www.africa-press.net\/togo\/wp-json\/wp\/v2\/types\/post"}],"author":[{"embeddable":true,"href":"https:\/\/www.africa-press.net\/togo\/wp-json\/wp\/v2\/users\/82"}],"replies":[{"embeddable":true,"href":"https:\/\/www.africa-press.net\/togo\/wp-json\/wp\/v2\/comments?post=18031"}],"version-history":[{"count":0,"href":"https:\/\/www.africa-press.net\/togo\/wp-json\/wp\/v2\/posts\/18031\/revisions"}],"wp:featuredmedia":[{"embeddable":true,"href":"https:\/\/www.africa-press.net\/togo\/wp-json\/wp\/v2\/media\/18029"}],"wp:attachment":[{"href":"https:\/\/www.africa-press.net\/togo\/wp-json\/wp\/v2\/media?parent=18031"}],"wp:term":[{"taxonomy":"category","embeddable":true,"href":"https:\/\/www.africa-press.net\/togo\/wp-json\/wp\/v2\/categories?post=18031"},{"taxonomy":"post_tag","embeddable":true,"href":"https:\/\/www.africa-press.net\/togo\/wp-json\/wp\/v2\/tags?post=18031"}],"curies":[{"name":"wp","href":"https:\/\/api.w.org\/{rel}","templated":true}]}}