{"id":18037,"date":"2023-03-02T12:25:06","date_gmt":"2023-03-02T12:25:06","guid":{"rendered":"https:\/\/www.africa-press.net\/togo\/politique\/rdc-une-ong-denombre-70-deces-a-la-prison-de-makala-en-2-mois"},"modified":"2023-03-02T12:50:25","modified_gmt":"2023-03-02T12:50:25","slug":"rdc-une-ong-denombre-70-deces-a-la-prison-de-makala-en-2-mois","status":"publish","type":"post","link":"https:\/\/www.africa-press.net\/togo\/toutes-les-actualites\/rdc-une-ong-denombre-70-deces-a-la-prison-de-makala-en-2-mois","title":{"rendered":"RDC-Une ONG d\u00e9nombre 70 d\u00e9c\u00e8s \u00e0 la prison de Makala en 2 mois"},"content":{"rendered":"<p><span style=\"color: #ff6600\"><strong>Africa-Press &#8211; Togo. <\/strong><\/span><b>La prison de Makala (la seule prison dans la capitale Kinshasa) serait un mouroir pour ses pensionnaires, selon la Fondation Bill Clinton pour la paix (FBCP).<\/b> <b>70 morts depuis de\u0301but 2023.<\/b><\/p>\n<p>Pour le seul mois de fe\u0301vrier, l\u2019organisation non gouvernementale a note\u0301 35 de\u0301ce\u0300s, rallongeant la liste a\u0300 70 depuis le de\u0301but de l\u2019anne\u0301e. \u00abCe qui est constant dans la prison de Makala, ce sont les e\u0301touffements, les maladies infectieuses et les mauvaises conditions sanitaires \u00bb, re\u0301sume Emmanuel Adu Cole, le Coordonnateur de cette fondation.<\/p>\n<p>L\u2019autre facteur expliquant cette situation macabre reste la surpopulation carce\u0301rale. Selon le Coordonnateur, \u00ab On ne peut pas concevoir que la prison centrale de Makala, qui a e\u0301te\u0301 construite pour 1 500 personnes, accueille plus de 10 000 de\u0301tenus. C\u2019est inacceptable \u00bb.<\/p>\n<p>La Fondation Bill Clinton pour la paix interpelle e\u0301galement le fait que l\u2019Etat ne soit pas en mesure de nourrir les de\u0301tenus, pre\u0301cisant que 80% des pensionnaires de Makala \u00ab mangent de la nourriture qui vient de la cite\u0301 \u00bb.<\/p>\n<p>Les autorite\u0301s compe\u0301tentes, insiste cette organisation portant le nom de l\u2019ancien pre\u0301sident ame\u0301ricain, doivent s\u2019employer pour trouver des solutions a\u0300 ces proble\u0300mes. L\u2019une d\u2019elles devrait e\u0302tre la construction d\u2019autres prisons civiles, indique-t-elle.<\/p>\n<p><strong>Pour plus d&rsquo;informations et d&rsquo;analyses sur la <a href=\"https:\/\/www.africa-press.net\/togo\">Togo<\/a>, suivez <a href=\"https:\/\/www.africa-press.net\/\">Africa-Press<\/a><\/strong><\/p>\n","protected":false},"excerpt":{"rendered":"<p>Africa-Press &#8211; Togo. La prison de Makala (la seule prison dans la capitale Kinshasa) serait un mouroir pour ses pensionnaires, selon la Fondation Bill Clinton pour la paix (FBCP). 70 morts depuis de\u0301but 2023. Pour le seul mois de fe\u0301vrier, l\u2019organisation non gouvernementale a note\u0301 35 de\u0301ce\u0300s, rallongeant la liste a\u0300 70 depuis le de\u0301but [&hellip;]<\/p>\n","protected":false},"author":82,"featured_media":18036,"comment_status":"open","ping_status":"closed","sticky":false,"template":"","format":"standard","meta":{"footnotes":""},"categories":[21,10],"tags":[36,49,50],"class_list":["post-18037","post","type-post","status-publish","format-standard","has-post-thumbnail","hentry","category-communaute","category-toutes-les-actualites","tag-africa-press","tag-africa-press-togo","tag-togo"],"yoast_head":"<!-- This site is optimized with the Yoast SEO Premium plugin v26.1 (Yoast SEO v27.0) - https:\/\/yoast.com\/product\/yoast-seo-premium-wordpress\/ -->\n<title>RDC-Une ONG d\u00e9nombre 70 d\u00e9c\u00e8s \u00e0 la prison de Makala en 2 mois - Togo<\/title>\n<meta name=\"description\" content=\"La prison de Makala (la seule prison dans la capitale Kinshasa) serait un mouroir pour ses pensionnaires, selon la Fo ...\" \/>\n<meta name=\"robots\" content=\"index, follow, max-snippet:-1, max-image-preview:large, max-video-preview:-1\" \/>\n<link rel=\"canonical\" href=\"https:\/\/www.africa-press.net\/togo\/toutes-les-actualites\/rdc-une-ong-denombre-70-deces-a-la-prison-de-makala-en-2-mois\" \/>\n<meta property=\"og:locale\" content=\"fr_FR\" \/>\n<meta property=\"og:type\" content=\"article\" \/>\n<meta property=\"og:title\" content=\"RDC-Une ONG d\u00e9nombre 70 d\u00e9c\u00e8s \u00e0 la prison de Makala en 2 mois\" \/>\n<meta property=\"og:description\" content=\"La prison de Makala (la seule prison dans la capitale Kinshasa) serait un mouroir pour ses pensionnaires, selon la Fo ...\" \/>\n<meta property=\"og:url\" content=\"https:\/\/www.africa-press.net\/togo\/toutes-les-actualites\/rdc-une-ong-denombre-70-deces-a-la-prison-de-makala-en-2-mois\" \/>\n<meta property=\"og:site_name\" content=\"Togo\" \/>\n<meta property=\"article:published_time\" content=\"2023-03-02T12:25:06+00:00\" \/>\n<meta property=\"article:modified_time\" content=\"2023-03-02T12:50:25+00:00\" \/>\n<meta property=\"og:image\" content=\"https:\/\/static.africa-press.net\/togo\/sites\/58\/2023\/03\/postQueueImg_1677747332.47.jpg\" \/>\n\t<meta property=\"og:image:width\" content=\"1280\" \/>\n\t<meta property=\"og:image:height\" content=\"800\" \/>\n\t<meta property=\"og:image:type\" content=\"image\/jpeg\" \/>\n<meta name=\"author\" content=\"cfeditorfr\" \/>\n<meta name=\"twitter:card\" content=\"summary_large_image\" \/>\n<meta name=\"twitter:label1\" content=\"\u00c9crit par\" \/>\n\t<meta name=\"twitter:data1\" content=\"cfeditorfr\" \/>\n\t<meta name=\"twitter:label2\" content=\"Dur\u00e9e de lecture estim\u00e9e\" \/>\n\t<meta name=\"twitter:data2\" content=\"1 minute\" \/>\n<script type=\"application\/ld+json\" class=\"yoast-schema-graph\">{\"@context\":\"https:\/\/schema.org\",\"@graph\":[{\"@type\":\"Article\",\"@id\":\"https:\/\/www.africa-press.net\/togo\/toutes-les-actualites\/rdc-une-ong-denombre-70-deces-a-la-prison-de-makala-en-2-mois#article\",\"isPartOf\":{\"@id\":\"https:\/\/www.africa-press.net\/togo\/toutes-les-actualites\/rdc-une-ong-denombre-70-deces-a-la-prison-de-makala-en-2-mois\"},\"author\":{\"name\":\"cfeditorfr\",\"@id\":\"https:\/\/www.africa-press.net\/togo\/#\/schema\/person\/2b1cf3cd81a31e3cd26889ca66d677f1\"},\"headline\":\"RDC-Une ONG d\u00e9nombre 70 d\u00e9c\u00e8s \u00e0 la prison de Makala en 2 mois\",\"datePublished\":\"2023-03-02T12:25:06+00:00\",\"dateModified\":\"2023-03-02T12:50:25+00:00\",\"mainEntityOfPage\":{\"@id\":\"https:\/\/www.africa-press.net\/togo\/toutes-les-actualites\/rdc-une-ong-denombre-70-deces-a-la-prison-de-makala-en-2-mois\"},\"wordCount\":243,\"commentCount\":0,\"image\":{\"@id\":\"https:\/\/www.africa-press.net\/togo\/toutes-les-actualites\/rdc-une-ong-denombre-70-deces-a-la-prison-de-makala-en-2-mois#primaryimage\"},\"thumbnailUrl\":\"https:\/\/static.africa-press.net\/togo\/sites\/58\/2023\/03\/postQueueImg_1677747332.47.jpg\",\"keywords\":[\"Africa Press\",\"Africa Press-Togo\",\"Togo\"],\"articleSection\":[\"Communaut\u00e9\",\"Toutes les actualit\u00e9s\"],\"inLanguage\":\"fr-FR\",\"potentialAction\":[{\"@type\":\"CommentAction\",\"name\":\"Comment\",\"target\":[\"https:\/\/www.africa-press.net\/togo\/toutes-les-actualites\/rdc-une-ong-denombre-70-deces-a-la-prison-de-makala-en-2-mois#respond\"]}]},{\"@type\":\"WebPage\",\"@id\":\"https:\/\/www.africa-press.net\/togo\/toutes-les-actualites\/rdc-une-ong-denombre-70-deces-a-la-prison-de-makala-en-2-mois\",\"url\":\"https:\/\/www.africa-press.net\/togo\/toutes-les-actualites\/rdc-une-ong-denombre-70-deces-a-la-prison-de-makala-en-2-mois\",\"name\":\"RDC-Une ONG d\u00e9nombre 70 d\u00e9c\u00e8s \u00e0 la prison de Makala en 2 mois - Togo\",\"isPartOf\":{\"@id\":\"https:\/\/www.africa-press.net\/togo\/#website\"},\"primaryImageOfPage\":{\"@id\":\"https:\/\/www.africa-press.net\/togo\/toutes-les-actualites\/rdc-une-ong-denombre-70-deces-a-la-prison-de-makala-en-2-mois#primaryimage\"},\"image\":{\"@id\":\"https:\/\/www.africa-press.net\/togo\/toutes-les-actualites\/rdc-une-ong-denombre-70-deces-a-la-prison-de-makala-en-2-mois#primaryimage\"},\"thumbnailUrl\":\"https:\/\/static.africa-press.net\/togo\/sites\/58\/2023\/03\/postQueueImg_1677747332.47.jpg\",\"datePublished\":\"2023-03-02T12:25:06+00:00\",\"dateModified\":\"2023-03-02T12:50:25+00:00\",\"author\":{\"@id\":\"https:\/\/www.africa-press.net\/togo\/#\/schema\/person\/2b1cf3cd81a31e3cd26889ca66d677f1\"},\"description\":\"La prison de Makala (la seule prison dans la capitale Kinshasa) serait un mouroir pour ses pensionnaires, selon la Fo ...\",\"breadcrumb\":{\"@id\":\"https:\/\/www.africa-press.net\/togo\/toutes-les-actualites\/rdc-une-ong-denombre-70-deces-a-la-prison-de-makala-en-2-mois#breadcrumb\"},\"inLanguage\":\"fr-FR\",\"potentialAction\":[{\"@type\":\"ReadAction\",\"target\":[\"https:\/\/www.africa-press.net\/togo\/toutes-les-actualites\/rdc-une-ong-denombre-70-deces-a-la-prison-de-makala-en-2-mois\"]}]},{\"@type\":\"ImageObject\",\"inLanguage\":\"fr-FR\",\"@id\":\"https:\/\/www.africa-press.net\/togo\/toutes-les-actualites\/rdc-une-ong-denombre-70-deces-a-la-prison-de-makala-en-2-mois#primaryimage\",\"url\":\"https:\/\/static.africa-press.net\/togo\/sites\/58\/2023\/03\/postQueueImg_1677747332.47.jpg\",\"contentUrl\":\"https:\/\/static.africa-press.net\/togo\/sites\/58\/2023\/03\/postQueueImg_1677747332.47.jpg\",\"width\":1280,\"height\":800,\"caption\":\"RDC-Une ONG d\u00e9nombre 70 d\u00e9c\u00e8s \u00e0 la prison de Makala en 2 mois\"},{\"@type\":\"BreadcrumbList\",\"@id\":\"https:\/\/www.africa-press.net\/togo\/toutes-les-actualites\/rdc-une-ong-denombre-70-deces-a-la-prison-de-makala-en-2-mois#breadcrumb\",\"itemListElement\":[{\"@type\":\"ListItem\",\"position\":1,\"name\":\"Accueil\",\"item\":\"https:\/\/www.africa-press.net\/togo\/\"},{\"@type\":\"ListItem\",\"position\":2,\"name\":\"RDC-Une ONG d\u00e9nombre 70 d\u00e9c\u00e8s \u00e0 la prison de Makala en 2 mois\"}]},{\"@type\":\"WebSite\",\"@id\":\"https:\/\/www.africa-press.net\/togo\/#website\",\"url\":\"https:\/\/www.africa-press.net\/togo\/\",\"name\":\"Togo\",\"description\":\"Just another Africa News Agency Sites site\",\"potentialAction\":[{\"@type\":\"SearchAction\",\"target\":{\"@type\":\"EntryPoint\",\"urlTemplate\":\"https:\/\/www.africa-press.net\/togo\/?s={search_term_string}\"},\"query-input\":{\"@type\":\"PropertyValueSpecification\",\"valueRequired\":true,\"valueName\":\"search_term_string\"}}],\"inLanguage\":\"fr-FR\"},{\"@type\":\"Person\",\"@id\":\"https:\/\/www.africa-press.net\/togo\/#\/schema\/person\/2b1cf3cd81a31e3cd26889ca66d677f1\",\"name\":\"cfeditorfr\"}]}<\/script>\n<!-- \/ Yoast SEO Premium plugin. -->","yoast_head_json":{"title":"RDC-Une ONG d\u00e9nombre 70 d\u00e9c\u00e8s \u00e0 la prison de Makala en 2 mois - Togo","description":"La prison de Makala (la seule prison dans la capitale Kinshasa) serait un mouroir pour ses pensionnaires, selon la Fo ...","robots":{"index":"index","follow":"follow","max-snippet":"max-snippet:-1","max-image-preview":"max-image-preview:large","max-video-preview":"max-video-preview:-1"},"canonical":"https:\/\/www.africa-press.net\/togo\/toutes-les-actualites\/rdc-une-ong-denombre-70-deces-a-la-prison-de-makala-en-2-mois","og_locale":"fr_FR","og_type":"article","og_title":"RDC-Une ONG d\u00e9nombre 70 d\u00e9c\u00e8s \u00e0 la prison de Makala en 2 mois","og_description":"La prison de Makala (la seule prison dans la capitale Kinshasa) serait un mouroir pour ses pensionnaires, selon la Fo ...","og_url":"https:\/\/www.africa-press.net\/togo\/toutes-les-actualites\/rdc-une-ong-denombre-70-deces-a-la-prison-de-makala-en-2-mois","og_site_name":"Togo","article_published_time":"2023-03-02T12:25:06+00:00","article_modified_time":"2023-03-02T12:50:25+00:00","og_image":[{"width":1280,"height":800,"url":"https:\/\/static.africa-press.net\/togo\/sites\/58\/2023\/03\/postQueueImg_1677747332.47.jpg","type":"image\/jpeg"}],"author":"cfeditorfr","twitter_card":"summary_large_image","twitter_misc":{"\u00c9crit par":"cfeditorfr","Dur\u00e9e de lecture estim\u00e9e":"1 minute"},"schema":{"@context":"https:\/\/schema.org","@graph":[{"@type":"Article","@id":"https:\/\/www.africa-press.net\/togo\/toutes-les-actualites\/rdc-une-ong-denombre-70-deces-a-la-prison-de-makala-en-2-mois#article","isPartOf":{"@id":"https:\/\/www.africa-press.net\/togo\/toutes-les-actualites\/rdc-une-ong-denombre-70-deces-a-la-prison-de-makala-en-2-mois"},"author":{"name":"cfeditorfr","@id":"https:\/\/www.africa-press.net\/togo\/#\/schema\/person\/2b1cf3cd81a31e3cd26889ca66d677f1"},"headline":"RDC-Une ONG d\u00e9nombre 70 d\u00e9c\u00e8s \u00e0 la prison de Makala en 2 mois","datePublished":"2023-03-02T12:25:06+00:00","dateModified":"2023-03-02T12:50:25+00:00","mainEntityOfPage":{"@id":"https:\/\/www.africa-press.net\/togo\/toutes-les-actualites\/rdc-une-ong-denombre-70-deces-a-la-prison-de-makala-en-2-mois"},"wordCount":243,"commentCount":0,"image":{"@id":"https:\/\/www.africa-press.net\/togo\/toutes-les-actualites\/rdc-une-ong-denombre-70-deces-a-la-prison-de-makala-en-2-mois#primaryimage"},"thumbnailUrl":"https:\/\/static.africa-press.net\/togo\/sites\/58\/2023\/03\/postQueueImg_1677747332.47.jpg","keywords":["Africa Press","Africa Press-Togo","Togo"],"articleSection":["Communaut\u00e9","Toutes les actualit\u00e9s"],"inLanguage":"fr-FR","potentialAction":[{"@type":"CommentAction","name":"Comment","target":["https:\/\/www.africa-press.net\/togo\/toutes-les-actualites\/rdc-une-ong-denombre-70-deces-a-la-prison-de-makala-en-2-mois#respond"]}]},{"@type":"WebPage","@id":"https:\/\/www.africa-press.net\/togo\/toutes-les-actualites\/rdc-une-ong-denombre-70-deces-a-la-prison-de-makala-en-2-mois","url":"https:\/\/www.africa-press.net\/togo\/toutes-les-actualites\/rdc-une-ong-denombre-70-deces-a-la-prison-de-makala-en-2-mois","name":"RDC-Une ONG d\u00e9nombre 70 d\u00e9c\u00e8s \u00e0 la prison de Makala en 2 mois - Togo","isPartOf":{"@id":"https:\/\/www.africa-press.net\/togo\/#website"},"primaryImageOfPage":{"@id":"https:\/\/www.africa-press.net\/togo\/toutes-les-actualites\/rdc-une-ong-denombre-70-deces-a-la-prison-de-makala-en-2-mois#primaryimage"},"image":{"@id":"https:\/\/www.africa-press.net\/togo\/toutes-les-actualites\/rdc-une-ong-denombre-70-deces-a-la-prison-de-makala-en-2-mois#primaryimage"},"thumbnailUrl":"https:\/\/static.africa-press.net\/togo\/sites\/58\/2023\/03\/postQueueImg_1677747332.47.jpg","datePublished":"2023-03-02T12:25:06+00:00","dateModified":"2023-03-02T12:50:25+00:00","author":{"@id":"https:\/\/www.africa-press.net\/togo\/#\/schema\/person\/2b1cf3cd81a31e3cd26889ca66d677f1"},"description":"La prison de Makala (la seule prison dans la capitale Kinshasa) serait un mouroir pour ses pensionnaires, selon la Fo ...","breadcrumb":{"@id":"https:\/\/www.africa-press.net\/togo\/toutes-les-actualites\/rdc-une-ong-denombre-70-deces-a-la-prison-de-makala-en-2-mois#breadcrumb"},"inLanguage":"fr-FR","potentialAction":[{"@type":"ReadAction","target":["https:\/\/www.africa-press.net\/togo\/toutes-les-actualites\/rdc-une-ong-denombre-70-deces-a-la-prison-de-makala-en-2-mois"]}]},{"@type":"ImageObject","inLanguage":"fr-FR","@id":"https:\/\/www.africa-press.net\/togo\/toutes-les-actualites\/rdc-une-ong-denombre-70-deces-a-la-prison-de-makala-en-2-mois#primaryimage","url":"https:\/\/static.africa-press.net\/togo\/sites\/58\/2023\/03\/postQueueImg_1677747332.47.jpg","contentUrl":"https:\/\/static.africa-press.net\/togo\/sites\/58\/2023\/03\/postQueueImg_1677747332.47.jpg","width":1280,"height":800,"caption":"RDC-Une ONG d\u00e9nombre 70 d\u00e9c\u00e8s \u00e0 la prison de Makala en 2 mois"},{"@type":"BreadcrumbList","@id":"https:\/\/www.africa-press.net\/togo\/toutes-les-actualites\/rdc-une-ong-denombre-70-deces-a-la-prison-de-makala-en-2-mois#breadcrumb","itemListElement":[{"@type":"ListItem","position":1,"name":"Accueil","item":"https:\/\/www.africa-press.net\/togo\/"},{"@type":"ListItem","position":2,"name":"RDC-Une ONG d\u00e9nombre 70 d\u00e9c\u00e8s \u00e0 la prison de Makala en 2 mois"}]},{"@type":"WebSite","@id":"https:\/\/www.africa-press.net\/togo\/#website","url":"https:\/\/www.africa-press.net\/togo\/","name":"Togo","description":"Just another Africa News Agency Sites site","potentialAction":[{"@type":"SearchAction","target":{"@type":"EntryPoint","urlTemplate":"https:\/\/www.africa-press.net\/togo\/?s={search_term_string}"},"query-input":{"@type":"PropertyValueSpecification","valueRequired":true,"valueName":"search_term_string"}}],"inLanguage":"fr-FR"},{"@type":"Person","@id":"https:\/\/www.africa-press.net\/togo\/#\/schema\/person\/2b1cf3cd81a31e3cd26889ca66d677f1","name":"cfeditorfr"}]}},"_links":{"self":[{"href":"https:\/\/www.africa-press.net\/togo\/wp-json\/wp\/v2\/posts\/18037","targetHints":{"allow":["GET"]}}],"collection":[{"href":"https:\/\/www.africa-press.net\/togo\/wp-json\/wp\/v2\/posts"}],"about":[{"href":"https:\/\/www.africa-press.net\/togo\/wp-json\/wp\/v2\/types\/post"}],"author":[{"embeddable":true,"href":"https:\/\/www.africa-press.net\/togo\/wp-json\/wp\/v2\/users\/82"}],"replies":[{"embeddable":true,"href":"https:\/\/www.africa-press.net\/togo\/wp-json\/wp\/v2\/comments?post=18037"}],"version-history":[{"count":0,"href":"https:\/\/www.africa-press.net\/togo\/wp-json\/wp\/v2\/posts\/18037\/revisions"}],"wp:featuredmedia":[{"embeddable":true,"href":"https:\/\/www.africa-press.net\/togo\/wp-json\/wp\/v2\/media\/18036"}],"wp:attachment":[{"href":"https:\/\/www.africa-press.net\/togo\/wp-json\/wp\/v2\/media?parent=18037"}],"wp:term":[{"taxonomy":"category","embeddable":true,"href":"https:\/\/www.africa-press.net\/togo\/wp-json\/wp\/v2\/categories?post=18037"},{"taxonomy":"post_tag","embeddable":true,"href":"https:\/\/www.africa-press.net\/togo\/wp-json\/wp\/v2\/tags?post=18037"}],"curies":[{"name":"wp","href":"https:\/\/api.w.org\/{rel}","templated":true}]}}