{"id":18049,"date":"2023-03-02T19:13:49","date_gmt":"2023-03-02T19:13:49","guid":{"rendered":"https:\/\/www.africa-press.net\/togo\/politique\/togo-covid-gate-passage-des-ministres-a-lhemicycle-triste-spectacle-2"},"modified":"2023-03-02T19:48:41","modified_gmt":"2023-03-02T19:48:41","slug":"togo-covid-gate-passage-des-ministres-a-lhemicycle-triste-spectacle-2","status":"publish","type":"post","link":"https:\/\/www.africa-press.net\/togo\/politique\/togo-covid-gate-passage-des-ministres-a-lhemicycle-triste-spectacle-2","title":{"rendered":"Togo-Covid-Gate: Passage des ministres \u00e0 l\u2019h\u00e9micycle, Triste Spectacle!"},"content":{"rendered":"<p><span style=\"color: #ff6600\"><strong>Africa-Press &#8211; Togo. <\/strong><\/span><b>C\u2019est un exercice inhabituel auquel les Togolais ont assiste\u0301 ce mardi 21 fe\u0301vrier 2023. Une grande partie du gouvernement s\u2019est pre\u0301sente\u0301 devant la repre\u0301sentation nationale pour e\u0301lucider les manquements contenus dans le rapport d\u2019audit de la Cour des comptes a\u0300 propos de la gestion des fonds de la riposte contre la Covid-19. A l\u2019arrive\u0301e, le spectacle a surpris plus d\u2019un. Les Togolais dans leur majorite\u0301 se sont sentis a\u0300 nouveau frustre\u0301s.<\/b><\/p>\n<p>La Repre\u0301sentation nationale e\u0301claire\u0301e sur la gestion du fonds Covid-19 par le gouvernement<\/p>\n<p>Ce mardi 21 fe\u0301vrier 2023, au sie\u0300ge de la repre\u0301sentation nationale, la Pre\u0301sidente de l\u2019Assemble\u0301e nationale, Madame Yawa Djigbodi Tse\u0300gan, a proce\u0301de\u0301 a\u0300 l\u2019ouverture de la premie\u0300re session extraordinaire de l\u2019anne\u0301e, conforme\u0301ment aux dispositions de l\u2019article 55 aline\u0301a 8 de la Constitution.<\/p>\n<p>La session s\u2019est de\u0301roule\u0301e en pre\u0301sence d\u2019une forte de\u0301le\u0301gation gouvernementale conduite par Payadowa Boukpessi, ministre d\u2019Etat, ministre de l\u2019administration territoriale, de la de\u0301centralisation et du de\u0301veloppement des territoires ainsi que l\u2019e\u0301quipe de la coordination nationale de la gestion de la riposte contre la Covid-19. En lien avec les dispositions constitutionnelles notamment l\u2019article 96 aline\u0301a 2, la forte mobilisation de l\u2019e\u0301quipe gouvernementale a\u0300 l\u2019he\u0301micycle s\u2019explique par la ne\u0301cessite\u0301 pour le gouvernement de communiquer sur le rapport d\u2019audit du fonds de riposte et de solidarite\u0301 contre la Covid-19, gestion 2020 publie\u0301 par la Cour des comptes.<\/p>\n<p>Par ailleurs, cette communication fait corps avec l\u2019obligation de redevabilite\u0301 a\u0300 l\u2019e\u0301gard de la repre\u0301sentation nationale et s\u2019inscrit dans les missions re\u0301galiennes de l\u2019institution parlementaire, celles de contro\u0302le de l\u2019action gouvernementale. Sur le fondement de l\u2019article 86 de la Constitution, le Gouvernement avait sollicite\u0301 et obtenu de l\u2019Assemble\u0301e nationale une habilitation a\u0300 prendre par ordonnances les mesures relevant du domaine de la loi a\u0300 compter du 16 mars 2020. Par 11 lois, l\u2019Assemble\u0301e nationale a de\u0301ja\u0300 ratifie\u0301 les ordonnances prises par le Gouvernement. De plus, conforme\u0301ment a\u0300 l\u2019article 5 de la loi d\u2019habilitation, je cite \u00ab le Gouvernement communique a\u0300 l\u2019Assemble\u0301e nationale, a\u0300 sa demande, toute mesure prise ou mise en \u0153uvre en application de ladite loi d\u2019habilitation.<\/p>\n<p>L\u2019Assemble\u0301e nationale peut reque\u0301rir toute information comple\u0301mentaire en ce qui concerne le contro\u0302le et l\u2019e\u0301valuation des mesures \u00bb fin de citation. Il s\u2019agit donc d\u2019un exercice qui participe de la mise en \u0153uvre par l\u2019Assemble\u0301e nationale de ses pre\u0301rogatives de contro\u0302le de l\u2019action gouvernementale. A\u0300 l\u2019occasion de ce de\u0301bat de nation, je voudrais rendre hommage au Pre\u0301sident de la Re\u0301publique, Son Excellence Monsieur, Faure Essozimna Gnassingbe\u0301, qui aux premie\u0300res heures de la pande\u0301mie, a fait e\u0301riger des barrie\u0300res multiformes pour prote\u0301ger les populations contre la Covid sur les plans sanitaire, se\u0301curitaire, social et e\u0301conomique.<\/p>\n<p>D\u2019importantes ressources financie\u0300res ont e\u0301te\u0301 mobilise\u0301es pour donner des re\u0301sultats tangibles reconnus tant au plan national qu\u2019international par les partenaires en de\u0301veloppement comme l\u2019un des rares pays ayant eu la meilleure approche de protection des populations. Toutefois et afin d\u2019apporter des pre\u0301cisions, le gouvernement vient e\u0301clairer la Repre\u0301sentation nationale sur les points de la gestion du fonds y relatif.<\/p>\n<p>Payadowa Boukpessi, ministre d\u2019Etat, ministre de l\u2019administration territoriale, de la de\u0301centralisation et du de\u0301veloppement des territoires a rappele\u0301 le contexte et la justification de ce fonds, soit un montant de 400 milliards mobilisable sur plusieurs anne\u0301es sur le fondement de l\u2019ordonnance n\u00b02020- 002 du 11 mai 2020.<\/p>\n<p>Ce fonds e\u0301tait entie\u0300rement inte\u0301gre\u0301 a\u0300 la comptabilite\u0301 publique. Aussi, note-t-il que le fonds avait pour but de lutter contre la propagation de la maladie, de prote\u0301ger, de pre\u0301server, et surtout de sauver des vies humaines. En outre, l\u2019objectif fixe\u0301 e\u0301tait de maintenir l\u2019activite\u0301 e\u0301conomique a\u0300 un niveau acceptable et de la redynamiser.<\/p>\n<p>En ce qui concerne l\u2019audit commandite\u0301 par le gouvernement, le ministre d\u2019Etat souligne qu\u2019il avait pour but de donner une certaine assurance que les ressources mobilise\u0301es ont permis de faire face efficacement aux de\u0301penses lie\u0301es a\u0300 la riposte et sont utilise\u0301es conforme\u0301ment aux accords ou conventions de pre\u0302t d\u2019une part et d\u2019autre part, dans le respect des textes en vigueur au titre de l\u2019exercice budge\u0301taire 2020.<\/p>\n<p>Cette communication du gouvernement a e\u0301te\u0301 l\u2019opportunite\u0301 pour diffe\u0301rents ministres de donner des informations et explications pertinentes relevant de leur de\u0301partement a\u0300 la Repre\u0301sentation nationale s\u2019agissant de la gestion de ce fonds.<\/p>\n<p>Pour le ministre d\u2019E\u0301tat Payadowa Boukpessi, \u00ab\/ les de\u0301penses faites dans le cadre de la lutte contre la Covid-19 sont re\u0301gulie\u0300res, conformes et since\u0300res. Les quelques insuffisances releve\u0301es n\u2019entachent en rien les proce\u0301dures requises en la matie\u0300re. L\u2019essentiel est que les mesures e\u0301conomiques, sociales et financie\u0300res ont permis de soulager les populations en difficulte\u0301 \u00bb, at-il laisse\u0301 entendre. La Pre\u0301sidente de l\u2019Assemble\u0301e nationale a salue\u0301 \u00ab l\u2019inge\u0301niosite\u0301, l\u2019engagement,\/ le sens de responsabilite\u0301, le respect et la protection de la vie humaine et particulie\u0300rement la vie du citoyen togolais, le sens de l\u2019anticipation dont a fait preuve le gouvernement pendant la pe\u0301riode de crise sous la houlette d\u2019un Grand Leader, Son Excellence Monsieur Faure Essozimna Gnassingbe\u0301, Pre\u0301sident de la Re\u0301publique, qui sait agir non seulement en temps de paix mais e\u0301galement en tant de crise\/ \u00bb. Pour la Pre\u0301sidente de l\u2019Assemble\u0301e nationale \u00ab c\u2019e\u0301tait une pe\u0301riode ou\u0300 il fallait faire preuve de strate\u0301gie et de ce\u0301le\u0301rite\u0301 \u00bb. Elle poursuit en ces termes \u00ab\/ me\u0302me si on peut relever quelques insuffisances dans le rapport d\u2019audit, l\u2019essentiel est d\u2019avoir sauve\u0301 des vies humaines. Il est extre\u0302mement important de le noter et de te\u0301moigner toute sa gratitude au Dieu cre\u0301ateur\/ \u00bb, a-t-elle indique\u0301. Par ailleurs, les membres du gouvernement ont apporte\u0301 des e\u0301claircissements sur d\u2019autres pre\u0301occupations des de\u0301pute\u0301s afin de rassurer les populations de l\u2019utilisation saine des fonds Covid dans un souci de transparence et de bonne gouvernance publique.<\/p>\n<p>Kodjo ADEDZE et les explications lie\u0301es au riz<\/p>\n<p>Selon les explications de M. Kodjo ADEDZE, une subvention a e\u0301te\u0301 accorde\u0301e par l\u2019Etat afin de rendre accessible le riz importe\u0301. Le ministre a de\u0301clare\u0301 que ce riz n\u2019e\u0301tait pas distribue\u0301 mais mis a\u0300 la disposition des importateurs togolais afin que ses derniers approvisionnent la population togolaise sur toute l\u2019e\u0301tendue du territoire. L\u2019officiel a rassure\u0301 que des comptes sont ouverts dans les livres de l\u2019Union Togolaise de Banque par le Tre\u0301sor public. Voici en inte\u0301gralite\u0301, les explications du Ministre Kodjo ADEDZE : \u00ab Nous e\u0301tions en 2020 et de fac\u0327on inattendue, la maladie s\u2019est invite\u0301e sur tous les continents y compris notre pays, perturbant tous les sche\u0301mas d\u2019approvisionnement. La chai\u0302ne logistique internationale e\u0301tait fortement perturbe\u0301e. Vous allez vers le port, vous pouvez y jouer du foot , suite aux diverses mesures de confinement pour empe\u0302cher la propagation de la maladie.\u00bb<\/p>\n<p>Il poursuit qu\u2019 \u00abIl faut relever qu\u2019on peut mourir par le coronavirus, e\u0301galement la faim peut tuer. Et donc a\u0300 l\u2019e\u0301poque, pour assurer la se\u0301curite\u0301 alimentaire, il e\u0301tait question d\u2019e\u0301valuer le stock d\u2019un certain nombre de produits de premie\u0300re ne\u0301cessite\u0301 dont le riz. Et nous avions travaille\u0301 avec nos colle\u0300gues pour e\u0301valuer le stock de riz produit localement, y compris ceux qui sont produits a\u0300 Kovie\u0301. Evaluer le stock de riz disponible au niveau de l\u2019ANSAT et nous e\u0301galement rassembler ceux qui sont sur la filie\u0300re riz pour e\u0301valuer avec eux leur stock.\u00bb \u00abMadame la Pre\u0301sidente de l\u2019Assemble\u0301e nationale, la sommation faite, il e\u0301tait claire qu\u2019apre\u0300s quatre (04) mois, il n\u2019y aurait plus de riz dans ce pays. En gouvernement responsable, il fallait faire quelque chose, il fallait faire quelque chose, il fallait importer du riz qui e\u0301tait difficile d\u2019ailleurs parce-que tout est bloque\u0301, tout le monde se jetait sur les stocks disponibles.<\/p>\n<p>Nous avons regarde\u0301 pour un peu partout et trouver qu\u2019il y avait aupre\u0300s d\u2019un fournisseur, le plus gros Olam pas la quantite\u0301 que nous voudrions mais une quantite\u0301 qui pourrait ajouter a\u0300 ce que nous avions localement de\u0301tenu pendant un (01). Ce qui nous a pousse\u0301s a\u0300 commander les 31 500 tonnes de riz. Nous avions ve\u0301rifie\u0301 e\u0301galement les prix qui e\u0301taient pratique\u0301s a\u0300 l\u2019international. Ces prix oscillaient a\u0300 l\u2019e\u0301poque entre 400.000 et 600 000 f CFA dans le temps.\u00bb a ajoute\u0301 le Nume\u0301ro 1 du commerce au Togo Kodjo ADEDZE a poursuivi en ces termes \u00abNous avons re\u0301ussi a\u0300 ne\u0301gocier pour qu\u2019on puisse nous livrer le riz rendu a\u0300 Lome\u0301 ici a\u0300 273. 000 f CFA et ce qui a e\u0301te\u0301 fait en urgence. Le riz nous est parvenu au Port Autonome de Lome\u0301 ici, les traces sont la\u0300 pour tous ceux qui connaissent le commerce international, c\u2019est tre\u0300s simple. Ce riz a e\u0301te\u0301 adosse\u0301 a\u0300 six (06) connaissements maritimes avec les diffe\u0301rents tonnages. Il fallait e\u0301galement trouver un courtier en douane et un manutentionnaire capables de traiter les 31 500 tonnes de riz avec peu de dockers, il ne fallait pas mettre tous les dockers et provoquer d\u2019avantage la propagation de la maladie.<\/p>\n<p>Donc par courrier, le groupe Bollore\u0301 a e\u0301te\u0301 requis, tous ces documents sont la\u0300. Le riz a e\u0301te\u0301 traite\u0301 et mis en magasin au niveau du Port.\u00bb Comment le mettre maintenant a\u0300 la disposition des populations ? Un travail a e\u0301te\u0301 fait. Il y avait trois (03) solutions qui s\u2019offraient a\u0300 nous. Remettre le stock a\u0300 l\u2019ANSAT pour va utiliser son circuit habituel de distribution ou le gouvernement trouve un me\u0301canisme de livraison puisque c\u0327a devait toucher tout le territoire togolais ou traiter avec les acteurs de la filie\u0300re. Nous avions regarde\u0301 un tout petit peu, il faudrait permettre quand-me\u0302me a\u0300 ce que nos acteurs reconnus puissent tenir, leur enlever cela n\u2019e\u0301tait pas bon.<\/p>\n<p>Donc tout calcul fait, s\u2019il faut livrer ce riz au prix de revient, nous n\u2019allons pas pouvoir atteindre l\u2019objectif qui est de rendre le riz disponible sur toute l\u2019e\u0301tendue du territoire et a\u0300 un prix abordable. Le Gouvernement a de\u0301cide\u0301 de subventionner ce riz encore a\u0300 1.300. 000. 000 f CFA pour que le sac de riz de 50 k revienne a\u0300 12.500 et de 25 k a\u0300 6 250. Honorables De\u0301pute\u0301s, cette ope\u0301ration a d\u2019ailleurs permis de tirer vers le bas les autres prix sur le marche\u0301. C\u2019est ce qui fait qu\u2019on n\u2019a pas eu trop de tentions sur la filie\u0300re riz. Nous avions appele\u0301 tous les acteurs de la filie\u0300re et on leur a dit voila\u0300 ce que nous avons et ce que nous vous proposons c\u2019est que vous puissiez servir de distributeurs de ce riz mais a\u0300 prix plafonne\u0301 que nous allons suivre. Tous ceux-la\u0300 ont de\u0301cide\u0301 de prendre un tonnage. Un compte a e\u0301te\u0301 ouvert dans les livres de l\u2019UTB par le Tre\u0301sor public. Vous versez le montant correspondant la\u0300-bas, vous venez montrer la preuve et on vous autorise a\u0300 aller enlever les riz. Donc les 8 milliards et d\u2019autres charges notamment dues a\u0300 la manutention et puis les frais connexes, si vous ajoutez ces frais-la\u0300 moins les 1. 300. 000.000 le reste est verse\u0301 sur un compte dans les livres de l\u2019UTB ouvert par le Tre\u0301sor. C\u0327a nous a permis, Excellence Madame la Pre\u0301sidente, a\u0300 l\u2019e\u0301poque d\u2019e\u0301tonner certains pays, mes colle\u0300gues de la sousre\u0301gion me demandaient Monsieur le Ministre qu\u2019estce que vous avez fait puisqu\u2019ils venaient me\u0302me chercher de l\u2019huile ve\u0301ge\u0301tale chez nous. Il y avait une certaine politique mise en \u0153uvre pour que nos populations n\u2019aient pas a\u0300 choisir entre mourir de faim et mourir de covid. C\u0327a a e\u0301te\u0301 re\u0301fle\u0301chi. Voila\u0300 donc Excellence Madame la Pre\u0301sidente, le travail fait par rapport au riz. Ce riz n\u2019a pas e\u0301te\u0301 distribue\u0301 mais mis a\u0300 la disposition de nos populations sur toute l\u2019e\u0301tendue du territoire. On faisait ve\u0301rifier chaque semaine les stocks disponibles dans les re\u0301gions par le biais de nos Directeurs re\u0301gionaux agriculture et commerce. Nous avons d\u2019ailleurs les intitule\u0301s du compte sur lequel les fonds sont verse\u0301s \u00bb<\/p>\n<p>Cina Lawson et sa tentative<\/p>\n<p>Dans le rapport de\u0301finitif de la Cour des comptes sur la gestion du fonds Covid-19 en 2020, la gestion du programme Novissi est pointe\u0301e du doigt. Mardi devant les de\u0301pute\u0301s, Cina Lawson, la ministre des postes et de l\u2019e\u0301conomie nume\u0301rique, dont le de\u0301partement a ge\u0301re\u0301 ce programme, a donne\u0301 pour la premie\u0300re fois sa version des faits. Cette ministre, apre\u0300s avoir retrace\u0301 le me\u0301canisme du programme Novissi, son syste\u0300me financier et ses diffe\u0301rentes phases, a fait savoir qu\u2019a\u0300 aucun moment, l\u2019argent n\u2019a quitte\u0301 le giron de l\u2019Etat.<\/p>\n<p>Novissi, a-t-elle informe\u0301, va au-dela\u0300 du de\u0301lai dans lequel le rapport l\u2019a incruste\u0301. \u00ab La cour des comptes, dans sa premie\u0300re e\u0301valuation, constate que Novissi a dure\u0301 du 8 avril 2020 au 11 mai 2020 pour un montant total de 12 milliards. Et la cour dit que sauf erreur, il y a un reliquat puisque Novissi a pris fin en 2020. Or, Novissi n\u2019a pas pris fin en mai 2020. Ce programme a continue\u0301 avec les conducteurs de bus, le canton de Soudou, la re\u0301gion des savanes et il a continue\u0301 bien au-dela\u0300 de ce qu\u2019on a appele\u0301 Novissi. La plateforme financie\u0300re ayant fait ses preuves, on a continue\u0301 a\u0300 payer les agents de vaccination jusqu\u2019au 31 de\u0301cembre 2022 sur tout le territoire. La force anti-covid a aussi rec\u0327u directement son paiement par le biais de cette plateforme \u00bb, a-t-elle lance\u0301.<\/p>\n<p>Selon elle, le reliquat des 770 millions de francs CFA dont parle la cour des comptes dans son rapport n\u2019existe pas. Elle dit avoir fait son travail avec transparence et trac\u0327abilite\u0301. \u00ab Ce reliquat n\u2019existe pas. Me\u0302me s\u2019il y en a, il se trouve dans les comptes de l\u2019Etat. Il n\u2019a pas bouge\u0301 des comptes puisque c\u2019est un porte-monnaie e\u0301lectronique de l\u2019Etat togolais \u00bb, a-t-elle de\u0301clare\u0301. Le reliquat qui reste sur le porte-monnaie e\u0301lectronique de l\u2019Etat, selon elle, e\u0301tait de 200 millions de francs CFA. \u00ab Au 31 de\u0301cembre 2022, il reste dans les comptes quelques 200 millions mais nous sommes en train de faire un travail de re\u0301conciliation pour pouvoir donner le chiffre final \u00bb, a-t-elle souligne\u0301. C\u2019est dans ce reliquat que se fera aussi, selon la ministre, le paiement des agents du nume\u0301ro vert, 111.<\/p>\n<p>La liste de tous les be\u0301ne\u0301ficiaires avec noms, pre\u0301noms, nume\u0301ros de te\u0301le\u0301phone, dates de naissance, cantons, pre\u0301fectures, jours et heures des inscriptions sur la plateforme, les jours, heures, dates des paiements et le montant de paiement est aujourd\u2019hui disponible, a-telle informe\u0301, au tre\u0301sor, a\u0300 son ministe\u0300re et a\u0300 la cour des comptes. La seule chose qui n\u2019a pas marche\u0301 dans la mise en \u0153uvre de ce programme, a-t-elle dit, c\u2019est qu\u2019il y a eu des demandeurs ine\u0301ligibles qui ont rec\u0327u l\u2019aide de Novissi. \u00ab Concernant le paiement des personnes non e\u0301ligibles releve\u0301 par la cour des comptes, lors du lancement de la plateforme le 8 avril 2020, il y a eu une erreur de configuration. Quelques professions qui, au lieu d\u2019e\u0302tre de\u0301se\u0301lectionnne\u0301es, ont e\u0301te\u0301 laisse\u0301es.<\/p>\n<p>Il s\u2019agissait d\u2019e\u0301coliers, de retraite\u0301s, d\u2019e\u0301tudiants. Le soir me\u0302me, on se rend compte qu\u2019on a commis une erreur et on reconfigure. Mais il y a 17.500 personnes qui ont pu s\u2019inscrire et ces personnes ont be\u0301ne\u0301ficie\u0301 d\u2019une tranche de 5.250 francs ou de 6250 francs, selon qu\u2019ils soient hommes ou femmes \u00bb, a-t-elle indique\u0301.<\/p>\n<p>Cina Lawson dit n\u2019avoir pas eu le c\u0153ur de dire aux personnes concerne\u0301es qui sont des retraite\u0301s et des e\u0301coliers, de rembourser. \u00ab On a pre\u0301venu le tre\u0301sor de l\u2019erreur de configuration avec la liste comple\u0300te avec noms, pre\u0301noms, nume\u0301ros de te\u0301le\u0301phones, dates de naissance, canton, pre\u0301fectures et montants rec\u0327us par ces personnes ine\u0301ligibles \u00bb, a-telle soutenu devant les de\u0301pute\u0301s. Voila\u0300 autant d\u2019informations que la ministre de l\u2019e\u0301conomie nume\u0301rique a de\u0301verse\u0301es devant les de\u0301pute\u0301s. Sauf que, une question persiste : pourquoi Cina Lawson n\u2019a pas re\u0301pondu a\u0300 la lettre a\u0300 elle adresse\u0301e par la cour des comptes de comprendre un certain nombre de choses, relate le confre\u0300re Globalactu.<\/p>\n<p>La cole\u0300re !!!<\/p>\n<p>C\u2019est le sentiment partage\u0301 au sein de l\u2019opinion apre\u0300s ce spectacle indigeste et triste. De\u0301ja\u0300 sur la forme, les ministres dans leur ta\u0302tonnement n\u2019ont pas re\u0301ussi a\u0300 rendre une copie digne des membres d\u2019un gouvernement de Faure Gnassingbe\u0301. Mais de manie\u0300re ge\u0301ne\u0301rale, plusieurs observateurs pensent que cet exercice bien que re\u0301publicain n\u2019e\u0301tait pas opportun, dans la mesure ou\u0300 la dernie\u0300re sortie du ministre de la Communication et porte-parole du Gouvernement, Pr Akodah AYEWOUADAN avait de\u0301ja\u0300 laisse\u0301 plus d\u2019un sur sa soif. Mieux, les populations ont trouve\u0301 cette sortie comme une insulte a\u0300 leur intelligence. De la sortie du porte-parole du Gouvernement aux questions re\u0301ponses a\u0300 l\u2019Assemble\u0301e nationale, le sujet de fond qui concerne les malversations et les manquements graves avec l\u2019absence quasi syste\u0301matiques de pie\u0300ces justificatives semblent rele\u0301gue\u0301 au second plan. Le spectacle offert ce mardi au parlement est une nouvelle tentative de passage en force pour faire croire que le rapport n\u2019est pas aussi accablant, ce qui est tout le contraire. Pour certains analystes, les ministres de Faure Gnassingbe\u0301 ont trahi la confiance de ce dernier et il serait temps qu\u2019il agisse.<\/p>\n<p>Mieux, certains pensent d\u2019ailleurs que le pre\u0301sident de la Re\u0301publique est dans sa strate\u0301gie d\u2019observation et qu\u2019il \u00ab frappera \u00bb au moment opportun. Le thermome\u0300tre risque d\u2019exploser dans les jours a\u0300 venir puisque les frustrations vont crescendo. Il est donc important que le Pre\u0301sident de la Re\u0301publique qui a e\u0301te\u0301 le seul e\u0301lu par les Togolais puisse prendre la mesure la situation et se\u0301vir pour que l\u2019impunite\u0301 cesse au Togo.<\/p>\n<p><strong>Pour plus d&rsquo;informations et d&rsquo;analyses sur la <a href=\"https:\/\/www.africa-press.net\/togo\">Togo<\/a>, suivez <a href=\"https:\/\/www.africa-press.net\/\">Africa-Press<\/a><\/strong><\/p>\n","protected":false},"excerpt":{"rendered":"<p>Africa-Press &#8211; Togo. C\u2019est un exercice inhabituel auquel les Togolais ont assiste\u0301 ce mardi 21 fe\u0301vrier 2023. Une grande partie du gouvernement s\u2019est pre\u0301sente\u0301 devant la repre\u0301sentation nationale pour e\u0301lucider les manquements contenus dans le rapport d\u2019audit de la Cour des comptes a\u0300 propos de la gestion des fonds de la riposte contre la Covid-19. [&hellip;]<\/p>\n","protected":false},"author":82,"featured_media":18048,"comment_status":"open","ping_status":"closed","sticky":false,"template":"","format":"standard","meta":{"footnotes":""},"categories":[7,2,10],"tags":[36,49,50],"class_list":["post-18049","post","type-post","status-publish","format-standard","has-post-thumbnail","hentry","category-dossiers","category-politique","category-toutes-les-actualites","tag-africa-press","tag-africa-press-togo","tag-togo"],"yoast_head":"<!-- This site is optimized with the Yoast SEO Premium plugin v26.1 (Yoast SEO v27.0) - https:\/\/yoast.com\/product\/yoast-seo-premium-wordpress\/ -->\n<title>Togo-Covid-Gate: Passage des ministres \u00e0 l\u2019h\u00e9micycle, Triste Spectacle! - Togo<\/title>\n<meta name=\"description\" content=\"C\u2019est un exercice inhabituel auquel les Togolais ont assiste\u0301 ce mardi 21 fe\u0301vrier 2023. Une grande partie du gouvern ...\" \/>\n<meta name=\"robots\" content=\"index, follow, max-snippet:-1, max-image-preview:large, max-video-preview:-1\" \/>\n<link rel=\"canonical\" href=\"https:\/\/www.africa-press.net\/togo\/politique\/togo-covid-gate-passage-des-ministres-a-lhemicycle-triste-spectacle-2\" \/>\n<meta property=\"og:locale\" content=\"fr_FR\" \/>\n<meta property=\"og:type\" content=\"article\" \/>\n<meta property=\"og:title\" content=\"Togo-Covid-Gate: Passage des ministres \u00e0 l\u2019h\u00e9micycle, Triste Spectacle!\" \/>\n<meta property=\"og:description\" content=\"C\u2019est un exercice inhabituel auquel les Togolais ont assiste\u0301 ce mardi 21 fe\u0301vrier 2023. Une grande partie du gouvern ...\" \/>\n<meta property=\"og:url\" content=\"https:\/\/www.africa-press.net\/togo\/politique\/togo-covid-gate-passage-des-ministres-a-lhemicycle-triste-spectacle-2\" \/>\n<meta property=\"og:site_name\" content=\"Togo\" \/>\n<meta property=\"article:published_time\" content=\"2023-03-02T19:13:49+00:00\" \/>\n<meta property=\"article:modified_time\" content=\"2023-03-02T19:48:41+00:00\" \/>\n<meta property=\"og:image\" content=\"https:\/\/static.africa-press.net\/togo\/sites\/58\/2023\/03\/postQueueImg_1677771837.45.jpg\" \/>\n\t<meta property=\"og:image:width\" content=\"1280\" \/>\n\t<meta property=\"og:image:height\" content=\"800\" \/>\n\t<meta property=\"og:image:type\" content=\"image\/jpeg\" \/>\n<meta name=\"author\" content=\"cfeditorfr\" \/>\n<meta name=\"twitter:card\" content=\"summary_large_image\" \/>\n<meta name=\"twitter:label1\" content=\"\u00c9crit par\" \/>\n\t<meta name=\"twitter:data1\" content=\"cfeditorfr\" \/>\n\t<meta name=\"twitter:label2\" content=\"Dur\u00e9e de lecture estim\u00e9e\" \/>\n\t<meta name=\"twitter:data2\" content=\"16 minutes\" \/>\n<script type=\"application\/ld+json\" class=\"yoast-schema-graph\">{\"@context\":\"https:\/\/schema.org\",\"@graph\":[{\"@type\":\"Article\",\"@id\":\"https:\/\/www.africa-press.net\/togo\/politique\/togo-covid-gate-passage-des-ministres-a-lhemicycle-triste-spectacle-2#article\",\"isPartOf\":{\"@id\":\"https:\/\/www.africa-press.net\/togo\/politique\/togo-covid-gate-passage-des-ministres-a-lhemicycle-triste-spectacle-2\"},\"author\":{\"name\":\"cfeditorfr\",\"@id\":\"https:\/\/www.africa-press.net\/togo\/#\/schema\/person\/2b1cf3cd81a31e3cd26889ca66d677f1\"},\"headline\":\"Togo-Covid-Gate: Passage des ministres \u00e0 l\u2019h\u00e9micycle, Triste Spectacle!\",\"datePublished\":\"2023-03-02T19:13:49+00:00\",\"dateModified\":\"2023-03-02T19:48:41+00:00\",\"mainEntityOfPage\":{\"@id\":\"https:\/\/www.africa-press.net\/togo\/politique\/togo-covid-gate-passage-des-ministres-a-lhemicycle-triste-spectacle-2\"},\"wordCount\":3233,\"commentCount\":0,\"image\":{\"@id\":\"https:\/\/www.africa-press.net\/togo\/politique\/togo-covid-gate-passage-des-ministres-a-lhemicycle-triste-spectacle-2#primaryimage\"},\"thumbnailUrl\":\"https:\/\/static.africa-press.net\/togo\/sites\/58\/2023\/03\/postQueueImg_1677771837.45.jpg\",\"keywords\":[\"Africa Press\",\"Africa Press-Togo\",\"Togo\"],\"articleSection\":[\"Dossiers\",\"Politique\",\"Toutes les actualit\u00e9s\"],\"inLanguage\":\"fr-FR\",\"potentialAction\":[{\"@type\":\"CommentAction\",\"name\":\"Comment\",\"target\":[\"https:\/\/www.africa-press.net\/togo\/politique\/togo-covid-gate-passage-des-ministres-a-lhemicycle-triste-spectacle-2#respond\"]}]},{\"@type\":\"WebPage\",\"@id\":\"https:\/\/www.africa-press.net\/togo\/politique\/togo-covid-gate-passage-des-ministres-a-lhemicycle-triste-spectacle-2\",\"url\":\"https:\/\/www.africa-press.net\/togo\/politique\/togo-covid-gate-passage-des-ministres-a-lhemicycle-triste-spectacle-2\",\"name\":\"Togo-Covid-Gate: Passage des ministres \u00e0 l\u2019h\u00e9micycle, Triste Spectacle! - Togo\",\"isPartOf\":{\"@id\":\"https:\/\/www.africa-press.net\/togo\/#website\"},\"primaryImageOfPage\":{\"@id\":\"https:\/\/www.africa-press.net\/togo\/politique\/togo-covid-gate-passage-des-ministres-a-lhemicycle-triste-spectacle-2#primaryimage\"},\"image\":{\"@id\":\"https:\/\/www.africa-press.net\/togo\/politique\/togo-covid-gate-passage-des-ministres-a-lhemicycle-triste-spectacle-2#primaryimage\"},\"thumbnailUrl\":\"https:\/\/static.africa-press.net\/togo\/sites\/58\/2023\/03\/postQueueImg_1677771837.45.jpg\",\"datePublished\":\"2023-03-02T19:13:49+00:00\",\"dateModified\":\"2023-03-02T19:48:41+00:00\",\"author\":{\"@id\":\"https:\/\/www.africa-press.net\/togo\/#\/schema\/person\/2b1cf3cd81a31e3cd26889ca66d677f1\"},\"description\":\"C\u2019est un exercice inhabituel auquel les Togolais ont assiste\u0301 ce mardi 21 fe\u0301vrier 2023. Une grande partie du gouvern ...\",\"breadcrumb\":{\"@id\":\"https:\/\/www.africa-press.net\/togo\/politique\/togo-covid-gate-passage-des-ministres-a-lhemicycle-triste-spectacle-2#breadcrumb\"},\"inLanguage\":\"fr-FR\",\"potentialAction\":[{\"@type\":\"ReadAction\",\"target\":[\"https:\/\/www.africa-press.net\/togo\/politique\/togo-covid-gate-passage-des-ministres-a-lhemicycle-triste-spectacle-2\"]}]},{\"@type\":\"ImageObject\",\"inLanguage\":\"fr-FR\",\"@id\":\"https:\/\/www.africa-press.net\/togo\/politique\/togo-covid-gate-passage-des-ministres-a-lhemicycle-triste-spectacle-2#primaryimage\",\"url\":\"https:\/\/static.africa-press.net\/togo\/sites\/58\/2023\/03\/postQueueImg_1677771837.45.jpg\",\"contentUrl\":\"https:\/\/static.africa-press.net\/togo\/sites\/58\/2023\/03\/postQueueImg_1677771837.45.jpg\",\"width\":1280,\"height\":800,\"caption\":\"Togo-Covid-Gate: Passage des ministres \u00e0 l\u2019h\u00e9micycle, Triste Spectacle!\"},{\"@type\":\"BreadcrumbList\",\"@id\":\"https:\/\/www.africa-press.net\/togo\/politique\/togo-covid-gate-passage-des-ministres-a-lhemicycle-triste-spectacle-2#breadcrumb\",\"itemListElement\":[{\"@type\":\"ListItem\",\"position\":1,\"name\":\"Accueil\",\"item\":\"https:\/\/www.africa-press.net\/togo\/\"},{\"@type\":\"ListItem\",\"position\":2,\"name\":\"Togo-Covid-Gate: Passage des ministres \u00e0 l\u2019h\u00e9micycle, Triste Spectacle!\"}]},{\"@type\":\"WebSite\",\"@id\":\"https:\/\/www.africa-press.net\/togo\/#website\",\"url\":\"https:\/\/www.africa-press.net\/togo\/\",\"name\":\"Togo\",\"description\":\"Just another Africa News Agency Sites site\",\"potentialAction\":[{\"@type\":\"SearchAction\",\"target\":{\"@type\":\"EntryPoint\",\"urlTemplate\":\"https:\/\/www.africa-press.net\/togo\/?s={search_term_string}\"},\"query-input\":{\"@type\":\"PropertyValueSpecification\",\"valueRequired\":true,\"valueName\":\"search_term_string\"}}],\"inLanguage\":\"fr-FR\"},{\"@type\":\"Person\",\"@id\":\"https:\/\/www.africa-press.net\/togo\/#\/schema\/person\/2b1cf3cd81a31e3cd26889ca66d677f1\",\"name\":\"cfeditorfr\"}]}<\/script>\n<!-- \/ Yoast SEO Premium plugin. -->","yoast_head_json":{"title":"Togo-Covid-Gate: Passage des ministres \u00e0 l\u2019h\u00e9micycle, Triste Spectacle! - Togo","description":"C\u2019est un exercice inhabituel auquel les Togolais ont assiste\u0301 ce mardi 21 fe\u0301vrier 2023. Une grande partie du gouvern ...","robots":{"index":"index","follow":"follow","max-snippet":"max-snippet:-1","max-image-preview":"max-image-preview:large","max-video-preview":"max-video-preview:-1"},"canonical":"https:\/\/www.africa-press.net\/togo\/politique\/togo-covid-gate-passage-des-ministres-a-lhemicycle-triste-spectacle-2","og_locale":"fr_FR","og_type":"article","og_title":"Togo-Covid-Gate: Passage des ministres \u00e0 l\u2019h\u00e9micycle, Triste Spectacle!","og_description":"C\u2019est un exercice inhabituel auquel les Togolais ont assiste\u0301 ce mardi 21 fe\u0301vrier 2023. Une grande partie du gouvern ...","og_url":"https:\/\/www.africa-press.net\/togo\/politique\/togo-covid-gate-passage-des-ministres-a-lhemicycle-triste-spectacle-2","og_site_name":"Togo","article_published_time":"2023-03-02T19:13:49+00:00","article_modified_time":"2023-03-02T19:48:41+00:00","og_image":[{"width":1280,"height":800,"url":"https:\/\/static.africa-press.net\/togo\/sites\/58\/2023\/03\/postQueueImg_1677771837.45.jpg","type":"image\/jpeg"}],"author":"cfeditorfr","twitter_card":"summary_large_image","twitter_misc":{"\u00c9crit par":"cfeditorfr","Dur\u00e9e de lecture estim\u00e9e":"16 minutes"},"schema":{"@context":"https:\/\/schema.org","@graph":[{"@type":"Article","@id":"https:\/\/www.africa-press.net\/togo\/politique\/togo-covid-gate-passage-des-ministres-a-lhemicycle-triste-spectacle-2#article","isPartOf":{"@id":"https:\/\/www.africa-press.net\/togo\/politique\/togo-covid-gate-passage-des-ministres-a-lhemicycle-triste-spectacle-2"},"author":{"name":"cfeditorfr","@id":"https:\/\/www.africa-press.net\/togo\/#\/schema\/person\/2b1cf3cd81a31e3cd26889ca66d677f1"},"headline":"Togo-Covid-Gate: Passage des ministres \u00e0 l\u2019h\u00e9micycle, Triste Spectacle!","datePublished":"2023-03-02T19:13:49+00:00","dateModified":"2023-03-02T19:48:41+00:00","mainEntityOfPage":{"@id":"https:\/\/www.africa-press.net\/togo\/politique\/togo-covid-gate-passage-des-ministres-a-lhemicycle-triste-spectacle-2"},"wordCount":3233,"commentCount":0,"image":{"@id":"https:\/\/www.africa-press.net\/togo\/politique\/togo-covid-gate-passage-des-ministres-a-lhemicycle-triste-spectacle-2#primaryimage"},"thumbnailUrl":"https:\/\/static.africa-press.net\/togo\/sites\/58\/2023\/03\/postQueueImg_1677771837.45.jpg","keywords":["Africa Press","Africa Press-Togo","Togo"],"articleSection":["Dossiers","Politique","Toutes les actualit\u00e9s"],"inLanguage":"fr-FR","potentialAction":[{"@type":"CommentAction","name":"Comment","target":["https:\/\/www.africa-press.net\/togo\/politique\/togo-covid-gate-passage-des-ministres-a-lhemicycle-triste-spectacle-2#respond"]}]},{"@type":"WebPage","@id":"https:\/\/www.africa-press.net\/togo\/politique\/togo-covid-gate-passage-des-ministres-a-lhemicycle-triste-spectacle-2","url":"https:\/\/www.africa-press.net\/togo\/politique\/togo-covid-gate-passage-des-ministres-a-lhemicycle-triste-spectacle-2","name":"Togo-Covid-Gate: Passage des ministres \u00e0 l\u2019h\u00e9micycle, Triste Spectacle! - Togo","isPartOf":{"@id":"https:\/\/www.africa-press.net\/togo\/#website"},"primaryImageOfPage":{"@id":"https:\/\/www.africa-press.net\/togo\/politique\/togo-covid-gate-passage-des-ministres-a-lhemicycle-triste-spectacle-2#primaryimage"},"image":{"@id":"https:\/\/www.africa-press.net\/togo\/politique\/togo-covid-gate-passage-des-ministres-a-lhemicycle-triste-spectacle-2#primaryimage"},"thumbnailUrl":"https:\/\/static.africa-press.net\/togo\/sites\/58\/2023\/03\/postQueueImg_1677771837.45.jpg","datePublished":"2023-03-02T19:13:49+00:00","dateModified":"2023-03-02T19:48:41+00:00","author":{"@id":"https:\/\/www.africa-press.net\/togo\/#\/schema\/person\/2b1cf3cd81a31e3cd26889ca66d677f1"},"description":"C\u2019est un exercice inhabituel auquel les Togolais ont assiste\u0301 ce mardi 21 fe\u0301vrier 2023. Une grande partie du gouvern ...","breadcrumb":{"@id":"https:\/\/www.africa-press.net\/togo\/politique\/togo-covid-gate-passage-des-ministres-a-lhemicycle-triste-spectacle-2#breadcrumb"},"inLanguage":"fr-FR","potentialAction":[{"@type":"ReadAction","target":["https:\/\/www.africa-press.net\/togo\/politique\/togo-covid-gate-passage-des-ministres-a-lhemicycle-triste-spectacle-2"]}]},{"@type":"ImageObject","inLanguage":"fr-FR","@id":"https:\/\/www.africa-press.net\/togo\/politique\/togo-covid-gate-passage-des-ministres-a-lhemicycle-triste-spectacle-2#primaryimage","url":"https:\/\/static.africa-press.net\/togo\/sites\/58\/2023\/03\/postQueueImg_1677771837.45.jpg","contentUrl":"https:\/\/static.africa-press.net\/togo\/sites\/58\/2023\/03\/postQueueImg_1677771837.45.jpg","width":1280,"height":800,"caption":"Togo-Covid-Gate: Passage des ministres \u00e0 l\u2019h\u00e9micycle, Triste Spectacle!"},{"@type":"BreadcrumbList","@id":"https:\/\/www.africa-press.net\/togo\/politique\/togo-covid-gate-passage-des-ministres-a-lhemicycle-triste-spectacle-2#breadcrumb","itemListElement":[{"@type":"ListItem","position":1,"name":"Accueil","item":"https:\/\/www.africa-press.net\/togo\/"},{"@type":"ListItem","position":2,"name":"Togo-Covid-Gate: Passage des ministres \u00e0 l\u2019h\u00e9micycle, Triste Spectacle!"}]},{"@type":"WebSite","@id":"https:\/\/www.africa-press.net\/togo\/#website","url":"https:\/\/www.africa-press.net\/togo\/","name":"Togo","description":"Just another Africa News Agency Sites site","potentialAction":[{"@type":"SearchAction","target":{"@type":"EntryPoint","urlTemplate":"https:\/\/www.africa-press.net\/togo\/?s={search_term_string}"},"query-input":{"@type":"PropertyValueSpecification","valueRequired":true,"valueName":"search_term_string"}}],"inLanguage":"fr-FR"},{"@type":"Person","@id":"https:\/\/www.africa-press.net\/togo\/#\/schema\/person\/2b1cf3cd81a31e3cd26889ca66d677f1","name":"cfeditorfr"}]}},"_links":{"self":[{"href":"https:\/\/www.africa-press.net\/togo\/wp-json\/wp\/v2\/posts\/18049","targetHints":{"allow":["GET"]}}],"collection":[{"href":"https:\/\/www.africa-press.net\/togo\/wp-json\/wp\/v2\/posts"}],"about":[{"href":"https:\/\/www.africa-press.net\/togo\/wp-json\/wp\/v2\/types\/post"}],"author":[{"embeddable":true,"href":"https:\/\/www.africa-press.net\/togo\/wp-json\/wp\/v2\/users\/82"}],"replies":[{"embeddable":true,"href":"https:\/\/www.africa-press.net\/togo\/wp-json\/wp\/v2\/comments?post=18049"}],"version-history":[{"count":0,"href":"https:\/\/www.africa-press.net\/togo\/wp-json\/wp\/v2\/posts\/18049\/revisions"}],"wp:featuredmedia":[{"embeddable":true,"href":"https:\/\/www.africa-press.net\/togo\/wp-json\/wp\/v2\/media\/18048"}],"wp:attachment":[{"href":"https:\/\/www.africa-press.net\/togo\/wp-json\/wp\/v2\/media?parent=18049"}],"wp:term":[{"taxonomy":"category","embeddable":true,"href":"https:\/\/www.africa-press.net\/togo\/wp-json\/wp\/v2\/categories?post=18049"},{"taxonomy":"post_tag","embeddable":true,"href":"https:\/\/www.africa-press.net\/togo\/wp-json\/wp\/v2\/tags?post=18049"}],"curies":[{"name":"wp","href":"https:\/\/api.w.org\/{rel}","templated":true}]}}