{"id":18055,"date":"2023-03-02T19:15:07","date_gmt":"2023-03-02T19:15:07","guid":{"rendered":"https:\/\/www.africa-press.net\/togo\/politique\/togo-dimportantes-decisions-prises-par-faure-gnassingbe-au-conseil-des-ministres-de-ce-1er-mars"},"modified":"2023-03-02T19:53:42","modified_gmt":"2023-03-02T19:53:42","slug":"togo-dimportantes-decisions-prises-par-faure-gnassingbe-au-conseil-des-ministres-de-ce-1er-mars","status":"publish","type":"post","link":"https:\/\/www.africa-press.net\/togo\/politique\/togo-dimportantes-decisions-prises-par-faure-gnassingbe-au-conseil-des-ministres-de-ce-1er-mars","title":{"rendered":"Togo: D\u2019importantes d\u00e9cisions prises par Faure Gnassingb\u00e9 au Conseil des ministres de ce 1er mars"},"content":{"rendered":"<p><span style=\"color: #ff6600\"><strong>Africa-Press &#8211; Togo. <\/strong><\/span>L\u2019ensemble de l\u2019exe\u0301cutif e\u0301tait re\u0301unis, ce mercredi 1er mars 2023, autour du chef de l\u2019Etat, Faure Essozimna Gnassingbe\u0301 pour examiner deux projets de de\u0301cret et e\u0301couter une communication.<\/p>\n<p>Voici les grandes de\u0301cisions contenu dans le communique\u0301 ci-dessous.<\/p>\n<p>Lecture !!!<\/p>\n<p>Communique\u0301 du Conseil des Ministres \u2013 Lome\u0301, mercredi 1er mars 2023<\/p>\n<p>1. Le conseil des ministres s\u2019est re\u0301uni ce mercredi 01er mars 2023 sous la pre\u0301sidence de Son Excellence Monsieur Faure Essozimna GNASSINGBE, Pre\u0301sident de la Re\u0301publique.<\/p>\n<p>2. Le conseil a examine\u0301 deux (02) projets de de\u0301cret et e\u0301coute\u0301 deux (03) communications.<\/p>\n<p>I. Au titre des projets de de\u0301cret,<\/p>\n<p>3. Le conseil a examine\u0301 en deuxie\u0300me lecture le projet de de\u0301cret fixant les conditions d\u2019acce\u0300s a\u0300 la profession de transporteur, d\u2019interme\u0301diaire et d\u2019auxiliaire de transport et d\u2019exercice des activite\u0301s de transport routier.<\/p>\n<p>4. S\u2019inscrivant dans le cadre des re\u0301formes engage\u0301es par le gouvernement pour dynamiser la croissance nationale, le pre\u0301sent de\u0301cret permettra d\u2019ame\u0301liorer la compe\u0301titivite\u0301 du sous-secteur des transports routiers, en assurant la professionnalisation des acteurs.<\/p>\n<p>5. L\u2019e\u0301tude de ce texte qui de\u0301finit les conditions d\u2019acce\u0300s aux professions de transporteur, d\u2019interme\u0301diaire et d\u2019auxiliaire, notamment l\u2019obligation de se constituer en socie\u0301te\u0301 commerciale, sera poursuivie lors d\u2019une prochaine se\u0301ance du conseil des ministres.<\/p>\n<p>6. Le conseil a ensuite examine\u0301 en premie\u0300re lecture le projet de de\u0301cret portant modalite\u0301s d\u2019ouverture, d\u2019organisation et de fonctionnement des cre\u0300ches\/garderies au Togo.<\/p>\n<p>7. Le gouvernement a mis le bien-e\u0302tre de la petite enfance au c\u0153ur de ses actions. Eu e\u0301gard au ro\u0302le important que jouent les cre\u0300ches et garderies dans le soutien apporte\u0301 aux parents ou tuteurs, durant leur temps de travail, il est apparu ne\u0301cessaire de renforcer le cadre juridique afin de garantir aux enfants la meilleure prise en charge possible.<\/p>\n<p>8. Ce de\u0301cret fera l\u2019objet d\u2019une nouvelle e\u0301tude par le conseil.<\/p>\n<p>II. Au titre des communications,<\/p>\n<p>9. Le conseil a e\u0301coute\u0301 une premie\u0300re communication relative a\u0300 l\u2019e\u0301tat d\u2019exe\u0301cution du programme de de\u0301senclavement et des pistes rurales dans le cadre de la feuille de route gouvernementale 2020-2025 ; pre\u0301sente\u0301e par le ministre du de\u0301senclavement et des pistes rurales.<\/p>\n<p>10. Dans le but d\u2019accompagner durablement la politique agricole de notre pays et de faciliter l\u2019acce\u0300s des populations rurales aux infrastructures, e\u0301quipements et services socioe\u0301conomiques de base, le gouvernement a inscrit, au titre des projets prioritaires de la feuille de route 2020-2025, un vaste programme de de\u0301senclavement et d\u2019ame\u0301nagement des pistes rurales. La pre\u0301sente communication a pour objet, de rendre compte des travaux qui y ont e\u0301te\u0301 effectue\u0301s.<\/p>\n<p>11. A fin de\u0301cembre 2022, 680 km de pistes rurales ont e\u0301te\u0301 ame\u0301nage\u0301es. S\u2019agissant de l\u2019entretien du re\u0301seau existant a\u0300 75% en bon et moyen e\u0301tat, 1270 km sont acheve\u0301s et 712 km sont en cours d\u2019exe\u0301cution. En termes de mode\u0301lisation du re\u0301seau de pistes rurales, un line\u0301aire total de 3437 km de pistes rurales identifie\u0301es et inventorie\u0301es, a fait l\u2019objet de collecte des donne\u0301es sur les de\u0301gradations en phase pilote dans la re\u0301gion maritime, en vue de la mise en place d\u2019une banque de donne\u0301es pistes rurales (BDPR).<\/p>\n<p>12. Pour rappel, ce programme contribue a\u0300 l\u2019atteinte des objectifs de l\u2019axe strate\u0301gique 2 de la feuille de route gouvernementale 2020-2025 qui vise a\u0300 dynamiser la cre\u0301ation d\u2019emplois en s\u2019appuyant sur les forces de l\u2019e\u0301conomie.<\/p>\n<p>13. Le conseil, tout en relevant les progre\u0300s re\u0301alise\u0301s, a instruit pour que des propositions spe\u0301cifiques soient faites afin de re\u0301pondre au de\u0301fi repre\u0301sente\u0301 par le nombre e\u0301leve\u0301 de re\u0301siliations des marche\u0301s attribue\u0301s aux petites et moyennes entreprises. Par ailleurs, le conseil a encourage\u0301 les services responsables a\u0300 renforcer l\u2019implication des populations dans le suivi des travaux.<\/p>\n<p>14. Le conseil a ensuite e\u0301coute\u0301 une deuxie\u0300me communication relative au renforcement du positionnement e\u0301conomique de notre pays dans les ope\u0301rations de manutention au Port autonome de Lome\u0301, pre\u0301sente\u0301e par le ministre de l\u2019e\u0301conomie et des finances.<\/p>\n<p>15. Dans le but de de\u0301velopper les activite\u0301s portuaires, notre pays a accorde\u0301 en 2001 une concession a\u0300 la socie\u0301te\u0301 Togo Terminal (filiale du Groupe Bollore\u0301 et anciennement de\u0301nomme\u0301e SE2M) afin de lui confier une partie importante des activite\u0301s de manutention portuaire. Quelques anne\u0301es apre\u0300s la mise en \u0153uvre de cette concession et face aux de\u0301fis communs lie\u0301s a\u0300 la poursuite du de\u0301veloppement de cette infrastructure majeure, des diffe\u0301rends sont ne\u0301s, en particulier sur l\u2019exclusivite\u0301 des droits accorde\u0301s au partenaire prive\u0301.<\/p>\n<p>16. Suite a\u0300 la saisine d\u2019un tribunal arbitral par Togo terminal, les deux parties, apre\u0300s quatre (4) anne\u0301es de proce\u0301dure, ont opte\u0301 pour un re\u0300glement transactionnel du diffe\u0301rend. Ce re\u0300glement a abouti a\u0300 un accord qui consacre le renforcement du positionnement de notre pays dans le partenariat.<\/p>\n<p>17. Ainsi les droits e\u0301conomiques tire\u0301s de la convention par le Togo sont revalorise\u0301s et notre pays acquiert 25% d\u2019actions supple\u0301mentaires, qui portent la participation de\u0301tenue par les pouvoirs publics a\u0300 30%, en y ajoutant les 5% pre\u0301ce\u0301demment de\u0301tenus par le Port autonome de Lome\u0301 (PAL).<\/p>\n<p>Ensuite, le Togo renforce sa participation dans la gouvernance en nommant deux (2) administrateurs supple\u0301mentaires au conseil d\u2019administration. Enfin, cet accord ouvre la voie a\u0300 de nouveaux investissements et a\u0300 l\u2019accueil d\u2019autres partenaires dans le de\u0301veloppement du PAL.<\/p>\n<p>18. Le conseil a salue\u0301 cet accord gagnant-gagnant qui marque la maturite\u0301 du partenariat entre les deux acteurs. Il a renouvele\u0301 ses admirations au Chef de l\u2019Etat, Son Excellence Monsieur Faure Essozimna Gnassingbe\u0301, pour l\u2019efficacite\u0301 de son leadership et la qualite\u0301 de ses hautes orientations qui permettront de poursuivre la valorisation du port autonome de Lome\u0301.<\/p>\n<p>19. Le conseil a e\u0301coute\u0301 une dernie\u0300re communication relative a\u0300 la de\u0301marche me\u0301thodologique du choix de la zone pilote de la strate\u0301gie d\u2019optimisation des pratiques des agents de sante\u0301 communautaire (ASC) et relais communautaires (RC) au Togo ; pre\u0301sente\u0301e par le ministre de\u0301le\u0301gue\u0301, charge\u0301 de l\u2019acce\u0300s universel aux soins.<\/p>\n<p>20. Le gouvernement togolais, dans sa feuille de route 2020-2025, s\u2019est fixe\u0301 pour objectif de garantir la couverture sanitaire universelle (CSU) a\u0300 travers le renforcement de l\u2019acce\u0300s aux services de base pour tous et l\u2019ame\u0301lioration de la qualite\u0301 du syste\u0300me de sante\u0301. Parmi les composantes du projet P3 \u00ab mise en place de la CSU \u00bb, figure le renforcement du personnel de sante\u0301 en s\u2019appuyant sur les agents de sante\u0301 communautaire, avec une cible de 90% de villages disposant d\u2019un agent de sante\u0301 communautaire (ASC) forme\u0301 sur les soins inte\u0301gre\u0301s.<\/p>\n<p>21. A\u0300 cet effet, une strate\u0301gie d\u2019optimisation des pratiques des ASC et RC au Togo a e\u0301te\u0301 valide\u0301e par le gouvernement, ouvrant ainsi la voie a\u0300 l\u2019e\u0301laboration d\u2019un projet pilote pour tester ladite strate\u0301gie avant un passage a\u0300 l\u2019e\u0301chelle. Ce projet pilote, qui sera mis en \u0153uvre dans les districts sanitaires (pre\u0301fectures) les moins performants en sante\u0301 communautaire, permettra de tester la mise en commun des fonds des partenaires intervenant dans les me\u0302mes zones ge\u0301ographiques.<\/p>\n<p>III. Au titre des divers,<\/p>\n<p>22. Le ministre charge\u0301 de la sante\u0301 et le ministre charge\u0301 de l\u2019inclusion financie\u0300re ont rendu compte au conseil de l\u2019adoption et de la publication de la liste des me\u0301dicaments essentiels sous de\u0301nomination commune internationale remboursables dans le cadre du programme school assur.<\/p>\n<p>23. Cette liste, diffuse\u0301e dans les me\u0301dias, permet de de\u0301finir les me\u0301dicaments a\u0300 prescrire dans le cadre du programme et donc le remboursement de ceux-ci au profit des formations sanitaires.<\/p>\n<p>Fait a\u0300 Lome\u0301, le 01er mars 2023<\/p>\n<p>Le Conseil des Ministres<\/p>\n<p><strong>Pour plus d&rsquo;informations et d&rsquo;analyses sur la <a href=\"https:\/\/www.africa-press.net\/togo\">Togo<\/a>, suivez <a href=\"https:\/\/www.africa-press.net\/\">Africa-Press<\/a><\/strong><\/p>\n","protected":false},"excerpt":{"rendered":"<p>Africa-Press &#8211; Togo. L\u2019ensemble de l\u2019exe\u0301cutif e\u0301tait re\u0301unis, ce mercredi 1er mars 2023, autour du chef de l\u2019Etat, Faure Essozimna Gnassingbe\u0301 pour examiner deux projets de de\u0301cret et e\u0301couter une communication. Voici les grandes de\u0301cisions contenu dans le communique\u0301 ci-dessous. Lecture !!! Communique\u0301 du Conseil des Ministres \u2013 Lome\u0301, mercredi 1er mars 2023 1. Le [&hellip;]<\/p>\n","protected":false},"author":82,"featured_media":18054,"comment_status":"open","ping_status":"closed","sticky":false,"template":"","format":"standard","meta":{"footnotes":""},"categories":[2,10],"tags":[36,49,301,264,50],"class_list":["post-18055","post","type-post","status-publish","format-standard","has-post-thumbnail","hentry","category-politique","category-toutes-les-actualites","tag-africa-press","tag-africa-press-togo","tag-conseil-des-ministres","tag-faure-gnassingbe","tag-togo"],"yoast_head":"<!-- This site is optimized with the Yoast SEO Premium plugin v26.1 (Yoast SEO v27.0) - https:\/\/yoast.com\/product\/yoast-seo-premium-wordpress\/ -->\n<title>Togo: D\u2019importantes d\u00e9cisions prises par Faure Gnassingb\u00e9 au Conseil des ministres de ce 1er mars - Togo<\/title>\n<meta name=\"description\" content=\"L\u2019ensemble de l\u2019exe\u0301cutif e\u0301tait re\u0301unis, ce mercredi 1er mars 2023, autour du chef de l\u2019Etat, Faure Essozimna Gnassingb ...\" \/>\n<meta name=\"robots\" content=\"index, follow, max-snippet:-1, max-image-preview:large, max-video-preview:-1\" \/>\n<link rel=\"canonical\" href=\"https:\/\/www.africa-press.net\/togo\/politique\/togo-dimportantes-decisions-prises-par-faure-gnassingbe-au-conseil-des-ministres-de-ce-1er-mars\" \/>\n<meta property=\"og:locale\" content=\"fr_FR\" \/>\n<meta property=\"og:type\" content=\"article\" \/>\n<meta property=\"og:title\" content=\"Togo: D\u2019importantes d\u00e9cisions prises par Faure Gnassingb\u00e9 au Conseil des ministres de ce 1er mars\" \/>\n<meta property=\"og:description\" content=\"L\u2019ensemble de l\u2019exe\u0301cutif e\u0301tait re\u0301unis, ce mercredi 1er mars 2023, autour du chef de l\u2019Etat, Faure Essozimna Gnassingb ...\" \/>\n<meta property=\"og:url\" content=\"https:\/\/www.africa-press.net\/togo\/politique\/togo-dimportantes-decisions-prises-par-faure-gnassingbe-au-conseil-des-ministres-de-ce-1er-mars\" \/>\n<meta property=\"og:site_name\" content=\"Togo\" \/>\n<meta property=\"article:published_time\" content=\"2023-03-02T19:15:07+00:00\" \/>\n<meta property=\"article:modified_time\" content=\"2023-03-02T19:53:42+00:00\" \/>\n<meta property=\"og:image\" content=\"https:\/\/static.africa-press.net\/togo\/sites\/58\/2023\/03\/postQueueImg_1677771912.73.jpg\" \/>\n\t<meta property=\"og:image:width\" content=\"720\" \/>\n\t<meta property=\"og:image:height\" content=\"479\" \/>\n\t<meta property=\"og:image:type\" content=\"image\/jpeg\" \/>\n<meta name=\"author\" content=\"cfeditorfr\" \/>\n<meta name=\"twitter:card\" content=\"summary_large_image\" \/>\n<meta name=\"twitter:label1\" content=\"\u00c9crit par\" \/>\n\t<meta name=\"twitter:data1\" content=\"cfeditorfr\" \/>\n\t<meta name=\"twitter:label2\" content=\"Dur\u00e9e de lecture estim\u00e9e\" \/>\n\t<meta name=\"twitter:data2\" content=\"7 minutes\" \/>\n<script type=\"application\/ld+json\" class=\"yoast-schema-graph\">{\"@context\":\"https:\/\/schema.org\",\"@graph\":[{\"@type\":\"Article\",\"@id\":\"https:\/\/www.africa-press.net\/togo\/politique\/togo-dimportantes-decisions-prises-par-faure-gnassingbe-au-conseil-des-ministres-de-ce-1er-mars#article\",\"isPartOf\":{\"@id\":\"https:\/\/www.africa-press.net\/togo\/politique\/togo-dimportantes-decisions-prises-par-faure-gnassingbe-au-conseil-des-ministres-de-ce-1er-mars\"},\"author\":{\"name\":\"cfeditorfr\",\"@id\":\"https:\/\/www.africa-press.net\/togo\/#\/schema\/person\/2b1cf3cd81a31e3cd26889ca66d677f1\"},\"headline\":\"Togo: D\u2019importantes d\u00e9cisions prises par Faure Gnassingb\u00e9 au Conseil des ministres de ce 1er mars\",\"datePublished\":\"2023-03-02T19:15:07+00:00\",\"dateModified\":\"2023-03-02T19:53:42+00:00\",\"mainEntityOfPage\":{\"@id\":\"https:\/\/www.africa-press.net\/togo\/politique\/togo-dimportantes-decisions-prises-par-faure-gnassingbe-au-conseil-des-ministres-de-ce-1er-mars\"},\"wordCount\":1398,\"commentCount\":0,\"image\":{\"@id\":\"https:\/\/www.africa-press.net\/togo\/politique\/togo-dimportantes-decisions-prises-par-faure-gnassingbe-au-conseil-des-ministres-de-ce-1er-mars#primaryimage\"},\"thumbnailUrl\":\"https:\/\/static.africa-press.net\/togo\/sites\/58\/2023\/03\/postQueueImg_1677771912.73.jpg\",\"keywords\":[\"Africa Press\",\"Africa Press-Togo\",\"Conseil des ministres\",\"Faure Gnassingb\u00e9\",\"Togo\"],\"articleSection\":[\"Politique\",\"Toutes les actualit\u00e9s\"],\"inLanguage\":\"fr-FR\",\"potentialAction\":[{\"@type\":\"CommentAction\",\"name\":\"Comment\",\"target\":[\"https:\/\/www.africa-press.net\/togo\/politique\/togo-dimportantes-decisions-prises-par-faure-gnassingbe-au-conseil-des-ministres-de-ce-1er-mars#respond\"]}]},{\"@type\":\"WebPage\",\"@id\":\"https:\/\/www.africa-press.net\/togo\/politique\/togo-dimportantes-decisions-prises-par-faure-gnassingbe-au-conseil-des-ministres-de-ce-1er-mars\",\"url\":\"https:\/\/www.africa-press.net\/togo\/politique\/togo-dimportantes-decisions-prises-par-faure-gnassingbe-au-conseil-des-ministres-de-ce-1er-mars\",\"name\":\"Togo: D\u2019importantes d\u00e9cisions prises par Faure Gnassingb\u00e9 au Conseil des ministres de ce 1er mars - Togo\",\"isPartOf\":{\"@id\":\"https:\/\/www.africa-press.net\/togo\/#website\"},\"primaryImageOfPage\":{\"@id\":\"https:\/\/www.africa-press.net\/togo\/politique\/togo-dimportantes-decisions-prises-par-faure-gnassingbe-au-conseil-des-ministres-de-ce-1er-mars#primaryimage\"},\"image\":{\"@id\":\"https:\/\/www.africa-press.net\/togo\/politique\/togo-dimportantes-decisions-prises-par-faure-gnassingbe-au-conseil-des-ministres-de-ce-1er-mars#primaryimage\"},\"thumbnailUrl\":\"https:\/\/static.africa-press.net\/togo\/sites\/58\/2023\/03\/postQueueImg_1677771912.73.jpg\",\"datePublished\":\"2023-03-02T19:15:07+00:00\",\"dateModified\":\"2023-03-02T19:53:42+00:00\",\"author\":{\"@id\":\"https:\/\/www.africa-press.net\/togo\/#\/schema\/person\/2b1cf3cd81a31e3cd26889ca66d677f1\"},\"description\":\"L\u2019ensemble de l\u2019exe\u0301cutif e\u0301tait re\u0301unis, ce mercredi 1er mars 2023, autour du chef de l\u2019Etat, Faure Essozimna Gnassingb ...\",\"breadcrumb\":{\"@id\":\"https:\/\/www.africa-press.net\/togo\/politique\/togo-dimportantes-decisions-prises-par-faure-gnassingbe-au-conseil-des-ministres-de-ce-1er-mars#breadcrumb\"},\"inLanguage\":\"fr-FR\",\"potentialAction\":[{\"@type\":\"ReadAction\",\"target\":[\"https:\/\/www.africa-press.net\/togo\/politique\/togo-dimportantes-decisions-prises-par-faure-gnassingbe-au-conseil-des-ministres-de-ce-1er-mars\"]}]},{\"@type\":\"ImageObject\",\"inLanguage\":\"fr-FR\",\"@id\":\"https:\/\/www.africa-press.net\/togo\/politique\/togo-dimportantes-decisions-prises-par-faure-gnassingbe-au-conseil-des-ministres-de-ce-1er-mars#primaryimage\",\"url\":\"https:\/\/static.africa-press.net\/togo\/sites\/58\/2023\/03\/postQueueImg_1677771912.73.jpg\",\"contentUrl\":\"https:\/\/static.africa-press.net\/togo\/sites\/58\/2023\/03\/postQueueImg_1677771912.73.jpg\",\"width\":720,\"height\":479,\"caption\":\"Togo: D\u2019importantes d\u00e9cisions prises par Faure Gnassingb\u00e9 au Conseil des ministres de ce 1er mars\"},{\"@type\":\"BreadcrumbList\",\"@id\":\"https:\/\/www.africa-press.net\/togo\/politique\/togo-dimportantes-decisions-prises-par-faure-gnassingbe-au-conseil-des-ministres-de-ce-1er-mars#breadcrumb\",\"itemListElement\":[{\"@type\":\"ListItem\",\"position\":1,\"name\":\"Accueil\",\"item\":\"https:\/\/www.africa-press.net\/togo\/\"},{\"@type\":\"ListItem\",\"position\":2,\"name\":\"Togo: D\u2019importantes d\u00e9cisions prises par Faure Gnassingb\u00e9 au Conseil des ministres de ce 1er mars\"}]},{\"@type\":\"WebSite\",\"@id\":\"https:\/\/www.africa-press.net\/togo\/#website\",\"url\":\"https:\/\/www.africa-press.net\/togo\/\",\"name\":\"Togo\",\"description\":\"Just another Africa News Agency Sites site\",\"potentialAction\":[{\"@type\":\"SearchAction\",\"target\":{\"@type\":\"EntryPoint\",\"urlTemplate\":\"https:\/\/www.africa-press.net\/togo\/?s={search_term_string}\"},\"query-input\":{\"@type\":\"PropertyValueSpecification\",\"valueRequired\":true,\"valueName\":\"search_term_string\"}}],\"inLanguage\":\"fr-FR\"},{\"@type\":\"Person\",\"@id\":\"https:\/\/www.africa-press.net\/togo\/#\/schema\/person\/2b1cf3cd81a31e3cd26889ca66d677f1\",\"name\":\"cfeditorfr\"}]}<\/script>\n<!-- \/ Yoast SEO Premium plugin. -->","yoast_head_json":{"title":"Togo: D\u2019importantes d\u00e9cisions prises par Faure Gnassingb\u00e9 au Conseil des ministres de ce 1er mars - Togo","description":"L\u2019ensemble de l\u2019exe\u0301cutif e\u0301tait re\u0301unis, ce mercredi 1er mars 2023, autour du chef de l\u2019Etat, Faure Essozimna Gnassingb ...","robots":{"index":"index","follow":"follow","max-snippet":"max-snippet:-1","max-image-preview":"max-image-preview:large","max-video-preview":"max-video-preview:-1"},"canonical":"https:\/\/www.africa-press.net\/togo\/politique\/togo-dimportantes-decisions-prises-par-faure-gnassingbe-au-conseil-des-ministres-de-ce-1er-mars","og_locale":"fr_FR","og_type":"article","og_title":"Togo: D\u2019importantes d\u00e9cisions prises par Faure Gnassingb\u00e9 au Conseil des ministres de ce 1er mars","og_description":"L\u2019ensemble de l\u2019exe\u0301cutif e\u0301tait re\u0301unis, ce mercredi 1er mars 2023, autour du chef de l\u2019Etat, Faure Essozimna Gnassingb ...","og_url":"https:\/\/www.africa-press.net\/togo\/politique\/togo-dimportantes-decisions-prises-par-faure-gnassingbe-au-conseil-des-ministres-de-ce-1er-mars","og_site_name":"Togo","article_published_time":"2023-03-02T19:15:07+00:00","article_modified_time":"2023-03-02T19:53:42+00:00","og_image":[{"width":720,"height":479,"url":"https:\/\/static.africa-press.net\/togo\/sites\/58\/2023\/03\/postQueueImg_1677771912.73.jpg","type":"image\/jpeg"}],"author":"cfeditorfr","twitter_card":"summary_large_image","twitter_misc":{"\u00c9crit par":"cfeditorfr","Dur\u00e9e de lecture estim\u00e9e":"7 minutes"},"schema":{"@context":"https:\/\/schema.org","@graph":[{"@type":"Article","@id":"https:\/\/www.africa-press.net\/togo\/politique\/togo-dimportantes-decisions-prises-par-faure-gnassingbe-au-conseil-des-ministres-de-ce-1er-mars#article","isPartOf":{"@id":"https:\/\/www.africa-press.net\/togo\/politique\/togo-dimportantes-decisions-prises-par-faure-gnassingbe-au-conseil-des-ministres-de-ce-1er-mars"},"author":{"name":"cfeditorfr","@id":"https:\/\/www.africa-press.net\/togo\/#\/schema\/person\/2b1cf3cd81a31e3cd26889ca66d677f1"},"headline":"Togo: D\u2019importantes d\u00e9cisions prises par Faure Gnassingb\u00e9 au Conseil des ministres de ce 1er mars","datePublished":"2023-03-02T19:15:07+00:00","dateModified":"2023-03-02T19:53:42+00:00","mainEntityOfPage":{"@id":"https:\/\/www.africa-press.net\/togo\/politique\/togo-dimportantes-decisions-prises-par-faure-gnassingbe-au-conseil-des-ministres-de-ce-1er-mars"},"wordCount":1398,"commentCount":0,"image":{"@id":"https:\/\/www.africa-press.net\/togo\/politique\/togo-dimportantes-decisions-prises-par-faure-gnassingbe-au-conseil-des-ministres-de-ce-1er-mars#primaryimage"},"thumbnailUrl":"https:\/\/static.africa-press.net\/togo\/sites\/58\/2023\/03\/postQueueImg_1677771912.73.jpg","keywords":["Africa Press","Africa Press-Togo","Conseil des ministres","Faure Gnassingb\u00e9","Togo"],"articleSection":["Politique","Toutes les actualit\u00e9s"],"inLanguage":"fr-FR","potentialAction":[{"@type":"CommentAction","name":"Comment","target":["https:\/\/www.africa-press.net\/togo\/politique\/togo-dimportantes-decisions-prises-par-faure-gnassingbe-au-conseil-des-ministres-de-ce-1er-mars#respond"]}]},{"@type":"WebPage","@id":"https:\/\/www.africa-press.net\/togo\/politique\/togo-dimportantes-decisions-prises-par-faure-gnassingbe-au-conseil-des-ministres-de-ce-1er-mars","url":"https:\/\/www.africa-press.net\/togo\/politique\/togo-dimportantes-decisions-prises-par-faure-gnassingbe-au-conseil-des-ministres-de-ce-1er-mars","name":"Togo: D\u2019importantes d\u00e9cisions prises par Faure Gnassingb\u00e9 au Conseil des ministres de ce 1er mars - Togo","isPartOf":{"@id":"https:\/\/www.africa-press.net\/togo\/#website"},"primaryImageOfPage":{"@id":"https:\/\/www.africa-press.net\/togo\/politique\/togo-dimportantes-decisions-prises-par-faure-gnassingbe-au-conseil-des-ministres-de-ce-1er-mars#primaryimage"},"image":{"@id":"https:\/\/www.africa-press.net\/togo\/politique\/togo-dimportantes-decisions-prises-par-faure-gnassingbe-au-conseil-des-ministres-de-ce-1er-mars#primaryimage"},"thumbnailUrl":"https:\/\/static.africa-press.net\/togo\/sites\/58\/2023\/03\/postQueueImg_1677771912.73.jpg","datePublished":"2023-03-02T19:15:07+00:00","dateModified":"2023-03-02T19:53:42+00:00","author":{"@id":"https:\/\/www.africa-press.net\/togo\/#\/schema\/person\/2b1cf3cd81a31e3cd26889ca66d677f1"},"description":"L\u2019ensemble de l\u2019exe\u0301cutif e\u0301tait re\u0301unis, ce mercredi 1er mars 2023, autour du chef de l\u2019Etat, Faure Essozimna Gnassingb ...","breadcrumb":{"@id":"https:\/\/www.africa-press.net\/togo\/politique\/togo-dimportantes-decisions-prises-par-faure-gnassingbe-au-conseil-des-ministres-de-ce-1er-mars#breadcrumb"},"inLanguage":"fr-FR","potentialAction":[{"@type":"ReadAction","target":["https:\/\/www.africa-press.net\/togo\/politique\/togo-dimportantes-decisions-prises-par-faure-gnassingbe-au-conseil-des-ministres-de-ce-1er-mars"]}]},{"@type":"ImageObject","inLanguage":"fr-FR","@id":"https:\/\/www.africa-press.net\/togo\/politique\/togo-dimportantes-decisions-prises-par-faure-gnassingbe-au-conseil-des-ministres-de-ce-1er-mars#primaryimage","url":"https:\/\/static.africa-press.net\/togo\/sites\/58\/2023\/03\/postQueueImg_1677771912.73.jpg","contentUrl":"https:\/\/static.africa-press.net\/togo\/sites\/58\/2023\/03\/postQueueImg_1677771912.73.jpg","width":720,"height":479,"caption":"Togo: D\u2019importantes d\u00e9cisions prises par Faure Gnassingb\u00e9 au Conseil des ministres de ce 1er mars"},{"@type":"BreadcrumbList","@id":"https:\/\/www.africa-press.net\/togo\/politique\/togo-dimportantes-decisions-prises-par-faure-gnassingbe-au-conseil-des-ministres-de-ce-1er-mars#breadcrumb","itemListElement":[{"@type":"ListItem","position":1,"name":"Accueil","item":"https:\/\/www.africa-press.net\/togo\/"},{"@type":"ListItem","position":2,"name":"Togo: D\u2019importantes d\u00e9cisions prises par Faure Gnassingb\u00e9 au Conseil des ministres de ce 1er mars"}]},{"@type":"WebSite","@id":"https:\/\/www.africa-press.net\/togo\/#website","url":"https:\/\/www.africa-press.net\/togo\/","name":"Togo","description":"Just another Africa News Agency Sites site","potentialAction":[{"@type":"SearchAction","target":{"@type":"EntryPoint","urlTemplate":"https:\/\/www.africa-press.net\/togo\/?s={search_term_string}"},"query-input":{"@type":"PropertyValueSpecification","valueRequired":true,"valueName":"search_term_string"}}],"inLanguage":"fr-FR"},{"@type":"Person","@id":"https:\/\/www.africa-press.net\/togo\/#\/schema\/person\/2b1cf3cd81a31e3cd26889ca66d677f1","name":"cfeditorfr"}]}},"_links":{"self":[{"href":"https:\/\/www.africa-press.net\/togo\/wp-json\/wp\/v2\/posts\/18055","targetHints":{"allow":["GET"]}}],"collection":[{"href":"https:\/\/www.africa-press.net\/togo\/wp-json\/wp\/v2\/posts"}],"about":[{"href":"https:\/\/www.africa-press.net\/togo\/wp-json\/wp\/v2\/types\/post"}],"author":[{"embeddable":true,"href":"https:\/\/www.africa-press.net\/togo\/wp-json\/wp\/v2\/users\/82"}],"replies":[{"embeddable":true,"href":"https:\/\/www.africa-press.net\/togo\/wp-json\/wp\/v2\/comments?post=18055"}],"version-history":[{"count":0,"href":"https:\/\/www.africa-press.net\/togo\/wp-json\/wp\/v2\/posts\/18055\/revisions"}],"wp:featuredmedia":[{"embeddable":true,"href":"https:\/\/www.africa-press.net\/togo\/wp-json\/wp\/v2\/media\/18054"}],"wp:attachment":[{"href":"https:\/\/www.africa-press.net\/togo\/wp-json\/wp\/v2\/media?parent=18055"}],"wp:term":[{"taxonomy":"category","embeddable":true,"href":"https:\/\/www.africa-press.net\/togo\/wp-json\/wp\/v2\/categories?post=18055"},{"taxonomy":"post_tag","embeddable":true,"href":"https:\/\/www.africa-press.net\/togo\/wp-json\/wp\/v2\/tags?post=18055"}],"curies":[{"name":"wp","href":"https:\/\/api.w.org\/{rel}","templated":true}]}}