{"id":18072,"date":"2023-03-03T12:34:51","date_gmt":"2023-03-03T12:34:51","guid":{"rendered":"https:\/\/www.africa-press.net\/togo\/politique\/togo-declaration-de-trimua-au-conseil-des-droits-de-lhomme-de-lonu"},"modified":"2023-03-03T13:20:23","modified_gmt":"2023-03-03T13:20:23","slug":"togo-declaration-de-trimua-au-conseil-des-droits-de-lhomme-de-lonu","status":"publish","type":"post","link":"https:\/\/www.africa-press.net\/togo\/politique\/togo-declaration-de-trimua-au-conseil-des-droits-de-lhomme-de-lonu","title":{"rendered":"Togo-D\u00e9claration de Trimua au Conseil des droits de l\u2019homme de l\u2019ONU"},"content":{"rendered":"<p><span style=\"color: #ff6600\"><strong>Africa-Press &#8211; Togo. <\/strong><\/span><b>Le ministre des Droits de l\u2019homme, de la Formation a\u0300 la citoyennete\u0301, des Relations avec les institutions de la Re\u0301publique du Togo, Christian Trimua, a fait sa pre\u0301sentation jeudi 02 mars 2023, a\u0300 la 52e\u0300me session du Conseil des droits de l\u2019homme des Nations Unies. <\/b><\/p>\n<p>A\u0300 cette occasion, les de\u0301le\u0301gations de chaque pays font essentiellement part de leurs pre\u0301occupations s\u2019agissant de la guerre entre la Fe\u0301de\u0301ration de Russie et l\u2019Ukraine.<\/p>\n<p>Dans son allocution, le ministre Togolais a souligne\u0301 que la situation e\u0301conomique et financie\u0300re mondiale impacte directement les droits sociaux et e\u0301conomiques dans son pays.<\/p>\n<p>\u00ab Le Togo subit de plein fouet cette tendance e\u0301conomique globale et y fait face avec des moyens certes limite\u0301s, mais avec une volonte\u0301 ferme et de la de\u0301termination \u00bb, a-t-il indique\u0301.<\/p>\n<p>\u00ab Des mesures urgentes, e\u0301value\u0301es financie\u0300rement a\u0300 pre\u0300s de 3% du PIB national, ont donc e\u0301te\u0301 prises pour ainsi amoindrir les effets de l\u2019inflation sur le ve\u0301cu quotidien des populations \u00bb, a ajoute\u0301 M. Trimua avant de de\u0301noncer le terrorisme et l\u2019extre\u0301misme violent : \u00ab Fide\u0300le a\u0300 une tradition diplomatique d\u2019entraide et de dialogue sous-re\u0301gional, le Togo a fait le choix d\u2019une prise en charge endoge\u0300ne du phe\u0301nome\u0300ne, avec pour but de renforcer la stabilite\u0301 et la re\u0301silience des E\u0301tats impacte\u0301s \u00bb.<\/p>\n<p>D\u2019apre\u0300s lui, ces initiatives se sont traduites, entre autres, par la strate\u0301gie du Togo pour le Sahel et la cre\u0301ation concerte\u0301e de me\u0301canismes pertinents tels que l\u2019Initiative d\u2019Accra.<\/p>\n<p>Le ministre Togolais a par ailleurs affirme\u0301 que sa Nation a connu des avance\u0301es notables sur le plan de la protection et la promotion des droits humains.<\/p>\n<p>\u00ab Outre la constitutionnalisation de l\u2019abolition de la peine de mort et de la peine d\u2019emprisonnement a\u0300 perpe\u0301tuite\u0301, le pays vient d\u2019e\u0301laborer un avant-projet de loi sur la reconnaissance et la protection des de\u0301fenseurs des droits humains \u00bb, a-t-il notamment fait valoir.<\/p>\n<p>Cette 52e session ordinaire du Conseil des droits de l\u2019homme des Nations Unies, lance\u0301e le 27 fe\u0301vrier, prendra fin le 4 avril 2023.<\/p>\n<p><strong>Pour plus d&rsquo;informations et d&rsquo;analyses sur la <a href=\"https:\/\/www.africa-press.net\/togo\">Togo<\/a>, suivez <a href=\"https:\/\/www.africa-press.net\/\">Africa-Press<\/a><\/strong><\/p>\n","protected":false},"excerpt":{"rendered":"<p>Africa-Press &#8211; Togo. Le ministre des Droits de l\u2019homme, de la Formation a\u0300 la citoyennete\u0301, des Relations avec les institutions de la Re\u0301publique du Togo, Christian Trimua, a fait sa pre\u0301sentation jeudi 02 mars 2023, a\u0300 la 52e\u0300me session du Conseil des droits de l\u2019homme des Nations Unies. A\u0300 cette occasion, les de\u0301le\u0301gations de chaque [&hellip;]<\/p>\n","protected":false},"author":82,"featured_media":18071,"comment_status":"open","ping_status":"closed","sticky":false,"template":"","format":"standard","meta":{"footnotes":""},"categories":[2,10],"tags":[36,49,50],"class_list":["post-18072","post","type-post","status-publish","format-standard","has-post-thumbnail","hentry","category-politique","category-toutes-les-actualites","tag-africa-press","tag-africa-press-togo","tag-togo"],"yoast_head":"<!-- This site is optimized with the Yoast SEO Premium plugin v26.1 (Yoast SEO v27.0) - https:\/\/yoast.com\/product\/yoast-seo-premium-wordpress\/ -->\n<title>Togo-D\u00e9claration de Trimua au Conseil des droits de l\u2019homme de l\u2019ONU - Togo<\/title>\n<meta name=\"description\" content=\"Le ministre des Droits de l\u2019homme, de la Formation a\u0300 la citoyennete\u0301, des Relations avec les institutions de la Re\u0301p ...\" \/>\n<meta name=\"robots\" content=\"index, follow, max-snippet:-1, max-image-preview:large, max-video-preview:-1\" \/>\n<link rel=\"canonical\" href=\"https:\/\/www.africa-press.net\/togo\/politique\/togo-declaration-de-trimua-au-conseil-des-droits-de-lhomme-de-lonu\" \/>\n<meta property=\"og:locale\" content=\"fr_FR\" \/>\n<meta property=\"og:type\" content=\"article\" \/>\n<meta property=\"og:title\" content=\"Togo-D\u00e9claration de Trimua au Conseil des droits de l\u2019homme de l\u2019ONU\" \/>\n<meta property=\"og:description\" content=\"Le ministre des Droits de l\u2019homme, de la Formation a\u0300 la citoyennete\u0301, des Relations avec les institutions de la Re\u0301p ...\" \/>\n<meta property=\"og:url\" content=\"https:\/\/www.africa-press.net\/togo\/politique\/togo-declaration-de-trimua-au-conseil-des-droits-de-lhomme-de-lonu\" \/>\n<meta property=\"og:site_name\" content=\"Togo\" \/>\n<meta property=\"article:published_time\" content=\"2023-03-03T12:34:51+00:00\" \/>\n<meta property=\"article:modified_time\" content=\"2023-03-03T13:20:23+00:00\" \/>\n<meta property=\"og:image\" content=\"https:\/\/static.africa-press.net\/togo\/sites\/58\/2023\/03\/postQueueImg_1677834293.10.jpg\" \/>\n\t<meta property=\"og:image:width\" content=\"1080\" \/>\n\t<meta property=\"og:image:height\" content=\"596\" \/>\n\t<meta property=\"og:image:type\" content=\"image\/jpeg\" \/>\n<meta name=\"author\" content=\"cfeditorfr\" \/>\n<meta name=\"twitter:card\" content=\"summary_large_image\" \/>\n<meta name=\"twitter:label1\" content=\"\u00c9crit par\" \/>\n\t<meta name=\"twitter:data1\" content=\"cfeditorfr\" \/>\n\t<meta name=\"twitter:label2\" content=\"Dur\u00e9e de lecture estim\u00e9e\" \/>\n\t<meta name=\"twitter:data2\" content=\"2 minutes\" \/>\n<script type=\"application\/ld+json\" class=\"yoast-schema-graph\">{\"@context\":\"https:\/\/schema.org\",\"@graph\":[{\"@type\":\"Article\",\"@id\":\"https:\/\/www.africa-press.net\/togo\/politique\/togo-declaration-de-trimua-au-conseil-des-droits-de-lhomme-de-lonu#article\",\"isPartOf\":{\"@id\":\"https:\/\/www.africa-press.net\/togo\/politique\/togo-declaration-de-trimua-au-conseil-des-droits-de-lhomme-de-lonu\"},\"author\":{\"name\":\"cfeditorfr\",\"@id\":\"https:\/\/www.africa-press.net\/togo\/#\/schema\/person\/2b1cf3cd81a31e3cd26889ca66d677f1\"},\"headline\":\"Togo-D\u00e9claration de Trimua au Conseil des droits de l\u2019homme de l\u2019ONU\",\"datePublished\":\"2023-03-03T12:34:51+00:00\",\"dateModified\":\"2023-03-03T13:20:23+00:00\",\"mainEntityOfPage\":{\"@id\":\"https:\/\/www.africa-press.net\/togo\/politique\/togo-declaration-de-trimua-au-conseil-des-droits-de-lhomme-de-lonu\"},\"wordCount\":399,\"commentCount\":0,\"image\":{\"@id\":\"https:\/\/www.africa-press.net\/togo\/politique\/togo-declaration-de-trimua-au-conseil-des-droits-de-lhomme-de-lonu#primaryimage\"},\"thumbnailUrl\":\"https:\/\/static.africa-press.net\/togo\/sites\/58\/2023\/03\/postQueueImg_1677834293.10.jpg\",\"keywords\":[\"Africa Press\",\"Africa Press-Togo\",\"Togo\"],\"articleSection\":[\"Politique\",\"Toutes les actualit\u00e9s\"],\"inLanguage\":\"fr-FR\",\"potentialAction\":[{\"@type\":\"CommentAction\",\"name\":\"Comment\",\"target\":[\"https:\/\/www.africa-press.net\/togo\/politique\/togo-declaration-de-trimua-au-conseil-des-droits-de-lhomme-de-lonu#respond\"]}]},{\"@type\":\"WebPage\",\"@id\":\"https:\/\/www.africa-press.net\/togo\/politique\/togo-declaration-de-trimua-au-conseil-des-droits-de-lhomme-de-lonu\",\"url\":\"https:\/\/www.africa-press.net\/togo\/politique\/togo-declaration-de-trimua-au-conseil-des-droits-de-lhomme-de-lonu\",\"name\":\"Togo-D\u00e9claration de Trimua au Conseil des droits de l\u2019homme de l\u2019ONU - Togo\",\"isPartOf\":{\"@id\":\"https:\/\/www.africa-press.net\/togo\/#website\"},\"primaryImageOfPage\":{\"@id\":\"https:\/\/www.africa-press.net\/togo\/politique\/togo-declaration-de-trimua-au-conseil-des-droits-de-lhomme-de-lonu#primaryimage\"},\"image\":{\"@id\":\"https:\/\/www.africa-press.net\/togo\/politique\/togo-declaration-de-trimua-au-conseil-des-droits-de-lhomme-de-lonu#primaryimage\"},\"thumbnailUrl\":\"https:\/\/static.africa-press.net\/togo\/sites\/58\/2023\/03\/postQueueImg_1677834293.10.jpg\",\"datePublished\":\"2023-03-03T12:34:51+00:00\",\"dateModified\":\"2023-03-03T13:20:23+00:00\",\"author\":{\"@id\":\"https:\/\/www.africa-press.net\/togo\/#\/schema\/person\/2b1cf3cd81a31e3cd26889ca66d677f1\"},\"description\":\"Le ministre des Droits de l\u2019homme, de la Formation a\u0300 la citoyennete\u0301, des Relations avec les institutions de la Re\u0301p ...\",\"breadcrumb\":{\"@id\":\"https:\/\/www.africa-press.net\/togo\/politique\/togo-declaration-de-trimua-au-conseil-des-droits-de-lhomme-de-lonu#breadcrumb\"},\"inLanguage\":\"fr-FR\",\"potentialAction\":[{\"@type\":\"ReadAction\",\"target\":[\"https:\/\/www.africa-press.net\/togo\/politique\/togo-declaration-de-trimua-au-conseil-des-droits-de-lhomme-de-lonu\"]}]},{\"@type\":\"ImageObject\",\"inLanguage\":\"fr-FR\",\"@id\":\"https:\/\/www.africa-press.net\/togo\/politique\/togo-declaration-de-trimua-au-conseil-des-droits-de-lhomme-de-lonu#primaryimage\",\"url\":\"https:\/\/static.africa-press.net\/togo\/sites\/58\/2023\/03\/postQueueImg_1677834293.10.jpg\",\"contentUrl\":\"https:\/\/static.africa-press.net\/togo\/sites\/58\/2023\/03\/postQueueImg_1677834293.10.jpg\",\"width\":1080,\"height\":596,\"caption\":\"Togo-D\u00e9claration de Trimua au Conseil des droits de l\u2019homme de l\u2019ONU\"},{\"@type\":\"BreadcrumbList\",\"@id\":\"https:\/\/www.africa-press.net\/togo\/politique\/togo-declaration-de-trimua-au-conseil-des-droits-de-lhomme-de-lonu#breadcrumb\",\"itemListElement\":[{\"@type\":\"ListItem\",\"position\":1,\"name\":\"Accueil\",\"item\":\"https:\/\/www.africa-press.net\/togo\/\"},{\"@type\":\"ListItem\",\"position\":2,\"name\":\"Togo-D\u00e9claration de Trimua au Conseil des droits de l\u2019homme de l\u2019ONU\"}]},{\"@type\":\"WebSite\",\"@id\":\"https:\/\/www.africa-press.net\/togo\/#website\",\"url\":\"https:\/\/www.africa-press.net\/togo\/\",\"name\":\"Togo\",\"description\":\"Just another Africa News Agency Sites site\",\"potentialAction\":[{\"@type\":\"SearchAction\",\"target\":{\"@type\":\"EntryPoint\",\"urlTemplate\":\"https:\/\/www.africa-press.net\/togo\/?s={search_term_string}\"},\"query-input\":{\"@type\":\"PropertyValueSpecification\",\"valueRequired\":true,\"valueName\":\"search_term_string\"}}],\"inLanguage\":\"fr-FR\"},{\"@type\":\"Person\",\"@id\":\"https:\/\/www.africa-press.net\/togo\/#\/schema\/person\/2b1cf3cd81a31e3cd26889ca66d677f1\",\"name\":\"cfeditorfr\"}]}<\/script>\n<!-- \/ Yoast SEO Premium plugin. -->","yoast_head_json":{"title":"Togo-D\u00e9claration de Trimua au Conseil des droits de l\u2019homme de l\u2019ONU - Togo","description":"Le ministre des Droits de l\u2019homme, de la Formation a\u0300 la citoyennete\u0301, des Relations avec les institutions de la Re\u0301p ...","robots":{"index":"index","follow":"follow","max-snippet":"max-snippet:-1","max-image-preview":"max-image-preview:large","max-video-preview":"max-video-preview:-1"},"canonical":"https:\/\/www.africa-press.net\/togo\/politique\/togo-declaration-de-trimua-au-conseil-des-droits-de-lhomme-de-lonu","og_locale":"fr_FR","og_type":"article","og_title":"Togo-D\u00e9claration de Trimua au Conseil des droits de l\u2019homme de l\u2019ONU","og_description":"Le ministre des Droits de l\u2019homme, de la Formation a\u0300 la citoyennete\u0301, des Relations avec les institutions de la Re\u0301p ...","og_url":"https:\/\/www.africa-press.net\/togo\/politique\/togo-declaration-de-trimua-au-conseil-des-droits-de-lhomme-de-lonu","og_site_name":"Togo","article_published_time":"2023-03-03T12:34:51+00:00","article_modified_time":"2023-03-03T13:20:23+00:00","og_image":[{"width":1080,"height":596,"url":"https:\/\/static.africa-press.net\/togo\/sites\/58\/2023\/03\/postQueueImg_1677834293.10.jpg","type":"image\/jpeg"}],"author":"cfeditorfr","twitter_card":"summary_large_image","twitter_misc":{"\u00c9crit par":"cfeditorfr","Dur\u00e9e de lecture estim\u00e9e":"2 minutes"},"schema":{"@context":"https:\/\/schema.org","@graph":[{"@type":"Article","@id":"https:\/\/www.africa-press.net\/togo\/politique\/togo-declaration-de-trimua-au-conseil-des-droits-de-lhomme-de-lonu#article","isPartOf":{"@id":"https:\/\/www.africa-press.net\/togo\/politique\/togo-declaration-de-trimua-au-conseil-des-droits-de-lhomme-de-lonu"},"author":{"name":"cfeditorfr","@id":"https:\/\/www.africa-press.net\/togo\/#\/schema\/person\/2b1cf3cd81a31e3cd26889ca66d677f1"},"headline":"Togo-D\u00e9claration de Trimua au Conseil des droits de l\u2019homme de l\u2019ONU","datePublished":"2023-03-03T12:34:51+00:00","dateModified":"2023-03-03T13:20:23+00:00","mainEntityOfPage":{"@id":"https:\/\/www.africa-press.net\/togo\/politique\/togo-declaration-de-trimua-au-conseil-des-droits-de-lhomme-de-lonu"},"wordCount":399,"commentCount":0,"image":{"@id":"https:\/\/www.africa-press.net\/togo\/politique\/togo-declaration-de-trimua-au-conseil-des-droits-de-lhomme-de-lonu#primaryimage"},"thumbnailUrl":"https:\/\/static.africa-press.net\/togo\/sites\/58\/2023\/03\/postQueueImg_1677834293.10.jpg","keywords":["Africa Press","Africa Press-Togo","Togo"],"articleSection":["Politique","Toutes les actualit\u00e9s"],"inLanguage":"fr-FR","potentialAction":[{"@type":"CommentAction","name":"Comment","target":["https:\/\/www.africa-press.net\/togo\/politique\/togo-declaration-de-trimua-au-conseil-des-droits-de-lhomme-de-lonu#respond"]}]},{"@type":"WebPage","@id":"https:\/\/www.africa-press.net\/togo\/politique\/togo-declaration-de-trimua-au-conseil-des-droits-de-lhomme-de-lonu","url":"https:\/\/www.africa-press.net\/togo\/politique\/togo-declaration-de-trimua-au-conseil-des-droits-de-lhomme-de-lonu","name":"Togo-D\u00e9claration de Trimua au Conseil des droits de l\u2019homme de l\u2019ONU - Togo","isPartOf":{"@id":"https:\/\/www.africa-press.net\/togo\/#website"},"primaryImageOfPage":{"@id":"https:\/\/www.africa-press.net\/togo\/politique\/togo-declaration-de-trimua-au-conseil-des-droits-de-lhomme-de-lonu#primaryimage"},"image":{"@id":"https:\/\/www.africa-press.net\/togo\/politique\/togo-declaration-de-trimua-au-conseil-des-droits-de-lhomme-de-lonu#primaryimage"},"thumbnailUrl":"https:\/\/static.africa-press.net\/togo\/sites\/58\/2023\/03\/postQueueImg_1677834293.10.jpg","datePublished":"2023-03-03T12:34:51+00:00","dateModified":"2023-03-03T13:20:23+00:00","author":{"@id":"https:\/\/www.africa-press.net\/togo\/#\/schema\/person\/2b1cf3cd81a31e3cd26889ca66d677f1"},"description":"Le ministre des Droits de l\u2019homme, de la Formation a\u0300 la citoyennete\u0301, des Relations avec les institutions de la Re\u0301p ...","breadcrumb":{"@id":"https:\/\/www.africa-press.net\/togo\/politique\/togo-declaration-de-trimua-au-conseil-des-droits-de-lhomme-de-lonu#breadcrumb"},"inLanguage":"fr-FR","potentialAction":[{"@type":"ReadAction","target":["https:\/\/www.africa-press.net\/togo\/politique\/togo-declaration-de-trimua-au-conseil-des-droits-de-lhomme-de-lonu"]}]},{"@type":"ImageObject","inLanguage":"fr-FR","@id":"https:\/\/www.africa-press.net\/togo\/politique\/togo-declaration-de-trimua-au-conseil-des-droits-de-lhomme-de-lonu#primaryimage","url":"https:\/\/static.africa-press.net\/togo\/sites\/58\/2023\/03\/postQueueImg_1677834293.10.jpg","contentUrl":"https:\/\/static.africa-press.net\/togo\/sites\/58\/2023\/03\/postQueueImg_1677834293.10.jpg","width":1080,"height":596,"caption":"Togo-D\u00e9claration de Trimua au Conseil des droits de l\u2019homme de l\u2019ONU"},{"@type":"BreadcrumbList","@id":"https:\/\/www.africa-press.net\/togo\/politique\/togo-declaration-de-trimua-au-conseil-des-droits-de-lhomme-de-lonu#breadcrumb","itemListElement":[{"@type":"ListItem","position":1,"name":"Accueil","item":"https:\/\/www.africa-press.net\/togo\/"},{"@type":"ListItem","position":2,"name":"Togo-D\u00e9claration de Trimua au Conseil des droits de l\u2019homme de l\u2019ONU"}]},{"@type":"WebSite","@id":"https:\/\/www.africa-press.net\/togo\/#website","url":"https:\/\/www.africa-press.net\/togo\/","name":"Togo","description":"Just another Africa News Agency Sites site","potentialAction":[{"@type":"SearchAction","target":{"@type":"EntryPoint","urlTemplate":"https:\/\/www.africa-press.net\/togo\/?s={search_term_string}"},"query-input":{"@type":"PropertyValueSpecification","valueRequired":true,"valueName":"search_term_string"}}],"inLanguage":"fr-FR"},{"@type":"Person","@id":"https:\/\/www.africa-press.net\/togo\/#\/schema\/person\/2b1cf3cd81a31e3cd26889ca66d677f1","name":"cfeditorfr"}]}},"_links":{"self":[{"href":"https:\/\/www.africa-press.net\/togo\/wp-json\/wp\/v2\/posts\/18072","targetHints":{"allow":["GET"]}}],"collection":[{"href":"https:\/\/www.africa-press.net\/togo\/wp-json\/wp\/v2\/posts"}],"about":[{"href":"https:\/\/www.africa-press.net\/togo\/wp-json\/wp\/v2\/types\/post"}],"author":[{"embeddable":true,"href":"https:\/\/www.africa-press.net\/togo\/wp-json\/wp\/v2\/users\/82"}],"replies":[{"embeddable":true,"href":"https:\/\/www.africa-press.net\/togo\/wp-json\/wp\/v2\/comments?post=18072"}],"version-history":[{"count":0,"href":"https:\/\/www.africa-press.net\/togo\/wp-json\/wp\/v2\/posts\/18072\/revisions"}],"wp:featuredmedia":[{"embeddable":true,"href":"https:\/\/www.africa-press.net\/togo\/wp-json\/wp\/v2\/media\/18071"}],"wp:attachment":[{"href":"https:\/\/www.africa-press.net\/togo\/wp-json\/wp\/v2\/media?parent=18072"}],"wp:term":[{"taxonomy":"category","embeddable":true,"href":"https:\/\/www.africa-press.net\/togo\/wp-json\/wp\/v2\/categories?post=18072"},{"taxonomy":"post_tag","embeddable":true,"href":"https:\/\/www.africa-press.net\/togo\/wp-json\/wp\/v2\/tags?post=18072"}],"curies":[{"name":"wp","href":"https:\/\/api.w.org\/{rel}","templated":true}]}}