{"id":18076,"date":"2023-03-03T12:35:06","date_gmt":"2023-03-03T12:35:06","guid":{"rendered":"https:\/\/www.africa-press.net\/togo\/politique\/togo-terrorisme-boukpessi-plus-regardant-dans-les-activites-des-ongs"},"modified":"2023-03-03T13:22:52","modified_gmt":"2023-03-03T13:22:52","slug":"togo-terrorisme-boukpessi-plus-regardant-dans-les-activites-des-ongs","status":"publish","type":"post","link":"https:\/\/www.africa-press.net\/togo\/politique\/togo-terrorisme-boukpessi-plus-regardant-dans-les-activites-des-ongs","title":{"rendered":"Togo-Terrorisme : Boukp\u00e9ssi plus regardant dans les activit\u00e9s des ONGs"},"content":{"rendered":"<p><span style=\"color: #ff6600\"><strong>Africa-Press &#8211; Togo. <\/strong><\/span><b>En raison de l\u2019Etat d\u2019urgence se\u0301curitaire de\u0301cre\u0301te\u0301 au nord du Togo<\/b>, le ministre togolais en charge de l\u2019Administration territoriale, Payadowa Boukpe\u0301ssi, veut de\u0301sormais garder un \u0153il sur les activite\u0301s qu\u2019entreprennent les ONGs et associaions dans la re\u0301gion des Savanes, Kara et Centrale.<\/p>\n<p>Payadowa Boukpessi a adresse\u0301 a\u0300 cet effet un courrier le mardi 28 fe\u0301vrier 2023 a\u0300 l\u2019endroit des pre\u0301fets des re\u0301gions mentionne\u0301es.<\/p>\n<p>A ces derniers, il leur a demande\u0301 de \u00ab dresser, en toute urgence, un rapport sur ces associations ou ONG, le de\u0301but de leurs activite\u0301s et la nature de ces activite\u0301s, les personnes cibles vise\u0301es par lesdites activite\u0301s, les noms, pre\u0301noms et contacts des personnes charge\u0301es par ces structures pour accomplir ces missions \u00bb.<\/p>\n<p>\u00ab Vos re\u0301ponses doivent parvenir au ministe\u0300re de l\u2019Administration territoriale, de la De\u0301centralisation et du De\u0301veloppement des territoires au plus tard le mardi 7 mars 2023 \u00bb, a ajoute\u0301 le ministre d\u2019Etat.<\/p>\n<p>Il faut noter que cette de\u0301cision fait suite au constat selon lequel \u201cplusieurs associations et ONGs entament ces derniers temps une cascade d\u2019activite\u0301s diverses\u201d dans les localite\u0301s mentionne\u0301es.<\/p>\n<p><strong>Pour plus d&rsquo;informations et d&rsquo;analyses sur la <a href=\"https:\/\/www.africa-press.net\/togo\">Togo<\/a>, suivez <a href=\"https:\/\/www.africa-press.net\/\">Africa-Press<\/a><\/strong><\/p>\n","protected":false},"excerpt":{"rendered":"<p>Africa-Press &#8211; Togo. En raison de l\u2019Etat d\u2019urgence se\u0301curitaire de\u0301cre\u0301te\u0301 au nord du Togo, le ministre togolais en charge de l\u2019Administration territoriale, Payadowa Boukpe\u0301ssi, veut de\u0301sormais garder un \u0153il sur les activite\u0301s qu\u2019entreprennent les ONGs et associaions dans la re\u0301gion des Savanes, Kara et Centrale. Payadowa Boukpessi a adresse\u0301 a\u0300 cet effet un courrier le [&hellip;]<\/p>\n","protected":false},"author":82,"featured_media":18075,"comment_status":"open","ping_status":"closed","sticky":false,"template":"","format":"standard","meta":{"footnotes":""},"categories":[2,10],"tags":[36,49,50],"class_list":["post-18076","post","type-post","status-publish","format-standard","has-post-thumbnail","hentry","category-politique","category-toutes-les-actualites","tag-africa-press","tag-africa-press-togo","tag-togo"],"yoast_head":"<!-- This site is optimized with the Yoast SEO Premium plugin v26.1 (Yoast SEO v27.0) - https:\/\/yoast.com\/product\/yoast-seo-premium-wordpress\/ -->\n<title>Togo-Terrorisme : Boukp\u00e9ssi plus regardant dans les activit\u00e9s des ONGs - Togo<\/title>\n<meta name=\"description\" content=\"En raison de l\u2019Etat d\u2019urgence se\u0301curitaire de\u0301cre\u0301te\u0301 au nord du Togo, le ministre togolais en charge de l\u2019Admini ...\" \/>\n<meta name=\"robots\" content=\"index, follow, max-snippet:-1, max-image-preview:large, max-video-preview:-1\" \/>\n<link rel=\"canonical\" href=\"https:\/\/www.africa-press.net\/togo\/politique\/togo-terrorisme-boukpessi-plus-regardant-dans-les-activites-des-ongs\" \/>\n<meta property=\"og:locale\" content=\"fr_FR\" \/>\n<meta property=\"og:type\" content=\"article\" \/>\n<meta property=\"og:title\" content=\"Togo-Terrorisme : Boukp\u00e9ssi plus regardant dans les activit\u00e9s des ONGs\" \/>\n<meta property=\"og:description\" content=\"En raison de l\u2019Etat d\u2019urgence se\u0301curitaire de\u0301cre\u0301te\u0301 au nord du Togo, le ministre togolais en charge de l\u2019Admini ...\" \/>\n<meta property=\"og:url\" content=\"https:\/\/www.africa-press.net\/togo\/politique\/togo-terrorisme-boukpessi-plus-regardant-dans-les-activites-des-ongs\" \/>\n<meta property=\"og:site_name\" content=\"Togo\" \/>\n<meta property=\"article:published_time\" content=\"2023-03-03T12:35:06+00:00\" \/>\n<meta property=\"article:modified_time\" content=\"2023-03-03T13:22:52+00:00\" \/>\n<meta property=\"og:image\" content=\"https:\/\/static.africa-press.net\/togo\/sites\/58\/2023\/03\/postQueueImg_1677834310.88.jpg\" \/>\n\t<meta property=\"og:image:width\" content=\"1280\" \/>\n\t<meta property=\"og:image:height\" content=\"800\" \/>\n\t<meta property=\"og:image:type\" content=\"image\/jpeg\" \/>\n<meta name=\"author\" content=\"cfeditorfr\" \/>\n<meta name=\"twitter:card\" content=\"summary_large_image\" \/>\n<meta name=\"twitter:label1\" content=\"\u00c9crit par\" \/>\n\t<meta name=\"twitter:data1\" content=\"cfeditorfr\" \/>\n\t<meta name=\"twitter:label2\" content=\"Dur\u00e9e de lecture estim\u00e9e\" \/>\n\t<meta name=\"twitter:data2\" content=\"1 minute\" \/>\n<script type=\"application\/ld+json\" class=\"yoast-schema-graph\">{\"@context\":\"https:\/\/schema.org\",\"@graph\":[{\"@type\":\"Article\",\"@id\":\"https:\/\/www.africa-press.net\/togo\/politique\/togo-terrorisme-boukpessi-plus-regardant-dans-les-activites-des-ongs#article\",\"isPartOf\":{\"@id\":\"https:\/\/www.africa-press.net\/togo\/politique\/togo-terrorisme-boukpessi-plus-regardant-dans-les-activites-des-ongs\"},\"author\":{\"name\":\"cfeditorfr\",\"@id\":\"https:\/\/www.africa-press.net\/togo\/#\/schema\/person\/2b1cf3cd81a31e3cd26889ca66d677f1\"},\"headline\":\"Togo-Terrorisme : Boukp\u00e9ssi plus regardant dans les activit\u00e9s des ONGs\",\"datePublished\":\"2023-03-03T12:35:06+00:00\",\"dateModified\":\"2023-03-03T13:22:52+00:00\",\"mainEntityOfPage\":{\"@id\":\"https:\/\/www.africa-press.net\/togo\/politique\/togo-terrorisme-boukpessi-plus-regardant-dans-les-activites-des-ongs\"},\"wordCount\":229,\"commentCount\":0,\"image\":{\"@id\":\"https:\/\/www.africa-press.net\/togo\/politique\/togo-terrorisme-boukpessi-plus-regardant-dans-les-activites-des-ongs#primaryimage\"},\"thumbnailUrl\":\"https:\/\/static.africa-press.net\/togo\/sites\/58\/2023\/03\/postQueueImg_1677834310.88.jpg\",\"keywords\":[\"Africa Press\",\"Africa Press-Togo\",\"Togo\"],\"articleSection\":[\"Politique\",\"Toutes les actualit\u00e9s\"],\"inLanguage\":\"fr-FR\",\"potentialAction\":[{\"@type\":\"CommentAction\",\"name\":\"Comment\",\"target\":[\"https:\/\/www.africa-press.net\/togo\/politique\/togo-terrorisme-boukpessi-plus-regardant-dans-les-activites-des-ongs#respond\"]}]},{\"@type\":\"WebPage\",\"@id\":\"https:\/\/www.africa-press.net\/togo\/politique\/togo-terrorisme-boukpessi-plus-regardant-dans-les-activites-des-ongs\",\"url\":\"https:\/\/www.africa-press.net\/togo\/politique\/togo-terrorisme-boukpessi-plus-regardant-dans-les-activites-des-ongs\",\"name\":\"Togo-Terrorisme : Boukp\u00e9ssi plus regardant dans les activit\u00e9s des ONGs - Togo\",\"isPartOf\":{\"@id\":\"https:\/\/www.africa-press.net\/togo\/#website\"},\"primaryImageOfPage\":{\"@id\":\"https:\/\/www.africa-press.net\/togo\/politique\/togo-terrorisme-boukpessi-plus-regardant-dans-les-activites-des-ongs#primaryimage\"},\"image\":{\"@id\":\"https:\/\/www.africa-press.net\/togo\/politique\/togo-terrorisme-boukpessi-plus-regardant-dans-les-activites-des-ongs#primaryimage\"},\"thumbnailUrl\":\"https:\/\/static.africa-press.net\/togo\/sites\/58\/2023\/03\/postQueueImg_1677834310.88.jpg\",\"datePublished\":\"2023-03-03T12:35:06+00:00\",\"dateModified\":\"2023-03-03T13:22:52+00:00\",\"author\":{\"@id\":\"https:\/\/www.africa-press.net\/togo\/#\/schema\/person\/2b1cf3cd81a31e3cd26889ca66d677f1\"},\"description\":\"En raison de l\u2019Etat d\u2019urgence se\u0301curitaire de\u0301cre\u0301te\u0301 au nord du Togo, le ministre togolais en charge de l\u2019Admini ...\",\"breadcrumb\":{\"@id\":\"https:\/\/www.africa-press.net\/togo\/politique\/togo-terrorisme-boukpessi-plus-regardant-dans-les-activites-des-ongs#breadcrumb\"},\"inLanguage\":\"fr-FR\",\"potentialAction\":[{\"@type\":\"ReadAction\",\"target\":[\"https:\/\/www.africa-press.net\/togo\/politique\/togo-terrorisme-boukpessi-plus-regardant-dans-les-activites-des-ongs\"]}]},{\"@type\":\"ImageObject\",\"inLanguage\":\"fr-FR\",\"@id\":\"https:\/\/www.africa-press.net\/togo\/politique\/togo-terrorisme-boukpessi-plus-regardant-dans-les-activites-des-ongs#primaryimage\",\"url\":\"https:\/\/static.africa-press.net\/togo\/sites\/58\/2023\/03\/postQueueImg_1677834310.88.jpg\",\"contentUrl\":\"https:\/\/static.africa-press.net\/togo\/sites\/58\/2023\/03\/postQueueImg_1677834310.88.jpg\",\"width\":1280,\"height\":800,\"caption\":\"Togo-Terrorisme : Boukp\u00e9ssi plus regardant dans les activit\u00e9s des ONGs\"},{\"@type\":\"BreadcrumbList\",\"@id\":\"https:\/\/www.africa-press.net\/togo\/politique\/togo-terrorisme-boukpessi-plus-regardant-dans-les-activites-des-ongs#breadcrumb\",\"itemListElement\":[{\"@type\":\"ListItem\",\"position\":1,\"name\":\"Accueil\",\"item\":\"https:\/\/www.africa-press.net\/togo\/\"},{\"@type\":\"ListItem\",\"position\":2,\"name\":\"Togo-Terrorisme : Boukp\u00e9ssi plus regardant dans les activit\u00e9s des ONGs\"}]},{\"@type\":\"WebSite\",\"@id\":\"https:\/\/www.africa-press.net\/togo\/#website\",\"url\":\"https:\/\/www.africa-press.net\/togo\/\",\"name\":\"Togo\",\"description\":\"Just another Africa News Agency Sites site\",\"potentialAction\":[{\"@type\":\"SearchAction\",\"target\":{\"@type\":\"EntryPoint\",\"urlTemplate\":\"https:\/\/www.africa-press.net\/togo\/?s={search_term_string}\"},\"query-input\":{\"@type\":\"PropertyValueSpecification\",\"valueRequired\":true,\"valueName\":\"search_term_string\"}}],\"inLanguage\":\"fr-FR\"},{\"@type\":\"Person\",\"@id\":\"https:\/\/www.africa-press.net\/togo\/#\/schema\/person\/2b1cf3cd81a31e3cd26889ca66d677f1\",\"name\":\"cfeditorfr\"}]}<\/script>\n<!-- \/ Yoast SEO Premium plugin. -->","yoast_head_json":{"title":"Togo-Terrorisme : Boukp\u00e9ssi plus regardant dans les activit\u00e9s des ONGs - Togo","description":"En raison de l\u2019Etat d\u2019urgence se\u0301curitaire de\u0301cre\u0301te\u0301 au nord du Togo, le ministre togolais en charge de l\u2019Admini ...","robots":{"index":"index","follow":"follow","max-snippet":"max-snippet:-1","max-image-preview":"max-image-preview:large","max-video-preview":"max-video-preview:-1"},"canonical":"https:\/\/www.africa-press.net\/togo\/politique\/togo-terrorisme-boukpessi-plus-regardant-dans-les-activites-des-ongs","og_locale":"fr_FR","og_type":"article","og_title":"Togo-Terrorisme : Boukp\u00e9ssi plus regardant dans les activit\u00e9s des ONGs","og_description":"En raison de l\u2019Etat d\u2019urgence se\u0301curitaire de\u0301cre\u0301te\u0301 au nord du Togo, le ministre togolais en charge de l\u2019Admini ...","og_url":"https:\/\/www.africa-press.net\/togo\/politique\/togo-terrorisme-boukpessi-plus-regardant-dans-les-activites-des-ongs","og_site_name":"Togo","article_published_time":"2023-03-03T12:35:06+00:00","article_modified_time":"2023-03-03T13:22:52+00:00","og_image":[{"width":1280,"height":800,"url":"https:\/\/static.africa-press.net\/togo\/sites\/58\/2023\/03\/postQueueImg_1677834310.88.jpg","type":"image\/jpeg"}],"author":"cfeditorfr","twitter_card":"summary_large_image","twitter_misc":{"\u00c9crit par":"cfeditorfr","Dur\u00e9e de lecture estim\u00e9e":"1 minute"},"schema":{"@context":"https:\/\/schema.org","@graph":[{"@type":"Article","@id":"https:\/\/www.africa-press.net\/togo\/politique\/togo-terrorisme-boukpessi-plus-regardant-dans-les-activites-des-ongs#article","isPartOf":{"@id":"https:\/\/www.africa-press.net\/togo\/politique\/togo-terrorisme-boukpessi-plus-regardant-dans-les-activites-des-ongs"},"author":{"name":"cfeditorfr","@id":"https:\/\/www.africa-press.net\/togo\/#\/schema\/person\/2b1cf3cd81a31e3cd26889ca66d677f1"},"headline":"Togo-Terrorisme : Boukp\u00e9ssi plus regardant dans les activit\u00e9s des ONGs","datePublished":"2023-03-03T12:35:06+00:00","dateModified":"2023-03-03T13:22:52+00:00","mainEntityOfPage":{"@id":"https:\/\/www.africa-press.net\/togo\/politique\/togo-terrorisme-boukpessi-plus-regardant-dans-les-activites-des-ongs"},"wordCount":229,"commentCount":0,"image":{"@id":"https:\/\/www.africa-press.net\/togo\/politique\/togo-terrorisme-boukpessi-plus-regardant-dans-les-activites-des-ongs#primaryimage"},"thumbnailUrl":"https:\/\/static.africa-press.net\/togo\/sites\/58\/2023\/03\/postQueueImg_1677834310.88.jpg","keywords":["Africa Press","Africa Press-Togo","Togo"],"articleSection":["Politique","Toutes les actualit\u00e9s"],"inLanguage":"fr-FR","potentialAction":[{"@type":"CommentAction","name":"Comment","target":["https:\/\/www.africa-press.net\/togo\/politique\/togo-terrorisme-boukpessi-plus-regardant-dans-les-activites-des-ongs#respond"]}]},{"@type":"WebPage","@id":"https:\/\/www.africa-press.net\/togo\/politique\/togo-terrorisme-boukpessi-plus-regardant-dans-les-activites-des-ongs","url":"https:\/\/www.africa-press.net\/togo\/politique\/togo-terrorisme-boukpessi-plus-regardant-dans-les-activites-des-ongs","name":"Togo-Terrorisme : Boukp\u00e9ssi plus regardant dans les activit\u00e9s des ONGs - Togo","isPartOf":{"@id":"https:\/\/www.africa-press.net\/togo\/#website"},"primaryImageOfPage":{"@id":"https:\/\/www.africa-press.net\/togo\/politique\/togo-terrorisme-boukpessi-plus-regardant-dans-les-activites-des-ongs#primaryimage"},"image":{"@id":"https:\/\/www.africa-press.net\/togo\/politique\/togo-terrorisme-boukpessi-plus-regardant-dans-les-activites-des-ongs#primaryimage"},"thumbnailUrl":"https:\/\/static.africa-press.net\/togo\/sites\/58\/2023\/03\/postQueueImg_1677834310.88.jpg","datePublished":"2023-03-03T12:35:06+00:00","dateModified":"2023-03-03T13:22:52+00:00","author":{"@id":"https:\/\/www.africa-press.net\/togo\/#\/schema\/person\/2b1cf3cd81a31e3cd26889ca66d677f1"},"description":"En raison de l\u2019Etat d\u2019urgence se\u0301curitaire de\u0301cre\u0301te\u0301 au nord du Togo, le ministre togolais en charge de l\u2019Admini ...","breadcrumb":{"@id":"https:\/\/www.africa-press.net\/togo\/politique\/togo-terrorisme-boukpessi-plus-regardant-dans-les-activites-des-ongs#breadcrumb"},"inLanguage":"fr-FR","potentialAction":[{"@type":"ReadAction","target":["https:\/\/www.africa-press.net\/togo\/politique\/togo-terrorisme-boukpessi-plus-regardant-dans-les-activites-des-ongs"]}]},{"@type":"ImageObject","inLanguage":"fr-FR","@id":"https:\/\/www.africa-press.net\/togo\/politique\/togo-terrorisme-boukpessi-plus-regardant-dans-les-activites-des-ongs#primaryimage","url":"https:\/\/static.africa-press.net\/togo\/sites\/58\/2023\/03\/postQueueImg_1677834310.88.jpg","contentUrl":"https:\/\/static.africa-press.net\/togo\/sites\/58\/2023\/03\/postQueueImg_1677834310.88.jpg","width":1280,"height":800,"caption":"Togo-Terrorisme : Boukp\u00e9ssi plus regardant dans les activit\u00e9s des ONGs"},{"@type":"BreadcrumbList","@id":"https:\/\/www.africa-press.net\/togo\/politique\/togo-terrorisme-boukpessi-plus-regardant-dans-les-activites-des-ongs#breadcrumb","itemListElement":[{"@type":"ListItem","position":1,"name":"Accueil","item":"https:\/\/www.africa-press.net\/togo\/"},{"@type":"ListItem","position":2,"name":"Togo-Terrorisme : Boukp\u00e9ssi plus regardant dans les activit\u00e9s des ONGs"}]},{"@type":"WebSite","@id":"https:\/\/www.africa-press.net\/togo\/#website","url":"https:\/\/www.africa-press.net\/togo\/","name":"Togo","description":"Just another Africa News Agency Sites site","potentialAction":[{"@type":"SearchAction","target":{"@type":"EntryPoint","urlTemplate":"https:\/\/www.africa-press.net\/togo\/?s={search_term_string}"},"query-input":{"@type":"PropertyValueSpecification","valueRequired":true,"valueName":"search_term_string"}}],"inLanguage":"fr-FR"},{"@type":"Person","@id":"https:\/\/www.africa-press.net\/togo\/#\/schema\/person\/2b1cf3cd81a31e3cd26889ca66d677f1","name":"cfeditorfr"}]}},"_links":{"self":[{"href":"https:\/\/www.africa-press.net\/togo\/wp-json\/wp\/v2\/posts\/18076","targetHints":{"allow":["GET"]}}],"collection":[{"href":"https:\/\/www.africa-press.net\/togo\/wp-json\/wp\/v2\/posts"}],"about":[{"href":"https:\/\/www.africa-press.net\/togo\/wp-json\/wp\/v2\/types\/post"}],"author":[{"embeddable":true,"href":"https:\/\/www.africa-press.net\/togo\/wp-json\/wp\/v2\/users\/82"}],"replies":[{"embeddable":true,"href":"https:\/\/www.africa-press.net\/togo\/wp-json\/wp\/v2\/comments?post=18076"}],"version-history":[{"count":0,"href":"https:\/\/www.africa-press.net\/togo\/wp-json\/wp\/v2\/posts\/18076\/revisions"}],"wp:featuredmedia":[{"embeddable":true,"href":"https:\/\/www.africa-press.net\/togo\/wp-json\/wp\/v2\/media\/18075"}],"wp:attachment":[{"href":"https:\/\/www.africa-press.net\/togo\/wp-json\/wp\/v2\/media?parent=18076"}],"wp:term":[{"taxonomy":"category","embeddable":true,"href":"https:\/\/www.africa-press.net\/togo\/wp-json\/wp\/v2\/categories?post=18076"},{"taxonomy":"post_tag","embeddable":true,"href":"https:\/\/www.africa-press.net\/togo\/wp-json\/wp\/v2\/tags?post=18076"}],"curies":[{"name":"wp","href":"https:\/\/api.w.org\/{rel}","templated":true}]}}