{"id":18078,"date":"2023-03-03T12:35:13","date_gmt":"2023-03-03T12:35:13","guid":{"rendered":"https:\/\/www.africa-press.net\/togo\/politique\/climat-lancement-du-daad-climapafrica-au-togo"},"modified":"2023-03-03T13:23:35","modified_gmt":"2023-03-03T13:23:35","slug":"climat-lancement-du-daad-climapafrica-au-togo","status":"publish","type":"post","link":"https:\/\/www.africa-press.net\/togo\/toutes-les-actualites\/climat-lancement-du-daad-climapafrica-au-togo","title":{"rendered":"Climat-Lancement du DAAD ClimapAfrica au Togo"},"content":{"rendered":"<p><span style=\"color: #ff6600\"><strong>Africa-Press &#8211; Togo. <\/strong><\/span><b>L\u2019Ambassade de l\u2019Allemagne au Togo a proce\u0301de\u0301 mercredi a\u0300 Lome\u0301, au lancement du sommet DAAD ClimapAfrica ayant pour the\u0300me \u00ab Les services d\u2019informations climatiques pour une planification robuste et durable en Afrique subsaharienne \u00bb.<\/b><\/p>\n<p>La rencontre est organise\u0301e a\u0300 l\u2019initiative du DAAD (Deutsch Akademischer Austauschdienst) avec le soutien du Centre WASCAL (West African Science Service Centre on Climate Change and Adapted Land Use) de l\u2019Universite\u0301 de Lome\u0301.<\/p>\n<p>Il rassemble les experts sur le changement climatique et la Me\u0301te\u0301orologie, les chercheurs postdoctoraux, les doctorants et les masterants de WASCAL et les alumni du DAAD issus de 25 pays d\u2019Afrique de l\u2019Ouest et du Sud.<\/p>\n<p>Selon les organisateurs, l\u2019objectif de ce sommet est d\u2019offrir l\u2019opportunite\u0301 d\u2019e\u0301changer avec la perspective d\u2019e\u0301tablir un forum et un re\u0301seau en Afrique afin d\u2019accroi\u0302tre les collaborations scientifiques et des interactions de recherches.<\/p>\n<p><strong>Pour plus d&rsquo;informations et d&rsquo;analyses sur la <a href=\"https:\/\/www.africa-press.net\/togo\">Togo<\/a>, suivez <a href=\"https:\/\/www.africa-press.net\/\">Africa-Press<\/a><\/strong><\/p>\n","protected":false},"excerpt":{"rendered":"<p>Africa-Press &#8211; Togo. L\u2019Ambassade de l\u2019Allemagne au Togo a proce\u0301de\u0301 mercredi a\u0300 Lome\u0301, au lancement du sommet DAAD ClimapAfrica ayant pour the\u0300me \u00ab Les services d\u2019informations climatiques pour une planification robuste et durable en Afrique subsaharienne \u00bb. La rencontre est organise\u0301e a\u0300 l\u2019initiative du DAAD (Deutsch Akademischer Austauschdienst) avec le soutien du Centre WASCAL (West [&hellip;]<\/p>\n","protected":false},"author":82,"featured_media":18077,"comment_status":"open","ping_status":"closed","sticky":false,"template":"","format":"standard","meta":{"footnotes":""},"categories":[21,10],"tags":[36,49,50],"class_list":["post-18078","post","type-post","status-publish","format-standard","has-post-thumbnail","hentry","category-communaute","category-toutes-les-actualites","tag-africa-press","tag-africa-press-togo","tag-togo"],"yoast_head":"<!-- This site is optimized with the Yoast SEO Premium plugin v26.1 (Yoast SEO v27.0) - https:\/\/yoast.com\/product\/yoast-seo-premium-wordpress\/ -->\n<title>Climat-Lancement du DAAD ClimapAfrica au Togo - Togo<\/title>\n<meta name=\"description\" content=\"L\u2019Ambassade de l\u2019Allemagne au Togo a proce\u0301de\u0301 mercredi a\u0300 Lome\u0301, au lancement du sommet DAAD ClimapAfrica ayant pour ...\" \/>\n<meta name=\"robots\" content=\"index, follow, max-snippet:-1, max-image-preview:large, max-video-preview:-1\" \/>\n<link rel=\"canonical\" href=\"https:\/\/www.africa-press.net\/togo\/toutes-les-actualites\/climat-lancement-du-daad-climapafrica-au-togo\" \/>\n<meta property=\"og:locale\" content=\"fr_FR\" \/>\n<meta property=\"og:type\" content=\"article\" \/>\n<meta property=\"og:title\" content=\"Climat-Lancement du DAAD ClimapAfrica au Togo\" \/>\n<meta property=\"og:description\" content=\"L\u2019Ambassade de l\u2019Allemagne au Togo a proce\u0301de\u0301 mercredi a\u0300 Lome\u0301, au lancement du sommet DAAD ClimapAfrica ayant pour ...\" \/>\n<meta property=\"og:url\" content=\"https:\/\/www.africa-press.net\/togo\/toutes-les-actualites\/climat-lancement-du-daad-climapafrica-au-togo\" \/>\n<meta property=\"og:site_name\" content=\"Togo\" \/>\n<meta property=\"article:published_time\" content=\"2023-03-03T12:35:13+00:00\" \/>\n<meta property=\"article:modified_time\" content=\"2023-03-03T13:23:35+00:00\" \/>\n<meta property=\"og:image\" content=\"https:\/\/static.africa-press.net\/togo\/sites\/58\/2023\/03\/postQueueImg_1677834317.14.jpg\" \/>\n\t<meta property=\"og:image:width\" content=\"1080\" \/>\n\t<meta property=\"og:image:height\" content=\"649\" \/>\n\t<meta property=\"og:image:type\" content=\"image\/jpeg\" \/>\n<meta name=\"author\" content=\"cfeditorfr\" \/>\n<meta name=\"twitter:card\" content=\"summary_large_image\" \/>\n<meta name=\"twitter:label1\" content=\"\u00c9crit par\" \/>\n\t<meta name=\"twitter:data1\" content=\"cfeditorfr\" \/>\n\t<meta name=\"twitter:label2\" content=\"Dur\u00e9e de lecture estim\u00e9e\" \/>\n\t<meta name=\"twitter:data2\" content=\"1 minute\" \/>\n<script type=\"application\/ld+json\" class=\"yoast-schema-graph\">{\"@context\":\"https:\/\/schema.org\",\"@graph\":[{\"@type\":\"Article\",\"@id\":\"https:\/\/www.africa-press.net\/togo\/toutes-les-actualites\/climat-lancement-du-daad-climapafrica-au-togo#article\",\"isPartOf\":{\"@id\":\"https:\/\/www.africa-press.net\/togo\/toutes-les-actualites\/climat-lancement-du-daad-climapafrica-au-togo\"},\"author\":{\"name\":\"cfeditorfr\",\"@id\":\"https:\/\/www.africa-press.net\/togo\/#\/schema\/person\/2b1cf3cd81a31e3cd26889ca66d677f1\"},\"headline\":\"Climat-Lancement du DAAD ClimapAfrica au Togo\",\"datePublished\":\"2023-03-03T12:35:13+00:00\",\"dateModified\":\"2023-03-03T13:23:35+00:00\",\"mainEntityOfPage\":{\"@id\":\"https:\/\/www.africa-press.net\/togo\/toutes-les-actualites\/climat-lancement-du-daad-climapafrica-au-togo\"},\"wordCount\":175,\"commentCount\":0,\"image\":{\"@id\":\"https:\/\/www.africa-press.net\/togo\/toutes-les-actualites\/climat-lancement-du-daad-climapafrica-au-togo#primaryimage\"},\"thumbnailUrl\":\"https:\/\/static.africa-press.net\/togo\/sites\/58\/2023\/03\/postQueueImg_1677834317.14.jpg\",\"keywords\":[\"Africa Press\",\"Africa Press-Togo\",\"Togo\"],\"articleSection\":[\"Communaut\u00e9\",\"Toutes les actualit\u00e9s\"],\"inLanguage\":\"fr-FR\",\"potentialAction\":[{\"@type\":\"CommentAction\",\"name\":\"Comment\",\"target\":[\"https:\/\/www.africa-press.net\/togo\/toutes-les-actualites\/climat-lancement-du-daad-climapafrica-au-togo#respond\"]}]},{\"@type\":\"WebPage\",\"@id\":\"https:\/\/www.africa-press.net\/togo\/toutes-les-actualites\/climat-lancement-du-daad-climapafrica-au-togo\",\"url\":\"https:\/\/www.africa-press.net\/togo\/toutes-les-actualites\/climat-lancement-du-daad-climapafrica-au-togo\",\"name\":\"Climat-Lancement du DAAD ClimapAfrica au Togo - Togo\",\"isPartOf\":{\"@id\":\"https:\/\/www.africa-press.net\/togo\/#website\"},\"primaryImageOfPage\":{\"@id\":\"https:\/\/www.africa-press.net\/togo\/toutes-les-actualites\/climat-lancement-du-daad-climapafrica-au-togo#primaryimage\"},\"image\":{\"@id\":\"https:\/\/www.africa-press.net\/togo\/toutes-les-actualites\/climat-lancement-du-daad-climapafrica-au-togo#primaryimage\"},\"thumbnailUrl\":\"https:\/\/static.africa-press.net\/togo\/sites\/58\/2023\/03\/postQueueImg_1677834317.14.jpg\",\"datePublished\":\"2023-03-03T12:35:13+00:00\",\"dateModified\":\"2023-03-03T13:23:35+00:00\",\"author\":{\"@id\":\"https:\/\/www.africa-press.net\/togo\/#\/schema\/person\/2b1cf3cd81a31e3cd26889ca66d677f1\"},\"description\":\"L\u2019Ambassade de l\u2019Allemagne au Togo a proce\u0301de\u0301 mercredi a\u0300 Lome\u0301, au lancement du sommet DAAD ClimapAfrica ayant pour ...\",\"breadcrumb\":{\"@id\":\"https:\/\/www.africa-press.net\/togo\/toutes-les-actualites\/climat-lancement-du-daad-climapafrica-au-togo#breadcrumb\"},\"inLanguage\":\"fr-FR\",\"potentialAction\":[{\"@type\":\"ReadAction\",\"target\":[\"https:\/\/www.africa-press.net\/togo\/toutes-les-actualites\/climat-lancement-du-daad-climapafrica-au-togo\"]}]},{\"@type\":\"ImageObject\",\"inLanguage\":\"fr-FR\",\"@id\":\"https:\/\/www.africa-press.net\/togo\/toutes-les-actualites\/climat-lancement-du-daad-climapafrica-au-togo#primaryimage\",\"url\":\"https:\/\/static.africa-press.net\/togo\/sites\/58\/2023\/03\/postQueueImg_1677834317.14.jpg\",\"contentUrl\":\"https:\/\/static.africa-press.net\/togo\/sites\/58\/2023\/03\/postQueueImg_1677834317.14.jpg\",\"width\":1080,\"height\":649,\"caption\":\"Climat-Lancement du DAAD ClimapAfrica au Togo\"},{\"@type\":\"BreadcrumbList\",\"@id\":\"https:\/\/www.africa-press.net\/togo\/toutes-les-actualites\/climat-lancement-du-daad-climapafrica-au-togo#breadcrumb\",\"itemListElement\":[{\"@type\":\"ListItem\",\"position\":1,\"name\":\"Accueil\",\"item\":\"https:\/\/www.africa-press.net\/togo\/\"},{\"@type\":\"ListItem\",\"position\":2,\"name\":\"Climat-Lancement du DAAD ClimapAfrica au Togo\"}]},{\"@type\":\"WebSite\",\"@id\":\"https:\/\/www.africa-press.net\/togo\/#website\",\"url\":\"https:\/\/www.africa-press.net\/togo\/\",\"name\":\"Togo\",\"description\":\"Just another Africa News Agency Sites site\",\"potentialAction\":[{\"@type\":\"SearchAction\",\"target\":{\"@type\":\"EntryPoint\",\"urlTemplate\":\"https:\/\/www.africa-press.net\/togo\/?s={search_term_string}\"},\"query-input\":{\"@type\":\"PropertyValueSpecification\",\"valueRequired\":true,\"valueName\":\"search_term_string\"}}],\"inLanguage\":\"fr-FR\"},{\"@type\":\"Person\",\"@id\":\"https:\/\/www.africa-press.net\/togo\/#\/schema\/person\/2b1cf3cd81a31e3cd26889ca66d677f1\",\"name\":\"cfeditorfr\"}]}<\/script>\n<!-- \/ Yoast SEO Premium plugin. -->","yoast_head_json":{"title":"Climat-Lancement du DAAD ClimapAfrica au Togo - Togo","description":"L\u2019Ambassade de l\u2019Allemagne au Togo a proce\u0301de\u0301 mercredi a\u0300 Lome\u0301, au lancement du sommet DAAD ClimapAfrica ayant pour ...","robots":{"index":"index","follow":"follow","max-snippet":"max-snippet:-1","max-image-preview":"max-image-preview:large","max-video-preview":"max-video-preview:-1"},"canonical":"https:\/\/www.africa-press.net\/togo\/toutes-les-actualites\/climat-lancement-du-daad-climapafrica-au-togo","og_locale":"fr_FR","og_type":"article","og_title":"Climat-Lancement du DAAD ClimapAfrica au Togo","og_description":"L\u2019Ambassade de l\u2019Allemagne au Togo a proce\u0301de\u0301 mercredi a\u0300 Lome\u0301, au lancement du sommet DAAD ClimapAfrica ayant pour ...","og_url":"https:\/\/www.africa-press.net\/togo\/toutes-les-actualites\/climat-lancement-du-daad-climapafrica-au-togo","og_site_name":"Togo","article_published_time":"2023-03-03T12:35:13+00:00","article_modified_time":"2023-03-03T13:23:35+00:00","og_image":[{"width":1080,"height":649,"url":"https:\/\/static.africa-press.net\/togo\/sites\/58\/2023\/03\/postQueueImg_1677834317.14.jpg","type":"image\/jpeg"}],"author":"cfeditorfr","twitter_card":"summary_large_image","twitter_misc":{"\u00c9crit par":"cfeditorfr","Dur\u00e9e de lecture estim\u00e9e":"1 minute"},"schema":{"@context":"https:\/\/schema.org","@graph":[{"@type":"Article","@id":"https:\/\/www.africa-press.net\/togo\/toutes-les-actualites\/climat-lancement-du-daad-climapafrica-au-togo#article","isPartOf":{"@id":"https:\/\/www.africa-press.net\/togo\/toutes-les-actualites\/climat-lancement-du-daad-climapafrica-au-togo"},"author":{"name":"cfeditorfr","@id":"https:\/\/www.africa-press.net\/togo\/#\/schema\/person\/2b1cf3cd81a31e3cd26889ca66d677f1"},"headline":"Climat-Lancement du DAAD ClimapAfrica au Togo","datePublished":"2023-03-03T12:35:13+00:00","dateModified":"2023-03-03T13:23:35+00:00","mainEntityOfPage":{"@id":"https:\/\/www.africa-press.net\/togo\/toutes-les-actualites\/climat-lancement-du-daad-climapafrica-au-togo"},"wordCount":175,"commentCount":0,"image":{"@id":"https:\/\/www.africa-press.net\/togo\/toutes-les-actualites\/climat-lancement-du-daad-climapafrica-au-togo#primaryimage"},"thumbnailUrl":"https:\/\/static.africa-press.net\/togo\/sites\/58\/2023\/03\/postQueueImg_1677834317.14.jpg","keywords":["Africa Press","Africa Press-Togo","Togo"],"articleSection":["Communaut\u00e9","Toutes les actualit\u00e9s"],"inLanguage":"fr-FR","potentialAction":[{"@type":"CommentAction","name":"Comment","target":["https:\/\/www.africa-press.net\/togo\/toutes-les-actualites\/climat-lancement-du-daad-climapafrica-au-togo#respond"]}]},{"@type":"WebPage","@id":"https:\/\/www.africa-press.net\/togo\/toutes-les-actualites\/climat-lancement-du-daad-climapafrica-au-togo","url":"https:\/\/www.africa-press.net\/togo\/toutes-les-actualites\/climat-lancement-du-daad-climapafrica-au-togo","name":"Climat-Lancement du DAAD ClimapAfrica au Togo - Togo","isPartOf":{"@id":"https:\/\/www.africa-press.net\/togo\/#website"},"primaryImageOfPage":{"@id":"https:\/\/www.africa-press.net\/togo\/toutes-les-actualites\/climat-lancement-du-daad-climapafrica-au-togo#primaryimage"},"image":{"@id":"https:\/\/www.africa-press.net\/togo\/toutes-les-actualites\/climat-lancement-du-daad-climapafrica-au-togo#primaryimage"},"thumbnailUrl":"https:\/\/static.africa-press.net\/togo\/sites\/58\/2023\/03\/postQueueImg_1677834317.14.jpg","datePublished":"2023-03-03T12:35:13+00:00","dateModified":"2023-03-03T13:23:35+00:00","author":{"@id":"https:\/\/www.africa-press.net\/togo\/#\/schema\/person\/2b1cf3cd81a31e3cd26889ca66d677f1"},"description":"L\u2019Ambassade de l\u2019Allemagne au Togo a proce\u0301de\u0301 mercredi a\u0300 Lome\u0301, au lancement du sommet DAAD ClimapAfrica ayant pour ...","breadcrumb":{"@id":"https:\/\/www.africa-press.net\/togo\/toutes-les-actualites\/climat-lancement-du-daad-climapafrica-au-togo#breadcrumb"},"inLanguage":"fr-FR","potentialAction":[{"@type":"ReadAction","target":["https:\/\/www.africa-press.net\/togo\/toutes-les-actualites\/climat-lancement-du-daad-climapafrica-au-togo"]}]},{"@type":"ImageObject","inLanguage":"fr-FR","@id":"https:\/\/www.africa-press.net\/togo\/toutes-les-actualites\/climat-lancement-du-daad-climapafrica-au-togo#primaryimage","url":"https:\/\/static.africa-press.net\/togo\/sites\/58\/2023\/03\/postQueueImg_1677834317.14.jpg","contentUrl":"https:\/\/static.africa-press.net\/togo\/sites\/58\/2023\/03\/postQueueImg_1677834317.14.jpg","width":1080,"height":649,"caption":"Climat-Lancement du DAAD ClimapAfrica au Togo"},{"@type":"BreadcrumbList","@id":"https:\/\/www.africa-press.net\/togo\/toutes-les-actualites\/climat-lancement-du-daad-climapafrica-au-togo#breadcrumb","itemListElement":[{"@type":"ListItem","position":1,"name":"Accueil","item":"https:\/\/www.africa-press.net\/togo\/"},{"@type":"ListItem","position":2,"name":"Climat-Lancement du DAAD ClimapAfrica au Togo"}]},{"@type":"WebSite","@id":"https:\/\/www.africa-press.net\/togo\/#website","url":"https:\/\/www.africa-press.net\/togo\/","name":"Togo","description":"Just another Africa News Agency Sites site","potentialAction":[{"@type":"SearchAction","target":{"@type":"EntryPoint","urlTemplate":"https:\/\/www.africa-press.net\/togo\/?s={search_term_string}"},"query-input":{"@type":"PropertyValueSpecification","valueRequired":true,"valueName":"search_term_string"}}],"inLanguage":"fr-FR"},{"@type":"Person","@id":"https:\/\/www.africa-press.net\/togo\/#\/schema\/person\/2b1cf3cd81a31e3cd26889ca66d677f1","name":"cfeditorfr"}]}},"_links":{"self":[{"href":"https:\/\/www.africa-press.net\/togo\/wp-json\/wp\/v2\/posts\/18078","targetHints":{"allow":["GET"]}}],"collection":[{"href":"https:\/\/www.africa-press.net\/togo\/wp-json\/wp\/v2\/posts"}],"about":[{"href":"https:\/\/www.africa-press.net\/togo\/wp-json\/wp\/v2\/types\/post"}],"author":[{"embeddable":true,"href":"https:\/\/www.africa-press.net\/togo\/wp-json\/wp\/v2\/users\/82"}],"replies":[{"embeddable":true,"href":"https:\/\/www.africa-press.net\/togo\/wp-json\/wp\/v2\/comments?post=18078"}],"version-history":[{"count":0,"href":"https:\/\/www.africa-press.net\/togo\/wp-json\/wp\/v2\/posts\/18078\/revisions"}],"wp:featuredmedia":[{"embeddable":true,"href":"https:\/\/www.africa-press.net\/togo\/wp-json\/wp\/v2\/media\/18077"}],"wp:attachment":[{"href":"https:\/\/www.africa-press.net\/togo\/wp-json\/wp\/v2\/media?parent=18078"}],"wp:term":[{"taxonomy":"category","embeddable":true,"href":"https:\/\/www.africa-press.net\/togo\/wp-json\/wp\/v2\/categories?post=18078"},{"taxonomy":"post_tag","embeddable":true,"href":"https:\/\/www.africa-press.net\/togo\/wp-json\/wp\/v2\/tags?post=18078"}],"curies":[{"name":"wp","href":"https:\/\/api.w.org\/{rel}","templated":true}]}}