{"id":18080,"date":"2023-03-03T12:35:29","date_gmt":"2023-03-03T12:35:29","guid":{"rendered":"https:\/\/www.africa-press.net\/togo\/politique\/barcelone-une-premiere-pour-le-fils-de-ronaldinho"},"modified":"2023-03-03T13:24:17","modified_gmt":"2023-03-03T13:24:17","slug":"barcelone-une-premiere-pour-le-fils-de-ronaldinho","status":"publish","type":"post","link":"https:\/\/www.africa-press.net\/togo\/sports\/barcelone-une-premiere-pour-le-fils-de-ronaldinho","title":{"rendered":"Barcelone-Une premi\u00e8re pour le  fils de Ronaldinho"},"content":{"rendered":"<p><span style=\"color: #ff6600\"><strong>Africa-Press &#8211; Togo. <\/strong><\/span><b>Le fils de Ronadinho, jeune attaquant de 18 ans, a signe\u0301 ce jeudi son premier contrat professionnel avec le FC Barcelone.<\/b><\/p>\n<p>L\u2019enfant de l\u2019immense Ronaldinho, celui-la\u0300 me\u0302me qui a illumine\u0301 le Camp Nou de ses prestations entre 2003 et 2008, est de\u0301sormais un joueur Blaugrana jusqu\u2019en 2024.<\/p>\n<p>Arrive\u0301 au club depuis janvier, apre\u0300s la rupture de son contrat avec Cruzeiro, Joao Mendes va pouvoir montrer de quoi il est capable a\u0300 travers l\u2019effectif de la Masia, le centre de formation du club, soulige Maxifoot, \u00ab avant de tenter de marcher dans les traces de son pe\u0300re, avec lequel il partage aussi le fait d\u2019avoir porte\u0301 les couleurs du Paris Saint-Germain. Avec une petite diffe\u0301rence ne\u0301anmoins : le fiston n\u2019a pas joue\u0301 a\u0300 Paris, mais il a e\u0301volue\u0301 au sein de la PSG Academy au Bre\u0301sil \u00bb.<\/p>\n<p>Bien qu\u2019il soit conside\u0301re\u0301 comme un attaquant talentueux, Joao Mendes aura fort a\u0300 faire pour faire aussi mieux que son ge\u0301niteur, lui vainqueur de la Ligue des champions (2006), champion du monde avec le Bre\u0301sil (2002), entre autres.<\/p>\n<p><strong>Pour plus d&rsquo;informations et d&rsquo;analyses sur la <a href=\"https:\/\/www.africa-press.net\/togo\">Togo<\/a>, suivez <a href=\"https:\/\/www.africa-press.net\/\">Africa-Press<\/a><\/strong><\/p>\n","protected":false},"excerpt":{"rendered":"<p>Africa-Press &#8211; Togo. Le fils de Ronadinho, jeune attaquant de 18 ans, a signe\u0301 ce jeudi son premier contrat professionnel avec le FC Barcelone. L\u2019enfant de l\u2019immense Ronaldinho, celui-la\u0300 me\u0302me qui a illumine\u0301 le Camp Nou de ses prestations entre 2003 et 2008, est de\u0301sormais un joueur Blaugrana jusqu\u2019en 2024. Arrive\u0301 au club depuis janvier, [&hellip;]<\/p>\n","protected":false},"author":82,"featured_media":18079,"comment_status":"open","ping_status":"closed","sticky":false,"template":"","format":"standard","meta":{"footnotes":""},"categories":[6,10],"tags":[36,49,50],"class_list":["post-18080","post","type-post","status-publish","format-standard","has-post-thumbnail","hentry","category-sports","category-toutes-les-actualites","tag-africa-press","tag-africa-press-togo","tag-togo"],"yoast_head":"<!-- This site is optimized with the Yoast SEO Premium plugin v26.1 (Yoast SEO v27.0) - https:\/\/yoast.com\/product\/yoast-seo-premium-wordpress\/ -->\n<title>Barcelone-Une premi\u00e8re pour le fils de Ronaldinho - Togo<\/title>\n<meta name=\"description\" content=\"Le fils de Ronadinho, jeune attaquant de 18 ans, a signe\u0301 ce jeudi son premier contrat professionnel avec le FC Barce ...\" \/>\n<meta name=\"robots\" content=\"index, follow, max-snippet:-1, max-image-preview:large, max-video-preview:-1\" \/>\n<link rel=\"canonical\" href=\"https:\/\/www.africa-press.net\/togo\/sports\/barcelone-une-premiere-pour-le-fils-de-ronaldinho\" \/>\n<meta property=\"og:locale\" content=\"fr_FR\" \/>\n<meta property=\"og:type\" content=\"article\" \/>\n<meta property=\"og:title\" content=\"Barcelone-Une premi\u00e8re pour le fils de Ronaldinho\" \/>\n<meta property=\"og:description\" content=\"Le fils de Ronadinho, jeune attaquant de 18 ans, a signe\u0301 ce jeudi son premier contrat professionnel avec le FC Barce ...\" \/>\n<meta property=\"og:url\" content=\"https:\/\/www.africa-press.net\/togo\/sports\/barcelone-une-premiere-pour-le-fils-de-ronaldinho\" \/>\n<meta property=\"og:site_name\" content=\"Togo\" \/>\n<meta property=\"article:published_time\" content=\"2023-03-03T12:35:29+00:00\" \/>\n<meta property=\"article:modified_time\" content=\"2023-03-03T13:24:17+00:00\" \/>\n<meta property=\"og:image\" content=\"https:\/\/static.africa-press.net\/togo\/sites\/58\/2023\/03\/postQueueImg_1677834331.37.jpg\" \/>\n\t<meta property=\"og:image:width\" content=\"1280\" \/>\n\t<meta property=\"og:image:height\" content=\"800\" \/>\n\t<meta property=\"og:image:type\" content=\"image\/jpeg\" \/>\n<meta name=\"author\" content=\"cfeditorfr\" \/>\n<meta name=\"twitter:card\" content=\"summary_large_image\" \/>\n<meta name=\"twitter:label1\" content=\"\u00c9crit par\" \/>\n\t<meta name=\"twitter:data1\" content=\"cfeditorfr\" \/>\n\t<meta name=\"twitter:label2\" content=\"Dur\u00e9e de lecture estim\u00e9e\" \/>\n\t<meta name=\"twitter:data2\" content=\"1 minute\" \/>\n<script type=\"application\/ld+json\" class=\"yoast-schema-graph\">{\"@context\":\"https:\/\/schema.org\",\"@graph\":[{\"@type\":\"Article\",\"@id\":\"https:\/\/www.africa-press.net\/togo\/sports\/barcelone-une-premiere-pour-le-fils-de-ronaldinho#article\",\"isPartOf\":{\"@id\":\"https:\/\/www.africa-press.net\/togo\/sports\/barcelone-une-premiere-pour-le-fils-de-ronaldinho\"},\"author\":{\"name\":\"cfeditorfr\",\"@id\":\"https:\/\/www.africa-press.net\/togo\/#\/schema\/person\/2b1cf3cd81a31e3cd26889ca66d677f1\"},\"headline\":\"Barcelone-Une premi\u00e8re pour le fils de Ronaldinho\",\"datePublished\":\"2023-03-03T12:35:29+00:00\",\"dateModified\":\"2023-03-03T13:24:17+00:00\",\"mainEntityOfPage\":{\"@id\":\"https:\/\/www.africa-press.net\/togo\/sports\/barcelone-une-premiere-pour-le-fils-de-ronaldinho\"},\"wordCount\":206,\"commentCount\":0,\"image\":{\"@id\":\"https:\/\/www.africa-press.net\/togo\/sports\/barcelone-une-premiere-pour-le-fils-de-ronaldinho#primaryimage\"},\"thumbnailUrl\":\"https:\/\/static.africa-press.net\/togo\/sites\/58\/2023\/03\/postQueueImg_1677834331.37.jpg\",\"keywords\":[\"Africa Press\",\"Africa Press-Togo\",\"Togo\"],\"articleSection\":[\"Sports\",\"Toutes les actualit\u00e9s\"],\"inLanguage\":\"fr-FR\",\"potentialAction\":[{\"@type\":\"CommentAction\",\"name\":\"Comment\",\"target\":[\"https:\/\/www.africa-press.net\/togo\/sports\/barcelone-une-premiere-pour-le-fils-de-ronaldinho#respond\"]}]},{\"@type\":\"WebPage\",\"@id\":\"https:\/\/www.africa-press.net\/togo\/sports\/barcelone-une-premiere-pour-le-fils-de-ronaldinho\",\"url\":\"https:\/\/www.africa-press.net\/togo\/sports\/barcelone-une-premiere-pour-le-fils-de-ronaldinho\",\"name\":\"Barcelone-Une premi\u00e8re pour le fils de Ronaldinho - Togo\",\"isPartOf\":{\"@id\":\"https:\/\/www.africa-press.net\/togo\/#website\"},\"primaryImageOfPage\":{\"@id\":\"https:\/\/www.africa-press.net\/togo\/sports\/barcelone-une-premiere-pour-le-fils-de-ronaldinho#primaryimage\"},\"image\":{\"@id\":\"https:\/\/www.africa-press.net\/togo\/sports\/barcelone-une-premiere-pour-le-fils-de-ronaldinho#primaryimage\"},\"thumbnailUrl\":\"https:\/\/static.africa-press.net\/togo\/sites\/58\/2023\/03\/postQueueImg_1677834331.37.jpg\",\"datePublished\":\"2023-03-03T12:35:29+00:00\",\"dateModified\":\"2023-03-03T13:24:17+00:00\",\"author\":{\"@id\":\"https:\/\/www.africa-press.net\/togo\/#\/schema\/person\/2b1cf3cd81a31e3cd26889ca66d677f1\"},\"description\":\"Le fils de Ronadinho, jeune attaquant de 18 ans, a signe\u0301 ce jeudi son premier contrat professionnel avec le FC Barce ...\",\"breadcrumb\":{\"@id\":\"https:\/\/www.africa-press.net\/togo\/sports\/barcelone-une-premiere-pour-le-fils-de-ronaldinho#breadcrumb\"},\"inLanguage\":\"fr-FR\",\"potentialAction\":[{\"@type\":\"ReadAction\",\"target\":[\"https:\/\/www.africa-press.net\/togo\/sports\/barcelone-une-premiere-pour-le-fils-de-ronaldinho\"]}]},{\"@type\":\"ImageObject\",\"inLanguage\":\"fr-FR\",\"@id\":\"https:\/\/www.africa-press.net\/togo\/sports\/barcelone-une-premiere-pour-le-fils-de-ronaldinho#primaryimage\",\"url\":\"https:\/\/static.africa-press.net\/togo\/sites\/58\/2023\/03\/postQueueImg_1677834331.37.jpg\",\"contentUrl\":\"https:\/\/static.africa-press.net\/togo\/sites\/58\/2023\/03\/postQueueImg_1677834331.37.jpg\",\"width\":1280,\"height\":800,\"caption\":\"Barcelone-Une premi\u00e8re pour le fils de Ronaldinho\"},{\"@type\":\"BreadcrumbList\",\"@id\":\"https:\/\/www.africa-press.net\/togo\/sports\/barcelone-une-premiere-pour-le-fils-de-ronaldinho#breadcrumb\",\"itemListElement\":[{\"@type\":\"ListItem\",\"position\":1,\"name\":\"Accueil\",\"item\":\"https:\/\/www.africa-press.net\/togo\/\"},{\"@type\":\"ListItem\",\"position\":2,\"name\":\"Barcelone-Une premi\u00e8re pour le fils de Ronaldinho\"}]},{\"@type\":\"WebSite\",\"@id\":\"https:\/\/www.africa-press.net\/togo\/#website\",\"url\":\"https:\/\/www.africa-press.net\/togo\/\",\"name\":\"Togo\",\"description\":\"Just another Africa News Agency Sites site\",\"potentialAction\":[{\"@type\":\"SearchAction\",\"target\":{\"@type\":\"EntryPoint\",\"urlTemplate\":\"https:\/\/www.africa-press.net\/togo\/?s={search_term_string}\"},\"query-input\":{\"@type\":\"PropertyValueSpecification\",\"valueRequired\":true,\"valueName\":\"search_term_string\"}}],\"inLanguage\":\"fr-FR\"},{\"@type\":\"Person\",\"@id\":\"https:\/\/www.africa-press.net\/togo\/#\/schema\/person\/2b1cf3cd81a31e3cd26889ca66d677f1\",\"name\":\"cfeditorfr\"}]}<\/script>\n<!-- \/ Yoast SEO Premium plugin. -->","yoast_head_json":{"title":"Barcelone-Une premi\u00e8re pour le fils de Ronaldinho - Togo","description":"Le fils de Ronadinho, jeune attaquant de 18 ans, a signe\u0301 ce jeudi son premier contrat professionnel avec le FC Barce ...","robots":{"index":"index","follow":"follow","max-snippet":"max-snippet:-1","max-image-preview":"max-image-preview:large","max-video-preview":"max-video-preview:-1"},"canonical":"https:\/\/www.africa-press.net\/togo\/sports\/barcelone-une-premiere-pour-le-fils-de-ronaldinho","og_locale":"fr_FR","og_type":"article","og_title":"Barcelone-Une premi\u00e8re pour le fils de Ronaldinho","og_description":"Le fils de Ronadinho, jeune attaquant de 18 ans, a signe\u0301 ce jeudi son premier contrat professionnel avec le FC Barce ...","og_url":"https:\/\/www.africa-press.net\/togo\/sports\/barcelone-une-premiere-pour-le-fils-de-ronaldinho","og_site_name":"Togo","article_published_time":"2023-03-03T12:35:29+00:00","article_modified_time":"2023-03-03T13:24:17+00:00","og_image":[{"width":1280,"height":800,"url":"https:\/\/static.africa-press.net\/togo\/sites\/58\/2023\/03\/postQueueImg_1677834331.37.jpg","type":"image\/jpeg"}],"author":"cfeditorfr","twitter_card":"summary_large_image","twitter_misc":{"\u00c9crit par":"cfeditorfr","Dur\u00e9e de lecture estim\u00e9e":"1 minute"},"schema":{"@context":"https:\/\/schema.org","@graph":[{"@type":"Article","@id":"https:\/\/www.africa-press.net\/togo\/sports\/barcelone-une-premiere-pour-le-fils-de-ronaldinho#article","isPartOf":{"@id":"https:\/\/www.africa-press.net\/togo\/sports\/barcelone-une-premiere-pour-le-fils-de-ronaldinho"},"author":{"name":"cfeditorfr","@id":"https:\/\/www.africa-press.net\/togo\/#\/schema\/person\/2b1cf3cd81a31e3cd26889ca66d677f1"},"headline":"Barcelone-Une premi\u00e8re pour le fils de Ronaldinho","datePublished":"2023-03-03T12:35:29+00:00","dateModified":"2023-03-03T13:24:17+00:00","mainEntityOfPage":{"@id":"https:\/\/www.africa-press.net\/togo\/sports\/barcelone-une-premiere-pour-le-fils-de-ronaldinho"},"wordCount":206,"commentCount":0,"image":{"@id":"https:\/\/www.africa-press.net\/togo\/sports\/barcelone-une-premiere-pour-le-fils-de-ronaldinho#primaryimage"},"thumbnailUrl":"https:\/\/static.africa-press.net\/togo\/sites\/58\/2023\/03\/postQueueImg_1677834331.37.jpg","keywords":["Africa Press","Africa Press-Togo","Togo"],"articleSection":["Sports","Toutes les actualit\u00e9s"],"inLanguage":"fr-FR","potentialAction":[{"@type":"CommentAction","name":"Comment","target":["https:\/\/www.africa-press.net\/togo\/sports\/barcelone-une-premiere-pour-le-fils-de-ronaldinho#respond"]}]},{"@type":"WebPage","@id":"https:\/\/www.africa-press.net\/togo\/sports\/barcelone-une-premiere-pour-le-fils-de-ronaldinho","url":"https:\/\/www.africa-press.net\/togo\/sports\/barcelone-une-premiere-pour-le-fils-de-ronaldinho","name":"Barcelone-Une premi\u00e8re pour le fils de Ronaldinho - Togo","isPartOf":{"@id":"https:\/\/www.africa-press.net\/togo\/#website"},"primaryImageOfPage":{"@id":"https:\/\/www.africa-press.net\/togo\/sports\/barcelone-une-premiere-pour-le-fils-de-ronaldinho#primaryimage"},"image":{"@id":"https:\/\/www.africa-press.net\/togo\/sports\/barcelone-une-premiere-pour-le-fils-de-ronaldinho#primaryimage"},"thumbnailUrl":"https:\/\/static.africa-press.net\/togo\/sites\/58\/2023\/03\/postQueueImg_1677834331.37.jpg","datePublished":"2023-03-03T12:35:29+00:00","dateModified":"2023-03-03T13:24:17+00:00","author":{"@id":"https:\/\/www.africa-press.net\/togo\/#\/schema\/person\/2b1cf3cd81a31e3cd26889ca66d677f1"},"description":"Le fils de Ronadinho, jeune attaquant de 18 ans, a signe\u0301 ce jeudi son premier contrat professionnel avec le FC Barce ...","breadcrumb":{"@id":"https:\/\/www.africa-press.net\/togo\/sports\/barcelone-une-premiere-pour-le-fils-de-ronaldinho#breadcrumb"},"inLanguage":"fr-FR","potentialAction":[{"@type":"ReadAction","target":["https:\/\/www.africa-press.net\/togo\/sports\/barcelone-une-premiere-pour-le-fils-de-ronaldinho"]}]},{"@type":"ImageObject","inLanguage":"fr-FR","@id":"https:\/\/www.africa-press.net\/togo\/sports\/barcelone-une-premiere-pour-le-fils-de-ronaldinho#primaryimage","url":"https:\/\/static.africa-press.net\/togo\/sites\/58\/2023\/03\/postQueueImg_1677834331.37.jpg","contentUrl":"https:\/\/static.africa-press.net\/togo\/sites\/58\/2023\/03\/postQueueImg_1677834331.37.jpg","width":1280,"height":800,"caption":"Barcelone-Une premi\u00e8re pour le fils de Ronaldinho"},{"@type":"BreadcrumbList","@id":"https:\/\/www.africa-press.net\/togo\/sports\/barcelone-une-premiere-pour-le-fils-de-ronaldinho#breadcrumb","itemListElement":[{"@type":"ListItem","position":1,"name":"Accueil","item":"https:\/\/www.africa-press.net\/togo\/"},{"@type":"ListItem","position":2,"name":"Barcelone-Une premi\u00e8re pour le fils de Ronaldinho"}]},{"@type":"WebSite","@id":"https:\/\/www.africa-press.net\/togo\/#website","url":"https:\/\/www.africa-press.net\/togo\/","name":"Togo","description":"Just another Africa News Agency Sites site","potentialAction":[{"@type":"SearchAction","target":{"@type":"EntryPoint","urlTemplate":"https:\/\/www.africa-press.net\/togo\/?s={search_term_string}"},"query-input":{"@type":"PropertyValueSpecification","valueRequired":true,"valueName":"search_term_string"}}],"inLanguage":"fr-FR"},{"@type":"Person","@id":"https:\/\/www.africa-press.net\/togo\/#\/schema\/person\/2b1cf3cd81a31e3cd26889ca66d677f1","name":"cfeditorfr"}]}},"_links":{"self":[{"href":"https:\/\/www.africa-press.net\/togo\/wp-json\/wp\/v2\/posts\/18080","targetHints":{"allow":["GET"]}}],"collection":[{"href":"https:\/\/www.africa-press.net\/togo\/wp-json\/wp\/v2\/posts"}],"about":[{"href":"https:\/\/www.africa-press.net\/togo\/wp-json\/wp\/v2\/types\/post"}],"author":[{"embeddable":true,"href":"https:\/\/www.africa-press.net\/togo\/wp-json\/wp\/v2\/users\/82"}],"replies":[{"embeddable":true,"href":"https:\/\/www.africa-press.net\/togo\/wp-json\/wp\/v2\/comments?post=18080"}],"version-history":[{"count":0,"href":"https:\/\/www.africa-press.net\/togo\/wp-json\/wp\/v2\/posts\/18080\/revisions"}],"wp:featuredmedia":[{"embeddable":true,"href":"https:\/\/www.africa-press.net\/togo\/wp-json\/wp\/v2\/media\/18079"}],"wp:attachment":[{"href":"https:\/\/www.africa-press.net\/togo\/wp-json\/wp\/v2\/media?parent=18080"}],"wp:term":[{"taxonomy":"category","embeddable":true,"href":"https:\/\/www.africa-press.net\/togo\/wp-json\/wp\/v2\/categories?post=18080"},{"taxonomy":"post_tag","embeddable":true,"href":"https:\/\/www.africa-press.net\/togo\/wp-json\/wp\/v2\/tags?post=18080"}],"curies":[{"name":"wp","href":"https:\/\/api.w.org\/{rel}","templated":true}]}}