{"id":18113,"date":"2023-03-04T18:35:10","date_gmt":"2023-03-04T18:35:10","guid":{"rendered":"https:\/\/www.africa-press.net\/togo\/politique\/togo-meteo-ce-samedi-il-fera-un-peu-moins-chaud-quhier-vendredi"},"modified":"2023-03-04T19:44:49","modified_gmt":"2023-03-04T19:44:49","slug":"togo-meteo-ce-samedi-il-fera-un-peu-moins-chaud-quhier-vendredi","status":"publish","type":"post","link":"https:\/\/www.africa-press.net\/togo\/toutes-les-actualites\/togo-meteo-ce-samedi-il-fera-un-peu-moins-chaud-quhier-vendredi","title":{"rendered":"Togo-M\u00e9t\u00e9o : Ce samedi, il fera un peu moins chaud qu\u2019hier vendredi"},"content":{"rendered":"<p><span style=\"color: #ff6600\"><strong>Africa-Press &#8211; Togo. <\/strong><\/span><b>L\u2019Agence nationale de la me\u0301te\u0301orologie (ANAMET) a mis a\u0300 jour ses pre\u0301visions. La journe\u0301e de ce samedi 04 mars 2023 devrait connai\u0302tre une le\u0301ge\u0300re baisse de tempe\u0301rature par rapport a\u0300 hier vendredi.<\/b><\/p>\n<p>La journe\u0301e de ce samedi va connai\u0302tre une tempe\u0301rature qui variera entre \u201c30\u00b0C et 41\u00b0C\u201d, estime l\u2019ANAMET dans son bulletin N\u00b0063. Une tempe\u0301rature en le\u0301ge\u0300re baisse par rapport a\u0300 la journe\u0301e de vendredi 03 mars, qui a connu une chaleur e\u0301tablie entre \u201c32\u00b0C et 42\u00b0C\u201d.<\/p>\n<p>Toujours ce samedi, dans l\u2019apre\u0300s-midi, quelques manifestations orageuses ou pluvio-orageuses sont annonce\u0301es par endroit dans les re\u0301gions Maritime, Plateaux et Centrale.<\/p>\n<p>Sur la majeure partie du pays, le temps, selon les pre\u0301visions de l\u2019ANAMET, sera peu nuageux au cours de la matine\u0301e de ce samedi.<\/p>\n<p><strong>Pour plus d&rsquo;informations et d&rsquo;analyses sur la <a href=\"https:\/\/www.africa-press.net\/togo\">Togo<\/a>, suivez <a href=\"https:\/\/www.africa-press.net\/\">Africa-Press<\/a><\/strong><\/p>\n","protected":false},"excerpt":{"rendered":"<p>Africa-Press &#8211; Togo. L\u2019Agence nationale de la me\u0301te\u0301orologie (ANAMET) a mis a\u0300 jour ses pre\u0301visions. La journe\u0301e de ce samedi 04 mars 2023 devrait connai\u0302tre une le\u0301ge\u0300re baisse de tempe\u0301rature par rapport a\u0300 hier vendredi. La journe\u0301e de ce samedi va connai\u0302tre une tempe\u0301rature qui variera entre \u201c30\u00b0C et 41\u00b0C\u201d, estime l\u2019ANAMET dans son bulletin [&hellip;]<\/p>\n","protected":false},"author":82,"featured_media":18112,"comment_status":"open","ping_status":"closed","sticky":false,"template":"","format":"standard","meta":{"footnotes":""},"categories":[21,10],"tags":[36,49,50],"class_list":["post-18113","post","type-post","status-publish","format-standard","has-post-thumbnail","hentry","category-communaute","category-toutes-les-actualites","tag-africa-press","tag-africa-press-togo","tag-togo"],"yoast_head":"<!-- This site is optimized with the Yoast SEO Premium plugin v26.1 (Yoast SEO v27.0) - https:\/\/yoast.com\/product\/yoast-seo-premium-wordpress\/ -->\n<title>Togo-M\u00e9t\u00e9o : Ce samedi, il fera un peu moins chaud qu\u2019hier vendredi - Togo<\/title>\n<meta name=\"description\" content=\"L\u2019Agence nationale de la me\u0301te\u0301orologie (ANAMET) a mis a\u0300 jour ses pre\u0301visions. La journe\u0301e de ce samedi 04 mars 2023 ...\" \/>\n<meta name=\"robots\" content=\"index, follow, max-snippet:-1, max-image-preview:large, max-video-preview:-1\" \/>\n<link rel=\"canonical\" href=\"https:\/\/www.africa-press.net\/togo\/toutes-les-actualites\/togo-meteo-ce-samedi-il-fera-un-peu-moins-chaud-quhier-vendredi\" \/>\n<meta property=\"og:locale\" content=\"fr_FR\" \/>\n<meta property=\"og:type\" content=\"article\" \/>\n<meta property=\"og:title\" content=\"Togo-M\u00e9t\u00e9o : Ce samedi, il fera un peu moins chaud qu\u2019hier vendredi\" \/>\n<meta property=\"og:description\" content=\"L\u2019Agence nationale de la me\u0301te\u0301orologie (ANAMET) a mis a\u0300 jour ses pre\u0301visions. La journe\u0301e de ce samedi 04 mars 2023 ...\" \/>\n<meta property=\"og:url\" content=\"https:\/\/www.africa-press.net\/togo\/toutes-les-actualites\/togo-meteo-ce-samedi-il-fera-un-peu-moins-chaud-quhier-vendredi\" \/>\n<meta property=\"og:site_name\" content=\"Togo\" \/>\n<meta property=\"article:published_time\" content=\"2023-03-04T18:35:10+00:00\" \/>\n<meta property=\"article:modified_time\" content=\"2023-03-04T19:44:49+00:00\" \/>\n<meta property=\"og:image\" content=\"https:\/\/static.africa-press.net\/togo\/sites\/58\/2023\/03\/postQueueImg_1677942317.16.jpg\" \/>\n\t<meta property=\"og:image:width\" content=\"1280\" \/>\n\t<meta property=\"og:image:height\" content=\"800\" \/>\n\t<meta property=\"og:image:type\" content=\"image\/jpeg\" \/>\n<meta name=\"author\" content=\"cfeditorfr\" \/>\n<meta name=\"twitter:card\" content=\"summary_large_image\" \/>\n<meta name=\"twitter:label1\" content=\"\u00c9crit par\" \/>\n\t<meta name=\"twitter:data1\" content=\"cfeditorfr\" \/>\n\t<meta name=\"twitter:label2\" content=\"Dur\u00e9e de lecture estim\u00e9e\" \/>\n\t<meta name=\"twitter:data2\" content=\"1 minute\" \/>\n<script type=\"application\/ld+json\" class=\"yoast-schema-graph\">{\"@context\":\"https:\/\/schema.org\",\"@graph\":[{\"@type\":\"Article\",\"@id\":\"https:\/\/www.africa-press.net\/togo\/toutes-les-actualites\/togo-meteo-ce-samedi-il-fera-un-peu-moins-chaud-quhier-vendredi#article\",\"isPartOf\":{\"@id\":\"https:\/\/www.africa-press.net\/togo\/toutes-les-actualites\/togo-meteo-ce-samedi-il-fera-un-peu-moins-chaud-quhier-vendredi\"},\"author\":{\"name\":\"cfeditorfr\",\"@id\":\"https:\/\/www.africa-press.net\/togo\/#\/schema\/person\/2b1cf3cd81a31e3cd26889ca66d677f1\"},\"headline\":\"Togo-M\u00e9t\u00e9o : Ce samedi, il fera un peu moins chaud qu\u2019hier vendredi\",\"datePublished\":\"2023-03-04T18:35:10+00:00\",\"dateModified\":\"2023-03-04T19:44:49+00:00\",\"mainEntityOfPage\":{\"@id\":\"https:\/\/www.africa-press.net\/togo\/toutes-les-actualites\/togo-meteo-ce-samedi-il-fera-un-peu-moins-chaud-quhier-vendredi\"},\"wordCount\":173,\"commentCount\":0,\"image\":{\"@id\":\"https:\/\/www.africa-press.net\/togo\/toutes-les-actualites\/togo-meteo-ce-samedi-il-fera-un-peu-moins-chaud-quhier-vendredi#primaryimage\"},\"thumbnailUrl\":\"https:\/\/static.africa-press.net\/togo\/sites\/58\/2023\/03\/postQueueImg_1677942317.16.jpg\",\"keywords\":[\"Africa Press\",\"Africa Press-Togo\",\"Togo\"],\"articleSection\":[\"Communaut\u00e9\",\"Toutes les actualit\u00e9s\"],\"inLanguage\":\"fr-FR\",\"potentialAction\":[{\"@type\":\"CommentAction\",\"name\":\"Comment\",\"target\":[\"https:\/\/www.africa-press.net\/togo\/toutes-les-actualites\/togo-meteo-ce-samedi-il-fera-un-peu-moins-chaud-quhier-vendredi#respond\"]}]},{\"@type\":\"WebPage\",\"@id\":\"https:\/\/www.africa-press.net\/togo\/toutes-les-actualites\/togo-meteo-ce-samedi-il-fera-un-peu-moins-chaud-quhier-vendredi\",\"url\":\"https:\/\/www.africa-press.net\/togo\/toutes-les-actualites\/togo-meteo-ce-samedi-il-fera-un-peu-moins-chaud-quhier-vendredi\",\"name\":\"Togo-M\u00e9t\u00e9o : Ce samedi, il fera un peu moins chaud qu\u2019hier vendredi - Togo\",\"isPartOf\":{\"@id\":\"https:\/\/www.africa-press.net\/togo\/#website\"},\"primaryImageOfPage\":{\"@id\":\"https:\/\/www.africa-press.net\/togo\/toutes-les-actualites\/togo-meteo-ce-samedi-il-fera-un-peu-moins-chaud-quhier-vendredi#primaryimage\"},\"image\":{\"@id\":\"https:\/\/www.africa-press.net\/togo\/toutes-les-actualites\/togo-meteo-ce-samedi-il-fera-un-peu-moins-chaud-quhier-vendredi#primaryimage\"},\"thumbnailUrl\":\"https:\/\/static.africa-press.net\/togo\/sites\/58\/2023\/03\/postQueueImg_1677942317.16.jpg\",\"datePublished\":\"2023-03-04T18:35:10+00:00\",\"dateModified\":\"2023-03-04T19:44:49+00:00\",\"author\":{\"@id\":\"https:\/\/www.africa-press.net\/togo\/#\/schema\/person\/2b1cf3cd81a31e3cd26889ca66d677f1\"},\"description\":\"L\u2019Agence nationale de la me\u0301te\u0301orologie (ANAMET) a mis a\u0300 jour ses pre\u0301visions. La journe\u0301e de ce samedi 04 mars 2023 ...\",\"breadcrumb\":{\"@id\":\"https:\/\/www.africa-press.net\/togo\/toutes-les-actualites\/togo-meteo-ce-samedi-il-fera-un-peu-moins-chaud-quhier-vendredi#breadcrumb\"},\"inLanguage\":\"fr-FR\",\"potentialAction\":[{\"@type\":\"ReadAction\",\"target\":[\"https:\/\/www.africa-press.net\/togo\/toutes-les-actualites\/togo-meteo-ce-samedi-il-fera-un-peu-moins-chaud-quhier-vendredi\"]}]},{\"@type\":\"ImageObject\",\"inLanguage\":\"fr-FR\",\"@id\":\"https:\/\/www.africa-press.net\/togo\/toutes-les-actualites\/togo-meteo-ce-samedi-il-fera-un-peu-moins-chaud-quhier-vendredi#primaryimage\",\"url\":\"https:\/\/static.africa-press.net\/togo\/sites\/58\/2023\/03\/postQueueImg_1677942317.16.jpg\",\"contentUrl\":\"https:\/\/static.africa-press.net\/togo\/sites\/58\/2023\/03\/postQueueImg_1677942317.16.jpg\",\"width\":1280,\"height\":800,\"caption\":\"Togo-M\u00e9t\u00e9o : Ce samedi, il fera un peu moins chaud qu\u2019hier vendredi\"},{\"@type\":\"BreadcrumbList\",\"@id\":\"https:\/\/www.africa-press.net\/togo\/toutes-les-actualites\/togo-meteo-ce-samedi-il-fera-un-peu-moins-chaud-quhier-vendredi#breadcrumb\",\"itemListElement\":[{\"@type\":\"ListItem\",\"position\":1,\"name\":\"Accueil\",\"item\":\"https:\/\/www.africa-press.net\/togo\/\"},{\"@type\":\"ListItem\",\"position\":2,\"name\":\"Togo-M\u00e9t\u00e9o : Ce samedi, il fera un peu moins chaud qu\u2019hier vendredi\"}]},{\"@type\":\"WebSite\",\"@id\":\"https:\/\/www.africa-press.net\/togo\/#website\",\"url\":\"https:\/\/www.africa-press.net\/togo\/\",\"name\":\"Togo\",\"description\":\"Just another Africa News Agency Sites site\",\"potentialAction\":[{\"@type\":\"SearchAction\",\"target\":{\"@type\":\"EntryPoint\",\"urlTemplate\":\"https:\/\/www.africa-press.net\/togo\/?s={search_term_string}\"},\"query-input\":{\"@type\":\"PropertyValueSpecification\",\"valueRequired\":true,\"valueName\":\"search_term_string\"}}],\"inLanguage\":\"fr-FR\"},{\"@type\":\"Person\",\"@id\":\"https:\/\/www.africa-press.net\/togo\/#\/schema\/person\/2b1cf3cd81a31e3cd26889ca66d677f1\",\"name\":\"cfeditorfr\"}]}<\/script>\n<!-- \/ Yoast SEO Premium plugin. -->","yoast_head_json":{"title":"Togo-M\u00e9t\u00e9o : Ce samedi, il fera un peu moins chaud qu\u2019hier vendredi - Togo","description":"L\u2019Agence nationale de la me\u0301te\u0301orologie (ANAMET) a mis a\u0300 jour ses pre\u0301visions. La journe\u0301e de ce samedi 04 mars 2023 ...","robots":{"index":"index","follow":"follow","max-snippet":"max-snippet:-1","max-image-preview":"max-image-preview:large","max-video-preview":"max-video-preview:-1"},"canonical":"https:\/\/www.africa-press.net\/togo\/toutes-les-actualites\/togo-meteo-ce-samedi-il-fera-un-peu-moins-chaud-quhier-vendredi","og_locale":"fr_FR","og_type":"article","og_title":"Togo-M\u00e9t\u00e9o : Ce samedi, il fera un peu moins chaud qu\u2019hier vendredi","og_description":"L\u2019Agence nationale de la me\u0301te\u0301orologie (ANAMET) a mis a\u0300 jour ses pre\u0301visions. La journe\u0301e de ce samedi 04 mars 2023 ...","og_url":"https:\/\/www.africa-press.net\/togo\/toutes-les-actualites\/togo-meteo-ce-samedi-il-fera-un-peu-moins-chaud-quhier-vendredi","og_site_name":"Togo","article_published_time":"2023-03-04T18:35:10+00:00","article_modified_time":"2023-03-04T19:44:49+00:00","og_image":[{"width":1280,"height":800,"url":"https:\/\/static.africa-press.net\/togo\/sites\/58\/2023\/03\/postQueueImg_1677942317.16.jpg","type":"image\/jpeg"}],"author":"cfeditorfr","twitter_card":"summary_large_image","twitter_misc":{"\u00c9crit par":"cfeditorfr","Dur\u00e9e de lecture estim\u00e9e":"1 minute"},"schema":{"@context":"https:\/\/schema.org","@graph":[{"@type":"Article","@id":"https:\/\/www.africa-press.net\/togo\/toutes-les-actualites\/togo-meteo-ce-samedi-il-fera-un-peu-moins-chaud-quhier-vendredi#article","isPartOf":{"@id":"https:\/\/www.africa-press.net\/togo\/toutes-les-actualites\/togo-meteo-ce-samedi-il-fera-un-peu-moins-chaud-quhier-vendredi"},"author":{"name":"cfeditorfr","@id":"https:\/\/www.africa-press.net\/togo\/#\/schema\/person\/2b1cf3cd81a31e3cd26889ca66d677f1"},"headline":"Togo-M\u00e9t\u00e9o : Ce samedi, il fera un peu moins chaud qu\u2019hier vendredi","datePublished":"2023-03-04T18:35:10+00:00","dateModified":"2023-03-04T19:44:49+00:00","mainEntityOfPage":{"@id":"https:\/\/www.africa-press.net\/togo\/toutes-les-actualites\/togo-meteo-ce-samedi-il-fera-un-peu-moins-chaud-quhier-vendredi"},"wordCount":173,"commentCount":0,"image":{"@id":"https:\/\/www.africa-press.net\/togo\/toutes-les-actualites\/togo-meteo-ce-samedi-il-fera-un-peu-moins-chaud-quhier-vendredi#primaryimage"},"thumbnailUrl":"https:\/\/static.africa-press.net\/togo\/sites\/58\/2023\/03\/postQueueImg_1677942317.16.jpg","keywords":["Africa Press","Africa Press-Togo","Togo"],"articleSection":["Communaut\u00e9","Toutes les actualit\u00e9s"],"inLanguage":"fr-FR","potentialAction":[{"@type":"CommentAction","name":"Comment","target":["https:\/\/www.africa-press.net\/togo\/toutes-les-actualites\/togo-meteo-ce-samedi-il-fera-un-peu-moins-chaud-quhier-vendredi#respond"]}]},{"@type":"WebPage","@id":"https:\/\/www.africa-press.net\/togo\/toutes-les-actualites\/togo-meteo-ce-samedi-il-fera-un-peu-moins-chaud-quhier-vendredi","url":"https:\/\/www.africa-press.net\/togo\/toutes-les-actualites\/togo-meteo-ce-samedi-il-fera-un-peu-moins-chaud-quhier-vendredi","name":"Togo-M\u00e9t\u00e9o : Ce samedi, il fera un peu moins chaud qu\u2019hier vendredi - Togo","isPartOf":{"@id":"https:\/\/www.africa-press.net\/togo\/#website"},"primaryImageOfPage":{"@id":"https:\/\/www.africa-press.net\/togo\/toutes-les-actualites\/togo-meteo-ce-samedi-il-fera-un-peu-moins-chaud-quhier-vendredi#primaryimage"},"image":{"@id":"https:\/\/www.africa-press.net\/togo\/toutes-les-actualites\/togo-meteo-ce-samedi-il-fera-un-peu-moins-chaud-quhier-vendredi#primaryimage"},"thumbnailUrl":"https:\/\/static.africa-press.net\/togo\/sites\/58\/2023\/03\/postQueueImg_1677942317.16.jpg","datePublished":"2023-03-04T18:35:10+00:00","dateModified":"2023-03-04T19:44:49+00:00","author":{"@id":"https:\/\/www.africa-press.net\/togo\/#\/schema\/person\/2b1cf3cd81a31e3cd26889ca66d677f1"},"description":"L\u2019Agence nationale de la me\u0301te\u0301orologie (ANAMET) a mis a\u0300 jour ses pre\u0301visions. La journe\u0301e de ce samedi 04 mars 2023 ...","breadcrumb":{"@id":"https:\/\/www.africa-press.net\/togo\/toutes-les-actualites\/togo-meteo-ce-samedi-il-fera-un-peu-moins-chaud-quhier-vendredi#breadcrumb"},"inLanguage":"fr-FR","potentialAction":[{"@type":"ReadAction","target":["https:\/\/www.africa-press.net\/togo\/toutes-les-actualites\/togo-meteo-ce-samedi-il-fera-un-peu-moins-chaud-quhier-vendredi"]}]},{"@type":"ImageObject","inLanguage":"fr-FR","@id":"https:\/\/www.africa-press.net\/togo\/toutes-les-actualites\/togo-meteo-ce-samedi-il-fera-un-peu-moins-chaud-quhier-vendredi#primaryimage","url":"https:\/\/static.africa-press.net\/togo\/sites\/58\/2023\/03\/postQueueImg_1677942317.16.jpg","contentUrl":"https:\/\/static.africa-press.net\/togo\/sites\/58\/2023\/03\/postQueueImg_1677942317.16.jpg","width":1280,"height":800,"caption":"Togo-M\u00e9t\u00e9o : Ce samedi, il fera un peu moins chaud qu\u2019hier vendredi"},{"@type":"BreadcrumbList","@id":"https:\/\/www.africa-press.net\/togo\/toutes-les-actualites\/togo-meteo-ce-samedi-il-fera-un-peu-moins-chaud-quhier-vendredi#breadcrumb","itemListElement":[{"@type":"ListItem","position":1,"name":"Accueil","item":"https:\/\/www.africa-press.net\/togo\/"},{"@type":"ListItem","position":2,"name":"Togo-M\u00e9t\u00e9o : Ce samedi, il fera un peu moins chaud qu\u2019hier vendredi"}]},{"@type":"WebSite","@id":"https:\/\/www.africa-press.net\/togo\/#website","url":"https:\/\/www.africa-press.net\/togo\/","name":"Togo","description":"Just another Africa News Agency Sites site","potentialAction":[{"@type":"SearchAction","target":{"@type":"EntryPoint","urlTemplate":"https:\/\/www.africa-press.net\/togo\/?s={search_term_string}"},"query-input":{"@type":"PropertyValueSpecification","valueRequired":true,"valueName":"search_term_string"}}],"inLanguage":"fr-FR"},{"@type":"Person","@id":"https:\/\/www.africa-press.net\/togo\/#\/schema\/person\/2b1cf3cd81a31e3cd26889ca66d677f1","name":"cfeditorfr"}]}},"_links":{"self":[{"href":"https:\/\/www.africa-press.net\/togo\/wp-json\/wp\/v2\/posts\/18113","targetHints":{"allow":["GET"]}}],"collection":[{"href":"https:\/\/www.africa-press.net\/togo\/wp-json\/wp\/v2\/posts"}],"about":[{"href":"https:\/\/www.africa-press.net\/togo\/wp-json\/wp\/v2\/types\/post"}],"author":[{"embeddable":true,"href":"https:\/\/www.africa-press.net\/togo\/wp-json\/wp\/v2\/users\/82"}],"replies":[{"embeddable":true,"href":"https:\/\/www.africa-press.net\/togo\/wp-json\/wp\/v2\/comments?post=18113"}],"version-history":[{"count":0,"href":"https:\/\/www.africa-press.net\/togo\/wp-json\/wp\/v2\/posts\/18113\/revisions"}],"wp:featuredmedia":[{"embeddable":true,"href":"https:\/\/www.africa-press.net\/togo\/wp-json\/wp\/v2\/media\/18112"}],"wp:attachment":[{"href":"https:\/\/www.africa-press.net\/togo\/wp-json\/wp\/v2\/media?parent=18113"}],"wp:term":[{"taxonomy":"category","embeddable":true,"href":"https:\/\/www.africa-press.net\/togo\/wp-json\/wp\/v2\/categories?post=18113"},{"taxonomy":"post_tag","embeddable":true,"href":"https:\/\/www.africa-press.net\/togo\/wp-json\/wp\/v2\/tags?post=18113"}],"curies":[{"name":"wp","href":"https:\/\/api.w.org\/{rel}","templated":true}]}}