{"id":18115,"date":"2023-03-04T18:35:19","date_gmt":"2023-03-04T18:35:19","guid":{"rendered":"https:\/\/www.africa-press.net\/togo\/politique\/le-togo-au-symposium-des-chefs-detat-major-des-armees-de-lair-africaines"},"modified":"2023-03-04T19:45:53","modified_gmt":"2023-03-04T19:45:53","slug":"le-togo-au-symposium-des-chefs-detat-major-des-armees-de-lair-africaines","status":"publish","type":"post","link":"https:\/\/www.africa-press.net\/togo\/politique\/le-togo-au-symposium-des-chefs-detat-major-des-armees-de-lair-africaines","title":{"rendered":"Le Togo au Symposium des chefs d\u2019\u00e9tat-major des arm\u00e9es de l\u2019air africaines"},"content":{"rendered":"<p><span style=\"color: #ff6600\"><strong>Africa-Press &#8211; Togo. <\/strong><\/span><b>Les travaux de la 12e e\u0301dition du Symposium annuel des Chefs d\u2019e\u0301tat-major des Arme\u0301es de l\u2019air africaines (AACS), tenu sous le the\u0300me \u00ab les forces arme\u0301es africaines face aux menaces transfrontalie\u0300res \u00bb, ont poursuivi jusqu\u2019au vendredi 03 mars 2023 a\u0300 Dakar avec la participation de repre\u0301sentants d\u2019une quarantaine de pays africains dont le Togo et de de\u0301le\u0301gue\u0301s des Etats-Unis. <\/b><\/p>\n<p>L\u2019e\u0301ve\u0300nement a re\u0301unit des repre\u0301sentants des Arme\u0301es de l\u2019air venus notamment du Be\u0301nin, du Botswana, du Cameroun, de la Co\u0302te d\u2019Ivoire, de la Re\u0301publique de\u0301mocratique du Congo, du Gabon, du Ghana, du Kenya, du Lesotho, Madagascar, Malawi, Mauritanie, Maroc, Mozambique, Niger, Nige\u0301ria, Re\u0301publique du Congo, Rwanda, Se\u0301ne\u0301gal, Sierra Leone, Tanzanie, Togo, Tunisie, Zambie.<\/p>\n<p>Un forum des seniors enro\u0302le\u0301s a eu lieu lors du Symposium auquel a pris part l\u2019ajudant-Chef Gbati Tchapo de l\u2019arme\u0301e de l\u2019air du Togo.<\/p>\n<p>L\u2019objectif du Symposium co-organise\u0301 par Alassane Ndiaye, Chef de l\u2019arme\u0301e de l\u2019air se\u0301ne\u0301galaise et Benjamin Hedden des Forces ae\u0301riennes des E\u0301tats-Unis, est de collaborer a\u0300 la recherche de solutions aux de\u0301fis communs a\u0300 travers les forces enro\u0302le\u0301es en Afrique.<\/p>\n<p>\u201cLe Forum Senior Enlisted donne a\u0300 ces dirigeants enro\u0302le\u0301s la possibilite\u0301 d\u2019entrer dans la me\u0302me pie\u0300ce les uns avec les autres et d\u2019apprendre les uns des autres pour aider a\u0300 faire progresser leur ro\u0302le de conseillers aupre\u0300s de leurs chefs de l\u2019air\u201d, a de\u0301clare\u0301 le sergent-chef principal de l\u2019US Air Force, Robert Wyman.<\/p>\n<p>Au cours de cette rencontre, le nouveau logo de l\u2019Association des forces ae\u0301riennes africaines (AAAF) a e\u0301te\u0301 de\u0301voile\u0301 par l\u2019adjudant de l\u2019arme\u0301e de l\u2019air botswanaise Seboloko Mosimanyana, chef supe\u0301rieur enro\u0302le\u0301 de l\u2019arme\u0301e de l\u2019air botswanaise.<\/p>\n<p>Selon les organisateurs, le prochain Symposium sera a\u0300 la base ae\u0301rienne de Ramstein, en Allemagne, en juin 2023 pour un sommet re\u0301gional des seniors africains.<\/p>\n<p><strong>Pour plus d&rsquo;informations et d&rsquo;analyses sur la <a href=\"https:\/\/www.africa-press.net\/togo\">Togo<\/a>, suivez <a href=\"https:\/\/www.africa-press.net\/\">Africa-Press<\/a><\/strong><\/p>\n","protected":false},"excerpt":{"rendered":"<p>Africa-Press &#8211; Togo. Les travaux de la 12e e\u0301dition du Symposium annuel des Chefs d\u2019e\u0301tat-major des Arme\u0301es de l\u2019air africaines (AACS), tenu sous le the\u0300me \u00ab les forces arme\u0301es africaines face aux menaces transfrontalie\u0300res \u00bb, ont poursuivi jusqu\u2019au vendredi 03 mars 2023 a\u0300 Dakar avec la participation de repre\u0301sentants d\u2019une quarantaine de pays africains dont [&hellip;]<\/p>\n","protected":false},"author":82,"featured_media":18114,"comment_status":"open","ping_status":"closed","sticky":false,"template":"","format":"standard","meta":{"footnotes":""},"categories":[2,10],"tags":[36,49,50],"class_list":["post-18115","post","type-post","status-publish","format-standard","has-post-thumbnail","hentry","category-politique","category-toutes-les-actualites","tag-africa-press","tag-africa-press-togo","tag-togo"],"yoast_head":"<!-- This site is optimized with the Yoast SEO Premium plugin v26.1 (Yoast SEO v27.0) - https:\/\/yoast.com\/product\/yoast-seo-premium-wordpress\/ -->\n<title>Le Togo au Symposium des chefs d\u2019\u00e9tat-major des arm\u00e9es de l\u2019air africaines - Togo<\/title>\n<meta name=\"description\" content=\"Les travaux de la 12e e\u0301dition du Symposium annuel des Chefs d\u2019e\u0301tat-major des Arme\u0301es de l\u2019air africaines (AACS), te ...\" \/>\n<meta name=\"robots\" content=\"index, follow, max-snippet:-1, max-image-preview:large, max-video-preview:-1\" \/>\n<link rel=\"canonical\" href=\"https:\/\/www.africa-press.net\/togo\/politique\/le-togo-au-symposium-des-chefs-detat-major-des-armees-de-lair-africaines\" \/>\n<meta property=\"og:locale\" content=\"fr_FR\" \/>\n<meta property=\"og:type\" content=\"article\" \/>\n<meta property=\"og:title\" content=\"Le Togo au Symposium des chefs d\u2019\u00e9tat-major des arm\u00e9es de l\u2019air africaines\" \/>\n<meta property=\"og:description\" content=\"Les travaux de la 12e e\u0301dition du Symposium annuel des Chefs d\u2019e\u0301tat-major des Arme\u0301es de l\u2019air africaines (AACS), te ...\" \/>\n<meta property=\"og:url\" content=\"https:\/\/www.africa-press.net\/togo\/politique\/le-togo-au-symposium-des-chefs-detat-major-des-armees-de-lair-africaines\" \/>\n<meta property=\"og:site_name\" content=\"Togo\" \/>\n<meta property=\"article:published_time\" content=\"2023-03-04T18:35:19+00:00\" \/>\n<meta property=\"article:modified_time\" content=\"2023-03-04T19:45:53+00:00\" \/>\n<meta property=\"og:image\" content=\"https:\/\/static.africa-press.net\/togo\/sites\/58\/2023\/03\/postQueueImg_1677942326.11.jpg\" \/>\n\t<meta property=\"og:image:width\" content=\"1728\" \/>\n\t<meta property=\"og:image:height\" content=\"1149\" \/>\n\t<meta property=\"og:image:type\" content=\"image\/jpeg\" \/>\n<meta name=\"author\" content=\"cfeditorfr\" \/>\n<meta name=\"twitter:card\" content=\"summary_large_image\" \/>\n<meta name=\"twitter:label1\" content=\"\u00c9crit par\" \/>\n\t<meta name=\"twitter:data1\" content=\"cfeditorfr\" \/>\n\t<meta name=\"twitter:label2\" content=\"Dur\u00e9e de lecture estim\u00e9e\" \/>\n\t<meta name=\"twitter:data2\" content=\"2 minutes\" \/>\n<script type=\"application\/ld+json\" class=\"yoast-schema-graph\">{\"@context\":\"https:\/\/schema.org\",\"@graph\":[{\"@type\":\"Article\",\"@id\":\"https:\/\/www.africa-press.net\/togo\/politique\/le-togo-au-symposium-des-chefs-detat-major-des-armees-de-lair-africaines#article\",\"isPartOf\":{\"@id\":\"https:\/\/www.africa-press.net\/togo\/politique\/le-togo-au-symposium-des-chefs-detat-major-des-armees-de-lair-africaines\"},\"author\":{\"name\":\"cfeditorfr\",\"@id\":\"https:\/\/www.africa-press.net\/togo\/#\/schema\/person\/2b1cf3cd81a31e3cd26889ca66d677f1\"},\"headline\":\"Le Togo au Symposium des chefs d\u2019\u00e9tat-major des arm\u00e9es de l\u2019air africaines\",\"datePublished\":\"2023-03-04T18:35:19+00:00\",\"dateModified\":\"2023-03-04T19:45:53+00:00\",\"mainEntityOfPage\":{\"@id\":\"https:\/\/www.africa-press.net\/togo\/politique\/le-togo-au-symposium-des-chefs-detat-major-des-armees-de-lair-africaines\"},\"wordCount\":386,\"commentCount\":0,\"image\":{\"@id\":\"https:\/\/www.africa-press.net\/togo\/politique\/le-togo-au-symposium-des-chefs-detat-major-des-armees-de-lair-africaines#primaryimage\"},\"thumbnailUrl\":\"https:\/\/static.africa-press.net\/togo\/sites\/58\/2023\/03\/postQueueImg_1677942326.11.jpg\",\"keywords\":[\"Africa Press\",\"Africa Press-Togo\",\"Togo\"],\"articleSection\":[\"Politique\",\"Toutes les actualit\u00e9s\"],\"inLanguage\":\"fr-FR\",\"potentialAction\":[{\"@type\":\"CommentAction\",\"name\":\"Comment\",\"target\":[\"https:\/\/www.africa-press.net\/togo\/politique\/le-togo-au-symposium-des-chefs-detat-major-des-armees-de-lair-africaines#respond\"]}]},{\"@type\":\"WebPage\",\"@id\":\"https:\/\/www.africa-press.net\/togo\/politique\/le-togo-au-symposium-des-chefs-detat-major-des-armees-de-lair-africaines\",\"url\":\"https:\/\/www.africa-press.net\/togo\/politique\/le-togo-au-symposium-des-chefs-detat-major-des-armees-de-lair-africaines\",\"name\":\"Le Togo au Symposium des chefs d\u2019\u00e9tat-major des arm\u00e9es de l\u2019air africaines - Togo\",\"isPartOf\":{\"@id\":\"https:\/\/www.africa-press.net\/togo\/#website\"},\"primaryImageOfPage\":{\"@id\":\"https:\/\/www.africa-press.net\/togo\/politique\/le-togo-au-symposium-des-chefs-detat-major-des-armees-de-lair-africaines#primaryimage\"},\"image\":{\"@id\":\"https:\/\/www.africa-press.net\/togo\/politique\/le-togo-au-symposium-des-chefs-detat-major-des-armees-de-lair-africaines#primaryimage\"},\"thumbnailUrl\":\"https:\/\/static.africa-press.net\/togo\/sites\/58\/2023\/03\/postQueueImg_1677942326.11.jpg\",\"datePublished\":\"2023-03-04T18:35:19+00:00\",\"dateModified\":\"2023-03-04T19:45:53+00:00\",\"author\":{\"@id\":\"https:\/\/www.africa-press.net\/togo\/#\/schema\/person\/2b1cf3cd81a31e3cd26889ca66d677f1\"},\"description\":\"Les travaux de la 12e e\u0301dition du Symposium annuel des Chefs d\u2019e\u0301tat-major des Arme\u0301es de l\u2019air africaines (AACS), te ...\",\"breadcrumb\":{\"@id\":\"https:\/\/www.africa-press.net\/togo\/politique\/le-togo-au-symposium-des-chefs-detat-major-des-armees-de-lair-africaines#breadcrumb\"},\"inLanguage\":\"fr-FR\",\"potentialAction\":[{\"@type\":\"ReadAction\",\"target\":[\"https:\/\/www.africa-press.net\/togo\/politique\/le-togo-au-symposium-des-chefs-detat-major-des-armees-de-lair-africaines\"]}]},{\"@type\":\"ImageObject\",\"inLanguage\":\"fr-FR\",\"@id\":\"https:\/\/www.africa-press.net\/togo\/politique\/le-togo-au-symposium-des-chefs-detat-major-des-armees-de-lair-africaines#primaryimage\",\"url\":\"https:\/\/static.africa-press.net\/togo\/sites\/58\/2023\/03\/postQueueImg_1677942326.11.jpg\",\"contentUrl\":\"https:\/\/static.africa-press.net\/togo\/sites\/58\/2023\/03\/postQueueImg_1677942326.11.jpg\",\"width\":1728,\"height\":1149,\"caption\":\"Le Togo au Symposium des chefs d\u2019\u00e9tat-major des arm\u00e9es de l\u2019air africaines\"},{\"@type\":\"BreadcrumbList\",\"@id\":\"https:\/\/www.africa-press.net\/togo\/politique\/le-togo-au-symposium-des-chefs-detat-major-des-armees-de-lair-africaines#breadcrumb\",\"itemListElement\":[{\"@type\":\"ListItem\",\"position\":1,\"name\":\"Accueil\",\"item\":\"https:\/\/www.africa-press.net\/togo\/\"},{\"@type\":\"ListItem\",\"position\":2,\"name\":\"Le Togo au Symposium des chefs d\u2019\u00e9tat-major des arm\u00e9es de l\u2019air africaines\"}]},{\"@type\":\"WebSite\",\"@id\":\"https:\/\/www.africa-press.net\/togo\/#website\",\"url\":\"https:\/\/www.africa-press.net\/togo\/\",\"name\":\"Togo\",\"description\":\"Just another Africa News Agency Sites site\",\"potentialAction\":[{\"@type\":\"SearchAction\",\"target\":{\"@type\":\"EntryPoint\",\"urlTemplate\":\"https:\/\/www.africa-press.net\/togo\/?s={search_term_string}\"},\"query-input\":{\"@type\":\"PropertyValueSpecification\",\"valueRequired\":true,\"valueName\":\"search_term_string\"}}],\"inLanguage\":\"fr-FR\"},{\"@type\":\"Person\",\"@id\":\"https:\/\/www.africa-press.net\/togo\/#\/schema\/person\/2b1cf3cd81a31e3cd26889ca66d677f1\",\"name\":\"cfeditorfr\"}]}<\/script>\n<!-- \/ Yoast SEO Premium plugin. -->","yoast_head_json":{"title":"Le Togo au Symposium des chefs d\u2019\u00e9tat-major des arm\u00e9es de l\u2019air africaines - Togo","description":"Les travaux de la 12e e\u0301dition du Symposium annuel des Chefs d\u2019e\u0301tat-major des Arme\u0301es de l\u2019air africaines (AACS), te ...","robots":{"index":"index","follow":"follow","max-snippet":"max-snippet:-1","max-image-preview":"max-image-preview:large","max-video-preview":"max-video-preview:-1"},"canonical":"https:\/\/www.africa-press.net\/togo\/politique\/le-togo-au-symposium-des-chefs-detat-major-des-armees-de-lair-africaines","og_locale":"fr_FR","og_type":"article","og_title":"Le Togo au Symposium des chefs d\u2019\u00e9tat-major des arm\u00e9es de l\u2019air africaines","og_description":"Les travaux de la 12e e\u0301dition du Symposium annuel des Chefs d\u2019e\u0301tat-major des Arme\u0301es de l\u2019air africaines (AACS), te ...","og_url":"https:\/\/www.africa-press.net\/togo\/politique\/le-togo-au-symposium-des-chefs-detat-major-des-armees-de-lair-africaines","og_site_name":"Togo","article_published_time":"2023-03-04T18:35:19+00:00","article_modified_time":"2023-03-04T19:45:53+00:00","og_image":[{"width":1728,"height":1149,"url":"https:\/\/static.africa-press.net\/togo\/sites\/58\/2023\/03\/postQueueImg_1677942326.11.jpg","type":"image\/jpeg"}],"author":"cfeditorfr","twitter_card":"summary_large_image","twitter_misc":{"\u00c9crit par":"cfeditorfr","Dur\u00e9e de lecture estim\u00e9e":"2 minutes"},"schema":{"@context":"https:\/\/schema.org","@graph":[{"@type":"Article","@id":"https:\/\/www.africa-press.net\/togo\/politique\/le-togo-au-symposium-des-chefs-detat-major-des-armees-de-lair-africaines#article","isPartOf":{"@id":"https:\/\/www.africa-press.net\/togo\/politique\/le-togo-au-symposium-des-chefs-detat-major-des-armees-de-lair-africaines"},"author":{"name":"cfeditorfr","@id":"https:\/\/www.africa-press.net\/togo\/#\/schema\/person\/2b1cf3cd81a31e3cd26889ca66d677f1"},"headline":"Le Togo au Symposium des chefs d\u2019\u00e9tat-major des arm\u00e9es de l\u2019air africaines","datePublished":"2023-03-04T18:35:19+00:00","dateModified":"2023-03-04T19:45:53+00:00","mainEntityOfPage":{"@id":"https:\/\/www.africa-press.net\/togo\/politique\/le-togo-au-symposium-des-chefs-detat-major-des-armees-de-lair-africaines"},"wordCount":386,"commentCount":0,"image":{"@id":"https:\/\/www.africa-press.net\/togo\/politique\/le-togo-au-symposium-des-chefs-detat-major-des-armees-de-lair-africaines#primaryimage"},"thumbnailUrl":"https:\/\/static.africa-press.net\/togo\/sites\/58\/2023\/03\/postQueueImg_1677942326.11.jpg","keywords":["Africa Press","Africa Press-Togo","Togo"],"articleSection":["Politique","Toutes les actualit\u00e9s"],"inLanguage":"fr-FR","potentialAction":[{"@type":"CommentAction","name":"Comment","target":["https:\/\/www.africa-press.net\/togo\/politique\/le-togo-au-symposium-des-chefs-detat-major-des-armees-de-lair-africaines#respond"]}]},{"@type":"WebPage","@id":"https:\/\/www.africa-press.net\/togo\/politique\/le-togo-au-symposium-des-chefs-detat-major-des-armees-de-lair-africaines","url":"https:\/\/www.africa-press.net\/togo\/politique\/le-togo-au-symposium-des-chefs-detat-major-des-armees-de-lair-africaines","name":"Le Togo au Symposium des chefs d\u2019\u00e9tat-major des arm\u00e9es de l\u2019air africaines - Togo","isPartOf":{"@id":"https:\/\/www.africa-press.net\/togo\/#website"},"primaryImageOfPage":{"@id":"https:\/\/www.africa-press.net\/togo\/politique\/le-togo-au-symposium-des-chefs-detat-major-des-armees-de-lair-africaines#primaryimage"},"image":{"@id":"https:\/\/www.africa-press.net\/togo\/politique\/le-togo-au-symposium-des-chefs-detat-major-des-armees-de-lair-africaines#primaryimage"},"thumbnailUrl":"https:\/\/static.africa-press.net\/togo\/sites\/58\/2023\/03\/postQueueImg_1677942326.11.jpg","datePublished":"2023-03-04T18:35:19+00:00","dateModified":"2023-03-04T19:45:53+00:00","author":{"@id":"https:\/\/www.africa-press.net\/togo\/#\/schema\/person\/2b1cf3cd81a31e3cd26889ca66d677f1"},"description":"Les travaux de la 12e e\u0301dition du Symposium annuel des Chefs d\u2019e\u0301tat-major des Arme\u0301es de l\u2019air africaines (AACS), te ...","breadcrumb":{"@id":"https:\/\/www.africa-press.net\/togo\/politique\/le-togo-au-symposium-des-chefs-detat-major-des-armees-de-lair-africaines#breadcrumb"},"inLanguage":"fr-FR","potentialAction":[{"@type":"ReadAction","target":["https:\/\/www.africa-press.net\/togo\/politique\/le-togo-au-symposium-des-chefs-detat-major-des-armees-de-lair-africaines"]}]},{"@type":"ImageObject","inLanguage":"fr-FR","@id":"https:\/\/www.africa-press.net\/togo\/politique\/le-togo-au-symposium-des-chefs-detat-major-des-armees-de-lair-africaines#primaryimage","url":"https:\/\/static.africa-press.net\/togo\/sites\/58\/2023\/03\/postQueueImg_1677942326.11.jpg","contentUrl":"https:\/\/static.africa-press.net\/togo\/sites\/58\/2023\/03\/postQueueImg_1677942326.11.jpg","width":1728,"height":1149,"caption":"Le Togo au Symposium des chefs d\u2019\u00e9tat-major des arm\u00e9es de l\u2019air africaines"},{"@type":"BreadcrumbList","@id":"https:\/\/www.africa-press.net\/togo\/politique\/le-togo-au-symposium-des-chefs-detat-major-des-armees-de-lair-africaines#breadcrumb","itemListElement":[{"@type":"ListItem","position":1,"name":"Accueil","item":"https:\/\/www.africa-press.net\/togo\/"},{"@type":"ListItem","position":2,"name":"Le Togo au Symposium des chefs d\u2019\u00e9tat-major des arm\u00e9es de l\u2019air africaines"}]},{"@type":"WebSite","@id":"https:\/\/www.africa-press.net\/togo\/#website","url":"https:\/\/www.africa-press.net\/togo\/","name":"Togo","description":"Just another Africa News Agency Sites site","potentialAction":[{"@type":"SearchAction","target":{"@type":"EntryPoint","urlTemplate":"https:\/\/www.africa-press.net\/togo\/?s={search_term_string}"},"query-input":{"@type":"PropertyValueSpecification","valueRequired":true,"valueName":"search_term_string"}}],"inLanguage":"fr-FR"},{"@type":"Person","@id":"https:\/\/www.africa-press.net\/togo\/#\/schema\/person\/2b1cf3cd81a31e3cd26889ca66d677f1","name":"cfeditorfr"}]}},"_links":{"self":[{"href":"https:\/\/www.africa-press.net\/togo\/wp-json\/wp\/v2\/posts\/18115","targetHints":{"allow":["GET"]}}],"collection":[{"href":"https:\/\/www.africa-press.net\/togo\/wp-json\/wp\/v2\/posts"}],"about":[{"href":"https:\/\/www.africa-press.net\/togo\/wp-json\/wp\/v2\/types\/post"}],"author":[{"embeddable":true,"href":"https:\/\/www.africa-press.net\/togo\/wp-json\/wp\/v2\/users\/82"}],"replies":[{"embeddable":true,"href":"https:\/\/www.africa-press.net\/togo\/wp-json\/wp\/v2\/comments?post=18115"}],"version-history":[{"count":0,"href":"https:\/\/www.africa-press.net\/togo\/wp-json\/wp\/v2\/posts\/18115\/revisions"}],"wp:featuredmedia":[{"embeddable":true,"href":"https:\/\/www.africa-press.net\/togo\/wp-json\/wp\/v2\/media\/18114"}],"wp:attachment":[{"href":"https:\/\/www.africa-press.net\/togo\/wp-json\/wp\/v2\/media?parent=18115"}],"wp:term":[{"taxonomy":"category","embeddable":true,"href":"https:\/\/www.africa-press.net\/togo\/wp-json\/wp\/v2\/categories?post=18115"},{"taxonomy":"post_tag","embeddable":true,"href":"https:\/\/www.africa-press.net\/togo\/wp-json\/wp\/v2\/tags?post=18115"}],"curies":[{"name":"wp","href":"https:\/\/api.w.org\/{rel}","templated":true}]}}