{"id":18117,"date":"2023-03-04T18:35:28","date_gmt":"2023-03-04T18:35:28","guid":{"rendered":"https:\/\/www.africa-press.net\/togo\/politique\/togo-congres-ordinaire-de-la-ftf-dans-deux-mois"},"modified":"2023-03-04T19:46:38","modified_gmt":"2023-03-04T19:46:38","slug":"togo-congres-ordinaire-de-la-ftf-dans-deux-mois","status":"publish","type":"post","link":"https:\/\/www.africa-press.net\/togo\/politique\/togo-congres-ordinaire-de-la-ftf-dans-deux-mois","title":{"rendered":"Togo-Congr\u00e8s ordinaire de la FTF dans deux mois"},"content":{"rendered":"<p><span style=\"color: #ff6600\"><strong>Africa-Press &#8211; Togo. <\/strong><\/span><b>Re\u0301uni en session ordinaire le 2 mars dernier, le Comite\u0301 exe\u0301cutif de la Fe\u0301de\u0301ration togolaise de football (FTF) a pris plusieurs de\u0301cisions, dont la tenue prochaine de son congre\u0300s ordinaire annuel.<\/b><\/p>\n<p>La re\u0301union est pre\u0301vue en mai prochain. \u201cLa Fe\u0301de\u0301ration Togolaise de Football sera en Congre\u0300s ordinaire annuel le 12 mai 2023\u201d, indique la fai\u0302tie\u0300re du football togolais sur son site.<\/p>\n<p>\u201cC\u2019est l\u2019une des de\u0301cisions prises par le Comite\u0301 Exe\u0301cutif au cours de sa se\u0301ance ordinaire tenue ce jeudi 2 mars 2023\u201d pre\u0301cise la FTF.<\/p>\n<p><strong>Pour plus d&rsquo;informations et d&rsquo;analyses sur la <a href=\"https:\/\/www.africa-press.net\/togo\">Togo<\/a>, suivez <a href=\"https:\/\/www.africa-press.net\/\">Africa-Press<\/a><\/strong><\/p>\n","protected":false},"excerpt":{"rendered":"<p>Africa-Press &#8211; Togo. Re\u0301uni en session ordinaire le 2 mars dernier, le Comite\u0301 exe\u0301cutif de la Fe\u0301de\u0301ration togolaise de football (FTF) a pris plusieurs de\u0301cisions, dont la tenue prochaine de son congre\u0300s ordinaire annuel. La re\u0301union est pre\u0301vue en mai prochain. \u201cLa Fe\u0301de\u0301ration Togolaise de Football sera en Congre\u0300s ordinaire annuel le 12 mai 2023\u201d, [&hellip;]<\/p>\n","protected":false},"author":82,"featured_media":18116,"comment_status":"open","ping_status":"closed","sticky":false,"template":"","format":"standard","meta":{"footnotes":""},"categories":[2,10],"tags":[36,49,50],"class_list":["post-18117","post","type-post","status-publish","format-standard","has-post-thumbnail","hentry","category-politique","category-toutes-les-actualites","tag-africa-press","tag-africa-press-togo","tag-togo"],"yoast_head":"<!-- This site is optimized with the Yoast SEO Premium plugin v26.1 (Yoast SEO v27.0) - https:\/\/yoast.com\/product\/yoast-seo-premium-wordpress\/ -->\n<title>Togo-Congr\u00e8s ordinaire de la FTF dans deux mois - Togo<\/title>\n<meta name=\"description\" content=\"Re\u0301uni en session ordinaire le 2 mars dernier, le Comite\u0301 exe\u0301cutif de la Fe\u0301de\u0301ration togolaise de football (FTF) a ...\" \/>\n<meta name=\"robots\" content=\"index, follow, max-snippet:-1, max-image-preview:large, max-video-preview:-1\" \/>\n<link rel=\"canonical\" href=\"https:\/\/www.africa-press.net\/togo\/politique\/togo-congres-ordinaire-de-la-ftf-dans-deux-mois\" \/>\n<meta property=\"og:locale\" content=\"fr_FR\" \/>\n<meta property=\"og:type\" content=\"article\" \/>\n<meta property=\"og:title\" content=\"Togo-Congr\u00e8s ordinaire de la FTF dans deux mois\" \/>\n<meta property=\"og:description\" content=\"Re\u0301uni en session ordinaire le 2 mars dernier, le Comite\u0301 exe\u0301cutif de la Fe\u0301de\u0301ration togolaise de football (FTF) a ...\" \/>\n<meta property=\"og:url\" content=\"https:\/\/www.africa-press.net\/togo\/politique\/togo-congres-ordinaire-de-la-ftf-dans-deux-mois\" \/>\n<meta property=\"og:site_name\" content=\"Togo\" \/>\n<meta property=\"article:published_time\" content=\"2023-03-04T18:35:28+00:00\" \/>\n<meta property=\"article:modified_time\" content=\"2023-03-04T19:46:38+00:00\" \/>\n<meta property=\"og:image\" content=\"https:\/\/static.africa-press.net\/togo\/sites\/58\/2023\/03\/postQueueImg_1677942338.86.jpg\" \/>\n\t<meta property=\"og:image:width\" content=\"1024\" \/>\n\t<meta property=\"og:image:height\" content=\"588\" \/>\n\t<meta property=\"og:image:type\" content=\"image\/jpeg\" \/>\n<meta name=\"author\" content=\"cfeditorfr\" \/>\n<meta name=\"twitter:card\" content=\"summary_large_image\" \/>\n<meta name=\"twitter:label1\" content=\"\u00c9crit par\" \/>\n\t<meta name=\"twitter:data1\" content=\"cfeditorfr\" \/>\n\t<meta name=\"twitter:label2\" content=\"Dur\u00e9e de lecture estim\u00e9e\" \/>\n\t<meta name=\"twitter:data2\" content=\"1 minute\" \/>\n<script type=\"application\/ld+json\" class=\"yoast-schema-graph\">{\"@context\":\"https:\/\/schema.org\",\"@graph\":[{\"@type\":\"Article\",\"@id\":\"https:\/\/www.africa-press.net\/togo\/politique\/togo-congres-ordinaire-de-la-ftf-dans-deux-mois#article\",\"isPartOf\":{\"@id\":\"https:\/\/www.africa-press.net\/togo\/politique\/togo-congres-ordinaire-de-la-ftf-dans-deux-mois\"},\"author\":{\"name\":\"cfeditorfr\",\"@id\":\"https:\/\/www.africa-press.net\/togo\/#\/schema\/person\/2b1cf3cd81a31e3cd26889ca66d677f1\"},\"headline\":\"Togo-Congr\u00e8s ordinaire de la FTF dans deux mois\",\"datePublished\":\"2023-03-04T18:35:28+00:00\",\"dateModified\":\"2023-03-04T19:46:38+00:00\",\"mainEntityOfPage\":{\"@id\":\"https:\/\/www.africa-press.net\/togo\/politique\/togo-congres-ordinaire-de-la-ftf-dans-deux-mois\"},\"wordCount\":123,\"commentCount\":0,\"image\":{\"@id\":\"https:\/\/www.africa-press.net\/togo\/politique\/togo-congres-ordinaire-de-la-ftf-dans-deux-mois#primaryimage\"},\"thumbnailUrl\":\"https:\/\/static.africa-press.net\/togo\/sites\/58\/2023\/03\/postQueueImg_1677942338.86.jpg\",\"keywords\":[\"Africa Press\",\"Africa Press-Togo\",\"Togo\"],\"articleSection\":[\"Politique\",\"Toutes les actualit\u00e9s\"],\"inLanguage\":\"fr-FR\",\"potentialAction\":[{\"@type\":\"CommentAction\",\"name\":\"Comment\",\"target\":[\"https:\/\/www.africa-press.net\/togo\/politique\/togo-congres-ordinaire-de-la-ftf-dans-deux-mois#respond\"]}]},{\"@type\":\"WebPage\",\"@id\":\"https:\/\/www.africa-press.net\/togo\/politique\/togo-congres-ordinaire-de-la-ftf-dans-deux-mois\",\"url\":\"https:\/\/www.africa-press.net\/togo\/politique\/togo-congres-ordinaire-de-la-ftf-dans-deux-mois\",\"name\":\"Togo-Congr\u00e8s ordinaire de la FTF dans deux mois - Togo\",\"isPartOf\":{\"@id\":\"https:\/\/www.africa-press.net\/togo\/#website\"},\"primaryImageOfPage\":{\"@id\":\"https:\/\/www.africa-press.net\/togo\/politique\/togo-congres-ordinaire-de-la-ftf-dans-deux-mois#primaryimage\"},\"image\":{\"@id\":\"https:\/\/www.africa-press.net\/togo\/politique\/togo-congres-ordinaire-de-la-ftf-dans-deux-mois#primaryimage\"},\"thumbnailUrl\":\"https:\/\/static.africa-press.net\/togo\/sites\/58\/2023\/03\/postQueueImg_1677942338.86.jpg\",\"datePublished\":\"2023-03-04T18:35:28+00:00\",\"dateModified\":\"2023-03-04T19:46:38+00:00\",\"author\":{\"@id\":\"https:\/\/www.africa-press.net\/togo\/#\/schema\/person\/2b1cf3cd81a31e3cd26889ca66d677f1\"},\"description\":\"Re\u0301uni en session ordinaire le 2 mars dernier, le Comite\u0301 exe\u0301cutif de la Fe\u0301de\u0301ration togolaise de football (FTF) a ...\",\"breadcrumb\":{\"@id\":\"https:\/\/www.africa-press.net\/togo\/politique\/togo-congres-ordinaire-de-la-ftf-dans-deux-mois#breadcrumb\"},\"inLanguage\":\"fr-FR\",\"potentialAction\":[{\"@type\":\"ReadAction\",\"target\":[\"https:\/\/www.africa-press.net\/togo\/politique\/togo-congres-ordinaire-de-la-ftf-dans-deux-mois\"]}]},{\"@type\":\"ImageObject\",\"inLanguage\":\"fr-FR\",\"@id\":\"https:\/\/www.africa-press.net\/togo\/politique\/togo-congres-ordinaire-de-la-ftf-dans-deux-mois#primaryimage\",\"url\":\"https:\/\/static.africa-press.net\/togo\/sites\/58\/2023\/03\/postQueueImg_1677942338.86.jpg\",\"contentUrl\":\"https:\/\/static.africa-press.net\/togo\/sites\/58\/2023\/03\/postQueueImg_1677942338.86.jpg\",\"width\":1024,\"height\":588,\"caption\":\"Togo-Congr\u00e8s ordinaire de la FTF dans deux mois\"},{\"@type\":\"BreadcrumbList\",\"@id\":\"https:\/\/www.africa-press.net\/togo\/politique\/togo-congres-ordinaire-de-la-ftf-dans-deux-mois#breadcrumb\",\"itemListElement\":[{\"@type\":\"ListItem\",\"position\":1,\"name\":\"Accueil\",\"item\":\"https:\/\/www.africa-press.net\/togo\/\"},{\"@type\":\"ListItem\",\"position\":2,\"name\":\"Togo-Congr\u00e8s ordinaire de la FTF dans deux mois\"}]},{\"@type\":\"WebSite\",\"@id\":\"https:\/\/www.africa-press.net\/togo\/#website\",\"url\":\"https:\/\/www.africa-press.net\/togo\/\",\"name\":\"Togo\",\"description\":\"Just another Africa News Agency Sites site\",\"potentialAction\":[{\"@type\":\"SearchAction\",\"target\":{\"@type\":\"EntryPoint\",\"urlTemplate\":\"https:\/\/www.africa-press.net\/togo\/?s={search_term_string}\"},\"query-input\":{\"@type\":\"PropertyValueSpecification\",\"valueRequired\":true,\"valueName\":\"search_term_string\"}}],\"inLanguage\":\"fr-FR\"},{\"@type\":\"Person\",\"@id\":\"https:\/\/www.africa-press.net\/togo\/#\/schema\/person\/2b1cf3cd81a31e3cd26889ca66d677f1\",\"name\":\"cfeditorfr\"}]}<\/script>\n<!-- \/ Yoast SEO Premium plugin. -->","yoast_head_json":{"title":"Togo-Congr\u00e8s ordinaire de la FTF dans deux mois - Togo","description":"Re\u0301uni en session ordinaire le 2 mars dernier, le Comite\u0301 exe\u0301cutif de la Fe\u0301de\u0301ration togolaise de football (FTF) a ...","robots":{"index":"index","follow":"follow","max-snippet":"max-snippet:-1","max-image-preview":"max-image-preview:large","max-video-preview":"max-video-preview:-1"},"canonical":"https:\/\/www.africa-press.net\/togo\/politique\/togo-congres-ordinaire-de-la-ftf-dans-deux-mois","og_locale":"fr_FR","og_type":"article","og_title":"Togo-Congr\u00e8s ordinaire de la FTF dans deux mois","og_description":"Re\u0301uni en session ordinaire le 2 mars dernier, le Comite\u0301 exe\u0301cutif de la Fe\u0301de\u0301ration togolaise de football (FTF) a ...","og_url":"https:\/\/www.africa-press.net\/togo\/politique\/togo-congres-ordinaire-de-la-ftf-dans-deux-mois","og_site_name":"Togo","article_published_time":"2023-03-04T18:35:28+00:00","article_modified_time":"2023-03-04T19:46:38+00:00","og_image":[{"width":1024,"height":588,"url":"https:\/\/static.africa-press.net\/togo\/sites\/58\/2023\/03\/postQueueImg_1677942338.86.jpg","type":"image\/jpeg"}],"author":"cfeditorfr","twitter_card":"summary_large_image","twitter_misc":{"\u00c9crit par":"cfeditorfr","Dur\u00e9e de lecture estim\u00e9e":"1 minute"},"schema":{"@context":"https:\/\/schema.org","@graph":[{"@type":"Article","@id":"https:\/\/www.africa-press.net\/togo\/politique\/togo-congres-ordinaire-de-la-ftf-dans-deux-mois#article","isPartOf":{"@id":"https:\/\/www.africa-press.net\/togo\/politique\/togo-congres-ordinaire-de-la-ftf-dans-deux-mois"},"author":{"name":"cfeditorfr","@id":"https:\/\/www.africa-press.net\/togo\/#\/schema\/person\/2b1cf3cd81a31e3cd26889ca66d677f1"},"headline":"Togo-Congr\u00e8s ordinaire de la FTF dans deux mois","datePublished":"2023-03-04T18:35:28+00:00","dateModified":"2023-03-04T19:46:38+00:00","mainEntityOfPage":{"@id":"https:\/\/www.africa-press.net\/togo\/politique\/togo-congres-ordinaire-de-la-ftf-dans-deux-mois"},"wordCount":123,"commentCount":0,"image":{"@id":"https:\/\/www.africa-press.net\/togo\/politique\/togo-congres-ordinaire-de-la-ftf-dans-deux-mois#primaryimage"},"thumbnailUrl":"https:\/\/static.africa-press.net\/togo\/sites\/58\/2023\/03\/postQueueImg_1677942338.86.jpg","keywords":["Africa Press","Africa Press-Togo","Togo"],"articleSection":["Politique","Toutes les actualit\u00e9s"],"inLanguage":"fr-FR","potentialAction":[{"@type":"CommentAction","name":"Comment","target":["https:\/\/www.africa-press.net\/togo\/politique\/togo-congres-ordinaire-de-la-ftf-dans-deux-mois#respond"]}]},{"@type":"WebPage","@id":"https:\/\/www.africa-press.net\/togo\/politique\/togo-congres-ordinaire-de-la-ftf-dans-deux-mois","url":"https:\/\/www.africa-press.net\/togo\/politique\/togo-congres-ordinaire-de-la-ftf-dans-deux-mois","name":"Togo-Congr\u00e8s ordinaire de la FTF dans deux mois - Togo","isPartOf":{"@id":"https:\/\/www.africa-press.net\/togo\/#website"},"primaryImageOfPage":{"@id":"https:\/\/www.africa-press.net\/togo\/politique\/togo-congres-ordinaire-de-la-ftf-dans-deux-mois#primaryimage"},"image":{"@id":"https:\/\/www.africa-press.net\/togo\/politique\/togo-congres-ordinaire-de-la-ftf-dans-deux-mois#primaryimage"},"thumbnailUrl":"https:\/\/static.africa-press.net\/togo\/sites\/58\/2023\/03\/postQueueImg_1677942338.86.jpg","datePublished":"2023-03-04T18:35:28+00:00","dateModified":"2023-03-04T19:46:38+00:00","author":{"@id":"https:\/\/www.africa-press.net\/togo\/#\/schema\/person\/2b1cf3cd81a31e3cd26889ca66d677f1"},"description":"Re\u0301uni en session ordinaire le 2 mars dernier, le Comite\u0301 exe\u0301cutif de la Fe\u0301de\u0301ration togolaise de football (FTF) a ...","breadcrumb":{"@id":"https:\/\/www.africa-press.net\/togo\/politique\/togo-congres-ordinaire-de-la-ftf-dans-deux-mois#breadcrumb"},"inLanguage":"fr-FR","potentialAction":[{"@type":"ReadAction","target":["https:\/\/www.africa-press.net\/togo\/politique\/togo-congres-ordinaire-de-la-ftf-dans-deux-mois"]}]},{"@type":"ImageObject","inLanguage":"fr-FR","@id":"https:\/\/www.africa-press.net\/togo\/politique\/togo-congres-ordinaire-de-la-ftf-dans-deux-mois#primaryimage","url":"https:\/\/static.africa-press.net\/togo\/sites\/58\/2023\/03\/postQueueImg_1677942338.86.jpg","contentUrl":"https:\/\/static.africa-press.net\/togo\/sites\/58\/2023\/03\/postQueueImg_1677942338.86.jpg","width":1024,"height":588,"caption":"Togo-Congr\u00e8s ordinaire de la FTF dans deux mois"},{"@type":"BreadcrumbList","@id":"https:\/\/www.africa-press.net\/togo\/politique\/togo-congres-ordinaire-de-la-ftf-dans-deux-mois#breadcrumb","itemListElement":[{"@type":"ListItem","position":1,"name":"Accueil","item":"https:\/\/www.africa-press.net\/togo\/"},{"@type":"ListItem","position":2,"name":"Togo-Congr\u00e8s ordinaire de la FTF dans deux mois"}]},{"@type":"WebSite","@id":"https:\/\/www.africa-press.net\/togo\/#website","url":"https:\/\/www.africa-press.net\/togo\/","name":"Togo","description":"Just another Africa News Agency Sites site","potentialAction":[{"@type":"SearchAction","target":{"@type":"EntryPoint","urlTemplate":"https:\/\/www.africa-press.net\/togo\/?s={search_term_string}"},"query-input":{"@type":"PropertyValueSpecification","valueRequired":true,"valueName":"search_term_string"}}],"inLanguage":"fr-FR"},{"@type":"Person","@id":"https:\/\/www.africa-press.net\/togo\/#\/schema\/person\/2b1cf3cd81a31e3cd26889ca66d677f1","name":"cfeditorfr"}]}},"_links":{"self":[{"href":"https:\/\/www.africa-press.net\/togo\/wp-json\/wp\/v2\/posts\/18117","targetHints":{"allow":["GET"]}}],"collection":[{"href":"https:\/\/www.africa-press.net\/togo\/wp-json\/wp\/v2\/posts"}],"about":[{"href":"https:\/\/www.africa-press.net\/togo\/wp-json\/wp\/v2\/types\/post"}],"author":[{"embeddable":true,"href":"https:\/\/www.africa-press.net\/togo\/wp-json\/wp\/v2\/users\/82"}],"replies":[{"embeddable":true,"href":"https:\/\/www.africa-press.net\/togo\/wp-json\/wp\/v2\/comments?post=18117"}],"version-history":[{"count":0,"href":"https:\/\/www.africa-press.net\/togo\/wp-json\/wp\/v2\/posts\/18117\/revisions"}],"wp:featuredmedia":[{"embeddable":true,"href":"https:\/\/www.africa-press.net\/togo\/wp-json\/wp\/v2\/media\/18116"}],"wp:attachment":[{"href":"https:\/\/www.africa-press.net\/togo\/wp-json\/wp\/v2\/media?parent=18117"}],"wp:term":[{"taxonomy":"category","embeddable":true,"href":"https:\/\/www.africa-press.net\/togo\/wp-json\/wp\/v2\/categories?post=18117"},{"taxonomy":"post_tag","embeddable":true,"href":"https:\/\/www.africa-press.net\/togo\/wp-json\/wp\/v2\/tags?post=18117"}],"curies":[{"name":"wp","href":"https:\/\/api.w.org\/{rel}","templated":true}]}}