{"id":18131,"date":"2023-03-05T20:23:06","date_gmt":"2023-03-05T20:23:06","guid":{"rendered":"https:\/\/www.africa-press.net\/togo\/politique\/presidentielle-au-nigeria-encore-une-lecon-au-jeune-doyen-attitre-de-la-sous-region"},"modified":"2023-03-05T20:52:06","modified_gmt":"2023-03-05T20:52:06","slug":"presidentielle-au-nigeria-encore-une-lecon-au-jeune-doyen-attitre-de-la-sous-region","status":"publish","type":"post","link":"https:\/\/www.africa-press.net\/togo\/politique\/presidentielle-au-nigeria-encore-une-lecon-au-jeune-doyen-attitre-de-la-sous-region","title":{"rendered":"Pr\u00e9sidentielle au Nig\u00e9ria : Encore une le\u00e7on au \u00ab jeune doyen \u00bb attitr\u00e9 de la sous-r\u00e9gion"},"content":{"rendered":"<p><span style=\"color: #ff6600\"><strong>Africa-Press &#8211; Togo. <\/strong><\/span><b>Avec la pre\u0301sidentielle nige\u0301riane organise\u0301e le 25 fe\u0301vrier dernier, c\u2019est une page qui se tourne, celle de l\u2019e\u0300re Muhammadu Buhari. Arrive\u0301 a\u0300 la te\u0302te du Nigeria de 1983 au 27 aou\u0302t 1985, a\u0300 la suite d\u2019un coup d\u2019E\u0301tat, le candidat du Congre\u0300s progressiste (APC) se pre\u0301sente a\u0300 l\u2019e\u0301lection pre\u0301sidentielle de 2015, a\u0300 l\u2019issue de laquelle il sera e\u0301lu face au pre\u0301sident sortant d\u2019alors Goodluck Jonathan.<\/b><\/p>\n<p>Re\u0301e\u0301lu en 2019, il avait promis que ce second mandat serait le dernier. Contrairement a\u0300 certains de ses pairs toujours pas vaccine\u0301s contre le virus du mandat a\u0300 rallonge, lui a tenu a\u0300 respecter sa parole d\u2019honneur. Il n\u2019he\u0301site pas, chaque fois que l\u2019occasion s\u2019en pre\u0301sente, a\u0300 lancer des piques bien ace\u0301re\u0301es a\u0300 ses homologues en de\u0301licatesse avec les re\u0300gles de l\u2019alternance.<\/p>\n<p>Comme lors d\u2019un sommet des dirigeants du bloc re\u0301gional, la Communaute\u0301 e\u0301conomique des E\u0301tats de l\u2019Afrique de l\u2019Ouest (Cedeao), organise\u0301 a\u0300 Niamey au Niger en 2019, ou\u0300 il de\u0301clarait qu\u2019il est \u00ab important qu\u2019en tant que dirigeants de nos diffe\u0301rents E\u0301tats membres de la Cedeao (Communaute\u0301 e\u0301conomique des Etats de l\u2019Afrique de l\u2019Ouest), nous respections les dispositions constitutionnelles de nos pays, notamment en ce qui concerne la limitation des mandats. C\u2019est un domaine qui ge\u0301ne\u0300re des crises et des tensions politiques dans notre sous-re\u0301gion \u00bb.<\/p>\n<p>Une sortie qui visait le pre\u0301sident ivoirien Alassane Ouattara et du Pre\u0301sident guine\u0301en Alpha Conde\u0301, eux qui ont brigue\u0301 un troisie\u0300me mandat dans leurs pays respectifs, avec les conse\u0301quences que l\u2019on sait pour l\u2019un comme pour l\u2019autre. Cette sortie pourrait en viser d\u2019ailleurs d\u2019autres, a\u0300 l\u2019instar d\u2019un Faure Gnassingbe\u0301 qui, non content d\u2019avoir brigue\u0301 un troisie\u0300me mandat, s\u2019en e\u0301tait offert un quatrie\u0300me dans des conditions tout aussi controverse\u0301es que les pre\u0301ce\u0301dents. Le chien populaire a beau aboyer, la caravane Gnassingbe\u0301 est passe\u0301e avec ce que ce hold-up e\u0301lectoral a provoque\u0301 de crise socio-e\u0301conomique, politique ou encore sociale. Si son bilan est juge\u0301 pluto\u0302t mitige\u0301, en raison de son incapacite\u0301 a\u0300 faire face a\u0300 Boko Haram, son e\u0301chec a\u0300 re\u0301sorber la corruption dans le pays, ou encore de la pe\u0301nurie de nouveaux billets de banque, Buhari finit cependant sur une bonne note, lui qui n\u2019est jusque-la\u0300 implique\u0301 dans aucune affaire de corruption.<\/p>\n<p>On dira ce qu\u2019on veut de Buhari, mais pas qu\u2019il est boulimique d\u2019un pouvoir qui continue de tourner la te\u0302te de certains dans la sous-re\u0301gion. Si seulement l\u2019ho\u0302te de Lome\u0301 2 pouvait prendre de la graine de ce geste de\u0301mocratique a\u0300 tout le moins salutaire&#8230;<\/p>\n<p>Source: Le Correcteur [Titre original: Pre\u0301sidentielle au Nige\u0301ria : La Dernie\u0300re Lec\u0327on aux Boulimiques du Pouvoir de la Sous-re\u0301gion ouest-africaine]<\/p>\n<p><strong>Pour plus d&rsquo;informations et d&rsquo;analyses sur la <a href=\"https:\/\/www.africa-press.net\/togo\">Togo<\/a>, suivez <a href=\"https:\/\/www.africa-press.net\/\">Africa-Press<\/a><\/strong><\/p>\n","protected":false},"excerpt":{"rendered":"<p>Africa-Press &#8211; Togo. Avec la pre\u0301sidentielle nige\u0301riane organise\u0301e le 25 fe\u0301vrier dernier, c\u2019est une page qui se tourne, celle de l\u2019e\u0300re Muhammadu Buhari. Arrive\u0301 a\u0300 la te\u0302te du Nigeria de 1983 au 27 aou\u0302t 1985, a\u0300 la suite d\u2019un coup d\u2019E\u0301tat, le candidat du Congre\u0300s progressiste (APC) se pre\u0301sente a\u0300 l\u2019e\u0301lection pre\u0301sidentielle de 2015, a\u0300 [&hellip;]<\/p>\n","protected":false},"author":82,"featured_media":18130,"comment_status":"open","ping_status":"closed","sticky":false,"template":"","format":"standard","meta":{"footnotes":""},"categories":[2,10],"tags":[36,49,50],"class_list":["post-18131","post","type-post","status-publish","format-standard","has-post-thumbnail","hentry","category-politique","category-toutes-les-actualites","tag-africa-press","tag-africa-press-togo","tag-togo"],"yoast_head":"<!-- This site is optimized with the Yoast SEO Premium plugin v26.1 (Yoast SEO v27.0) - https:\/\/yoast.com\/product\/yoast-seo-premium-wordpress\/ -->\n<title>Pr\u00e9sidentielle au Nig\u00e9ria : Encore une le\u00e7on au \u00ab jeune doyen \u00bb attitr\u00e9 de la sous-r\u00e9gion - Togo<\/title>\n<meta name=\"description\" content=\"Avec la pre\u0301sidentielle nige\u0301riane organise\u0301e le 25 fe\u0301vrier dernier, c\u2019est une page qui se tourne, celle de l\u2019e\u0300re M ...\" \/>\n<meta name=\"robots\" content=\"index, follow, max-snippet:-1, max-image-preview:large, max-video-preview:-1\" \/>\n<link rel=\"canonical\" href=\"https:\/\/www.africa-press.net\/togo\/politique\/presidentielle-au-nigeria-encore-une-lecon-au-jeune-doyen-attitre-de-la-sous-region\" \/>\n<meta property=\"og:locale\" content=\"fr_FR\" \/>\n<meta property=\"og:type\" content=\"article\" \/>\n<meta property=\"og:title\" content=\"Pr\u00e9sidentielle au Nig\u00e9ria : Encore une le\u00e7on au \u00ab jeune doyen \u00bb attitr\u00e9 de la sous-r\u00e9gion\" \/>\n<meta property=\"og:description\" content=\"Avec la pre\u0301sidentielle nige\u0301riane organise\u0301e le 25 fe\u0301vrier dernier, c\u2019est une page qui se tourne, celle de l\u2019e\u0300re M ...\" \/>\n<meta property=\"og:url\" content=\"https:\/\/www.africa-press.net\/togo\/politique\/presidentielle-au-nigeria-encore-une-lecon-au-jeune-doyen-attitre-de-la-sous-region\" \/>\n<meta property=\"og:site_name\" content=\"Togo\" \/>\n<meta property=\"article:published_time\" content=\"2023-03-05T20:23:06+00:00\" \/>\n<meta property=\"article:modified_time\" content=\"2023-03-05T20:52:06+00:00\" \/>\n<meta property=\"og:image\" content=\"https:\/\/static.africa-press.net\/togo\/sites\/58\/2023\/03\/postQueueImg_1678035189.93.jpg\" \/>\n\t<meta property=\"og:image:width\" content=\"1280\" \/>\n\t<meta property=\"og:image:height\" content=\"800\" \/>\n\t<meta property=\"og:image:type\" content=\"image\/jpeg\" \/>\n<meta name=\"author\" content=\"cfeditorfr\" \/>\n<meta name=\"twitter:card\" content=\"summary_large_image\" \/>\n<meta name=\"twitter:label1\" content=\"\u00c9crit par\" \/>\n\t<meta name=\"twitter:data1\" content=\"cfeditorfr\" \/>\n\t<meta name=\"twitter:label2\" content=\"Dur\u00e9e de lecture estim\u00e9e\" \/>\n\t<meta name=\"twitter:data2\" content=\"3 minutes\" \/>\n<script type=\"application\/ld+json\" class=\"yoast-schema-graph\">{\"@context\":\"https:\/\/schema.org\",\"@graph\":[{\"@type\":\"Article\",\"@id\":\"https:\/\/www.africa-press.net\/togo\/politique\/presidentielle-au-nigeria-encore-une-lecon-au-jeune-doyen-attitre-de-la-sous-region#article\",\"isPartOf\":{\"@id\":\"https:\/\/www.africa-press.net\/togo\/politique\/presidentielle-au-nigeria-encore-une-lecon-au-jeune-doyen-attitre-de-la-sous-region\"},\"author\":{\"name\":\"cfeditorfr\",\"@id\":\"https:\/\/www.africa-press.net\/togo\/#\/schema\/person\/2b1cf3cd81a31e3cd26889ca66d677f1\"},\"headline\":\"Pr\u00e9sidentielle au Nig\u00e9ria : Encore une le\u00e7on au \u00ab jeune doyen \u00bb attitr\u00e9 de la sous-r\u00e9gion\",\"datePublished\":\"2023-03-05T20:23:06+00:00\",\"dateModified\":\"2023-03-05T20:52:06+00:00\",\"mainEntityOfPage\":{\"@id\":\"https:\/\/www.africa-press.net\/togo\/politique\/presidentielle-au-nigeria-encore-une-lecon-au-jeune-doyen-attitre-de-la-sous-region\"},\"wordCount\":543,\"commentCount\":0,\"image\":{\"@id\":\"https:\/\/www.africa-press.net\/togo\/politique\/presidentielle-au-nigeria-encore-une-lecon-au-jeune-doyen-attitre-de-la-sous-region#primaryimage\"},\"thumbnailUrl\":\"https:\/\/static.africa-press.net\/togo\/sites\/58\/2023\/03\/postQueueImg_1678035189.93.jpg\",\"keywords\":[\"Africa Press\",\"Africa Press-Togo\",\"Togo\"],\"articleSection\":[\"Politique\",\"Toutes les actualit\u00e9s\"],\"inLanguage\":\"fr-FR\",\"potentialAction\":[{\"@type\":\"CommentAction\",\"name\":\"Comment\",\"target\":[\"https:\/\/www.africa-press.net\/togo\/politique\/presidentielle-au-nigeria-encore-une-lecon-au-jeune-doyen-attitre-de-la-sous-region#respond\"]}]},{\"@type\":\"WebPage\",\"@id\":\"https:\/\/www.africa-press.net\/togo\/politique\/presidentielle-au-nigeria-encore-une-lecon-au-jeune-doyen-attitre-de-la-sous-region\",\"url\":\"https:\/\/www.africa-press.net\/togo\/politique\/presidentielle-au-nigeria-encore-une-lecon-au-jeune-doyen-attitre-de-la-sous-region\",\"name\":\"Pr\u00e9sidentielle au Nig\u00e9ria : Encore une le\u00e7on au \u00ab jeune doyen \u00bb attitr\u00e9 de la sous-r\u00e9gion - Togo\",\"isPartOf\":{\"@id\":\"https:\/\/www.africa-press.net\/togo\/#website\"},\"primaryImageOfPage\":{\"@id\":\"https:\/\/www.africa-press.net\/togo\/politique\/presidentielle-au-nigeria-encore-une-lecon-au-jeune-doyen-attitre-de-la-sous-region#primaryimage\"},\"image\":{\"@id\":\"https:\/\/www.africa-press.net\/togo\/politique\/presidentielle-au-nigeria-encore-une-lecon-au-jeune-doyen-attitre-de-la-sous-region#primaryimage\"},\"thumbnailUrl\":\"https:\/\/static.africa-press.net\/togo\/sites\/58\/2023\/03\/postQueueImg_1678035189.93.jpg\",\"datePublished\":\"2023-03-05T20:23:06+00:00\",\"dateModified\":\"2023-03-05T20:52:06+00:00\",\"author\":{\"@id\":\"https:\/\/www.africa-press.net\/togo\/#\/schema\/person\/2b1cf3cd81a31e3cd26889ca66d677f1\"},\"description\":\"Avec la pre\u0301sidentielle nige\u0301riane organise\u0301e le 25 fe\u0301vrier dernier, c\u2019est une page qui se tourne, celle de l\u2019e\u0300re M ...\",\"breadcrumb\":{\"@id\":\"https:\/\/www.africa-press.net\/togo\/politique\/presidentielle-au-nigeria-encore-une-lecon-au-jeune-doyen-attitre-de-la-sous-region#breadcrumb\"},\"inLanguage\":\"fr-FR\",\"potentialAction\":[{\"@type\":\"ReadAction\",\"target\":[\"https:\/\/www.africa-press.net\/togo\/politique\/presidentielle-au-nigeria-encore-une-lecon-au-jeune-doyen-attitre-de-la-sous-region\"]}]},{\"@type\":\"ImageObject\",\"inLanguage\":\"fr-FR\",\"@id\":\"https:\/\/www.africa-press.net\/togo\/politique\/presidentielle-au-nigeria-encore-une-lecon-au-jeune-doyen-attitre-de-la-sous-region#primaryimage\",\"url\":\"https:\/\/static.africa-press.net\/togo\/sites\/58\/2023\/03\/postQueueImg_1678035189.93.jpg\",\"contentUrl\":\"https:\/\/static.africa-press.net\/togo\/sites\/58\/2023\/03\/postQueueImg_1678035189.93.jpg\",\"width\":1280,\"height\":800,\"caption\":\"Pr\u00e9sidentielle au Nig\u00e9ria : Encore une le\u00e7on au \u00ab jeune doyen \u00bb attitr\u00e9 de la sous-r\u00e9gion\"},{\"@type\":\"BreadcrumbList\",\"@id\":\"https:\/\/www.africa-press.net\/togo\/politique\/presidentielle-au-nigeria-encore-une-lecon-au-jeune-doyen-attitre-de-la-sous-region#breadcrumb\",\"itemListElement\":[{\"@type\":\"ListItem\",\"position\":1,\"name\":\"Accueil\",\"item\":\"https:\/\/www.africa-press.net\/togo\/\"},{\"@type\":\"ListItem\",\"position\":2,\"name\":\"Pr\u00e9sidentielle au Nig\u00e9ria : Encore une le\u00e7on au \u00ab jeune doyen \u00bb attitr\u00e9 de la sous-r\u00e9gion\"}]},{\"@type\":\"WebSite\",\"@id\":\"https:\/\/www.africa-press.net\/togo\/#website\",\"url\":\"https:\/\/www.africa-press.net\/togo\/\",\"name\":\"Togo\",\"description\":\"Just another Africa News Agency Sites site\",\"potentialAction\":[{\"@type\":\"SearchAction\",\"target\":{\"@type\":\"EntryPoint\",\"urlTemplate\":\"https:\/\/www.africa-press.net\/togo\/?s={search_term_string}\"},\"query-input\":{\"@type\":\"PropertyValueSpecification\",\"valueRequired\":true,\"valueName\":\"search_term_string\"}}],\"inLanguage\":\"fr-FR\"},{\"@type\":\"Person\",\"@id\":\"https:\/\/www.africa-press.net\/togo\/#\/schema\/person\/2b1cf3cd81a31e3cd26889ca66d677f1\",\"name\":\"cfeditorfr\"}]}<\/script>\n<!-- \/ Yoast SEO Premium plugin. -->","yoast_head_json":{"title":"Pr\u00e9sidentielle au Nig\u00e9ria : Encore une le\u00e7on au \u00ab jeune doyen \u00bb attitr\u00e9 de la sous-r\u00e9gion - Togo","description":"Avec la pre\u0301sidentielle nige\u0301riane organise\u0301e le 25 fe\u0301vrier dernier, c\u2019est une page qui se tourne, celle de l\u2019e\u0300re M ...","robots":{"index":"index","follow":"follow","max-snippet":"max-snippet:-1","max-image-preview":"max-image-preview:large","max-video-preview":"max-video-preview:-1"},"canonical":"https:\/\/www.africa-press.net\/togo\/politique\/presidentielle-au-nigeria-encore-une-lecon-au-jeune-doyen-attitre-de-la-sous-region","og_locale":"fr_FR","og_type":"article","og_title":"Pr\u00e9sidentielle au Nig\u00e9ria : Encore une le\u00e7on au \u00ab jeune doyen \u00bb attitr\u00e9 de la sous-r\u00e9gion","og_description":"Avec la pre\u0301sidentielle nige\u0301riane organise\u0301e le 25 fe\u0301vrier dernier, c\u2019est une page qui se tourne, celle de l\u2019e\u0300re M ...","og_url":"https:\/\/www.africa-press.net\/togo\/politique\/presidentielle-au-nigeria-encore-une-lecon-au-jeune-doyen-attitre-de-la-sous-region","og_site_name":"Togo","article_published_time":"2023-03-05T20:23:06+00:00","article_modified_time":"2023-03-05T20:52:06+00:00","og_image":[{"width":1280,"height":800,"url":"https:\/\/static.africa-press.net\/togo\/sites\/58\/2023\/03\/postQueueImg_1678035189.93.jpg","type":"image\/jpeg"}],"author":"cfeditorfr","twitter_card":"summary_large_image","twitter_misc":{"\u00c9crit par":"cfeditorfr","Dur\u00e9e de lecture estim\u00e9e":"3 minutes"},"schema":{"@context":"https:\/\/schema.org","@graph":[{"@type":"Article","@id":"https:\/\/www.africa-press.net\/togo\/politique\/presidentielle-au-nigeria-encore-une-lecon-au-jeune-doyen-attitre-de-la-sous-region#article","isPartOf":{"@id":"https:\/\/www.africa-press.net\/togo\/politique\/presidentielle-au-nigeria-encore-une-lecon-au-jeune-doyen-attitre-de-la-sous-region"},"author":{"name":"cfeditorfr","@id":"https:\/\/www.africa-press.net\/togo\/#\/schema\/person\/2b1cf3cd81a31e3cd26889ca66d677f1"},"headline":"Pr\u00e9sidentielle au Nig\u00e9ria : Encore une le\u00e7on au \u00ab jeune doyen \u00bb attitr\u00e9 de la sous-r\u00e9gion","datePublished":"2023-03-05T20:23:06+00:00","dateModified":"2023-03-05T20:52:06+00:00","mainEntityOfPage":{"@id":"https:\/\/www.africa-press.net\/togo\/politique\/presidentielle-au-nigeria-encore-une-lecon-au-jeune-doyen-attitre-de-la-sous-region"},"wordCount":543,"commentCount":0,"image":{"@id":"https:\/\/www.africa-press.net\/togo\/politique\/presidentielle-au-nigeria-encore-une-lecon-au-jeune-doyen-attitre-de-la-sous-region#primaryimage"},"thumbnailUrl":"https:\/\/static.africa-press.net\/togo\/sites\/58\/2023\/03\/postQueueImg_1678035189.93.jpg","keywords":["Africa Press","Africa Press-Togo","Togo"],"articleSection":["Politique","Toutes les actualit\u00e9s"],"inLanguage":"fr-FR","potentialAction":[{"@type":"CommentAction","name":"Comment","target":["https:\/\/www.africa-press.net\/togo\/politique\/presidentielle-au-nigeria-encore-une-lecon-au-jeune-doyen-attitre-de-la-sous-region#respond"]}]},{"@type":"WebPage","@id":"https:\/\/www.africa-press.net\/togo\/politique\/presidentielle-au-nigeria-encore-une-lecon-au-jeune-doyen-attitre-de-la-sous-region","url":"https:\/\/www.africa-press.net\/togo\/politique\/presidentielle-au-nigeria-encore-une-lecon-au-jeune-doyen-attitre-de-la-sous-region","name":"Pr\u00e9sidentielle au Nig\u00e9ria : Encore une le\u00e7on au \u00ab jeune doyen \u00bb attitr\u00e9 de la sous-r\u00e9gion - Togo","isPartOf":{"@id":"https:\/\/www.africa-press.net\/togo\/#website"},"primaryImageOfPage":{"@id":"https:\/\/www.africa-press.net\/togo\/politique\/presidentielle-au-nigeria-encore-une-lecon-au-jeune-doyen-attitre-de-la-sous-region#primaryimage"},"image":{"@id":"https:\/\/www.africa-press.net\/togo\/politique\/presidentielle-au-nigeria-encore-une-lecon-au-jeune-doyen-attitre-de-la-sous-region#primaryimage"},"thumbnailUrl":"https:\/\/static.africa-press.net\/togo\/sites\/58\/2023\/03\/postQueueImg_1678035189.93.jpg","datePublished":"2023-03-05T20:23:06+00:00","dateModified":"2023-03-05T20:52:06+00:00","author":{"@id":"https:\/\/www.africa-press.net\/togo\/#\/schema\/person\/2b1cf3cd81a31e3cd26889ca66d677f1"},"description":"Avec la pre\u0301sidentielle nige\u0301riane organise\u0301e le 25 fe\u0301vrier dernier, c\u2019est une page qui se tourne, celle de l\u2019e\u0300re M ...","breadcrumb":{"@id":"https:\/\/www.africa-press.net\/togo\/politique\/presidentielle-au-nigeria-encore-une-lecon-au-jeune-doyen-attitre-de-la-sous-region#breadcrumb"},"inLanguage":"fr-FR","potentialAction":[{"@type":"ReadAction","target":["https:\/\/www.africa-press.net\/togo\/politique\/presidentielle-au-nigeria-encore-une-lecon-au-jeune-doyen-attitre-de-la-sous-region"]}]},{"@type":"ImageObject","inLanguage":"fr-FR","@id":"https:\/\/www.africa-press.net\/togo\/politique\/presidentielle-au-nigeria-encore-une-lecon-au-jeune-doyen-attitre-de-la-sous-region#primaryimage","url":"https:\/\/static.africa-press.net\/togo\/sites\/58\/2023\/03\/postQueueImg_1678035189.93.jpg","contentUrl":"https:\/\/static.africa-press.net\/togo\/sites\/58\/2023\/03\/postQueueImg_1678035189.93.jpg","width":1280,"height":800,"caption":"Pr\u00e9sidentielle au Nig\u00e9ria : Encore une le\u00e7on au \u00ab jeune doyen \u00bb attitr\u00e9 de la sous-r\u00e9gion"},{"@type":"BreadcrumbList","@id":"https:\/\/www.africa-press.net\/togo\/politique\/presidentielle-au-nigeria-encore-une-lecon-au-jeune-doyen-attitre-de-la-sous-region#breadcrumb","itemListElement":[{"@type":"ListItem","position":1,"name":"Accueil","item":"https:\/\/www.africa-press.net\/togo\/"},{"@type":"ListItem","position":2,"name":"Pr\u00e9sidentielle au Nig\u00e9ria : Encore une le\u00e7on au \u00ab jeune doyen \u00bb attitr\u00e9 de la sous-r\u00e9gion"}]},{"@type":"WebSite","@id":"https:\/\/www.africa-press.net\/togo\/#website","url":"https:\/\/www.africa-press.net\/togo\/","name":"Togo","description":"Just another Africa News Agency Sites site","potentialAction":[{"@type":"SearchAction","target":{"@type":"EntryPoint","urlTemplate":"https:\/\/www.africa-press.net\/togo\/?s={search_term_string}"},"query-input":{"@type":"PropertyValueSpecification","valueRequired":true,"valueName":"search_term_string"}}],"inLanguage":"fr-FR"},{"@type":"Person","@id":"https:\/\/www.africa-press.net\/togo\/#\/schema\/person\/2b1cf3cd81a31e3cd26889ca66d677f1","name":"cfeditorfr"}]}},"_links":{"self":[{"href":"https:\/\/www.africa-press.net\/togo\/wp-json\/wp\/v2\/posts\/18131","targetHints":{"allow":["GET"]}}],"collection":[{"href":"https:\/\/www.africa-press.net\/togo\/wp-json\/wp\/v2\/posts"}],"about":[{"href":"https:\/\/www.africa-press.net\/togo\/wp-json\/wp\/v2\/types\/post"}],"author":[{"embeddable":true,"href":"https:\/\/www.africa-press.net\/togo\/wp-json\/wp\/v2\/users\/82"}],"replies":[{"embeddable":true,"href":"https:\/\/www.africa-press.net\/togo\/wp-json\/wp\/v2\/comments?post=18131"}],"version-history":[{"count":0,"href":"https:\/\/www.africa-press.net\/togo\/wp-json\/wp\/v2\/posts\/18131\/revisions"}],"wp:featuredmedia":[{"embeddable":true,"href":"https:\/\/www.africa-press.net\/togo\/wp-json\/wp\/v2\/media\/18130"}],"wp:attachment":[{"href":"https:\/\/www.africa-press.net\/togo\/wp-json\/wp\/v2\/media?parent=18131"}],"wp:term":[{"taxonomy":"category","embeddable":true,"href":"https:\/\/www.africa-press.net\/togo\/wp-json\/wp\/v2\/categories?post=18131"},{"taxonomy":"post_tag","embeddable":true,"href":"https:\/\/www.africa-press.net\/togo\/wp-json\/wp\/v2\/tags?post=18131"}],"curies":[{"name":"wp","href":"https:\/\/api.w.org\/{rel}","templated":true}]}}