{"id":18141,"date":"2023-03-05T20:23:57","date_gmt":"2023-03-05T20:23:57","guid":{"rendered":"https:\/\/www.africa-press.net\/togo\/politique\/togo-regionales-et-legislatives-en-vue-faure-gnassingbe-reprend-sa-campagne"},"modified":"2023-03-05T20:54:07","modified_gmt":"2023-03-05T20:54:07","slug":"togo-regionales-et-legislatives-en-vue-faure-gnassingbe-reprend-sa-campagne","status":"publish","type":"post","link":"https:\/\/www.africa-press.net\/togo\/politique\/togo-regionales-et-legislatives-en-vue-faure-gnassingbe-reprend-sa-campagne","title":{"rendered":"Togo\/R\u00e9gionales et l\u00e9gislatives en vue : Faure Gnassingb\u00e9 reprend sa campagne"},"content":{"rendered":"<p><span style=\"color: #ff6600\"><strong>Africa-Press &#8211; Togo. <\/strong><\/span><b>Quand vous le voyez sur le terrain, eh bien, sachez simplement qu\u2019une e\u0301lection approche. Sinon, la personne est plus encline a\u0300 se signaler a\u0300 l\u2019e\u0301tranger qu\u2019aupre\u0300s de ses compatriotes dont il dit de\u0301tenir le mandat. Faure Gnassingbe\u0301 se signale de plus en plus sur le terrain. Il reprend sa (pre\u0301)campagne e\u0301lectorale. Pendant ce temps, le peuple peine a\u0300 se relever, l\u2019opposition aussi.<\/b><\/p>\n<p>Depuis quelques jours, le chef de l\u2019Etat est sur le terrain. Samedi 14 janvier, il e\u0301tait a\u0300 Dapaong pour des e\u0301changes avec les producteurs agricoles de la re\u0301gion des Savanes, a\u0300 l\u2019occasion du premier Forum des producteurs agricoles du Togo (FoPAT). \u00ab Ce dialogue direct engage\u0301 avec les producteurs agricoles re\u0301pond a\u0300 la vision du chef de l\u2019Etat de faire de l\u2019agriculture une haute valeur ajoute\u0301e, un ve\u0301ritable levier de croissance, de cre\u0301ation d\u2019emplois et de garantie de la se\u0301curite\u0301 alimentaire et nutritionnelle \u00bb, rapportent les me\u0301dias officiels.<\/p>\n<p>Cette tourne\u0301e aupre\u0300s des agriculteurs a connu une seconde e\u0301tape samedi 28 janvier 2023 dans la re\u0301gion Maritime, plus pre\u0301cise\u0301ment a\u0300 Tse\u0301vie\u0301 ou\u0300 il aurait pre\u0301side\u0301 la ce\u0301re\u0301monie de clo\u0302ture dudit forum. Dans un communique\u0301 publie\u0301 par la pre\u0301sidence de la Re\u0301publique, on vante les vertus de concertateur de Faure Gnassingbe\u0301. \u00ab Organise\u0301 sous la forme d\u2019ateliers the\u0301matiques sectoriels de deux journe\u0301es sanctionne\u0301s par une session de dialogue direct entre les acteurs du monde agricole et le chef de l\u2019Etat, le FoPAT s\u2019inscrit dans la vision d\u2019une gouvernance concerte\u0301e a\u0300 travers laquelle les e\u0301changes inclusifs permettent de de\u0301gager des approches consensuelles \u00bb, souligne la pre\u0301sidence de la Re\u0301publique.<\/p>\n<p>Et Faure Gnassingbe\u0301 qui pense autosuffisance alimentaire : \u00ab Apre\u0300s avoir fe\u0301licite\u0301 les producteurs agricoles pour leur travail et les re\u0301sultats obtenus, Son Excellence Faure Essozimna Gnassingbe\u0301 les a exhorte\u0301s a\u0300 \u0153uvrer pour que l\u2019autosuffisance alimentaire conduise le pays vers la se\u0301curite\u0301 alimentaire et la souverainete\u0301 alimentaire. \u00ab Nous devons nous nourrir nous-me\u0302mes, vivre de nos activite\u0301s agricoles, subvenir a\u0300 nos propres besoins et ceux de nos familles pour mieux investir dans le de\u0301veloppement e\u0301conomique du pays \u00bb a notamment insiste\u0301 le Pre\u0301sident de la Re\u0301publique \u00bb, dit le communique\u0301. Une douzaine de tweets ont e\u0301te\u0301 publie\u0301s dans le cadre de cette manifestation.<\/p>\n<p>Entre le FoPAT Savanes et Maritime, Faure Gnassingbe\u0301 s\u2019est aussi offert un bain de foule dans la Kara ou\u0300 il s\u2019est rendu dans la journe\u0301e du 26 janvier 2023. Visites d\u2019infrastructures me\u0301dicales et de l\u2019usine Steel Cube e\u0301taient au programme. \u00ab Je me suis rendu, ce 26 janvier 2023, dans deux centres hospitaliers de Kara pour m\u2019enque\u0301rir de l\u2019e\u0301volution des travaux de re\u0301habilitation avec la mise en \u0153uvre des projets de modernisation et d\u2019extension en cours \u00bb, a-t-il tweete\u0301. Espe\u0301rons que cette visite pre\u0301sidentielle contribue a\u0300 humaniser le parcours clients dans les centres de sante\u0301 de la re\u0301gion.<\/p>\n<p>Apre\u0300s ces visites largement relaye\u0301es, on se demande si Faure Gnassingbe\u0301 est soudainement devenu si attentionne\u0301 envers les Togolais. Il n\u2019en est rien, devrait-on dire. C\u2019est la pe\u0301riode et les enjeux futurs qui motivent cet inte\u0301re\u0302t du champion de l\u2019Union pour la re\u0301publique (UNIR) pour le sort de ses concitoyens. En effet, l\u2019anne\u0301e 2023 est une anne\u0301e e\u0301lectorale. Il se tiendra dans quelques semaines ou mois les re\u0301gionales, ensuite les le\u0301gislatives dans le mois de de\u0301cembre. \u00ab Il faut ratisser large \u00bb, murmure-t-on dans les se\u0301rails comme si le parti avait besoin des voix des e\u0301lecteurs pour s\u2019imposer.<\/p>\n<p>Sur les images qui ont circule\u0301 sur les re\u0301seaux sociaux, les affiches a\u0300 la gloire du chef de l\u2019Etat ne manquent pas. Et, preuve qu\u2019il s\u2019agit bien e\u0301videmment d\u2019une campagne e\u0301lectorale, les affiches portant des messages politiques ont e\u0301te\u0301 brandies. Comme l\u2019une qui porte la mention \u00ab Faure must stay \u00bb (Faure doit rester, en Franc\u0327ais), en re\u0301ponse a\u0300 ceux qui re\u0301clament le de\u0301part du pouvoir du pre\u0301sident de la Re\u0301publique. Comme quoi, il y a toujours au Togo des gens trop sense\u0301s pour comprendre que dans une Re\u0301publique, le pouvoir se ce\u0300de.<\/p>\n<p><b>L\u2019impe\u0301rieux re\u0301veil du peuple<\/b><\/p>\n<p>Faure Gnassingbe\u0301 et son parti battent campagne en occupant le terrain. Tous les weekends, tournois de football ou autres astuces sont mis en \u0153uvre pour rassembler les populations et leur parler du champion et sa \u00ab vision \u00bb pour le Togo. Pendant ce temps, ceux qui incarnent le renouveau, la renaissance du pays semblent se relever difficilement. Pendant que les associations affilie\u0301es au pouvoir se signalent sur le terrain, les initiatives de responsables politiques sont censure\u0301es, interdites. Cette semaine, une tourne\u0301e initie\u0301e par Edem Atantsi, membre de l\u2019Alliance nationale pour le changement (ANC) a e\u0301te\u0301 empe\u0302che\u0301e par les autorite\u0301s administratives de l\u2019Ogou. Une violation qui renseigne sur la volonte\u0301 du parti au pouvoir d\u2019occuper seul le terrain.<\/p>\n<p>Dans tous les cas, l\u2019impe\u0301rieux devoir de remobilisation s\u2019impose au peuple togolais. La population doit se remobiliser. Pas seulement a\u0300 travers les partis politiques lessive\u0301s par des anne\u0301es de crises sociopolitiques ou la socie\u0301te\u0301 civile que l\u2019on dit proche de tel parti d\u2019opposition ou tel autre. La remobilisation doit e\u0302tre ge\u0301ne\u0301rale pour la simple raison que quoi que l\u2019on dise et quelles que soient les raisons, il ne sied pas pour l\u2019avenir du pays de le laisser a\u0300 la merci des seuls gouvernants. Cela n\u2019a jamais fait e\u0301voluer un pays, ni e\u0301conomiquement encore moins sur le plan de\u0301mocratique.<\/p>\n<p><strong>Pour plus d&rsquo;informations et d&rsquo;analyses sur la <a href=\"https:\/\/www.africa-press.net\/togo\">Togo<\/a>, suivez <a href=\"https:\/\/www.africa-press.net\/\">Africa-Press<\/a><\/strong><\/p>\n","protected":false},"excerpt":{"rendered":"<p>Africa-Press &#8211; Togo. Quand vous le voyez sur le terrain, eh bien, sachez simplement qu\u2019une e\u0301lection approche. Sinon, la personne est plus encline a\u0300 se signaler a\u0300 l\u2019e\u0301tranger qu\u2019aupre\u0300s de ses compatriotes dont il dit de\u0301tenir le mandat. Faure Gnassingbe\u0301 se signale de plus en plus sur le terrain. Il reprend sa (pre\u0301)campagne e\u0301lectorale. Pendant [&hellip;]<\/p>\n","protected":false},"author":82,"featured_media":18140,"comment_status":"open","ping_status":"closed","sticky":false,"template":"","format":"standard","meta":{"footnotes":""},"categories":[2,10],"tags":[36,49,528,264,50],"class_list":["post-18141","post","type-post","status-publish","format-standard","has-post-thumbnail","hentry","category-politique","category-toutes-les-actualites","tag-africa-press","tag-africa-press-togo","tag-elections","tag-faure-gnassingbe","tag-togo"],"yoast_head":"<!-- This site is optimized with the Yoast SEO Premium plugin v26.1 (Yoast SEO v27.0) - https:\/\/yoast.com\/product\/yoast-seo-premium-wordpress\/ -->\n<title>Togo\/R\u00e9gionales et l\u00e9gislatives en vue : Faure Gnassingb\u00e9 reprend sa campagne - Togo<\/title>\n<meta name=\"description\" content=\"Quand vous le voyez sur le terrain, eh bien, sachez simplement qu\u2019une e\u0301lection approche. Sinon, la personne est plus ...\" \/>\n<meta name=\"robots\" content=\"index, follow, max-snippet:-1, max-image-preview:large, max-video-preview:-1\" \/>\n<link rel=\"canonical\" href=\"https:\/\/www.africa-press.net\/togo\/politique\/togo-regionales-et-legislatives-en-vue-faure-gnassingbe-reprend-sa-campagne\" \/>\n<meta property=\"og:locale\" content=\"fr_FR\" \/>\n<meta property=\"og:type\" content=\"article\" \/>\n<meta property=\"og:title\" content=\"Togo\/R\u00e9gionales et l\u00e9gislatives en vue : Faure Gnassingb\u00e9 reprend sa campagne\" \/>\n<meta property=\"og:description\" content=\"Quand vous le voyez sur le terrain, eh bien, sachez simplement qu\u2019une e\u0301lection approche. Sinon, la personne est plus ...\" \/>\n<meta property=\"og:url\" content=\"https:\/\/www.africa-press.net\/togo\/politique\/togo-regionales-et-legislatives-en-vue-faure-gnassingbe-reprend-sa-campagne\" \/>\n<meta property=\"og:site_name\" content=\"Togo\" \/>\n<meta property=\"article:published_time\" content=\"2023-03-05T20:23:57+00:00\" \/>\n<meta property=\"article:modified_time\" content=\"2023-03-05T20:54:07+00:00\" \/>\n<meta property=\"og:image\" content=\"https:\/\/static.africa-press.net\/togo\/sites\/58\/2023\/03\/postQueueImg_1678035278.57.jpg\" \/>\n\t<meta property=\"og:image:width\" content=\"720\" \/>\n\t<meta property=\"og:image:height\" content=\"479\" \/>\n\t<meta property=\"og:image:type\" content=\"image\/jpeg\" \/>\n<meta name=\"author\" content=\"cfeditorfr\" \/>\n<meta name=\"twitter:card\" content=\"summary_large_image\" \/>\n<meta name=\"twitter:label1\" content=\"\u00c9crit par\" \/>\n\t<meta name=\"twitter:data1\" content=\"cfeditorfr\" \/>\n\t<meta name=\"twitter:label2\" content=\"Dur\u00e9e de lecture estim\u00e9e\" \/>\n\t<meta name=\"twitter:data2\" content=\"5 minutes\" \/>\n<script type=\"application\/ld+json\" class=\"yoast-schema-graph\">{\"@context\":\"https:\/\/schema.org\",\"@graph\":[{\"@type\":\"Article\",\"@id\":\"https:\/\/www.africa-press.net\/togo\/politique\/togo-regionales-et-legislatives-en-vue-faure-gnassingbe-reprend-sa-campagne#article\",\"isPartOf\":{\"@id\":\"https:\/\/www.africa-press.net\/togo\/politique\/togo-regionales-et-legislatives-en-vue-faure-gnassingbe-reprend-sa-campagne\"},\"author\":{\"name\":\"cfeditorfr\",\"@id\":\"https:\/\/www.africa-press.net\/togo\/#\/schema\/person\/2b1cf3cd81a31e3cd26889ca66d677f1\"},\"headline\":\"Togo\/R\u00e9gionales et l\u00e9gislatives en vue : Faure Gnassingb\u00e9 reprend sa campagne\",\"datePublished\":\"2023-03-05T20:23:57+00:00\",\"dateModified\":\"2023-03-05T20:54:07+00:00\",\"mainEntityOfPage\":{\"@id\":\"https:\/\/www.africa-press.net\/togo\/politique\/togo-regionales-et-legislatives-en-vue-faure-gnassingbe-reprend-sa-campagne\"},\"wordCount\":1019,\"commentCount\":0,\"image\":{\"@id\":\"https:\/\/www.africa-press.net\/togo\/politique\/togo-regionales-et-legislatives-en-vue-faure-gnassingbe-reprend-sa-campagne#primaryimage\"},\"thumbnailUrl\":\"https:\/\/static.africa-press.net\/togo\/sites\/58\/2023\/03\/postQueueImg_1678035278.57.jpg\",\"keywords\":[\"Africa Press\",\"Africa Press-Togo\",\"Elections\",\"Faure Gnassingb\u00e9\",\"Togo\"],\"articleSection\":[\"Politique\",\"Toutes les actualit\u00e9s\"],\"inLanguage\":\"fr-FR\",\"potentialAction\":[{\"@type\":\"CommentAction\",\"name\":\"Comment\",\"target\":[\"https:\/\/www.africa-press.net\/togo\/politique\/togo-regionales-et-legislatives-en-vue-faure-gnassingbe-reprend-sa-campagne#respond\"]}]},{\"@type\":\"WebPage\",\"@id\":\"https:\/\/www.africa-press.net\/togo\/politique\/togo-regionales-et-legislatives-en-vue-faure-gnassingbe-reprend-sa-campagne\",\"url\":\"https:\/\/www.africa-press.net\/togo\/politique\/togo-regionales-et-legislatives-en-vue-faure-gnassingbe-reprend-sa-campagne\",\"name\":\"Togo\/R\u00e9gionales et l\u00e9gislatives en vue : Faure Gnassingb\u00e9 reprend sa campagne - Togo\",\"isPartOf\":{\"@id\":\"https:\/\/www.africa-press.net\/togo\/#website\"},\"primaryImageOfPage\":{\"@id\":\"https:\/\/www.africa-press.net\/togo\/politique\/togo-regionales-et-legislatives-en-vue-faure-gnassingbe-reprend-sa-campagne#primaryimage\"},\"image\":{\"@id\":\"https:\/\/www.africa-press.net\/togo\/politique\/togo-regionales-et-legislatives-en-vue-faure-gnassingbe-reprend-sa-campagne#primaryimage\"},\"thumbnailUrl\":\"https:\/\/static.africa-press.net\/togo\/sites\/58\/2023\/03\/postQueueImg_1678035278.57.jpg\",\"datePublished\":\"2023-03-05T20:23:57+00:00\",\"dateModified\":\"2023-03-05T20:54:07+00:00\",\"author\":{\"@id\":\"https:\/\/www.africa-press.net\/togo\/#\/schema\/person\/2b1cf3cd81a31e3cd26889ca66d677f1\"},\"description\":\"Quand vous le voyez sur le terrain, eh bien, sachez simplement qu\u2019une e\u0301lection approche. Sinon, la personne est plus ...\",\"breadcrumb\":{\"@id\":\"https:\/\/www.africa-press.net\/togo\/politique\/togo-regionales-et-legislatives-en-vue-faure-gnassingbe-reprend-sa-campagne#breadcrumb\"},\"inLanguage\":\"fr-FR\",\"potentialAction\":[{\"@type\":\"ReadAction\",\"target\":[\"https:\/\/www.africa-press.net\/togo\/politique\/togo-regionales-et-legislatives-en-vue-faure-gnassingbe-reprend-sa-campagne\"]}]},{\"@type\":\"ImageObject\",\"inLanguage\":\"fr-FR\",\"@id\":\"https:\/\/www.africa-press.net\/togo\/politique\/togo-regionales-et-legislatives-en-vue-faure-gnassingbe-reprend-sa-campagne#primaryimage\",\"url\":\"https:\/\/static.africa-press.net\/togo\/sites\/58\/2023\/03\/postQueueImg_1678035278.57.jpg\",\"contentUrl\":\"https:\/\/static.africa-press.net\/togo\/sites\/58\/2023\/03\/postQueueImg_1678035278.57.jpg\",\"width\":720,\"height\":479,\"caption\":\"Togo\/R\u00e9gionales et l\u00e9gislatives en vue : Faure Gnassingb\u00e9 reprend sa campagne\"},{\"@type\":\"BreadcrumbList\",\"@id\":\"https:\/\/www.africa-press.net\/togo\/politique\/togo-regionales-et-legislatives-en-vue-faure-gnassingbe-reprend-sa-campagne#breadcrumb\",\"itemListElement\":[{\"@type\":\"ListItem\",\"position\":1,\"name\":\"Accueil\",\"item\":\"https:\/\/www.africa-press.net\/togo\/\"},{\"@type\":\"ListItem\",\"position\":2,\"name\":\"Togo\/R\u00e9gionales et l\u00e9gislatives en vue : Faure Gnassingb\u00e9 reprend sa campagne\"}]},{\"@type\":\"WebSite\",\"@id\":\"https:\/\/www.africa-press.net\/togo\/#website\",\"url\":\"https:\/\/www.africa-press.net\/togo\/\",\"name\":\"Togo\",\"description\":\"Just another Africa News Agency Sites site\",\"potentialAction\":[{\"@type\":\"SearchAction\",\"target\":{\"@type\":\"EntryPoint\",\"urlTemplate\":\"https:\/\/www.africa-press.net\/togo\/?s={search_term_string}\"},\"query-input\":{\"@type\":\"PropertyValueSpecification\",\"valueRequired\":true,\"valueName\":\"search_term_string\"}}],\"inLanguage\":\"fr-FR\"},{\"@type\":\"Person\",\"@id\":\"https:\/\/www.africa-press.net\/togo\/#\/schema\/person\/2b1cf3cd81a31e3cd26889ca66d677f1\",\"name\":\"cfeditorfr\"}]}<\/script>\n<!-- \/ Yoast SEO Premium plugin. -->","yoast_head_json":{"title":"Togo\/R\u00e9gionales et l\u00e9gislatives en vue : Faure Gnassingb\u00e9 reprend sa campagne - Togo","description":"Quand vous le voyez sur le terrain, eh bien, sachez simplement qu\u2019une e\u0301lection approche. Sinon, la personne est plus ...","robots":{"index":"index","follow":"follow","max-snippet":"max-snippet:-1","max-image-preview":"max-image-preview:large","max-video-preview":"max-video-preview:-1"},"canonical":"https:\/\/www.africa-press.net\/togo\/politique\/togo-regionales-et-legislatives-en-vue-faure-gnassingbe-reprend-sa-campagne","og_locale":"fr_FR","og_type":"article","og_title":"Togo\/R\u00e9gionales et l\u00e9gislatives en vue : Faure Gnassingb\u00e9 reprend sa campagne","og_description":"Quand vous le voyez sur le terrain, eh bien, sachez simplement qu\u2019une e\u0301lection approche. Sinon, la personne est plus ...","og_url":"https:\/\/www.africa-press.net\/togo\/politique\/togo-regionales-et-legislatives-en-vue-faure-gnassingbe-reprend-sa-campagne","og_site_name":"Togo","article_published_time":"2023-03-05T20:23:57+00:00","article_modified_time":"2023-03-05T20:54:07+00:00","og_image":[{"width":720,"height":479,"url":"https:\/\/static.africa-press.net\/togo\/sites\/58\/2023\/03\/postQueueImg_1678035278.57.jpg","type":"image\/jpeg"}],"author":"cfeditorfr","twitter_card":"summary_large_image","twitter_misc":{"\u00c9crit par":"cfeditorfr","Dur\u00e9e de lecture estim\u00e9e":"5 minutes"},"schema":{"@context":"https:\/\/schema.org","@graph":[{"@type":"Article","@id":"https:\/\/www.africa-press.net\/togo\/politique\/togo-regionales-et-legislatives-en-vue-faure-gnassingbe-reprend-sa-campagne#article","isPartOf":{"@id":"https:\/\/www.africa-press.net\/togo\/politique\/togo-regionales-et-legislatives-en-vue-faure-gnassingbe-reprend-sa-campagne"},"author":{"name":"cfeditorfr","@id":"https:\/\/www.africa-press.net\/togo\/#\/schema\/person\/2b1cf3cd81a31e3cd26889ca66d677f1"},"headline":"Togo\/R\u00e9gionales et l\u00e9gislatives en vue : Faure Gnassingb\u00e9 reprend sa campagne","datePublished":"2023-03-05T20:23:57+00:00","dateModified":"2023-03-05T20:54:07+00:00","mainEntityOfPage":{"@id":"https:\/\/www.africa-press.net\/togo\/politique\/togo-regionales-et-legislatives-en-vue-faure-gnassingbe-reprend-sa-campagne"},"wordCount":1019,"commentCount":0,"image":{"@id":"https:\/\/www.africa-press.net\/togo\/politique\/togo-regionales-et-legislatives-en-vue-faure-gnassingbe-reprend-sa-campagne#primaryimage"},"thumbnailUrl":"https:\/\/static.africa-press.net\/togo\/sites\/58\/2023\/03\/postQueueImg_1678035278.57.jpg","keywords":["Africa Press","Africa Press-Togo","Elections","Faure Gnassingb\u00e9","Togo"],"articleSection":["Politique","Toutes les actualit\u00e9s"],"inLanguage":"fr-FR","potentialAction":[{"@type":"CommentAction","name":"Comment","target":["https:\/\/www.africa-press.net\/togo\/politique\/togo-regionales-et-legislatives-en-vue-faure-gnassingbe-reprend-sa-campagne#respond"]}]},{"@type":"WebPage","@id":"https:\/\/www.africa-press.net\/togo\/politique\/togo-regionales-et-legislatives-en-vue-faure-gnassingbe-reprend-sa-campagne","url":"https:\/\/www.africa-press.net\/togo\/politique\/togo-regionales-et-legislatives-en-vue-faure-gnassingbe-reprend-sa-campagne","name":"Togo\/R\u00e9gionales et l\u00e9gislatives en vue : Faure Gnassingb\u00e9 reprend sa campagne - Togo","isPartOf":{"@id":"https:\/\/www.africa-press.net\/togo\/#website"},"primaryImageOfPage":{"@id":"https:\/\/www.africa-press.net\/togo\/politique\/togo-regionales-et-legislatives-en-vue-faure-gnassingbe-reprend-sa-campagne#primaryimage"},"image":{"@id":"https:\/\/www.africa-press.net\/togo\/politique\/togo-regionales-et-legislatives-en-vue-faure-gnassingbe-reprend-sa-campagne#primaryimage"},"thumbnailUrl":"https:\/\/static.africa-press.net\/togo\/sites\/58\/2023\/03\/postQueueImg_1678035278.57.jpg","datePublished":"2023-03-05T20:23:57+00:00","dateModified":"2023-03-05T20:54:07+00:00","author":{"@id":"https:\/\/www.africa-press.net\/togo\/#\/schema\/person\/2b1cf3cd81a31e3cd26889ca66d677f1"},"description":"Quand vous le voyez sur le terrain, eh bien, sachez simplement qu\u2019une e\u0301lection approche. Sinon, la personne est plus ...","breadcrumb":{"@id":"https:\/\/www.africa-press.net\/togo\/politique\/togo-regionales-et-legislatives-en-vue-faure-gnassingbe-reprend-sa-campagne#breadcrumb"},"inLanguage":"fr-FR","potentialAction":[{"@type":"ReadAction","target":["https:\/\/www.africa-press.net\/togo\/politique\/togo-regionales-et-legislatives-en-vue-faure-gnassingbe-reprend-sa-campagne"]}]},{"@type":"ImageObject","inLanguage":"fr-FR","@id":"https:\/\/www.africa-press.net\/togo\/politique\/togo-regionales-et-legislatives-en-vue-faure-gnassingbe-reprend-sa-campagne#primaryimage","url":"https:\/\/static.africa-press.net\/togo\/sites\/58\/2023\/03\/postQueueImg_1678035278.57.jpg","contentUrl":"https:\/\/static.africa-press.net\/togo\/sites\/58\/2023\/03\/postQueueImg_1678035278.57.jpg","width":720,"height":479,"caption":"Togo\/R\u00e9gionales et l\u00e9gislatives en vue : Faure Gnassingb\u00e9 reprend sa campagne"},{"@type":"BreadcrumbList","@id":"https:\/\/www.africa-press.net\/togo\/politique\/togo-regionales-et-legislatives-en-vue-faure-gnassingbe-reprend-sa-campagne#breadcrumb","itemListElement":[{"@type":"ListItem","position":1,"name":"Accueil","item":"https:\/\/www.africa-press.net\/togo\/"},{"@type":"ListItem","position":2,"name":"Togo\/R\u00e9gionales et l\u00e9gislatives en vue : Faure Gnassingb\u00e9 reprend sa campagne"}]},{"@type":"WebSite","@id":"https:\/\/www.africa-press.net\/togo\/#website","url":"https:\/\/www.africa-press.net\/togo\/","name":"Togo","description":"Just another Africa News Agency Sites site","potentialAction":[{"@type":"SearchAction","target":{"@type":"EntryPoint","urlTemplate":"https:\/\/www.africa-press.net\/togo\/?s={search_term_string}"},"query-input":{"@type":"PropertyValueSpecification","valueRequired":true,"valueName":"search_term_string"}}],"inLanguage":"fr-FR"},{"@type":"Person","@id":"https:\/\/www.africa-press.net\/togo\/#\/schema\/person\/2b1cf3cd81a31e3cd26889ca66d677f1","name":"cfeditorfr"}]}},"_links":{"self":[{"href":"https:\/\/www.africa-press.net\/togo\/wp-json\/wp\/v2\/posts\/18141","targetHints":{"allow":["GET"]}}],"collection":[{"href":"https:\/\/www.africa-press.net\/togo\/wp-json\/wp\/v2\/posts"}],"about":[{"href":"https:\/\/www.africa-press.net\/togo\/wp-json\/wp\/v2\/types\/post"}],"author":[{"embeddable":true,"href":"https:\/\/www.africa-press.net\/togo\/wp-json\/wp\/v2\/users\/82"}],"replies":[{"embeddable":true,"href":"https:\/\/www.africa-press.net\/togo\/wp-json\/wp\/v2\/comments?post=18141"}],"version-history":[{"count":0,"href":"https:\/\/www.africa-press.net\/togo\/wp-json\/wp\/v2\/posts\/18141\/revisions"}],"wp:featuredmedia":[{"embeddable":true,"href":"https:\/\/www.africa-press.net\/togo\/wp-json\/wp\/v2\/media\/18140"}],"wp:attachment":[{"href":"https:\/\/www.africa-press.net\/togo\/wp-json\/wp\/v2\/media?parent=18141"}],"wp:term":[{"taxonomy":"category","embeddable":true,"href":"https:\/\/www.africa-press.net\/togo\/wp-json\/wp\/v2\/categories?post=18141"},{"taxonomy":"post_tag","embeddable":true,"href":"https:\/\/www.africa-press.net\/togo\/wp-json\/wp\/v2\/tags?post=18141"}],"curies":[{"name":"wp","href":"https:\/\/api.w.org\/{rel}","templated":true}]}}