{"id":18153,"date":"2023-03-06T20:00:29","date_gmt":"2023-03-06T20:00:29","guid":{"rendered":"https:\/\/www.africa-press.net\/togo\/politique\/togo-me-dodji-apevon-le-fauteuil-presidentiel-ne-minteresse-pas"},"modified":"2023-03-06T21:26:49","modified_gmt":"2023-03-06T21:26:49","slug":"togo-me-dodji-apevon-le-fauteuil-presidentiel-ne-minteresse-pas","status":"publish","type":"post","link":"https:\/\/www.africa-press.net\/togo\/politique\/togo-me-dodji-apevon-le-fauteuil-presidentiel-ne-minteresse-pas","title":{"rendered":"Togo-Me Dodji Ap\u00e9von : \u00ab Le fauteuil pr\u00e9sidentiel ne m\u2019int\u00e9resse pas \u00bb"},"content":{"rendered":"<p><span style=\"color: #ff6600\"><strong>Africa-Press &#8211; Togo. <\/strong><\/span><b>Le pre\u0301sident des FDR (Forces de\u0301mocratiques pour la Re\u0301publique), Me Dodji Ape\u0301von intervenait le weekend dernier sur les aspirations de son parti pour le Togo.<\/b><\/p>\n<p>Contrairement a\u0300 la logique qui laisse croire que les acteurs politiques font la course pour le fauteuil pre\u0301sidentiel, l\u2019opposant a laisse\u0301 entendre que cela ne fait pas partie de ses pre\u0301rogatives.<\/p>\n<p>\u00ab <b>Le fauteuil pre\u0301sidentiel ne m\u2019inte\u0301resse pas, du moins pour le moment<\/b> \u00bb, a-t-il de\u0301clare\u0301 avant d\u2019ajouter que : \u00ab<b> Si un jour cette chance me sourit, tant mieux<\/b> \u00bb.<\/p>\n<p>Il faut rappeler que Me Dodji Ape\u0301von s\u2019est re\u0301cemment prononce\u0301 sur le rapport de la Cour des comptes lie\u0301 a\u0300 la gestion des fonds Covid-19 lors de la rentre\u0301e politique de son parti.<\/p>\n<p>L\u2019avocat s\u2019est visiblement indigne\u0301 contre la fac\u0327on dont \u201c<b>le gouvernement s\u2019inge\u0301nie a\u0300 nier tout ce que la Cour des comptes a dit<\/b>\u201c.<\/p>\n<p>Et \u00ab <b>si rien n\u2019est fait, la manie\u0300re dont le pays est gouverne\u0301, to\u0302t ou tard le pays va dans le gouffre<\/b> \u00bb, a pre\u0301venu l\u2019acteur politique.<\/p>\n<p><strong>Pour plus d&rsquo;informations et d&rsquo;analyses sur la <a href=\"https:\/\/www.africa-press.net\/togo\">Togo<\/a>, suivez <a href=\"https:\/\/www.africa-press.net\/\">Africa-Press<\/a><\/strong><\/p>\n","protected":false},"excerpt":{"rendered":"<p>Africa-Press &#8211; Togo. Le pre\u0301sident des FDR (Forces de\u0301mocratiques pour la Re\u0301publique), Me Dodji Ape\u0301von intervenait le weekend dernier sur les aspirations de son parti pour le Togo. Contrairement a\u0300 la logique qui laisse croire que les acteurs politiques font la course pour le fauteuil pre\u0301sidentiel, l\u2019opposant a laisse\u0301 entendre que cela ne fait pas [&hellip;]<\/p>\n","protected":false},"author":82,"featured_media":18152,"comment_status":"open","ping_status":"closed","sticky":false,"template":"","format":"standard","meta":{"footnotes":""},"categories":[2,10],"tags":[36,49,50],"class_list":["post-18153","post","type-post","status-publish","format-standard","has-post-thumbnail","hentry","category-politique","category-toutes-les-actualites","tag-africa-press","tag-africa-press-togo","tag-togo"],"yoast_head":"<!-- This site is optimized with the Yoast SEO Premium plugin v26.1 (Yoast SEO v27.0) - https:\/\/yoast.com\/product\/yoast-seo-premium-wordpress\/ -->\n<title>Togo-Me Dodji Ap\u00e9von : \u00ab Le fauteuil pr\u00e9sidentiel ne m\u2019int\u00e9resse pas \u00bb - Togo<\/title>\n<meta name=\"description\" content=\"Le pre\u0301sident des FDR (Forces de\u0301mocratiques pour la Re\u0301publique), Me Dodji Ape\u0301von intervenait le weekend dernier su ...\" \/>\n<meta name=\"robots\" content=\"index, follow, max-snippet:-1, max-image-preview:large, max-video-preview:-1\" \/>\n<link rel=\"canonical\" href=\"https:\/\/www.africa-press.net\/togo\/politique\/togo-me-dodji-apevon-le-fauteuil-presidentiel-ne-minteresse-pas\" \/>\n<meta property=\"og:locale\" content=\"fr_FR\" \/>\n<meta property=\"og:type\" content=\"article\" \/>\n<meta property=\"og:title\" content=\"Togo-Me Dodji Ap\u00e9von : \u00ab Le fauteuil pr\u00e9sidentiel ne m\u2019int\u00e9resse pas \u00bb\" \/>\n<meta property=\"og:description\" content=\"Le pre\u0301sident des FDR (Forces de\u0301mocratiques pour la Re\u0301publique), Me Dodji Ape\u0301von intervenait le weekend dernier su ...\" \/>\n<meta property=\"og:url\" content=\"https:\/\/www.africa-press.net\/togo\/politique\/togo-me-dodji-apevon-le-fauteuil-presidentiel-ne-minteresse-pas\" \/>\n<meta property=\"og:site_name\" content=\"Togo\" \/>\n<meta property=\"article:published_time\" content=\"2023-03-06T20:00:29+00:00\" \/>\n<meta property=\"article:modified_time\" content=\"2023-03-06T21:26:49+00:00\" \/>\n<meta property=\"og:image\" content=\"https:\/\/static.africa-press.net\/togo\/sites\/58\/2023\/03\/postQueueImg_1678120233.58.jpg\" \/>\n\t<meta property=\"og:image:width\" content=\"1200\" \/>\n\t<meta property=\"og:image:height\" content=\"800\" \/>\n\t<meta property=\"og:image:type\" content=\"image\/jpeg\" \/>\n<meta name=\"author\" content=\"cfeditorfr\" \/>\n<meta name=\"twitter:card\" content=\"summary_large_image\" \/>\n<meta name=\"twitter:label1\" content=\"\u00c9crit par\" \/>\n\t<meta name=\"twitter:data1\" content=\"cfeditorfr\" \/>\n\t<meta name=\"twitter:label2\" content=\"Dur\u00e9e de lecture estim\u00e9e\" \/>\n\t<meta name=\"twitter:data2\" content=\"1 minute\" \/>\n<script type=\"application\/ld+json\" class=\"yoast-schema-graph\">{\"@context\":\"https:\/\/schema.org\",\"@graph\":[{\"@type\":\"Article\",\"@id\":\"https:\/\/www.africa-press.net\/togo\/politique\/togo-me-dodji-apevon-le-fauteuil-presidentiel-ne-minteresse-pas#article\",\"isPartOf\":{\"@id\":\"https:\/\/www.africa-press.net\/togo\/politique\/togo-me-dodji-apevon-le-fauteuil-presidentiel-ne-minteresse-pas\"},\"author\":{\"name\":\"cfeditorfr\",\"@id\":\"https:\/\/www.africa-press.net\/togo\/#\/schema\/person\/2b1cf3cd81a31e3cd26889ca66d677f1\"},\"headline\":\"Togo-Me Dodji Ap\u00e9von : \u00ab Le fauteuil pr\u00e9sidentiel ne m\u2019int\u00e9resse pas \u00bb\",\"datePublished\":\"2023-03-06T20:00:29+00:00\",\"dateModified\":\"2023-03-06T21:26:49+00:00\",\"mainEntityOfPage\":{\"@id\":\"https:\/\/www.africa-press.net\/togo\/politique\/togo-me-dodji-apevon-le-fauteuil-presidentiel-ne-minteresse-pas\"},\"wordCount\":215,\"commentCount\":0,\"image\":{\"@id\":\"https:\/\/www.africa-press.net\/togo\/politique\/togo-me-dodji-apevon-le-fauteuil-presidentiel-ne-minteresse-pas#primaryimage\"},\"thumbnailUrl\":\"https:\/\/static.africa-press.net\/togo\/sites\/58\/2023\/03\/postQueueImg_1678120233.58.jpg\",\"keywords\":[\"Africa Press\",\"Africa Press-Togo\",\"Togo\"],\"articleSection\":[\"Politique\",\"Toutes les actualit\u00e9s\"],\"inLanguage\":\"fr-FR\",\"potentialAction\":[{\"@type\":\"CommentAction\",\"name\":\"Comment\",\"target\":[\"https:\/\/www.africa-press.net\/togo\/politique\/togo-me-dodji-apevon-le-fauteuil-presidentiel-ne-minteresse-pas#respond\"]}]},{\"@type\":\"WebPage\",\"@id\":\"https:\/\/www.africa-press.net\/togo\/politique\/togo-me-dodji-apevon-le-fauteuil-presidentiel-ne-minteresse-pas\",\"url\":\"https:\/\/www.africa-press.net\/togo\/politique\/togo-me-dodji-apevon-le-fauteuil-presidentiel-ne-minteresse-pas\",\"name\":\"Togo-Me Dodji Ap\u00e9von : \u00ab Le fauteuil pr\u00e9sidentiel ne m\u2019int\u00e9resse pas \u00bb - Togo\",\"isPartOf\":{\"@id\":\"https:\/\/www.africa-press.net\/togo\/#website\"},\"primaryImageOfPage\":{\"@id\":\"https:\/\/www.africa-press.net\/togo\/politique\/togo-me-dodji-apevon-le-fauteuil-presidentiel-ne-minteresse-pas#primaryimage\"},\"image\":{\"@id\":\"https:\/\/www.africa-press.net\/togo\/politique\/togo-me-dodji-apevon-le-fauteuil-presidentiel-ne-minteresse-pas#primaryimage\"},\"thumbnailUrl\":\"https:\/\/static.africa-press.net\/togo\/sites\/58\/2023\/03\/postQueueImg_1678120233.58.jpg\",\"datePublished\":\"2023-03-06T20:00:29+00:00\",\"dateModified\":\"2023-03-06T21:26:49+00:00\",\"author\":{\"@id\":\"https:\/\/www.africa-press.net\/togo\/#\/schema\/person\/2b1cf3cd81a31e3cd26889ca66d677f1\"},\"description\":\"Le pre\u0301sident des FDR (Forces de\u0301mocratiques pour la Re\u0301publique), Me Dodji Ape\u0301von intervenait le weekend dernier su ...\",\"breadcrumb\":{\"@id\":\"https:\/\/www.africa-press.net\/togo\/politique\/togo-me-dodji-apevon-le-fauteuil-presidentiel-ne-minteresse-pas#breadcrumb\"},\"inLanguage\":\"fr-FR\",\"potentialAction\":[{\"@type\":\"ReadAction\",\"target\":[\"https:\/\/www.africa-press.net\/togo\/politique\/togo-me-dodji-apevon-le-fauteuil-presidentiel-ne-minteresse-pas\"]}]},{\"@type\":\"ImageObject\",\"inLanguage\":\"fr-FR\",\"@id\":\"https:\/\/www.africa-press.net\/togo\/politique\/togo-me-dodji-apevon-le-fauteuil-presidentiel-ne-minteresse-pas#primaryimage\",\"url\":\"https:\/\/static.africa-press.net\/togo\/sites\/58\/2023\/03\/postQueueImg_1678120233.58.jpg\",\"contentUrl\":\"https:\/\/static.africa-press.net\/togo\/sites\/58\/2023\/03\/postQueueImg_1678120233.58.jpg\",\"width\":1200,\"height\":800,\"caption\":\"Togo-Me Dodji Ap\u00e9von : \u00ab Le fauteuil pr\u00e9sidentiel ne m\u2019int\u00e9resse pas \u00bb\"},{\"@type\":\"BreadcrumbList\",\"@id\":\"https:\/\/www.africa-press.net\/togo\/politique\/togo-me-dodji-apevon-le-fauteuil-presidentiel-ne-minteresse-pas#breadcrumb\",\"itemListElement\":[{\"@type\":\"ListItem\",\"position\":1,\"name\":\"Accueil\",\"item\":\"https:\/\/www.africa-press.net\/togo\/\"},{\"@type\":\"ListItem\",\"position\":2,\"name\":\"Togo-Me Dodji Ap\u00e9von : \u00ab Le fauteuil pr\u00e9sidentiel ne m\u2019int\u00e9resse pas \u00bb\"}]},{\"@type\":\"WebSite\",\"@id\":\"https:\/\/www.africa-press.net\/togo\/#website\",\"url\":\"https:\/\/www.africa-press.net\/togo\/\",\"name\":\"Togo\",\"description\":\"Just another Africa News Agency Sites site\",\"potentialAction\":[{\"@type\":\"SearchAction\",\"target\":{\"@type\":\"EntryPoint\",\"urlTemplate\":\"https:\/\/www.africa-press.net\/togo\/?s={search_term_string}\"},\"query-input\":{\"@type\":\"PropertyValueSpecification\",\"valueRequired\":true,\"valueName\":\"search_term_string\"}}],\"inLanguage\":\"fr-FR\"},{\"@type\":\"Person\",\"@id\":\"https:\/\/www.africa-press.net\/togo\/#\/schema\/person\/2b1cf3cd81a31e3cd26889ca66d677f1\",\"name\":\"cfeditorfr\"}]}<\/script>\n<!-- \/ Yoast SEO Premium plugin. -->","yoast_head_json":{"title":"Togo-Me Dodji Ap\u00e9von : \u00ab Le fauteuil pr\u00e9sidentiel ne m\u2019int\u00e9resse pas \u00bb - Togo","description":"Le pre\u0301sident des FDR (Forces de\u0301mocratiques pour la Re\u0301publique), Me Dodji Ape\u0301von intervenait le weekend dernier su ...","robots":{"index":"index","follow":"follow","max-snippet":"max-snippet:-1","max-image-preview":"max-image-preview:large","max-video-preview":"max-video-preview:-1"},"canonical":"https:\/\/www.africa-press.net\/togo\/politique\/togo-me-dodji-apevon-le-fauteuil-presidentiel-ne-minteresse-pas","og_locale":"fr_FR","og_type":"article","og_title":"Togo-Me Dodji Ap\u00e9von : \u00ab Le fauteuil pr\u00e9sidentiel ne m\u2019int\u00e9resse pas \u00bb","og_description":"Le pre\u0301sident des FDR (Forces de\u0301mocratiques pour la Re\u0301publique), Me Dodji Ape\u0301von intervenait le weekend dernier su ...","og_url":"https:\/\/www.africa-press.net\/togo\/politique\/togo-me-dodji-apevon-le-fauteuil-presidentiel-ne-minteresse-pas","og_site_name":"Togo","article_published_time":"2023-03-06T20:00:29+00:00","article_modified_time":"2023-03-06T21:26:49+00:00","og_image":[{"width":1200,"height":800,"url":"https:\/\/static.africa-press.net\/togo\/sites\/58\/2023\/03\/postQueueImg_1678120233.58.jpg","type":"image\/jpeg"}],"author":"cfeditorfr","twitter_card":"summary_large_image","twitter_misc":{"\u00c9crit par":"cfeditorfr","Dur\u00e9e de lecture estim\u00e9e":"1 minute"},"schema":{"@context":"https:\/\/schema.org","@graph":[{"@type":"Article","@id":"https:\/\/www.africa-press.net\/togo\/politique\/togo-me-dodji-apevon-le-fauteuil-presidentiel-ne-minteresse-pas#article","isPartOf":{"@id":"https:\/\/www.africa-press.net\/togo\/politique\/togo-me-dodji-apevon-le-fauteuil-presidentiel-ne-minteresse-pas"},"author":{"name":"cfeditorfr","@id":"https:\/\/www.africa-press.net\/togo\/#\/schema\/person\/2b1cf3cd81a31e3cd26889ca66d677f1"},"headline":"Togo-Me Dodji Ap\u00e9von : \u00ab Le fauteuil pr\u00e9sidentiel ne m\u2019int\u00e9resse pas \u00bb","datePublished":"2023-03-06T20:00:29+00:00","dateModified":"2023-03-06T21:26:49+00:00","mainEntityOfPage":{"@id":"https:\/\/www.africa-press.net\/togo\/politique\/togo-me-dodji-apevon-le-fauteuil-presidentiel-ne-minteresse-pas"},"wordCount":215,"commentCount":0,"image":{"@id":"https:\/\/www.africa-press.net\/togo\/politique\/togo-me-dodji-apevon-le-fauteuil-presidentiel-ne-minteresse-pas#primaryimage"},"thumbnailUrl":"https:\/\/static.africa-press.net\/togo\/sites\/58\/2023\/03\/postQueueImg_1678120233.58.jpg","keywords":["Africa Press","Africa Press-Togo","Togo"],"articleSection":["Politique","Toutes les actualit\u00e9s"],"inLanguage":"fr-FR","potentialAction":[{"@type":"CommentAction","name":"Comment","target":["https:\/\/www.africa-press.net\/togo\/politique\/togo-me-dodji-apevon-le-fauteuil-presidentiel-ne-minteresse-pas#respond"]}]},{"@type":"WebPage","@id":"https:\/\/www.africa-press.net\/togo\/politique\/togo-me-dodji-apevon-le-fauteuil-presidentiel-ne-minteresse-pas","url":"https:\/\/www.africa-press.net\/togo\/politique\/togo-me-dodji-apevon-le-fauteuil-presidentiel-ne-minteresse-pas","name":"Togo-Me Dodji Ap\u00e9von : \u00ab Le fauteuil pr\u00e9sidentiel ne m\u2019int\u00e9resse pas \u00bb - Togo","isPartOf":{"@id":"https:\/\/www.africa-press.net\/togo\/#website"},"primaryImageOfPage":{"@id":"https:\/\/www.africa-press.net\/togo\/politique\/togo-me-dodji-apevon-le-fauteuil-presidentiel-ne-minteresse-pas#primaryimage"},"image":{"@id":"https:\/\/www.africa-press.net\/togo\/politique\/togo-me-dodji-apevon-le-fauteuil-presidentiel-ne-minteresse-pas#primaryimage"},"thumbnailUrl":"https:\/\/static.africa-press.net\/togo\/sites\/58\/2023\/03\/postQueueImg_1678120233.58.jpg","datePublished":"2023-03-06T20:00:29+00:00","dateModified":"2023-03-06T21:26:49+00:00","author":{"@id":"https:\/\/www.africa-press.net\/togo\/#\/schema\/person\/2b1cf3cd81a31e3cd26889ca66d677f1"},"description":"Le pre\u0301sident des FDR (Forces de\u0301mocratiques pour la Re\u0301publique), Me Dodji Ape\u0301von intervenait le weekend dernier su ...","breadcrumb":{"@id":"https:\/\/www.africa-press.net\/togo\/politique\/togo-me-dodji-apevon-le-fauteuil-presidentiel-ne-minteresse-pas#breadcrumb"},"inLanguage":"fr-FR","potentialAction":[{"@type":"ReadAction","target":["https:\/\/www.africa-press.net\/togo\/politique\/togo-me-dodji-apevon-le-fauteuil-presidentiel-ne-minteresse-pas"]}]},{"@type":"ImageObject","inLanguage":"fr-FR","@id":"https:\/\/www.africa-press.net\/togo\/politique\/togo-me-dodji-apevon-le-fauteuil-presidentiel-ne-minteresse-pas#primaryimage","url":"https:\/\/static.africa-press.net\/togo\/sites\/58\/2023\/03\/postQueueImg_1678120233.58.jpg","contentUrl":"https:\/\/static.africa-press.net\/togo\/sites\/58\/2023\/03\/postQueueImg_1678120233.58.jpg","width":1200,"height":800,"caption":"Togo-Me Dodji Ap\u00e9von : \u00ab Le fauteuil pr\u00e9sidentiel ne m\u2019int\u00e9resse pas \u00bb"},{"@type":"BreadcrumbList","@id":"https:\/\/www.africa-press.net\/togo\/politique\/togo-me-dodji-apevon-le-fauteuil-presidentiel-ne-minteresse-pas#breadcrumb","itemListElement":[{"@type":"ListItem","position":1,"name":"Accueil","item":"https:\/\/www.africa-press.net\/togo\/"},{"@type":"ListItem","position":2,"name":"Togo-Me Dodji Ap\u00e9von : \u00ab Le fauteuil pr\u00e9sidentiel ne m\u2019int\u00e9resse pas \u00bb"}]},{"@type":"WebSite","@id":"https:\/\/www.africa-press.net\/togo\/#website","url":"https:\/\/www.africa-press.net\/togo\/","name":"Togo","description":"Just another Africa News Agency Sites site","potentialAction":[{"@type":"SearchAction","target":{"@type":"EntryPoint","urlTemplate":"https:\/\/www.africa-press.net\/togo\/?s={search_term_string}"},"query-input":{"@type":"PropertyValueSpecification","valueRequired":true,"valueName":"search_term_string"}}],"inLanguage":"fr-FR"},{"@type":"Person","@id":"https:\/\/www.africa-press.net\/togo\/#\/schema\/person\/2b1cf3cd81a31e3cd26889ca66d677f1","name":"cfeditorfr"}]}},"_links":{"self":[{"href":"https:\/\/www.africa-press.net\/togo\/wp-json\/wp\/v2\/posts\/18153","targetHints":{"allow":["GET"]}}],"collection":[{"href":"https:\/\/www.africa-press.net\/togo\/wp-json\/wp\/v2\/posts"}],"about":[{"href":"https:\/\/www.africa-press.net\/togo\/wp-json\/wp\/v2\/types\/post"}],"author":[{"embeddable":true,"href":"https:\/\/www.africa-press.net\/togo\/wp-json\/wp\/v2\/users\/82"}],"replies":[{"embeddable":true,"href":"https:\/\/www.africa-press.net\/togo\/wp-json\/wp\/v2\/comments?post=18153"}],"version-history":[{"count":0,"href":"https:\/\/www.africa-press.net\/togo\/wp-json\/wp\/v2\/posts\/18153\/revisions"}],"wp:featuredmedia":[{"embeddable":true,"href":"https:\/\/www.africa-press.net\/togo\/wp-json\/wp\/v2\/media\/18152"}],"wp:attachment":[{"href":"https:\/\/www.africa-press.net\/togo\/wp-json\/wp\/v2\/media?parent=18153"}],"wp:term":[{"taxonomy":"category","embeddable":true,"href":"https:\/\/www.africa-press.net\/togo\/wp-json\/wp\/v2\/categories?post=18153"},{"taxonomy":"post_tag","embeddable":true,"href":"https:\/\/www.africa-press.net\/togo\/wp-json\/wp\/v2\/tags?post=18153"}],"curies":[{"name":"wp","href":"https:\/\/api.w.org\/{rel}","templated":true}]}}