{"id":18155,"date":"2023-03-06T20:00:42","date_gmt":"2023-03-06T20:00:42","guid":{"rendered":"https:\/\/www.africa-press.net\/togo\/politique\/togo-des-magistrats-de-droit-commun-a-la-tete-des-juridictions-militaires"},"modified":"2023-03-06T21:27:33","modified_gmt":"2023-03-06T21:27:33","slug":"togo-des-magistrats-de-droit-commun-a-la-tete-des-juridictions-militaires","status":"publish","type":"post","link":"https:\/\/www.africa-press.net\/togo\/politique\/togo-des-magistrats-de-droit-commun-a-la-tete-des-juridictions-militaires","title":{"rendered":"Togo-Des magistrats de droit commun \u00e0 la t\u00eate des juridictions militaires"},"content":{"rendered":"<p><span style=\"color: #ff6600\"><strong>Africa-Press &#8211; Togo. <\/strong><\/span><b>Faure Gnassingbe\u0301 nomme sept magistrats devant faire fonctionner les juridictions militaires. Celles-ci ont pour compe\u0301tence de juger les faits et actes commis par des militaires dans l\u2019exercice de leurs fonctions, ou par des militaires assimile\u0301s.<\/b><\/p>\n<p>Les choses s\u2019acce\u0301le\u0300rent pour la mise en place de la justice militaire. En fin d\u2019anne\u0301e, des modifications ont e\u0301te\u0301 apporte\u0301es au code de justice militaire et au statut des personnels et des auxiliaires des juridictions militaires.<\/p>\n<p>Ce 27 fe\u0301vrier, sept magistrats (de droit commun) sont nomme\u0301s. Awal Ibrahim pre\u0301sident le tribunal alors que la Cour d\u2019appel est confie\u0301e Kokou Ame\u0301gboh Wottor. Tous les deux et leurs assesseurs sont tous des magistrats de droit commun.<\/p>\n<p>L\u2019ope\u0301rationnalisation des juridictions militaires va permettre, disent les autorite\u0301s, de lutter contre l\u2019impunite\u0301 au sein des forces arme\u0301es et de se\u0301curite\u0301.<\/p>\n<p>L\u2019acce\u0301le\u0301ration du processus a-t-il un lien avec l\u2019arrestation du tout-puissant Ge\u0301ne\u0301ral Fe\u0301lix Abalo Kadanga, ancien chef d\u2019e\u0301tat-major des forces arme\u0301es togolaises (FAT) et pre\u0301sident de la Commission nationale de la lutte contre la prolife\u0301ration, la circulation et le trafic des arme\u0301es le\u0301ge\u0300res et de petits calibre (CNLPAL), poste qu\u2019il occupait jusqu\u2019a\u0300 son arrestation.<\/p>\n<p><strong>Pour plus d&rsquo;informations et d&rsquo;analyses sur la <a href=\"https:\/\/www.africa-press.net\/togo\">Togo<\/a>, suivez <a href=\"https:\/\/www.africa-press.net\/\">Africa-Press<\/a><\/strong><\/p>\n","protected":false},"excerpt":{"rendered":"<p>Africa-Press &#8211; Togo. Faure Gnassingbe\u0301 nomme sept magistrats devant faire fonctionner les juridictions militaires. Celles-ci ont pour compe\u0301tence de juger les faits et actes commis par des militaires dans l\u2019exercice de leurs fonctions, ou par des militaires assimile\u0301s. Les choses s\u2019acce\u0301le\u0300rent pour la mise en place de la justice militaire. En fin d\u2019anne\u0301e, des modifications [&hellip;]<\/p>\n","protected":false},"author":82,"featured_media":18154,"comment_status":"open","ping_status":"closed","sticky":false,"template":"","format":"standard","meta":{"footnotes":""},"categories":[2,10],"tags":[36,49,50],"class_list":["post-18155","post","type-post","status-publish","format-standard","has-post-thumbnail","hentry","category-politique","category-toutes-les-actualites","tag-africa-press","tag-africa-press-togo","tag-togo"],"yoast_head":"<!-- This site is optimized with the Yoast SEO Premium plugin v26.1 (Yoast SEO v27.0) - https:\/\/yoast.com\/product\/yoast-seo-premium-wordpress\/ -->\n<title>Togo-Des magistrats de droit commun \u00e0 la t\u00eate des juridictions militaires - Togo<\/title>\n<meta name=\"description\" content=\"Faure Gnassingbe\u0301 nomme sept magistrats devant faire fonctionner les juridictions militaires. Celles-ci ont pour comp ...\" \/>\n<meta name=\"robots\" content=\"index, follow, max-snippet:-1, max-image-preview:large, max-video-preview:-1\" \/>\n<link rel=\"canonical\" href=\"https:\/\/www.africa-press.net\/togo\/politique\/togo-des-magistrats-de-droit-commun-a-la-tete-des-juridictions-militaires\" \/>\n<meta property=\"og:locale\" content=\"fr_FR\" \/>\n<meta property=\"og:type\" content=\"article\" \/>\n<meta property=\"og:title\" content=\"Togo-Des magistrats de droit commun \u00e0 la t\u00eate des juridictions militaires\" \/>\n<meta property=\"og:description\" content=\"Faure Gnassingbe\u0301 nomme sept magistrats devant faire fonctionner les juridictions militaires. Celles-ci ont pour comp ...\" \/>\n<meta property=\"og:url\" content=\"https:\/\/www.africa-press.net\/togo\/politique\/togo-des-magistrats-de-droit-commun-a-la-tete-des-juridictions-militaires\" \/>\n<meta property=\"og:site_name\" content=\"Togo\" \/>\n<meta property=\"article:published_time\" content=\"2023-03-06T20:00:42+00:00\" \/>\n<meta property=\"article:modified_time\" content=\"2023-03-06T21:27:33+00:00\" \/>\n<meta property=\"og:image\" content=\"https:\/\/static.africa-press.net\/togo\/sites\/58\/2023\/03\/postQueueImg_1678120252.61.jpg\" \/>\n\t<meta property=\"og:image:width\" content=\"1280\" \/>\n\t<meta property=\"og:image:height\" content=\"802\" \/>\n\t<meta property=\"og:image:type\" content=\"image\/jpeg\" \/>\n<meta name=\"author\" content=\"cfeditorfr\" \/>\n<meta name=\"twitter:card\" content=\"summary_large_image\" \/>\n<meta name=\"twitter:label1\" content=\"\u00c9crit par\" \/>\n\t<meta name=\"twitter:data1\" content=\"cfeditorfr\" \/>\n\t<meta name=\"twitter:label2\" content=\"Dur\u00e9e de lecture estim\u00e9e\" \/>\n\t<meta name=\"twitter:data2\" content=\"1 minute\" \/>\n<script type=\"application\/ld+json\" class=\"yoast-schema-graph\">{\"@context\":\"https:\/\/schema.org\",\"@graph\":[{\"@type\":\"Article\",\"@id\":\"https:\/\/www.africa-press.net\/togo\/politique\/togo-des-magistrats-de-droit-commun-a-la-tete-des-juridictions-militaires#article\",\"isPartOf\":{\"@id\":\"https:\/\/www.africa-press.net\/togo\/politique\/togo-des-magistrats-de-droit-commun-a-la-tete-des-juridictions-militaires\"},\"author\":{\"name\":\"cfeditorfr\",\"@id\":\"https:\/\/www.africa-press.net\/togo\/#\/schema\/person\/2b1cf3cd81a31e3cd26889ca66d677f1\"},\"headline\":\"Togo-Des magistrats de droit commun \u00e0 la t\u00eate des juridictions militaires\",\"datePublished\":\"2023-03-06T20:00:42+00:00\",\"dateModified\":\"2023-03-06T21:27:33+00:00\",\"mainEntityOfPage\":{\"@id\":\"https:\/\/www.africa-press.net\/togo\/politique\/togo-des-magistrats-de-droit-commun-a-la-tete-des-juridictions-militaires\"},\"wordCount\":247,\"commentCount\":0,\"image\":{\"@id\":\"https:\/\/www.africa-press.net\/togo\/politique\/togo-des-magistrats-de-droit-commun-a-la-tete-des-juridictions-militaires#primaryimage\"},\"thumbnailUrl\":\"https:\/\/static.africa-press.net\/togo\/sites\/58\/2023\/03\/postQueueImg_1678120252.61.jpg\",\"keywords\":[\"Africa Press\",\"Africa Press-Togo\",\"Togo\"],\"articleSection\":[\"Politique\",\"Toutes les actualit\u00e9s\"],\"inLanguage\":\"fr-FR\",\"potentialAction\":[{\"@type\":\"CommentAction\",\"name\":\"Comment\",\"target\":[\"https:\/\/www.africa-press.net\/togo\/politique\/togo-des-magistrats-de-droit-commun-a-la-tete-des-juridictions-militaires#respond\"]}]},{\"@type\":\"WebPage\",\"@id\":\"https:\/\/www.africa-press.net\/togo\/politique\/togo-des-magistrats-de-droit-commun-a-la-tete-des-juridictions-militaires\",\"url\":\"https:\/\/www.africa-press.net\/togo\/politique\/togo-des-magistrats-de-droit-commun-a-la-tete-des-juridictions-militaires\",\"name\":\"Togo-Des magistrats de droit commun \u00e0 la t\u00eate des juridictions militaires - Togo\",\"isPartOf\":{\"@id\":\"https:\/\/www.africa-press.net\/togo\/#website\"},\"primaryImageOfPage\":{\"@id\":\"https:\/\/www.africa-press.net\/togo\/politique\/togo-des-magistrats-de-droit-commun-a-la-tete-des-juridictions-militaires#primaryimage\"},\"image\":{\"@id\":\"https:\/\/www.africa-press.net\/togo\/politique\/togo-des-magistrats-de-droit-commun-a-la-tete-des-juridictions-militaires#primaryimage\"},\"thumbnailUrl\":\"https:\/\/static.africa-press.net\/togo\/sites\/58\/2023\/03\/postQueueImg_1678120252.61.jpg\",\"datePublished\":\"2023-03-06T20:00:42+00:00\",\"dateModified\":\"2023-03-06T21:27:33+00:00\",\"author\":{\"@id\":\"https:\/\/www.africa-press.net\/togo\/#\/schema\/person\/2b1cf3cd81a31e3cd26889ca66d677f1\"},\"description\":\"Faure Gnassingbe\u0301 nomme sept magistrats devant faire fonctionner les juridictions militaires. Celles-ci ont pour comp ...\",\"breadcrumb\":{\"@id\":\"https:\/\/www.africa-press.net\/togo\/politique\/togo-des-magistrats-de-droit-commun-a-la-tete-des-juridictions-militaires#breadcrumb\"},\"inLanguage\":\"fr-FR\",\"potentialAction\":[{\"@type\":\"ReadAction\",\"target\":[\"https:\/\/www.africa-press.net\/togo\/politique\/togo-des-magistrats-de-droit-commun-a-la-tete-des-juridictions-militaires\"]}]},{\"@type\":\"ImageObject\",\"inLanguage\":\"fr-FR\",\"@id\":\"https:\/\/www.africa-press.net\/togo\/politique\/togo-des-magistrats-de-droit-commun-a-la-tete-des-juridictions-militaires#primaryimage\",\"url\":\"https:\/\/static.africa-press.net\/togo\/sites\/58\/2023\/03\/postQueueImg_1678120252.61.jpg\",\"contentUrl\":\"https:\/\/static.africa-press.net\/togo\/sites\/58\/2023\/03\/postQueueImg_1678120252.61.jpg\",\"width\":1280,\"height\":802,\"caption\":\"Togo-Des magistrats de droit commun \u00e0 la t\u00eate des juridictions militaires\"},{\"@type\":\"BreadcrumbList\",\"@id\":\"https:\/\/www.africa-press.net\/togo\/politique\/togo-des-magistrats-de-droit-commun-a-la-tete-des-juridictions-militaires#breadcrumb\",\"itemListElement\":[{\"@type\":\"ListItem\",\"position\":1,\"name\":\"Accueil\",\"item\":\"https:\/\/www.africa-press.net\/togo\/\"},{\"@type\":\"ListItem\",\"position\":2,\"name\":\"Togo-Des magistrats de droit commun \u00e0 la t\u00eate des juridictions militaires\"}]},{\"@type\":\"WebSite\",\"@id\":\"https:\/\/www.africa-press.net\/togo\/#website\",\"url\":\"https:\/\/www.africa-press.net\/togo\/\",\"name\":\"Togo\",\"description\":\"Just another Africa News Agency Sites site\",\"potentialAction\":[{\"@type\":\"SearchAction\",\"target\":{\"@type\":\"EntryPoint\",\"urlTemplate\":\"https:\/\/www.africa-press.net\/togo\/?s={search_term_string}\"},\"query-input\":{\"@type\":\"PropertyValueSpecification\",\"valueRequired\":true,\"valueName\":\"search_term_string\"}}],\"inLanguage\":\"fr-FR\"},{\"@type\":\"Person\",\"@id\":\"https:\/\/www.africa-press.net\/togo\/#\/schema\/person\/2b1cf3cd81a31e3cd26889ca66d677f1\",\"name\":\"cfeditorfr\"}]}<\/script>\n<!-- \/ Yoast SEO Premium plugin. -->","yoast_head_json":{"title":"Togo-Des magistrats de droit commun \u00e0 la t\u00eate des juridictions militaires - Togo","description":"Faure Gnassingbe\u0301 nomme sept magistrats devant faire fonctionner les juridictions militaires. Celles-ci ont pour comp ...","robots":{"index":"index","follow":"follow","max-snippet":"max-snippet:-1","max-image-preview":"max-image-preview:large","max-video-preview":"max-video-preview:-1"},"canonical":"https:\/\/www.africa-press.net\/togo\/politique\/togo-des-magistrats-de-droit-commun-a-la-tete-des-juridictions-militaires","og_locale":"fr_FR","og_type":"article","og_title":"Togo-Des magistrats de droit commun \u00e0 la t\u00eate des juridictions militaires","og_description":"Faure Gnassingbe\u0301 nomme sept magistrats devant faire fonctionner les juridictions militaires. Celles-ci ont pour comp ...","og_url":"https:\/\/www.africa-press.net\/togo\/politique\/togo-des-magistrats-de-droit-commun-a-la-tete-des-juridictions-militaires","og_site_name":"Togo","article_published_time":"2023-03-06T20:00:42+00:00","article_modified_time":"2023-03-06T21:27:33+00:00","og_image":[{"width":1280,"height":802,"url":"https:\/\/static.africa-press.net\/togo\/sites\/58\/2023\/03\/postQueueImg_1678120252.61.jpg","type":"image\/jpeg"}],"author":"cfeditorfr","twitter_card":"summary_large_image","twitter_misc":{"\u00c9crit par":"cfeditorfr","Dur\u00e9e de lecture estim\u00e9e":"1 minute"},"schema":{"@context":"https:\/\/schema.org","@graph":[{"@type":"Article","@id":"https:\/\/www.africa-press.net\/togo\/politique\/togo-des-magistrats-de-droit-commun-a-la-tete-des-juridictions-militaires#article","isPartOf":{"@id":"https:\/\/www.africa-press.net\/togo\/politique\/togo-des-magistrats-de-droit-commun-a-la-tete-des-juridictions-militaires"},"author":{"name":"cfeditorfr","@id":"https:\/\/www.africa-press.net\/togo\/#\/schema\/person\/2b1cf3cd81a31e3cd26889ca66d677f1"},"headline":"Togo-Des magistrats de droit commun \u00e0 la t\u00eate des juridictions militaires","datePublished":"2023-03-06T20:00:42+00:00","dateModified":"2023-03-06T21:27:33+00:00","mainEntityOfPage":{"@id":"https:\/\/www.africa-press.net\/togo\/politique\/togo-des-magistrats-de-droit-commun-a-la-tete-des-juridictions-militaires"},"wordCount":247,"commentCount":0,"image":{"@id":"https:\/\/www.africa-press.net\/togo\/politique\/togo-des-magistrats-de-droit-commun-a-la-tete-des-juridictions-militaires#primaryimage"},"thumbnailUrl":"https:\/\/static.africa-press.net\/togo\/sites\/58\/2023\/03\/postQueueImg_1678120252.61.jpg","keywords":["Africa Press","Africa Press-Togo","Togo"],"articleSection":["Politique","Toutes les actualit\u00e9s"],"inLanguage":"fr-FR","potentialAction":[{"@type":"CommentAction","name":"Comment","target":["https:\/\/www.africa-press.net\/togo\/politique\/togo-des-magistrats-de-droit-commun-a-la-tete-des-juridictions-militaires#respond"]}]},{"@type":"WebPage","@id":"https:\/\/www.africa-press.net\/togo\/politique\/togo-des-magistrats-de-droit-commun-a-la-tete-des-juridictions-militaires","url":"https:\/\/www.africa-press.net\/togo\/politique\/togo-des-magistrats-de-droit-commun-a-la-tete-des-juridictions-militaires","name":"Togo-Des magistrats de droit commun \u00e0 la t\u00eate des juridictions militaires - Togo","isPartOf":{"@id":"https:\/\/www.africa-press.net\/togo\/#website"},"primaryImageOfPage":{"@id":"https:\/\/www.africa-press.net\/togo\/politique\/togo-des-magistrats-de-droit-commun-a-la-tete-des-juridictions-militaires#primaryimage"},"image":{"@id":"https:\/\/www.africa-press.net\/togo\/politique\/togo-des-magistrats-de-droit-commun-a-la-tete-des-juridictions-militaires#primaryimage"},"thumbnailUrl":"https:\/\/static.africa-press.net\/togo\/sites\/58\/2023\/03\/postQueueImg_1678120252.61.jpg","datePublished":"2023-03-06T20:00:42+00:00","dateModified":"2023-03-06T21:27:33+00:00","author":{"@id":"https:\/\/www.africa-press.net\/togo\/#\/schema\/person\/2b1cf3cd81a31e3cd26889ca66d677f1"},"description":"Faure Gnassingbe\u0301 nomme sept magistrats devant faire fonctionner les juridictions militaires. Celles-ci ont pour comp ...","breadcrumb":{"@id":"https:\/\/www.africa-press.net\/togo\/politique\/togo-des-magistrats-de-droit-commun-a-la-tete-des-juridictions-militaires#breadcrumb"},"inLanguage":"fr-FR","potentialAction":[{"@type":"ReadAction","target":["https:\/\/www.africa-press.net\/togo\/politique\/togo-des-magistrats-de-droit-commun-a-la-tete-des-juridictions-militaires"]}]},{"@type":"ImageObject","inLanguage":"fr-FR","@id":"https:\/\/www.africa-press.net\/togo\/politique\/togo-des-magistrats-de-droit-commun-a-la-tete-des-juridictions-militaires#primaryimage","url":"https:\/\/static.africa-press.net\/togo\/sites\/58\/2023\/03\/postQueueImg_1678120252.61.jpg","contentUrl":"https:\/\/static.africa-press.net\/togo\/sites\/58\/2023\/03\/postQueueImg_1678120252.61.jpg","width":1280,"height":802,"caption":"Togo-Des magistrats de droit commun \u00e0 la t\u00eate des juridictions militaires"},{"@type":"BreadcrumbList","@id":"https:\/\/www.africa-press.net\/togo\/politique\/togo-des-magistrats-de-droit-commun-a-la-tete-des-juridictions-militaires#breadcrumb","itemListElement":[{"@type":"ListItem","position":1,"name":"Accueil","item":"https:\/\/www.africa-press.net\/togo\/"},{"@type":"ListItem","position":2,"name":"Togo-Des magistrats de droit commun \u00e0 la t\u00eate des juridictions militaires"}]},{"@type":"WebSite","@id":"https:\/\/www.africa-press.net\/togo\/#website","url":"https:\/\/www.africa-press.net\/togo\/","name":"Togo","description":"Just another Africa News Agency Sites site","potentialAction":[{"@type":"SearchAction","target":{"@type":"EntryPoint","urlTemplate":"https:\/\/www.africa-press.net\/togo\/?s={search_term_string}"},"query-input":{"@type":"PropertyValueSpecification","valueRequired":true,"valueName":"search_term_string"}}],"inLanguage":"fr-FR"},{"@type":"Person","@id":"https:\/\/www.africa-press.net\/togo\/#\/schema\/person\/2b1cf3cd81a31e3cd26889ca66d677f1","name":"cfeditorfr"}]}},"_links":{"self":[{"href":"https:\/\/www.africa-press.net\/togo\/wp-json\/wp\/v2\/posts\/18155","targetHints":{"allow":["GET"]}}],"collection":[{"href":"https:\/\/www.africa-press.net\/togo\/wp-json\/wp\/v2\/posts"}],"about":[{"href":"https:\/\/www.africa-press.net\/togo\/wp-json\/wp\/v2\/types\/post"}],"author":[{"embeddable":true,"href":"https:\/\/www.africa-press.net\/togo\/wp-json\/wp\/v2\/users\/82"}],"replies":[{"embeddable":true,"href":"https:\/\/www.africa-press.net\/togo\/wp-json\/wp\/v2\/comments?post=18155"}],"version-history":[{"count":0,"href":"https:\/\/www.africa-press.net\/togo\/wp-json\/wp\/v2\/posts\/18155\/revisions"}],"wp:featuredmedia":[{"embeddable":true,"href":"https:\/\/www.africa-press.net\/togo\/wp-json\/wp\/v2\/media\/18154"}],"wp:attachment":[{"href":"https:\/\/www.africa-press.net\/togo\/wp-json\/wp\/v2\/media?parent=18155"}],"wp:term":[{"taxonomy":"category","embeddable":true,"href":"https:\/\/www.africa-press.net\/togo\/wp-json\/wp\/v2\/categories?post=18155"},{"taxonomy":"post_tag","embeddable":true,"href":"https:\/\/www.africa-press.net\/togo\/wp-json\/wp\/v2\/tags?post=18155"}],"curies":[{"name":"wp","href":"https:\/\/api.w.org\/{rel}","templated":true}]}}