{"id":18159,"date":"2023-03-06T20:01:18","date_gmt":"2023-03-06T20:01:18","guid":{"rendered":"https:\/\/www.africa-press.net\/togo\/politique\/afrique-les-tic-au-tac-entre-e-macron-et-f-tshisekedi"},"modified":"2023-03-06T21:29:13","modified_gmt":"2023-03-06T21:29:13","slug":"afrique-les-tic-au-tac-entre-e-macron-et-f-tshisekedi","status":"publish","type":"post","link":"https:\/\/www.africa-press.net\/togo\/politique\/afrique-les-tic-au-tac-entre-e-macron-et-f-tshisekedi","title":{"rendered":"Afrique\u2013Les \u00ab tic au tac \u00bb entre E. Macron et F. Tshis\u00e9k\u00e9di"},"content":{"rendered":"<p><span style=\"color: #ff6600\"><strong>Africa-Press &#8211; Togo. <\/strong><\/span>Dernie\u0300re e\u0301tape de sa tourne\u0301e en Afrique centrale apre\u0300s le Gabon, l\u2019Angola et le Congo Brazzaville, le se\u0301jour d\u2019Emmanuel Macron en Re\u0301publique De\u0301mocratique du Congo (RDC) a e\u0301te\u0301 marque\u0301 par des e\u0301changes sans me\u0301nagement entre celui-ci et son ho\u0302te congolais Fe\u0301lix Tshise\u0301ke\u0301di devant la presse. Le moins qu\u2019on puisse dire est que la parole entre les deux hommes d\u2019Etats e\u0301tait tre\u0300s libre.<\/p>\n<p>Le se\u0301jour du pre\u0301sident franc\u0327ais en RDC e\u0301tant place\u0301 sous le signe de \u00ab l\u2019histoire \u00bb, c\u2019est dans un lieu symboliquement historique que la confe\u0301rence de presse entre Emmanuel Macron et Fe\u0301lix Tshise\u0301ke\u0301di a e\u0301te\u0301 organise\u0301e. Il s\u2019agit du me\u0302me lieu ou Patrice Lumumba avait prononce\u0301 l\u2019inde\u0301pendance du pays.<\/p>\n<p>Devant les journalistes, les deux Chefs d\u2019Etats se sont livre\u0301s a\u0300 une sorte de joute verbale dont on saurait dire le vainqueur.<\/p>\n<p>Prenant le Franc\u0327ais a\u0300 ses propres mots de\u0301clarant un nouveau partenariat avec l\u2019Afrique, F. Tshisekedi n\u2019a pas he\u0301site\u0301 a\u0300 lui affirme\u0301 clairement : \u00ab Si la France veut e\u0302tre aujourd\u2019hui en compe\u0301tition avec tous les autres partenaires de l\u2019Afrique, elle doit se mettre au diapason de la politique africaine et de la manie\u0300re dont les peuples africains regardent de\u0301sormais les partenaires de coope\u0301ration \u00bb. Et d\u2019insister : \u00ab Regardez-nous autrement, sans regard paternaliste \u00bb. A ceci, E. Macron a re\u0301pondu : \u00ab On part d\u2019un nouveau pas! \u00bb.<\/p>\n<p>Sur la question du Rwanda, les deux pre\u0301sidents ne se sont pas fait de cadeaux. \u00ab Je reste dubitatif quant a\u0300 la bonne fois de ceux qui nous ont agresse\u0301s. Il n\u2019y avait aucune raison, je le rappelle, qui justifiait cette agression. Si ce n\u2019est des raisons e\u0301conomiques propres au Rwanda, instigateur de cette agression. Maintenant, la question est de savoir : Est-ce que le Rwanda peut se passer de ce pillage syste\u0301matique de la RDC, qui date maintenant d\u2019une vingtaine d\u2019anne\u0301e ? Et si c\u2019est le cas, c\u0327a se ve\u0301rifiera, a\u0300 travers ce processus. Et si ce n\u2019est pas le cas, c\u2019est la\u0300 que je ve\u0301rifierai les propos et les engagements du pre\u0301sident Macron, par rapport aux sanctions a\u0300 prendre contre le Rwanda \u00bb, a de\u0301clare\u0301 F. Tshise\u0301ke\u0301di. En retour son interlocuteur franc\u0327ais lui a re\u0301pondu : \u00ab Depuis 1994, et ce n\u2019est pas la faute de la France, pardon de le dire dans des termes aussi crus, vous n\u2019avez pas e\u0301te\u0301 capables de restaurer la souverainete\u0301, ni militaire, ni se\u0301curitaire, ni administrative, de votre pays. C\u2019est aussi une re\u0301alite\u0301. Il ne faut pas chercher des coupables a\u0300 l\u2019exte\u0301rieur de cette affaire \u00bb.<\/p>\n<p><strong>Pour plus d&rsquo;informations et d&rsquo;analyses sur la <a href=\"https:\/\/www.africa-press.net\/togo\">Togo<\/a>, suivez <a href=\"https:\/\/www.africa-press.net\/\">Africa-Press<\/a><\/strong><\/p>\n","protected":false},"excerpt":{"rendered":"<p>Africa-Press &#8211; Togo. Dernie\u0300re e\u0301tape de sa tourne\u0301e en Afrique centrale apre\u0300s le Gabon, l\u2019Angola et le Congo Brazzaville, le se\u0301jour d\u2019Emmanuel Macron en Re\u0301publique De\u0301mocratique du Congo (RDC) a e\u0301te\u0301 marque\u0301 par des e\u0301changes sans me\u0301nagement entre celui-ci et son ho\u0302te congolais Fe\u0301lix Tshise\u0301ke\u0301di devant la presse. Le moins qu\u2019on puisse dire est que [&hellip;]<\/p>\n","protected":false},"author":82,"featured_media":18158,"comment_status":"open","ping_status":"closed","sticky":false,"template":"","format":"standard","meta":{"footnotes":""},"categories":[2,20,10],"tags":[36,49,50],"class_list":["post-18159","post","type-post","status-publish","format-standard","has-post-thumbnail","hentry","category-politique","category-top-nouvelles","category-toutes-les-actualites","tag-africa-press","tag-africa-press-togo","tag-togo"],"yoast_head":"<!-- This site is optimized with the Yoast SEO Premium plugin v26.1 (Yoast SEO v27.0) - https:\/\/yoast.com\/product\/yoast-seo-premium-wordpress\/ -->\n<title>Afrique\u2013Les \u00ab tic au tac \u00bb entre E. Macron et F. Tshis\u00e9k\u00e9di - Togo<\/title>\n<meta name=\"description\" content=\"Dernie\u0300re e\u0301tape de sa tourne\u0301e en Afrique centrale apre\u0300s le Gabon, l\u2019Angola et le Congo Brazzaville, le se\u0301jour d\u2019Emma ...\" \/>\n<meta name=\"robots\" content=\"index, follow, max-snippet:-1, max-image-preview:large, max-video-preview:-1\" \/>\n<link rel=\"canonical\" href=\"https:\/\/www.africa-press.net\/togo\/politique\/afrique-les-tic-au-tac-entre-e-macron-et-f-tshisekedi\" \/>\n<meta property=\"og:locale\" content=\"fr_FR\" \/>\n<meta property=\"og:type\" content=\"article\" \/>\n<meta property=\"og:title\" content=\"Afrique\u2013Les \u00ab tic au tac \u00bb entre E. Macron et F. Tshis\u00e9k\u00e9di\" \/>\n<meta property=\"og:description\" content=\"Dernie\u0300re e\u0301tape de sa tourne\u0301e en Afrique centrale apre\u0300s le Gabon, l\u2019Angola et le Congo Brazzaville, le se\u0301jour d\u2019Emma ...\" \/>\n<meta property=\"og:url\" content=\"https:\/\/www.africa-press.net\/togo\/politique\/afrique-les-tic-au-tac-entre-e-macron-et-f-tshisekedi\" \/>\n<meta property=\"og:site_name\" content=\"Togo\" \/>\n<meta property=\"article:published_time\" content=\"2023-03-06T20:01:18+00:00\" \/>\n<meta property=\"article:modified_time\" content=\"2023-03-06T21:29:13+00:00\" \/>\n<meta property=\"og:image\" content=\"https:\/\/static.africa-press.net\/togo\/sites\/58\/2023\/03\/postQueueImg_1678120294.91.jpg\" \/>\n\t<meta property=\"og:image:width\" content=\"1236\" \/>\n\t<meta property=\"og:image:height\" content=\"800\" \/>\n\t<meta property=\"og:image:type\" content=\"image\/jpeg\" \/>\n<meta name=\"author\" content=\"cfeditorfr\" \/>\n<meta name=\"twitter:card\" content=\"summary_large_image\" \/>\n<meta name=\"twitter:label1\" content=\"\u00c9crit par\" \/>\n\t<meta name=\"twitter:data1\" content=\"cfeditorfr\" \/>\n\t<meta name=\"twitter:label2\" content=\"Dur\u00e9e de lecture estim\u00e9e\" \/>\n\t<meta name=\"twitter:data2\" content=\"2 minutes\" \/>\n<script type=\"application\/ld+json\" class=\"yoast-schema-graph\">{\"@context\":\"https:\/\/schema.org\",\"@graph\":[{\"@type\":\"Article\",\"@id\":\"https:\/\/www.africa-press.net\/togo\/politique\/afrique-les-tic-au-tac-entre-e-macron-et-f-tshisekedi#article\",\"isPartOf\":{\"@id\":\"https:\/\/www.africa-press.net\/togo\/politique\/afrique-les-tic-au-tac-entre-e-macron-et-f-tshisekedi\"},\"author\":{\"name\":\"cfeditorfr\",\"@id\":\"https:\/\/www.africa-press.net\/togo\/#\/schema\/person\/2b1cf3cd81a31e3cd26889ca66d677f1\"},\"headline\":\"Afrique\u2013Les \u00ab tic au tac \u00bb entre E. Macron et F. Tshis\u00e9k\u00e9di\",\"datePublished\":\"2023-03-06T20:01:18+00:00\",\"dateModified\":\"2023-03-06T21:29:13+00:00\",\"mainEntityOfPage\":{\"@id\":\"https:\/\/www.africa-press.net\/togo\/politique\/afrique-les-tic-au-tac-entre-e-macron-et-f-tshisekedi\"},\"wordCount\":506,\"commentCount\":0,\"image\":{\"@id\":\"https:\/\/www.africa-press.net\/togo\/politique\/afrique-les-tic-au-tac-entre-e-macron-et-f-tshisekedi#primaryimage\"},\"thumbnailUrl\":\"https:\/\/static.africa-press.net\/togo\/sites\/58\/2023\/03\/postQueueImg_1678120294.91.jpg\",\"keywords\":[\"Africa Press\",\"Africa Press-Togo\",\"Togo\"],\"articleSection\":[\"Politique\",\"Top Nouvelles\",\"Toutes les actualit\u00e9s\"],\"inLanguage\":\"fr-FR\",\"potentialAction\":[{\"@type\":\"CommentAction\",\"name\":\"Comment\",\"target\":[\"https:\/\/www.africa-press.net\/togo\/politique\/afrique-les-tic-au-tac-entre-e-macron-et-f-tshisekedi#respond\"]}]},{\"@type\":\"WebPage\",\"@id\":\"https:\/\/www.africa-press.net\/togo\/politique\/afrique-les-tic-au-tac-entre-e-macron-et-f-tshisekedi\",\"url\":\"https:\/\/www.africa-press.net\/togo\/politique\/afrique-les-tic-au-tac-entre-e-macron-et-f-tshisekedi\",\"name\":\"Afrique\u2013Les \u00ab tic au tac \u00bb entre E. Macron et F. Tshis\u00e9k\u00e9di - Togo\",\"isPartOf\":{\"@id\":\"https:\/\/www.africa-press.net\/togo\/#website\"},\"primaryImageOfPage\":{\"@id\":\"https:\/\/www.africa-press.net\/togo\/politique\/afrique-les-tic-au-tac-entre-e-macron-et-f-tshisekedi#primaryimage\"},\"image\":{\"@id\":\"https:\/\/www.africa-press.net\/togo\/politique\/afrique-les-tic-au-tac-entre-e-macron-et-f-tshisekedi#primaryimage\"},\"thumbnailUrl\":\"https:\/\/static.africa-press.net\/togo\/sites\/58\/2023\/03\/postQueueImg_1678120294.91.jpg\",\"datePublished\":\"2023-03-06T20:01:18+00:00\",\"dateModified\":\"2023-03-06T21:29:13+00:00\",\"author\":{\"@id\":\"https:\/\/www.africa-press.net\/togo\/#\/schema\/person\/2b1cf3cd81a31e3cd26889ca66d677f1\"},\"description\":\"Dernie\u0300re e\u0301tape de sa tourne\u0301e en Afrique centrale apre\u0300s le Gabon, l\u2019Angola et le Congo Brazzaville, le se\u0301jour d\u2019Emma ...\",\"breadcrumb\":{\"@id\":\"https:\/\/www.africa-press.net\/togo\/politique\/afrique-les-tic-au-tac-entre-e-macron-et-f-tshisekedi#breadcrumb\"},\"inLanguage\":\"fr-FR\",\"potentialAction\":[{\"@type\":\"ReadAction\",\"target\":[\"https:\/\/www.africa-press.net\/togo\/politique\/afrique-les-tic-au-tac-entre-e-macron-et-f-tshisekedi\"]}]},{\"@type\":\"ImageObject\",\"inLanguage\":\"fr-FR\",\"@id\":\"https:\/\/www.africa-press.net\/togo\/politique\/afrique-les-tic-au-tac-entre-e-macron-et-f-tshisekedi#primaryimage\",\"url\":\"https:\/\/static.africa-press.net\/togo\/sites\/58\/2023\/03\/postQueueImg_1678120294.91.jpg\",\"contentUrl\":\"https:\/\/static.africa-press.net\/togo\/sites\/58\/2023\/03\/postQueueImg_1678120294.91.jpg\",\"width\":1236,\"height\":800,\"caption\":\"Afrique\u2013Les \u00ab tic au tac \u00bb entre E. Macron et F. Tshis\u00e9k\u00e9di\"},{\"@type\":\"BreadcrumbList\",\"@id\":\"https:\/\/www.africa-press.net\/togo\/politique\/afrique-les-tic-au-tac-entre-e-macron-et-f-tshisekedi#breadcrumb\",\"itemListElement\":[{\"@type\":\"ListItem\",\"position\":1,\"name\":\"Accueil\",\"item\":\"https:\/\/www.africa-press.net\/togo\/\"},{\"@type\":\"ListItem\",\"position\":2,\"name\":\"Afrique\u2013Les \u00ab tic au tac \u00bb entre E. Macron et F. Tshis\u00e9k\u00e9di\"}]},{\"@type\":\"WebSite\",\"@id\":\"https:\/\/www.africa-press.net\/togo\/#website\",\"url\":\"https:\/\/www.africa-press.net\/togo\/\",\"name\":\"Togo\",\"description\":\"Just another Africa News Agency Sites site\",\"potentialAction\":[{\"@type\":\"SearchAction\",\"target\":{\"@type\":\"EntryPoint\",\"urlTemplate\":\"https:\/\/www.africa-press.net\/togo\/?s={search_term_string}\"},\"query-input\":{\"@type\":\"PropertyValueSpecification\",\"valueRequired\":true,\"valueName\":\"search_term_string\"}}],\"inLanguage\":\"fr-FR\"},{\"@type\":\"Person\",\"@id\":\"https:\/\/www.africa-press.net\/togo\/#\/schema\/person\/2b1cf3cd81a31e3cd26889ca66d677f1\",\"name\":\"cfeditorfr\"}]}<\/script>\n<!-- \/ Yoast SEO Premium plugin. -->","yoast_head_json":{"title":"Afrique\u2013Les \u00ab tic au tac \u00bb entre E. Macron et F. Tshis\u00e9k\u00e9di - Togo","description":"Dernie\u0300re e\u0301tape de sa tourne\u0301e en Afrique centrale apre\u0300s le Gabon, l\u2019Angola et le Congo Brazzaville, le se\u0301jour d\u2019Emma ...","robots":{"index":"index","follow":"follow","max-snippet":"max-snippet:-1","max-image-preview":"max-image-preview:large","max-video-preview":"max-video-preview:-1"},"canonical":"https:\/\/www.africa-press.net\/togo\/politique\/afrique-les-tic-au-tac-entre-e-macron-et-f-tshisekedi","og_locale":"fr_FR","og_type":"article","og_title":"Afrique\u2013Les \u00ab tic au tac \u00bb entre E. Macron et F. Tshis\u00e9k\u00e9di","og_description":"Dernie\u0300re e\u0301tape de sa tourne\u0301e en Afrique centrale apre\u0300s le Gabon, l\u2019Angola et le Congo Brazzaville, le se\u0301jour d\u2019Emma ...","og_url":"https:\/\/www.africa-press.net\/togo\/politique\/afrique-les-tic-au-tac-entre-e-macron-et-f-tshisekedi","og_site_name":"Togo","article_published_time":"2023-03-06T20:01:18+00:00","article_modified_time":"2023-03-06T21:29:13+00:00","og_image":[{"width":1236,"height":800,"url":"https:\/\/static.africa-press.net\/togo\/sites\/58\/2023\/03\/postQueueImg_1678120294.91.jpg","type":"image\/jpeg"}],"author":"cfeditorfr","twitter_card":"summary_large_image","twitter_misc":{"\u00c9crit par":"cfeditorfr","Dur\u00e9e de lecture estim\u00e9e":"2 minutes"},"schema":{"@context":"https:\/\/schema.org","@graph":[{"@type":"Article","@id":"https:\/\/www.africa-press.net\/togo\/politique\/afrique-les-tic-au-tac-entre-e-macron-et-f-tshisekedi#article","isPartOf":{"@id":"https:\/\/www.africa-press.net\/togo\/politique\/afrique-les-tic-au-tac-entre-e-macron-et-f-tshisekedi"},"author":{"name":"cfeditorfr","@id":"https:\/\/www.africa-press.net\/togo\/#\/schema\/person\/2b1cf3cd81a31e3cd26889ca66d677f1"},"headline":"Afrique\u2013Les \u00ab tic au tac \u00bb entre E. Macron et F. Tshis\u00e9k\u00e9di","datePublished":"2023-03-06T20:01:18+00:00","dateModified":"2023-03-06T21:29:13+00:00","mainEntityOfPage":{"@id":"https:\/\/www.africa-press.net\/togo\/politique\/afrique-les-tic-au-tac-entre-e-macron-et-f-tshisekedi"},"wordCount":506,"commentCount":0,"image":{"@id":"https:\/\/www.africa-press.net\/togo\/politique\/afrique-les-tic-au-tac-entre-e-macron-et-f-tshisekedi#primaryimage"},"thumbnailUrl":"https:\/\/static.africa-press.net\/togo\/sites\/58\/2023\/03\/postQueueImg_1678120294.91.jpg","keywords":["Africa Press","Africa Press-Togo","Togo"],"articleSection":["Politique","Top Nouvelles","Toutes les actualit\u00e9s"],"inLanguage":"fr-FR","potentialAction":[{"@type":"CommentAction","name":"Comment","target":["https:\/\/www.africa-press.net\/togo\/politique\/afrique-les-tic-au-tac-entre-e-macron-et-f-tshisekedi#respond"]}]},{"@type":"WebPage","@id":"https:\/\/www.africa-press.net\/togo\/politique\/afrique-les-tic-au-tac-entre-e-macron-et-f-tshisekedi","url":"https:\/\/www.africa-press.net\/togo\/politique\/afrique-les-tic-au-tac-entre-e-macron-et-f-tshisekedi","name":"Afrique\u2013Les \u00ab tic au tac \u00bb entre E. Macron et F. Tshis\u00e9k\u00e9di - Togo","isPartOf":{"@id":"https:\/\/www.africa-press.net\/togo\/#website"},"primaryImageOfPage":{"@id":"https:\/\/www.africa-press.net\/togo\/politique\/afrique-les-tic-au-tac-entre-e-macron-et-f-tshisekedi#primaryimage"},"image":{"@id":"https:\/\/www.africa-press.net\/togo\/politique\/afrique-les-tic-au-tac-entre-e-macron-et-f-tshisekedi#primaryimage"},"thumbnailUrl":"https:\/\/static.africa-press.net\/togo\/sites\/58\/2023\/03\/postQueueImg_1678120294.91.jpg","datePublished":"2023-03-06T20:01:18+00:00","dateModified":"2023-03-06T21:29:13+00:00","author":{"@id":"https:\/\/www.africa-press.net\/togo\/#\/schema\/person\/2b1cf3cd81a31e3cd26889ca66d677f1"},"description":"Dernie\u0300re e\u0301tape de sa tourne\u0301e en Afrique centrale apre\u0300s le Gabon, l\u2019Angola et le Congo Brazzaville, le se\u0301jour d\u2019Emma ...","breadcrumb":{"@id":"https:\/\/www.africa-press.net\/togo\/politique\/afrique-les-tic-au-tac-entre-e-macron-et-f-tshisekedi#breadcrumb"},"inLanguage":"fr-FR","potentialAction":[{"@type":"ReadAction","target":["https:\/\/www.africa-press.net\/togo\/politique\/afrique-les-tic-au-tac-entre-e-macron-et-f-tshisekedi"]}]},{"@type":"ImageObject","inLanguage":"fr-FR","@id":"https:\/\/www.africa-press.net\/togo\/politique\/afrique-les-tic-au-tac-entre-e-macron-et-f-tshisekedi#primaryimage","url":"https:\/\/static.africa-press.net\/togo\/sites\/58\/2023\/03\/postQueueImg_1678120294.91.jpg","contentUrl":"https:\/\/static.africa-press.net\/togo\/sites\/58\/2023\/03\/postQueueImg_1678120294.91.jpg","width":1236,"height":800,"caption":"Afrique\u2013Les \u00ab tic au tac \u00bb entre E. Macron et F. Tshis\u00e9k\u00e9di"},{"@type":"BreadcrumbList","@id":"https:\/\/www.africa-press.net\/togo\/politique\/afrique-les-tic-au-tac-entre-e-macron-et-f-tshisekedi#breadcrumb","itemListElement":[{"@type":"ListItem","position":1,"name":"Accueil","item":"https:\/\/www.africa-press.net\/togo\/"},{"@type":"ListItem","position":2,"name":"Afrique\u2013Les \u00ab tic au tac \u00bb entre E. Macron et F. Tshis\u00e9k\u00e9di"}]},{"@type":"WebSite","@id":"https:\/\/www.africa-press.net\/togo\/#website","url":"https:\/\/www.africa-press.net\/togo\/","name":"Togo","description":"Just another Africa News Agency Sites site","potentialAction":[{"@type":"SearchAction","target":{"@type":"EntryPoint","urlTemplate":"https:\/\/www.africa-press.net\/togo\/?s={search_term_string}"},"query-input":{"@type":"PropertyValueSpecification","valueRequired":true,"valueName":"search_term_string"}}],"inLanguage":"fr-FR"},{"@type":"Person","@id":"https:\/\/www.africa-press.net\/togo\/#\/schema\/person\/2b1cf3cd81a31e3cd26889ca66d677f1","name":"cfeditorfr"}]}},"_links":{"self":[{"href":"https:\/\/www.africa-press.net\/togo\/wp-json\/wp\/v2\/posts\/18159","targetHints":{"allow":["GET"]}}],"collection":[{"href":"https:\/\/www.africa-press.net\/togo\/wp-json\/wp\/v2\/posts"}],"about":[{"href":"https:\/\/www.africa-press.net\/togo\/wp-json\/wp\/v2\/types\/post"}],"author":[{"embeddable":true,"href":"https:\/\/www.africa-press.net\/togo\/wp-json\/wp\/v2\/users\/82"}],"replies":[{"embeddable":true,"href":"https:\/\/www.africa-press.net\/togo\/wp-json\/wp\/v2\/comments?post=18159"}],"version-history":[{"count":0,"href":"https:\/\/www.africa-press.net\/togo\/wp-json\/wp\/v2\/posts\/18159\/revisions"}],"wp:featuredmedia":[{"embeddable":true,"href":"https:\/\/www.africa-press.net\/togo\/wp-json\/wp\/v2\/media\/18158"}],"wp:attachment":[{"href":"https:\/\/www.africa-press.net\/togo\/wp-json\/wp\/v2\/media?parent=18159"}],"wp:term":[{"taxonomy":"category","embeddable":true,"href":"https:\/\/www.africa-press.net\/togo\/wp-json\/wp\/v2\/categories?post=18159"},{"taxonomy":"post_tag","embeddable":true,"href":"https:\/\/www.africa-press.net\/togo\/wp-json\/wp\/v2\/tags?post=18159"}],"curies":[{"name":"wp","href":"https:\/\/api.w.org\/{rel}","templated":true}]}}