{"id":18161,"date":"2023-03-06T20:01:38","date_gmt":"2023-03-06T20:01:38","guid":{"rendered":"https:\/\/www.africa-press.net\/togo\/politique\/afrique-ce-que-patrice-talon-pense-du-groupe-wagner"},"modified":"2023-03-06T21:29:50","modified_gmt":"2023-03-06T21:29:50","slug":"afrique-ce-que-patrice-talon-pense-du-groupe-wagner","status":"publish","type":"post","link":"https:\/\/www.africa-press.net\/togo\/politique\/afrique-ce-que-patrice-talon-pense-du-groupe-wagner","title":{"rendered":"Afrique-Ce que Patrice Talon pense du groupe Wagner"},"content":{"rendered":"<p><span style=\"color: #ff6600\"><strong>Africa-Press &#8211; Togo. <\/strong><\/span><b>C\u2019est l\u2019un des sujets les plus e\u0301vite\u0301s par les chefs d\u2019Etat africains, surtout ceux des pays francophones. La pre\u0301sence du groupe russe Wagner en Afrique. Mais dans un entretien accorde\u0301 a\u0300 LCI, le pre\u0301sident be\u0301ninois, Patrice Talon s\u2019est prononce\u0301 sur le sujet.<\/b><\/p>\n<p>A\u0300 l\u2019instar de beaucoup d\u2019autres diplomates africains, Patrice Talon s\u2019est montre\u0301 tre\u0300s prudent sur la question. D\u2019apre\u0300s lui, la pre\u0301sence du groupe russe dans les pays africains, en proie du terrorisme, n\u2019est pas condamnable.<\/p>\n<p>\u00ab Si la mission de Wagner est purement se\u0301curitaire, sur le principe, ce n\u2019est pas condamnable \u00bb, a-t-il confie\u0301.<\/p>\n<p>Cependant, si le groupe proche du pouvoir de Vladimir Poutine doit e\u0302tre utilise\u0301 pour commettre des exactions, le pre\u0301sident be\u0301ninois estime qu\u2019il n\u2019est pas le bienvenu sur le continent.<\/p>\n<p>\u00ab Si c\u2019est pour servir un re\u0301gime pour des exactions, cela est condamnable \u00bb, a-t-il martele\u0301.<\/p>\n<p>Au de\u0301but, leur pre\u0301sence n\u2019est souvent qu\u2019une rumeur. Plus tard, c\u2019est un secret de polichinelle. Des e\u0301le\u0301ments du groupe Wagner sont actifs dans plusieurs pays africains.<\/p>\n<p>En Re\u0301publique centrafricaine, par exemple, 1 890 \u00ab instructeurs russes \u00bb soutiennent les troupes gouvernementales dans la guerre civile en cours, selon l\u2019ambassadeur de Russie.<\/p>\n<p>En Libye, jusqu\u2019a\u0300 1 200 agents wagne\u0301riens combattraient aux co\u0302te\u0301s du chef rebelle Khalifa Hifter. Au Mali, le pouvoir militaire pro-russe a e\u0301galement fait venir des centaines de combattants du Wagner dans le pays. Me\u0302me si ce n\u2019est pas encore officiel, les traces du ce\u0301le\u0300bre groupe russe se font aussi remarquer au Burkina Faso.<\/p>\n<p><strong>Pour plus d&rsquo;informations et d&rsquo;analyses sur la <a href=\"https:\/\/www.africa-press.net\/togo\">Togo<\/a>, suivez <a href=\"https:\/\/www.africa-press.net\/\">Africa-Press<\/a><\/strong><\/p>\n","protected":false},"excerpt":{"rendered":"<p>Africa-Press &#8211; Togo. C\u2019est l\u2019un des sujets les plus e\u0301vite\u0301s par les chefs d\u2019Etat africains, surtout ceux des pays francophones. La pre\u0301sence du groupe russe Wagner en Afrique. Mais dans un entretien accorde\u0301 a\u0300 LCI, le pre\u0301sident be\u0301ninois, Patrice Talon s\u2019est prononce\u0301 sur le sujet. A\u0300 l\u2019instar de beaucoup d\u2019autres diplomates africains, Patrice Talon s\u2019est [&hellip;]<\/p>\n","protected":false},"author":82,"featured_media":18160,"comment_status":"open","ping_status":"closed","sticky":false,"template":"","format":"standard","meta":{"footnotes":""},"categories":[2,10],"tags":[36,49,50],"class_list":["post-18161","post","type-post","status-publish","format-standard","has-post-thumbnail","hentry","category-politique","category-toutes-les-actualites","tag-africa-press","tag-africa-press-togo","tag-togo"],"yoast_head":"<!-- This site is optimized with the Yoast SEO Premium plugin v26.1 (Yoast SEO v27.0) - https:\/\/yoast.com\/product\/yoast-seo-premium-wordpress\/ -->\n<title>Afrique-Ce que Patrice Talon pense du groupe Wagner - Togo<\/title>\n<meta name=\"description\" content=\"C\u2019est l\u2019un des sujets les plus e\u0301vite\u0301s par les chefs d\u2019Etat africains, surtout ceux des pays francophones. La pre\u0301se ...\" \/>\n<meta name=\"robots\" content=\"index, follow, max-snippet:-1, max-image-preview:large, max-video-preview:-1\" \/>\n<link rel=\"canonical\" href=\"https:\/\/www.africa-press.net\/togo\/politique\/afrique-ce-que-patrice-talon-pense-du-groupe-wagner\" \/>\n<meta property=\"og:locale\" content=\"fr_FR\" \/>\n<meta property=\"og:type\" content=\"article\" \/>\n<meta property=\"og:title\" content=\"Afrique-Ce que Patrice Talon pense du groupe Wagner\" \/>\n<meta property=\"og:description\" content=\"C\u2019est l\u2019un des sujets les plus e\u0301vite\u0301s par les chefs d\u2019Etat africains, surtout ceux des pays francophones. La pre\u0301se ...\" \/>\n<meta property=\"og:url\" content=\"https:\/\/www.africa-press.net\/togo\/politique\/afrique-ce-que-patrice-talon-pense-du-groupe-wagner\" \/>\n<meta property=\"og:site_name\" content=\"Togo\" \/>\n<meta property=\"article:published_time\" content=\"2023-03-06T20:01:38+00:00\" \/>\n<meta property=\"article:modified_time\" content=\"2023-03-06T21:29:50+00:00\" \/>\n<meta property=\"og:image\" content=\"https:\/\/static.africa-press.net\/togo\/sites\/58\/2023\/03\/postQueueImg_1678120302.04.jpg\" \/>\n\t<meta property=\"og:image:width\" content=\"1280\" \/>\n\t<meta property=\"og:image:height\" content=\"800\" \/>\n\t<meta property=\"og:image:type\" content=\"image\/jpeg\" \/>\n<meta name=\"author\" content=\"cfeditorfr\" \/>\n<meta name=\"twitter:card\" content=\"summary_large_image\" \/>\n<meta name=\"twitter:label1\" content=\"\u00c9crit par\" \/>\n\t<meta name=\"twitter:data1\" content=\"cfeditorfr\" \/>\n\t<meta name=\"twitter:label2\" content=\"Dur\u00e9e de lecture estim\u00e9e\" \/>\n\t<meta name=\"twitter:data2\" content=\"1 minute\" \/>\n<script type=\"application\/ld+json\" class=\"yoast-schema-graph\">{\"@context\":\"https:\/\/schema.org\",\"@graph\":[{\"@type\":\"Article\",\"@id\":\"https:\/\/www.africa-press.net\/togo\/politique\/afrique-ce-que-patrice-talon-pense-du-groupe-wagner#article\",\"isPartOf\":{\"@id\":\"https:\/\/www.africa-press.net\/togo\/politique\/afrique-ce-que-patrice-talon-pense-du-groupe-wagner\"},\"author\":{\"name\":\"cfeditorfr\",\"@id\":\"https:\/\/www.africa-press.net\/togo\/#\/schema\/person\/2b1cf3cd81a31e3cd26889ca66d677f1\"},\"headline\":\"Afrique-Ce que Patrice Talon pense du groupe Wagner\",\"datePublished\":\"2023-03-06T20:01:38+00:00\",\"dateModified\":\"2023-03-06T21:29:50+00:00\",\"mainEntityOfPage\":{\"@id\":\"https:\/\/www.africa-press.net\/togo\/politique\/afrique-ce-que-patrice-talon-pense-du-groupe-wagner\"},\"wordCount\":302,\"commentCount\":0,\"image\":{\"@id\":\"https:\/\/www.africa-press.net\/togo\/politique\/afrique-ce-que-patrice-talon-pense-du-groupe-wagner#primaryimage\"},\"thumbnailUrl\":\"https:\/\/static.africa-press.net\/togo\/sites\/58\/2023\/03\/postQueueImg_1678120302.04.jpg\",\"keywords\":[\"Africa Press\",\"Africa Press-Togo\",\"Togo\"],\"articleSection\":[\"Politique\",\"Toutes les actualit\u00e9s\"],\"inLanguage\":\"fr-FR\",\"potentialAction\":[{\"@type\":\"CommentAction\",\"name\":\"Comment\",\"target\":[\"https:\/\/www.africa-press.net\/togo\/politique\/afrique-ce-que-patrice-talon-pense-du-groupe-wagner#respond\"]}]},{\"@type\":\"WebPage\",\"@id\":\"https:\/\/www.africa-press.net\/togo\/politique\/afrique-ce-que-patrice-talon-pense-du-groupe-wagner\",\"url\":\"https:\/\/www.africa-press.net\/togo\/politique\/afrique-ce-que-patrice-talon-pense-du-groupe-wagner\",\"name\":\"Afrique-Ce que Patrice Talon pense du groupe Wagner - Togo\",\"isPartOf\":{\"@id\":\"https:\/\/www.africa-press.net\/togo\/#website\"},\"primaryImageOfPage\":{\"@id\":\"https:\/\/www.africa-press.net\/togo\/politique\/afrique-ce-que-patrice-talon-pense-du-groupe-wagner#primaryimage\"},\"image\":{\"@id\":\"https:\/\/www.africa-press.net\/togo\/politique\/afrique-ce-que-patrice-talon-pense-du-groupe-wagner#primaryimage\"},\"thumbnailUrl\":\"https:\/\/static.africa-press.net\/togo\/sites\/58\/2023\/03\/postQueueImg_1678120302.04.jpg\",\"datePublished\":\"2023-03-06T20:01:38+00:00\",\"dateModified\":\"2023-03-06T21:29:50+00:00\",\"author\":{\"@id\":\"https:\/\/www.africa-press.net\/togo\/#\/schema\/person\/2b1cf3cd81a31e3cd26889ca66d677f1\"},\"description\":\"C\u2019est l\u2019un des sujets les plus e\u0301vite\u0301s par les chefs d\u2019Etat africains, surtout ceux des pays francophones. La pre\u0301se ...\",\"breadcrumb\":{\"@id\":\"https:\/\/www.africa-press.net\/togo\/politique\/afrique-ce-que-patrice-talon-pense-du-groupe-wagner#breadcrumb\"},\"inLanguage\":\"fr-FR\",\"potentialAction\":[{\"@type\":\"ReadAction\",\"target\":[\"https:\/\/www.africa-press.net\/togo\/politique\/afrique-ce-que-patrice-talon-pense-du-groupe-wagner\"]}]},{\"@type\":\"ImageObject\",\"inLanguage\":\"fr-FR\",\"@id\":\"https:\/\/www.africa-press.net\/togo\/politique\/afrique-ce-que-patrice-talon-pense-du-groupe-wagner#primaryimage\",\"url\":\"https:\/\/static.africa-press.net\/togo\/sites\/58\/2023\/03\/postQueueImg_1678120302.04.jpg\",\"contentUrl\":\"https:\/\/static.africa-press.net\/togo\/sites\/58\/2023\/03\/postQueueImg_1678120302.04.jpg\",\"width\":1280,\"height\":800,\"caption\":\"Afrique-Ce que Patrice Talon pense du groupe Wagner\"},{\"@type\":\"BreadcrumbList\",\"@id\":\"https:\/\/www.africa-press.net\/togo\/politique\/afrique-ce-que-patrice-talon-pense-du-groupe-wagner#breadcrumb\",\"itemListElement\":[{\"@type\":\"ListItem\",\"position\":1,\"name\":\"Accueil\",\"item\":\"https:\/\/www.africa-press.net\/togo\/\"},{\"@type\":\"ListItem\",\"position\":2,\"name\":\"Afrique-Ce que Patrice Talon pense du groupe Wagner\"}]},{\"@type\":\"WebSite\",\"@id\":\"https:\/\/www.africa-press.net\/togo\/#website\",\"url\":\"https:\/\/www.africa-press.net\/togo\/\",\"name\":\"Togo\",\"description\":\"Just another Africa News Agency Sites site\",\"potentialAction\":[{\"@type\":\"SearchAction\",\"target\":{\"@type\":\"EntryPoint\",\"urlTemplate\":\"https:\/\/www.africa-press.net\/togo\/?s={search_term_string}\"},\"query-input\":{\"@type\":\"PropertyValueSpecification\",\"valueRequired\":true,\"valueName\":\"search_term_string\"}}],\"inLanguage\":\"fr-FR\"},{\"@type\":\"Person\",\"@id\":\"https:\/\/www.africa-press.net\/togo\/#\/schema\/person\/2b1cf3cd81a31e3cd26889ca66d677f1\",\"name\":\"cfeditorfr\"}]}<\/script>\n<!-- \/ Yoast SEO Premium plugin. -->","yoast_head_json":{"title":"Afrique-Ce que Patrice Talon pense du groupe Wagner - Togo","description":"C\u2019est l\u2019un des sujets les plus e\u0301vite\u0301s par les chefs d\u2019Etat africains, surtout ceux des pays francophones. La pre\u0301se ...","robots":{"index":"index","follow":"follow","max-snippet":"max-snippet:-1","max-image-preview":"max-image-preview:large","max-video-preview":"max-video-preview:-1"},"canonical":"https:\/\/www.africa-press.net\/togo\/politique\/afrique-ce-que-patrice-talon-pense-du-groupe-wagner","og_locale":"fr_FR","og_type":"article","og_title":"Afrique-Ce que Patrice Talon pense du groupe Wagner","og_description":"C\u2019est l\u2019un des sujets les plus e\u0301vite\u0301s par les chefs d\u2019Etat africains, surtout ceux des pays francophones. La pre\u0301se ...","og_url":"https:\/\/www.africa-press.net\/togo\/politique\/afrique-ce-que-patrice-talon-pense-du-groupe-wagner","og_site_name":"Togo","article_published_time":"2023-03-06T20:01:38+00:00","article_modified_time":"2023-03-06T21:29:50+00:00","og_image":[{"width":1280,"height":800,"url":"https:\/\/static.africa-press.net\/togo\/sites\/58\/2023\/03\/postQueueImg_1678120302.04.jpg","type":"image\/jpeg"}],"author":"cfeditorfr","twitter_card":"summary_large_image","twitter_misc":{"\u00c9crit par":"cfeditorfr","Dur\u00e9e de lecture estim\u00e9e":"1 minute"},"schema":{"@context":"https:\/\/schema.org","@graph":[{"@type":"Article","@id":"https:\/\/www.africa-press.net\/togo\/politique\/afrique-ce-que-patrice-talon-pense-du-groupe-wagner#article","isPartOf":{"@id":"https:\/\/www.africa-press.net\/togo\/politique\/afrique-ce-que-patrice-talon-pense-du-groupe-wagner"},"author":{"name":"cfeditorfr","@id":"https:\/\/www.africa-press.net\/togo\/#\/schema\/person\/2b1cf3cd81a31e3cd26889ca66d677f1"},"headline":"Afrique-Ce que Patrice Talon pense du groupe Wagner","datePublished":"2023-03-06T20:01:38+00:00","dateModified":"2023-03-06T21:29:50+00:00","mainEntityOfPage":{"@id":"https:\/\/www.africa-press.net\/togo\/politique\/afrique-ce-que-patrice-talon-pense-du-groupe-wagner"},"wordCount":302,"commentCount":0,"image":{"@id":"https:\/\/www.africa-press.net\/togo\/politique\/afrique-ce-que-patrice-talon-pense-du-groupe-wagner#primaryimage"},"thumbnailUrl":"https:\/\/static.africa-press.net\/togo\/sites\/58\/2023\/03\/postQueueImg_1678120302.04.jpg","keywords":["Africa Press","Africa Press-Togo","Togo"],"articleSection":["Politique","Toutes les actualit\u00e9s"],"inLanguage":"fr-FR","potentialAction":[{"@type":"CommentAction","name":"Comment","target":["https:\/\/www.africa-press.net\/togo\/politique\/afrique-ce-que-patrice-talon-pense-du-groupe-wagner#respond"]}]},{"@type":"WebPage","@id":"https:\/\/www.africa-press.net\/togo\/politique\/afrique-ce-que-patrice-talon-pense-du-groupe-wagner","url":"https:\/\/www.africa-press.net\/togo\/politique\/afrique-ce-que-patrice-talon-pense-du-groupe-wagner","name":"Afrique-Ce que Patrice Talon pense du groupe Wagner - Togo","isPartOf":{"@id":"https:\/\/www.africa-press.net\/togo\/#website"},"primaryImageOfPage":{"@id":"https:\/\/www.africa-press.net\/togo\/politique\/afrique-ce-que-patrice-talon-pense-du-groupe-wagner#primaryimage"},"image":{"@id":"https:\/\/www.africa-press.net\/togo\/politique\/afrique-ce-que-patrice-talon-pense-du-groupe-wagner#primaryimage"},"thumbnailUrl":"https:\/\/static.africa-press.net\/togo\/sites\/58\/2023\/03\/postQueueImg_1678120302.04.jpg","datePublished":"2023-03-06T20:01:38+00:00","dateModified":"2023-03-06T21:29:50+00:00","author":{"@id":"https:\/\/www.africa-press.net\/togo\/#\/schema\/person\/2b1cf3cd81a31e3cd26889ca66d677f1"},"description":"C\u2019est l\u2019un des sujets les plus e\u0301vite\u0301s par les chefs d\u2019Etat africains, surtout ceux des pays francophones. La pre\u0301se ...","breadcrumb":{"@id":"https:\/\/www.africa-press.net\/togo\/politique\/afrique-ce-que-patrice-talon-pense-du-groupe-wagner#breadcrumb"},"inLanguage":"fr-FR","potentialAction":[{"@type":"ReadAction","target":["https:\/\/www.africa-press.net\/togo\/politique\/afrique-ce-que-patrice-talon-pense-du-groupe-wagner"]}]},{"@type":"ImageObject","inLanguage":"fr-FR","@id":"https:\/\/www.africa-press.net\/togo\/politique\/afrique-ce-que-patrice-talon-pense-du-groupe-wagner#primaryimage","url":"https:\/\/static.africa-press.net\/togo\/sites\/58\/2023\/03\/postQueueImg_1678120302.04.jpg","contentUrl":"https:\/\/static.africa-press.net\/togo\/sites\/58\/2023\/03\/postQueueImg_1678120302.04.jpg","width":1280,"height":800,"caption":"Afrique-Ce que Patrice Talon pense du groupe Wagner"},{"@type":"BreadcrumbList","@id":"https:\/\/www.africa-press.net\/togo\/politique\/afrique-ce-que-patrice-talon-pense-du-groupe-wagner#breadcrumb","itemListElement":[{"@type":"ListItem","position":1,"name":"Accueil","item":"https:\/\/www.africa-press.net\/togo\/"},{"@type":"ListItem","position":2,"name":"Afrique-Ce que Patrice Talon pense du groupe Wagner"}]},{"@type":"WebSite","@id":"https:\/\/www.africa-press.net\/togo\/#website","url":"https:\/\/www.africa-press.net\/togo\/","name":"Togo","description":"Just another Africa News Agency Sites site","potentialAction":[{"@type":"SearchAction","target":{"@type":"EntryPoint","urlTemplate":"https:\/\/www.africa-press.net\/togo\/?s={search_term_string}"},"query-input":{"@type":"PropertyValueSpecification","valueRequired":true,"valueName":"search_term_string"}}],"inLanguage":"fr-FR"},{"@type":"Person","@id":"https:\/\/www.africa-press.net\/togo\/#\/schema\/person\/2b1cf3cd81a31e3cd26889ca66d677f1","name":"cfeditorfr"}]}},"_links":{"self":[{"href":"https:\/\/www.africa-press.net\/togo\/wp-json\/wp\/v2\/posts\/18161","targetHints":{"allow":["GET"]}}],"collection":[{"href":"https:\/\/www.africa-press.net\/togo\/wp-json\/wp\/v2\/posts"}],"about":[{"href":"https:\/\/www.africa-press.net\/togo\/wp-json\/wp\/v2\/types\/post"}],"author":[{"embeddable":true,"href":"https:\/\/www.africa-press.net\/togo\/wp-json\/wp\/v2\/users\/82"}],"replies":[{"embeddable":true,"href":"https:\/\/www.africa-press.net\/togo\/wp-json\/wp\/v2\/comments?post=18161"}],"version-history":[{"count":0,"href":"https:\/\/www.africa-press.net\/togo\/wp-json\/wp\/v2\/posts\/18161\/revisions"}],"wp:featuredmedia":[{"embeddable":true,"href":"https:\/\/www.africa-press.net\/togo\/wp-json\/wp\/v2\/media\/18160"}],"wp:attachment":[{"href":"https:\/\/www.africa-press.net\/togo\/wp-json\/wp\/v2\/media?parent=18161"}],"wp:term":[{"taxonomy":"category","embeddable":true,"href":"https:\/\/www.africa-press.net\/togo\/wp-json\/wp\/v2\/categories?post=18161"},{"taxonomy":"post_tag","embeddable":true,"href":"https:\/\/www.africa-press.net\/togo\/wp-json\/wp\/v2\/tags?post=18161"}],"curies":[{"name":"wp","href":"https:\/\/api.w.org\/{rel}","templated":true}]}}