{"id":18163,"date":"2023-03-06T20:01:46","date_gmt":"2023-03-06T20:01:46","guid":{"rendered":"https:\/\/www.africa-press.net\/togo\/politique\/togo-1-989-ecoles-privees-reconnues-par-letat"},"modified":"2023-03-06T21:30:34","modified_gmt":"2023-03-06T21:30:34","slug":"togo-1-989-ecoles-privees-reconnues-par-letat","status":"publish","type":"post","link":"https:\/\/www.africa-press.net\/togo\/politique\/togo-1-989-ecoles-privees-reconnues-par-letat","title":{"rendered":"Togo-1.989 \u00e9coles priv\u00e9es reconnues par l\u2019Etat"},"content":{"rendered":"<p><span style=\"color: #ff6600\"><strong>Africa-Press &#8211; Togo. <\/strong><\/span><b>Le ministre des Enseignements primaire, secondaire, technique et de l\u2019Artisanat, Prof Dodzi Komla Kokoroko a re\u0301cemment rendu publique une liste des e\u0301coles prive\u0301es confessionnelles et lai\u0308cs reconnues le\u0301gales par l\u2019Etat. <\/b><\/p>\n<p>Sur l\u2019ensemble du territoire togolais, seuls 1.989 e\u0301tablissements prive\u0301s du primaire, colle\u0300ge et lyce\u0301e ont e\u0301te\u0301 reconnus le\u0301gaux. Et c\u2019est suite a\u0300 une mission de contro\u0302le mene\u0301e par une commission d\u2019agre\u0301ment mise en place par gouvernement.<\/p>\n<p>Par exemple dans le Grand Lome\u0301, le maillage a permis de de\u0301nombrer 116 e\u0301coles prive\u0301es le\u0301gales a\u0300 Lome\u0301-Ouest, 64 au Grand Lome\u0301-Ouest, 48 et 52 pour Lome\u0301-Centre et l\u2019IEPP Lome\u0301, 111 dans le Grand Lome\u0301-Est et 68 dans la pre\u0301fecture d\u2019Agoe\u0300-Nyive\u0301.<\/p>\n<p>Ces e\u0301coles de\u0301clare\u0301e le\u0301gales sont autorise\u0301es a\u0300 ouvrir l\u2019anne\u0301e prochaine. Par ailleurs, les promoteurs des e\u0301tablissements qui sont en situation irre\u0301gulie\u0300re ont jusqu\u2019au 30 avril 2023, de\u0301lai de rigueur, pour se conformer aux dispositions pertinentes. Auquel cas, leurs e\u0301tablissements ne seront pas autorise\u0301s a\u0300 ouvrir la rentre\u0301e prochaine.<\/p>\n<p><strong>Pour plus d&rsquo;informations et d&rsquo;analyses sur la <a href=\"https:\/\/www.africa-press.net\/togo\">Togo<\/a>, suivez <a href=\"https:\/\/www.africa-press.net\/\">Africa-Press<\/a><\/strong><\/p>\n","protected":false},"excerpt":{"rendered":"<p>Africa-Press &#8211; Togo. Le ministre des Enseignements primaire, secondaire, technique et de l\u2019Artisanat, Prof Dodzi Komla Kokoroko a re\u0301cemment rendu publique une liste des e\u0301coles prive\u0301es confessionnelles et lai\u0308cs reconnues le\u0301gales par l\u2019Etat. Sur l\u2019ensemble du territoire togolais, seuls 1.989 e\u0301tablissements prive\u0301s du primaire, colle\u0300ge et lyce\u0301e ont e\u0301te\u0301 reconnus le\u0301gaux. Et c\u2019est suite a\u0300 [&hellip;]<\/p>\n","protected":false},"author":82,"featured_media":18162,"comment_status":"open","ping_status":"closed","sticky":false,"template":"","format":"standard","meta":{"footnotes":""},"categories":[2,10],"tags":[36,49,50],"class_list":["post-18163","post","type-post","status-publish","format-standard","has-post-thumbnail","hentry","category-politique","category-toutes-les-actualites","tag-africa-press","tag-africa-press-togo","tag-togo"],"yoast_head":"<!-- This site is optimized with the Yoast SEO Premium plugin v26.1 (Yoast SEO v27.0) - https:\/\/yoast.com\/product\/yoast-seo-premium-wordpress\/ -->\n<title>Togo-1.989 \u00e9coles priv\u00e9es reconnues par l\u2019Etat - Togo<\/title>\n<meta name=\"description\" content=\"Le ministre des Enseignements primaire, secondaire, technique et de l\u2019Artisanat, Prof Dodzi Komla Kokoroko a re\u0301cemme ...\" \/>\n<meta name=\"robots\" content=\"index, follow, max-snippet:-1, max-image-preview:large, max-video-preview:-1\" \/>\n<link rel=\"canonical\" href=\"https:\/\/www.africa-press.net\/togo\/politique\/togo-1-989-ecoles-privees-reconnues-par-letat\" \/>\n<meta property=\"og:locale\" content=\"fr_FR\" \/>\n<meta property=\"og:type\" content=\"article\" \/>\n<meta property=\"og:title\" content=\"Togo-1.989 \u00e9coles priv\u00e9es reconnues par l\u2019Etat\" \/>\n<meta property=\"og:description\" content=\"Le ministre des Enseignements primaire, secondaire, technique et de l\u2019Artisanat, Prof Dodzi Komla Kokoroko a re\u0301cemme ...\" \/>\n<meta property=\"og:url\" content=\"https:\/\/www.africa-press.net\/togo\/politique\/togo-1-989-ecoles-privees-reconnues-par-letat\" \/>\n<meta property=\"og:site_name\" content=\"Togo\" \/>\n<meta property=\"article:published_time\" content=\"2023-03-06T20:01:46+00:00\" \/>\n<meta property=\"article:modified_time\" content=\"2023-03-06T21:30:34+00:00\" \/>\n<meta property=\"og:image\" content=\"https:\/\/static.africa-press.net\/togo\/sites\/58\/2023\/03\/postQueueImg_1678120322.54.jpg\" \/>\n\t<meta property=\"og:image:width\" content=\"1280\" \/>\n\t<meta property=\"og:image:height\" content=\"802\" \/>\n\t<meta property=\"og:image:type\" content=\"image\/jpeg\" \/>\n<meta name=\"author\" content=\"cfeditorfr\" \/>\n<meta name=\"twitter:card\" content=\"summary_large_image\" \/>\n<meta name=\"twitter:label1\" content=\"\u00c9crit par\" \/>\n\t<meta name=\"twitter:data1\" content=\"cfeditorfr\" \/>\n\t<meta name=\"twitter:label2\" content=\"Dur\u00e9e de lecture estim\u00e9e\" \/>\n\t<meta name=\"twitter:data2\" content=\"1 minute\" \/>\n<script type=\"application\/ld+json\" class=\"yoast-schema-graph\">{\"@context\":\"https:\/\/schema.org\",\"@graph\":[{\"@type\":\"Article\",\"@id\":\"https:\/\/www.africa-press.net\/togo\/politique\/togo-1-989-ecoles-privees-reconnues-par-letat#article\",\"isPartOf\":{\"@id\":\"https:\/\/www.africa-press.net\/togo\/politique\/togo-1-989-ecoles-privees-reconnues-par-letat\"},\"author\":{\"name\":\"cfeditorfr\",\"@id\":\"https:\/\/www.africa-press.net\/togo\/#\/schema\/person\/2b1cf3cd81a31e3cd26889ca66d677f1\"},\"headline\":\"Togo-1.989 \u00e9coles priv\u00e9es reconnues par l\u2019Etat\",\"datePublished\":\"2023-03-06T20:01:46+00:00\",\"dateModified\":\"2023-03-06T21:30:34+00:00\",\"mainEntityOfPage\":{\"@id\":\"https:\/\/www.africa-press.net\/togo\/politique\/togo-1-989-ecoles-privees-reconnues-par-letat\"},\"wordCount\":215,\"commentCount\":0,\"image\":{\"@id\":\"https:\/\/www.africa-press.net\/togo\/politique\/togo-1-989-ecoles-privees-reconnues-par-letat#primaryimage\"},\"thumbnailUrl\":\"https:\/\/static.africa-press.net\/togo\/sites\/58\/2023\/03\/postQueueImg_1678120322.54.jpg\",\"keywords\":[\"Africa Press\",\"Africa Press-Togo\",\"Togo\"],\"articleSection\":[\"Politique\",\"Toutes les actualit\u00e9s\"],\"inLanguage\":\"fr-FR\",\"potentialAction\":[{\"@type\":\"CommentAction\",\"name\":\"Comment\",\"target\":[\"https:\/\/www.africa-press.net\/togo\/politique\/togo-1-989-ecoles-privees-reconnues-par-letat#respond\"]}]},{\"@type\":\"WebPage\",\"@id\":\"https:\/\/www.africa-press.net\/togo\/politique\/togo-1-989-ecoles-privees-reconnues-par-letat\",\"url\":\"https:\/\/www.africa-press.net\/togo\/politique\/togo-1-989-ecoles-privees-reconnues-par-letat\",\"name\":\"Togo-1.989 \u00e9coles priv\u00e9es reconnues par l\u2019Etat - Togo\",\"isPartOf\":{\"@id\":\"https:\/\/www.africa-press.net\/togo\/#website\"},\"primaryImageOfPage\":{\"@id\":\"https:\/\/www.africa-press.net\/togo\/politique\/togo-1-989-ecoles-privees-reconnues-par-letat#primaryimage\"},\"image\":{\"@id\":\"https:\/\/www.africa-press.net\/togo\/politique\/togo-1-989-ecoles-privees-reconnues-par-letat#primaryimage\"},\"thumbnailUrl\":\"https:\/\/static.africa-press.net\/togo\/sites\/58\/2023\/03\/postQueueImg_1678120322.54.jpg\",\"datePublished\":\"2023-03-06T20:01:46+00:00\",\"dateModified\":\"2023-03-06T21:30:34+00:00\",\"author\":{\"@id\":\"https:\/\/www.africa-press.net\/togo\/#\/schema\/person\/2b1cf3cd81a31e3cd26889ca66d677f1\"},\"description\":\"Le ministre des Enseignements primaire, secondaire, technique et de l\u2019Artisanat, Prof Dodzi Komla Kokoroko a re\u0301cemme ...\",\"breadcrumb\":{\"@id\":\"https:\/\/www.africa-press.net\/togo\/politique\/togo-1-989-ecoles-privees-reconnues-par-letat#breadcrumb\"},\"inLanguage\":\"fr-FR\",\"potentialAction\":[{\"@type\":\"ReadAction\",\"target\":[\"https:\/\/www.africa-press.net\/togo\/politique\/togo-1-989-ecoles-privees-reconnues-par-letat\"]}]},{\"@type\":\"ImageObject\",\"inLanguage\":\"fr-FR\",\"@id\":\"https:\/\/www.africa-press.net\/togo\/politique\/togo-1-989-ecoles-privees-reconnues-par-letat#primaryimage\",\"url\":\"https:\/\/static.africa-press.net\/togo\/sites\/58\/2023\/03\/postQueueImg_1678120322.54.jpg\",\"contentUrl\":\"https:\/\/static.africa-press.net\/togo\/sites\/58\/2023\/03\/postQueueImg_1678120322.54.jpg\",\"width\":1280,\"height\":802,\"caption\":\"Togo-1.989 \u00e9coles priv\u00e9es reconnues par l\u2019Etat\"},{\"@type\":\"BreadcrumbList\",\"@id\":\"https:\/\/www.africa-press.net\/togo\/politique\/togo-1-989-ecoles-privees-reconnues-par-letat#breadcrumb\",\"itemListElement\":[{\"@type\":\"ListItem\",\"position\":1,\"name\":\"Accueil\",\"item\":\"https:\/\/www.africa-press.net\/togo\/\"},{\"@type\":\"ListItem\",\"position\":2,\"name\":\"Togo-1.989 \u00e9coles priv\u00e9es reconnues par l\u2019Etat\"}]},{\"@type\":\"WebSite\",\"@id\":\"https:\/\/www.africa-press.net\/togo\/#website\",\"url\":\"https:\/\/www.africa-press.net\/togo\/\",\"name\":\"Togo\",\"description\":\"Just another Africa News Agency Sites site\",\"potentialAction\":[{\"@type\":\"SearchAction\",\"target\":{\"@type\":\"EntryPoint\",\"urlTemplate\":\"https:\/\/www.africa-press.net\/togo\/?s={search_term_string}\"},\"query-input\":{\"@type\":\"PropertyValueSpecification\",\"valueRequired\":true,\"valueName\":\"search_term_string\"}}],\"inLanguage\":\"fr-FR\"},{\"@type\":\"Person\",\"@id\":\"https:\/\/www.africa-press.net\/togo\/#\/schema\/person\/2b1cf3cd81a31e3cd26889ca66d677f1\",\"name\":\"cfeditorfr\"}]}<\/script>\n<!-- \/ Yoast SEO Premium plugin. -->","yoast_head_json":{"title":"Togo-1.989 \u00e9coles priv\u00e9es reconnues par l\u2019Etat - Togo","description":"Le ministre des Enseignements primaire, secondaire, technique et de l\u2019Artisanat, Prof Dodzi Komla Kokoroko a re\u0301cemme ...","robots":{"index":"index","follow":"follow","max-snippet":"max-snippet:-1","max-image-preview":"max-image-preview:large","max-video-preview":"max-video-preview:-1"},"canonical":"https:\/\/www.africa-press.net\/togo\/politique\/togo-1-989-ecoles-privees-reconnues-par-letat","og_locale":"fr_FR","og_type":"article","og_title":"Togo-1.989 \u00e9coles priv\u00e9es reconnues par l\u2019Etat","og_description":"Le ministre des Enseignements primaire, secondaire, technique et de l\u2019Artisanat, Prof Dodzi Komla Kokoroko a re\u0301cemme ...","og_url":"https:\/\/www.africa-press.net\/togo\/politique\/togo-1-989-ecoles-privees-reconnues-par-letat","og_site_name":"Togo","article_published_time":"2023-03-06T20:01:46+00:00","article_modified_time":"2023-03-06T21:30:34+00:00","og_image":[{"width":1280,"height":802,"url":"https:\/\/static.africa-press.net\/togo\/sites\/58\/2023\/03\/postQueueImg_1678120322.54.jpg","type":"image\/jpeg"}],"author":"cfeditorfr","twitter_card":"summary_large_image","twitter_misc":{"\u00c9crit par":"cfeditorfr","Dur\u00e9e de lecture estim\u00e9e":"1 minute"},"schema":{"@context":"https:\/\/schema.org","@graph":[{"@type":"Article","@id":"https:\/\/www.africa-press.net\/togo\/politique\/togo-1-989-ecoles-privees-reconnues-par-letat#article","isPartOf":{"@id":"https:\/\/www.africa-press.net\/togo\/politique\/togo-1-989-ecoles-privees-reconnues-par-letat"},"author":{"name":"cfeditorfr","@id":"https:\/\/www.africa-press.net\/togo\/#\/schema\/person\/2b1cf3cd81a31e3cd26889ca66d677f1"},"headline":"Togo-1.989 \u00e9coles priv\u00e9es reconnues par l\u2019Etat","datePublished":"2023-03-06T20:01:46+00:00","dateModified":"2023-03-06T21:30:34+00:00","mainEntityOfPage":{"@id":"https:\/\/www.africa-press.net\/togo\/politique\/togo-1-989-ecoles-privees-reconnues-par-letat"},"wordCount":215,"commentCount":0,"image":{"@id":"https:\/\/www.africa-press.net\/togo\/politique\/togo-1-989-ecoles-privees-reconnues-par-letat#primaryimage"},"thumbnailUrl":"https:\/\/static.africa-press.net\/togo\/sites\/58\/2023\/03\/postQueueImg_1678120322.54.jpg","keywords":["Africa Press","Africa Press-Togo","Togo"],"articleSection":["Politique","Toutes les actualit\u00e9s"],"inLanguage":"fr-FR","potentialAction":[{"@type":"CommentAction","name":"Comment","target":["https:\/\/www.africa-press.net\/togo\/politique\/togo-1-989-ecoles-privees-reconnues-par-letat#respond"]}]},{"@type":"WebPage","@id":"https:\/\/www.africa-press.net\/togo\/politique\/togo-1-989-ecoles-privees-reconnues-par-letat","url":"https:\/\/www.africa-press.net\/togo\/politique\/togo-1-989-ecoles-privees-reconnues-par-letat","name":"Togo-1.989 \u00e9coles priv\u00e9es reconnues par l\u2019Etat - Togo","isPartOf":{"@id":"https:\/\/www.africa-press.net\/togo\/#website"},"primaryImageOfPage":{"@id":"https:\/\/www.africa-press.net\/togo\/politique\/togo-1-989-ecoles-privees-reconnues-par-letat#primaryimage"},"image":{"@id":"https:\/\/www.africa-press.net\/togo\/politique\/togo-1-989-ecoles-privees-reconnues-par-letat#primaryimage"},"thumbnailUrl":"https:\/\/static.africa-press.net\/togo\/sites\/58\/2023\/03\/postQueueImg_1678120322.54.jpg","datePublished":"2023-03-06T20:01:46+00:00","dateModified":"2023-03-06T21:30:34+00:00","author":{"@id":"https:\/\/www.africa-press.net\/togo\/#\/schema\/person\/2b1cf3cd81a31e3cd26889ca66d677f1"},"description":"Le ministre des Enseignements primaire, secondaire, technique et de l\u2019Artisanat, Prof Dodzi Komla Kokoroko a re\u0301cemme ...","breadcrumb":{"@id":"https:\/\/www.africa-press.net\/togo\/politique\/togo-1-989-ecoles-privees-reconnues-par-letat#breadcrumb"},"inLanguage":"fr-FR","potentialAction":[{"@type":"ReadAction","target":["https:\/\/www.africa-press.net\/togo\/politique\/togo-1-989-ecoles-privees-reconnues-par-letat"]}]},{"@type":"ImageObject","inLanguage":"fr-FR","@id":"https:\/\/www.africa-press.net\/togo\/politique\/togo-1-989-ecoles-privees-reconnues-par-letat#primaryimage","url":"https:\/\/static.africa-press.net\/togo\/sites\/58\/2023\/03\/postQueueImg_1678120322.54.jpg","contentUrl":"https:\/\/static.africa-press.net\/togo\/sites\/58\/2023\/03\/postQueueImg_1678120322.54.jpg","width":1280,"height":802,"caption":"Togo-1.989 \u00e9coles priv\u00e9es reconnues par l\u2019Etat"},{"@type":"BreadcrumbList","@id":"https:\/\/www.africa-press.net\/togo\/politique\/togo-1-989-ecoles-privees-reconnues-par-letat#breadcrumb","itemListElement":[{"@type":"ListItem","position":1,"name":"Accueil","item":"https:\/\/www.africa-press.net\/togo\/"},{"@type":"ListItem","position":2,"name":"Togo-1.989 \u00e9coles priv\u00e9es reconnues par l\u2019Etat"}]},{"@type":"WebSite","@id":"https:\/\/www.africa-press.net\/togo\/#website","url":"https:\/\/www.africa-press.net\/togo\/","name":"Togo","description":"Just another Africa News Agency Sites site","potentialAction":[{"@type":"SearchAction","target":{"@type":"EntryPoint","urlTemplate":"https:\/\/www.africa-press.net\/togo\/?s={search_term_string}"},"query-input":{"@type":"PropertyValueSpecification","valueRequired":true,"valueName":"search_term_string"}}],"inLanguage":"fr-FR"},{"@type":"Person","@id":"https:\/\/www.africa-press.net\/togo\/#\/schema\/person\/2b1cf3cd81a31e3cd26889ca66d677f1","name":"cfeditorfr"}]}},"_links":{"self":[{"href":"https:\/\/www.africa-press.net\/togo\/wp-json\/wp\/v2\/posts\/18163","targetHints":{"allow":["GET"]}}],"collection":[{"href":"https:\/\/www.africa-press.net\/togo\/wp-json\/wp\/v2\/posts"}],"about":[{"href":"https:\/\/www.africa-press.net\/togo\/wp-json\/wp\/v2\/types\/post"}],"author":[{"embeddable":true,"href":"https:\/\/www.africa-press.net\/togo\/wp-json\/wp\/v2\/users\/82"}],"replies":[{"embeddable":true,"href":"https:\/\/www.africa-press.net\/togo\/wp-json\/wp\/v2\/comments?post=18163"}],"version-history":[{"count":0,"href":"https:\/\/www.africa-press.net\/togo\/wp-json\/wp\/v2\/posts\/18163\/revisions"}],"wp:featuredmedia":[{"embeddable":true,"href":"https:\/\/www.africa-press.net\/togo\/wp-json\/wp\/v2\/media\/18162"}],"wp:attachment":[{"href":"https:\/\/www.africa-press.net\/togo\/wp-json\/wp\/v2\/media?parent=18163"}],"wp:term":[{"taxonomy":"category","embeddable":true,"href":"https:\/\/www.africa-press.net\/togo\/wp-json\/wp\/v2\/categories?post=18163"},{"taxonomy":"post_tag","embeddable":true,"href":"https:\/\/www.africa-press.net\/togo\/wp-json\/wp\/v2\/tags?post=18163"}],"curies":[{"name":"wp","href":"https:\/\/api.w.org\/{rel}","templated":true}]}}