{"id":18167,"date":"2023-03-06T20:02:32","date_gmt":"2023-03-06T20:02:32","guid":{"rendered":"https:\/\/www.africa-press.net\/togo\/politique\/liberation-de-lafrique-quel-choix-entre-le-panafricanisme-kepiste1-et-le-panafricainsme-discretionnaire2"},"modified":"2023-03-06T21:35:38","modified_gmt":"2023-03-06T21:35:38","slug":"liberation-de-lafrique-quel-choix-entre-le-panafricanisme-kepiste1-et-le-panafricainsme-discretionnaire2","status":"publish","type":"post","link":"https:\/\/www.africa-press.net\/togo\/politique\/liberation-de-lafrique-quel-choix-entre-le-panafricanisme-kepiste1-et-le-panafricainsme-discretionnaire2","title":{"rendered":"Lib\u00e9ration de l\u2019Afrique : Quel choix entre le panafricanisme K\u00e9piste1 et le panafricainsme discr\u00e9tionnaire2"},"content":{"rendered":"<p><span style=\"color: #ff6600\"><strong>Africa-Press &#8211; Togo. <\/strong><\/span><b>L\u2019invasion de l\u2019Ukraine ravive le double moral politique international et ouvre les yeux aux Africains sur le fait que les droits, les liberte\u0301s et la solidarite\u0301 mondiale ne s\u2019appliquent pas de la me\u0302me manie\u0300re a\u0300 l\u2019humain qu\u2019il soit caucasien ou africain. Ces valeurs que l\u2019on proclame pourtant universelles, ferment curieusement la porte de l\u2019accueil mondial au peuple africain.<\/b><\/p>\n<p>Pire, les frontie\u0300res du continent sont grandement ouvertes et laissent entrer les chasseurs de tous horizons en Afrique, y traire la vache-a\u0300-lait et partir nourrir leurs peuples respectifs.<\/p>\n<p>De cette situation humiliante et de\u0301shumanisante, les Africains n\u2019en veulent plus.<\/p>\n<p>Ils de\u0301cident par conse\u0301quent de prendre les taureaux par les cornes, d\u2019engager le combat de\u0301cisif, libe\u0301rer l\u2019Afrique et se donner la chance d\u2019une meilleure vie chez eux et partout ou\u0300 ils se retrouvent.<\/p>\n<p>Comment se prennent-ils alors pour atteindre ce but ultime ?<\/p>\n<p><b>Chasser la France de l\u2019Afrique<\/b><\/p>\n<p>Deux camps s\u2019affrontent actuellement sur la meilleure strate\u0301gie a\u0300 adopter pour renverser les rapports de force qui font que l\u2019Afrique est sous domination multiple.<\/p>\n<p>Le premier est entretenu par le panafricanisme populiste, de rue qui organise une partie de la population, l\u2019active a\u0300 chasser la France de l\u2019Afrique, a\u0300 la remplacer du moins pour un temps et de fac\u0327on ge\u0301ostrate\u0301gique par la Russie.<\/p>\n<p>A\u0300 part l\u2019escalade de tribune, les manifestations populaires, les de\u0301bats incendiaires sur les me\u0301dias et re\u0301seaux sociaux pour faire partir la France, les tenants de cette tactique n\u2019offrent a\u0300 l\u2019Afrique, aucun projet concret de reconstruction durable, re\u0301alisable, mesurable et e\u0301valuable.<\/p>\n<p>Le deuxie\u0300me est plus discret. Il mesure les forces en pre\u0301sence et conclut que l\u2019Afrique n\u2019a pas actuellement tous les leviers pour renvoyer les Occidentaux chez eux.<\/p>\n<p>Pour ce groupe, la puissance mondiale penche pluto\u0302t du co\u0302te\u0301 Ouest ; la Russie et la Chine ne sont pas assez puissantes pour constituer une alternative cre\u0301dible.<\/p>\n<p>Il propose donc d\u2019entrai\u0302ner les puissances dominantes sur un terrain de la rene\u0301gociation des accords de\u0301se\u0301quilibre\u0301s qui ont jusqu\u2019ici scelle\u0301 les rapports entre l\u2019Afrique et le reste du monde.<\/p>\n<p>Quand l\u2019on confronte ces deux positions aux expe\u0301riences historiques des relations qu\u2019a ve\u0301cues le peuple africain et qui le conduisent a\u0300 crouler sous le racisme de domination, d\u2019exploitation et d\u2019exclusion, il faut craindre le pire pour l\u2019Afrique.<\/p>\n<p>En effet, une situation semblable s\u2019est produite durant les luttes des inde\u0301pendances avec d\u2019un co\u0302te\u0301, le bloc de Monrovia qui ne voyait pas la ne\u0301cessite\u0301 d\u2019une fe\u0301de\u0301ration africaine forte et de l\u2019autre, le bloc de Casablanca qui voulait la cre\u0301ation de l\u2019E\u0301tat fe\u0301de\u0301ral africain ici et maintenant.<\/p>\n<p>Les deux blocs n\u2019ont pas re\u0301ussi a\u0300 trouver un accord et l\u2019Afrique n\u2019est jamais devenue re\u0301ellement inde\u0301pendante.<\/p>\n<p>Aujourd\u2019hui, elle est plus lamine\u0301e que jamais et suce\u0301e jusqu\u2019a\u0300 l\u2019os.<\/p>\n<p>Il urge donc de pre\u0301venir une rechute historique.<\/p>\n<p>Pour ce faire, le groupe des panafricanistes ke\u0301pisteset le groupe des panafricanistes discre\u0301tionnaires doivent rapidement trouver un consensus d\u2019action.<\/p>\n<p><b>Nous ne quitterons pas l\u2019Afrique<\/b><\/p>\n<p>L\u2019histoire, le pre\u0301sent et la sagesse sont les meilleurs me\u0301diateurs qui portent la voix des deux camps a\u0300 trouver la voie la plus indique\u0301e.<\/p>\n<p>\u2013 L\u2019histoire<\/p>\n<p>L\u2019histoire enseigne que ce sont la recherche d\u2019espace, de ressources humaines et naturelles qui ont conduit les Arabo-berbe\u0300res et les Occidentaux a\u0300 envahir l\u2019Afrique.<\/p>\n<p>De\u0300s lors, s\u2019organise a\u0300 grande e\u0301chelle le pillage du continent et ce, a\u0300 la barbe et au nez du peuple africain.<\/p>\n<p>\u2013 Le pre\u0301sent<\/p>\n<p>Depuis le 02 mars 2023, le pre\u0301sident franc\u0327ais fait une tourne\u0301e dans quatre pays d\u2019Afrique. Le but de ce de\u0301placement est d\u2019entretenir les inte\u0301re\u0302ts de la France et de l\u2019Occident.<\/p>\n<p>Nous ne nous quitterons pas en Afrique, parce que nous y avons des inte\u0301re\u0302ts a\u0300 de\u0301fendre, dit-il aux Franc\u0327ais.<\/p>\n<p>En clair, les forces coalise\u0301es qu\u2019elles soient occidentales, sino-russes et arabes viendront sur le continent africain et y resteront que ce soit pacifiquement ou par la force.<\/p>\n<p>Les cris et les mouvements de masse qui ont cours actuellement un peu partout en Afrique n\u2019y changeront rien.<\/p>\n<p>Ce n\u2019est pas parce que les villageois crient et font sonner les casseroles que l\u2019e\u0301pervier ne reviendra pas le lendemain pour emporter le petit poussin.<\/p>\n<p>\u2013 La sagesse africaine<\/p>\n<p>Les adages ou les citations populaires transcrivent en re\u0301alite\u0301 le savoir des peuples a\u0300 identifier les vrais proble\u0300mes auxquels ils sont confronte\u0301s et a\u0300 adopter les pratiques adapte\u0301es en vue de les re\u0301gler.<\/p>\n<p>L\u2019Afrique antique sait trouver des solutions aux de\u0301fis qui lui sont pose\u0301s et il est logique que les adages populaires pullulent sur le continent.<\/p>\n<p>L\u2019un d\u2019eux qui est justement tire\u0301 de la connaissance et de la pratique du peuple E\u0301we\u0301 africain du Togo enseigne: \u00ab Quand l\u2019on ne sait pas courir, il faut savoir se cacher. \u00bb<\/p>\n<p><b>Les conditions a\u0300 remplir pour libe\u0301rer et reconstruire l\u2019Afrique<\/b><\/p>\n<p>Les axes pour libe\u0301rer et reconstruire l\u2019Afrique doivent e\u0302tre trace\u0301s dans un vaste champ de re\u0301flexion et d\u2019action et ce travail est une affaire de tous les Africains.<\/p>\n<p>Ne\u0301anmoins, certaines conditions fondamentales doivent ne\u0301cessairement e\u0302tre remplies. Elles tiennent compte du passe\u0301, du pre\u0301sent, de me\u0302me que de la connaissance et des pratiques endoge\u0300nes du peuple africain.<\/p>\n<p>Les exigences pour libe\u0301rer et refonder l\u2019Afrique sont les suivantes :<\/p>\n<p>\u2013 Le capital humain : elle est l\u2019exigence premie\u0300re, la fondation et concerne le leadership, la gouvernance et la formation.<\/p>\n<p>Le leadership actuel d\u2019une part e\u0301pidermique dans ses re\u0301actions, et d\u2019autre part sous seing se refait comple\u0300tement, devient un leadership africain et sait de\u0301fendre les inte\u0301re\u0302ts de l\u2019Afrique.<\/p>\n<p>Le syste\u0300me de gouvernance est inadapte\u0301. L\u2019e\u0301lite et le peuple vont a\u0300 un syste\u0300me de gouvernance authentique, adoptent des textes constitutionnels et de vivre ensemble qui sont adapte\u0301s et tire\u0301s du parcours historique de l\u2019Afrique. Partout sur le continent, les peuples organisent une assise nationale de refondation, dialoguent, adoptent un syste\u0300me politique fe\u0301de\u0301ral consensuel et soutiennent la cre\u0301ation de l\u2019E\u0301tat fe\u0301de\u0301ral d\u2019Afrique.<\/p>\n<p>Les Africains sont tre\u0300s mal forme\u0301s. Me\u0302me excellents dans les grandes e\u0301coles, les diplo\u0302me\u0301s sont incapables de formaliser leur savoir, de les adapter aux re\u0301alite\u0301s africaines et de contribuer ve\u0301ritablement au de\u0301veloppement de l\u2019Afrique.<\/p>\n<p>Pour pallier ce manque et manquement, la formation africaine se tourne vers la pratique, les e\u0301tudiants africains prennent d\u2019assaut les grandes universite\u0301s occidentales comme l\u2019ont fait les Chinois.<\/p>\n<p>La diaspora est un vivier de connaissances, de savoir et de savoir-faire. Elle rentre et met ses compe\u0301tences au profit de la refondation de l\u2019Afrique.<\/p>\n<p>\u2013 La se\u0301curite\u0301 est le ventre mou de l\u2019Afrique. Un peuple qui confie sa se\u0301curite\u0301 aux autres est vaincu a\u0300 l\u2019avance. L\u2019Afrique a un handicap historique, celui d\u2019e\u0302tre envahie par des puissances coalise\u0301es. Les autres mai\u0302trisent ainsi le territoire africain mieux que les Africains eux-me\u0302mes de sorte que le soldat russe, franc\u0327ais, ame\u0301ricain, chinois surveille depuis sa base de Moscou, Paris, New York et Pe\u0301kin tous les mouvements des populations, d\u2019animaux et de ressources minie\u0300res en Afrique<\/p>\n<p>La se\u0301curite\u0301 devient donc le chantier le plus colossal et ce ne sont pas les mercenaires de Wagner qui aideront les Africains a\u0300 la maintenir.<\/p>\n<p>L\u2019Afrique doit effectivement obtenir la de\u0301molition de toutes les bases militaires russes, turques, chinoises et occidentales de son territoire. Elle noue des partenariats qui favorisent la formation des militaires africains en dehors du continent. Les clauses militaires comportent le retour des retraite\u0301s militaires binationaux sur le continent.<\/p>\n<p>Partout en Afrique, les techniques traditionnelles de protection sont remises a\u0300 jour, les communaute\u0301s locales forme\u0301es a\u0300 la de\u0301fense. Le service militaire est obligatoire.<\/p>\n<p>L\u2019Afrique fabrique ses propres mate\u0301riels de guerre, obtient une de\u0301rogation internationale pour se doter de l\u2019arme nucle\u0301aire en e\u0301change de la vente des ressources minie\u0300res aux puissances mondiales.<\/p>\n<p>\u2013 L\u2019Agriculture nourrit suffisamment le peuple africain. Un peuple qui a faim est un peuple qui manque d\u2019e\u0301nergie pour donner le meilleur de lui-me\u0302me. L\u2019Afrique met ses terres en valeur, transforme ses produits sur place, nourrit sa population, exporte et fixe les prix de ses produits d\u2019exportation. Elle n\u2019attend pas les machines agricoles modernes d\u2019ailleurs ; elle les fabrique sur place.<\/p>\n<p>\u2013 L\u2019e\u0301conomie est de\u0301labre\u0301e et les dettes contracte\u0301es sont une aberration. Le continent regorge de richissimes femmes et hommes. Les petites commerc\u0327antes africaines enterrent des fortunes dans leur maison. La diaspora africaine est immense\u0301ment riche. Des milliards dorment et ne font pas de petits. L\u2019Afrique ne\u0301gocie toute cette manne financie\u0300re, renforce son e\u0301conomie, paie ses dettes, reprend le contro\u0302le de ses ressources minie\u0300res, transforme ses matie\u0300res premie\u0300res sur place.<\/p>\n<p>\u2013 Les accords de coope\u0301ration sont comple\u0300tement a\u0300 revoir. Ici, il faut e\u0302tre extre\u0302mement strate\u0301gique. L\u2019Afrique canalise l\u2019e\u0301nergie populaire, ne\u0301gocie tous les accords de partenariat en sa faveur, ne gaspille pas l\u2019e\u0301lan populaire dans des manifestations utopistes de re\u0301clamation par exemple du de\u0301part des Occidentaux.<\/p>\n<p>\u2013 L\u2019Afrique doit envahir les institutions internationales. Les Africains ne font pas l\u2019erreur de boycotter les institutions internationales ou\u0300 se prennent des de\u0301cisions qui les concernent aussi. Au contraire, ils y participent en masse et pe\u0300sent sur les de\u0301bats. Le continent obtient un droit de ve\u0301to aux Nations Unies et fait en sorte que la communaute\u0301 internationale adopte au Conseil de se\u0301curite\u0301, le principe \u00ab d\u2019un continent, une voix .\u00bb<\/p>\n<p>Les grands bouleversements actuels symbolise\u0301s par la pande\u0301mie a\u0300 coronavirus, la guerre en Ukraine et le terrorisme constituent une chance re\u0302ve\u0301e pour l\u2019Afrique de reprendre la place qui lui revient dans le concert des continents.<\/p>\n<p>Les peuples qui savent utiliser les grandes crises deviennent les plus grands, des dominants.<\/p>\n<p>C\u2019est le cas des Etats-Unis et de la Suisse par exemple qui ont su intelligemment exploiter les deux grandes guerres mondiales en leur faveur.<\/p>\n<p>La ge\u0301ographie est du pain be\u0301ni pour les Africains. L\u2019Afrique est ge\u0301ographiquement bien situe\u0301e et son sous-sol regorge de toutes les richesses du monde.<\/p>\n<p>L\u2019histoire au contraire a e\u0301te\u0301 fatale pour le continent, dans la mesure ou\u0300 l\u2019Afrique a fait l\u2019objet de multiples convoitises et est affaiblie se\u0301curitairement.<\/p>\n<p>Le continent n\u2019est donc pas actuellement dans les bonnes dispositions de courir, confronter les Occidentaux par la force pour prote\u0301ger sa population. Mais elle sait se cacher et doit maintenant utiliser cet atout pour rebondir.<\/p>\n<p>Savoir se cacher, c\u2019est avant tout concilier et re\u0301concilier le panafricanisme ke\u0301piste et le panafricanisme discre\u0301tionnaire en vue de mettre en place une action commune de refondation du syste\u0300me politique, d\u2019e\u0301rection d\u2019un leadership alternatif cre\u0301dible, mobilisation intelligente de la masse, l\u2019imposition d\u2019un rapport de force, la rene\u0301gociation des accords, du retour de la diaspora, la formation, la production, la consommation, la fixation des prix des produits, l\u2019impre\u0301gnation des institutions internationales, la se\u0301curisation de l\u2019Afrique et la conque\u0302te la primaute\u0301 mondiale.<\/p>\n<p>En toutes choses, les Africains doivent garder a\u0300 l\u2019esprit que s\u2019agissant de la de\u0301fense des inte\u0301re\u0302ts, tous les E\u0301tats n\u2019ont pas d\u2019e\u0301tat d\u2019a\u0302me.<\/p>\n<p>Se Osagyefo Togoata Asafo<\/p>\n<p>1 Martial , guerrier, de cris de guerre et de bombement de torse<\/p>\n<p>2 Qui laisse le choix au peuple africain de de\u0301cider des termes des accords de partenariat<\/p>\n<p><strong>Pour plus d&rsquo;informations et d&rsquo;analyses sur la <a href=\"https:\/\/www.africa-press.net\/togo\">Togo<\/a>, suivez <a href=\"https:\/\/www.africa-press.net\/\">Africa-Press<\/a><\/strong><\/p>\n","protected":false},"excerpt":{"rendered":"<p>Africa-Press &#8211; Togo. L\u2019invasion de l\u2019Ukraine ravive le double moral politique international et ouvre les yeux aux Africains sur le fait que les droits, les liberte\u0301s et la solidarite\u0301 mondiale ne s\u2019appliquent pas de la me\u0302me manie\u0300re a\u0300 l\u2019humain qu\u2019il soit caucasien ou africain. Ces valeurs que l\u2019on proclame pourtant universelles, ferment curieusement la porte [&hellip;]<\/p>\n","protected":false},"author":82,"featured_media":18166,"comment_status":"open","ping_status":"closed","sticky":false,"template":"","format":"standard","meta":{"footnotes":""},"categories":[2,10],"tags":[36,49,50],"class_list":["post-18167","post","type-post","status-publish","format-standard","has-post-thumbnail","hentry","category-politique","category-toutes-les-actualites","tag-africa-press","tag-africa-press-togo","tag-togo"],"yoast_head":"<!-- This site is optimized with the Yoast SEO Premium plugin v26.1 (Yoast SEO v27.0) - https:\/\/yoast.com\/product\/yoast-seo-premium-wordpress\/ -->\n<title>Lib\u00e9ration de l\u2019Afrique : Quel choix entre le panafricanisme K\u00e9piste1 et le panafricainsme discr\u00e9tionnaire2 - Togo<\/title>\n<meta name=\"description\" content=\"L\u2019invasion de l\u2019Ukraine ravive le double moral politique international et ouvre les yeux aux Africains sur le fait qu ...\" \/>\n<meta name=\"robots\" content=\"index, follow, max-snippet:-1, max-image-preview:large, max-video-preview:-1\" \/>\n<link rel=\"canonical\" href=\"https:\/\/www.africa-press.net\/togo\/politique\/liberation-de-lafrique-quel-choix-entre-le-panafricanisme-kepiste1-et-le-panafricainsme-discretionnaire2\" \/>\n<meta property=\"og:locale\" content=\"fr_FR\" \/>\n<meta property=\"og:type\" content=\"article\" \/>\n<meta property=\"og:title\" content=\"Lib\u00e9ration de l\u2019Afrique : Quel choix entre le panafricanisme K\u00e9piste1 et le panafricainsme discr\u00e9tionnaire2\" \/>\n<meta property=\"og:description\" content=\"L\u2019invasion de l\u2019Ukraine ravive le double moral politique international et ouvre les yeux aux Africains sur le fait qu ...\" \/>\n<meta property=\"og:url\" content=\"https:\/\/www.africa-press.net\/togo\/politique\/liberation-de-lafrique-quel-choix-entre-le-panafricanisme-kepiste1-et-le-panafricainsme-discretionnaire2\" \/>\n<meta property=\"og:site_name\" content=\"Togo\" \/>\n<meta property=\"article:published_time\" content=\"2023-03-06T20:02:32+00:00\" \/>\n<meta property=\"article:modified_time\" content=\"2023-03-06T21:35:38+00:00\" \/>\n<meta property=\"og:image\" content=\"https:\/\/static.africa-press.net\/togo\/sites\/58\/2023\/03\/postQueueImg_1678120357.07.jpg\" \/>\n\t<meta property=\"og:image:width\" content=\"1280\" \/>\n\t<meta property=\"og:image:height\" content=\"799\" \/>\n\t<meta property=\"og:image:type\" content=\"image\/jpeg\" \/>\n<meta name=\"author\" content=\"cfeditorfr\" \/>\n<meta name=\"twitter:card\" content=\"summary_large_image\" \/>\n<meta name=\"twitter:label1\" content=\"\u00c9crit par\" \/>\n\t<meta name=\"twitter:data1\" content=\"cfeditorfr\" \/>\n\t<meta name=\"twitter:label2\" content=\"Dur\u00e9e de lecture estim\u00e9e\" \/>\n\t<meta name=\"twitter:data2\" content=\"10 minutes\" \/>\n<script type=\"application\/ld+json\" class=\"yoast-schema-graph\">{\"@context\":\"https:\/\/schema.org\",\"@graph\":[{\"@type\":\"Article\",\"@id\":\"https:\/\/www.africa-press.net\/togo\/politique\/liberation-de-lafrique-quel-choix-entre-le-panafricanisme-kepiste1-et-le-panafricainsme-discretionnaire2#article\",\"isPartOf\":{\"@id\":\"https:\/\/www.africa-press.net\/togo\/politique\/liberation-de-lafrique-quel-choix-entre-le-panafricanisme-kepiste1-et-le-panafricainsme-discretionnaire2\"},\"author\":{\"name\":\"cfeditorfr\",\"@id\":\"https:\/\/www.africa-press.net\/togo\/#\/schema\/person\/2b1cf3cd81a31e3cd26889ca66d677f1\"},\"headline\":\"Lib\u00e9ration de l\u2019Afrique : Quel choix entre le panafricanisme K\u00e9piste1 et le panafricainsme discr\u00e9tionnaire2\",\"datePublished\":\"2023-03-06T20:02:32+00:00\",\"dateModified\":\"2023-03-06T21:35:38+00:00\",\"mainEntityOfPage\":{\"@id\":\"https:\/\/www.africa-press.net\/togo\/politique\/liberation-de-lafrique-quel-choix-entre-le-panafricanisme-kepiste1-et-le-panafricainsme-discretionnaire2\"},\"wordCount\":2097,\"commentCount\":0,\"image\":{\"@id\":\"https:\/\/www.africa-press.net\/togo\/politique\/liberation-de-lafrique-quel-choix-entre-le-panafricanisme-kepiste1-et-le-panafricainsme-discretionnaire2#primaryimage\"},\"thumbnailUrl\":\"https:\/\/static.africa-press.net\/togo\/sites\/58\/2023\/03\/postQueueImg_1678120357.07.jpg\",\"keywords\":[\"Africa Press\",\"Africa Press-Togo\",\"Togo\"],\"articleSection\":[\"Politique\",\"Toutes les actualit\u00e9s\"],\"inLanguage\":\"fr-FR\",\"potentialAction\":[{\"@type\":\"CommentAction\",\"name\":\"Comment\",\"target\":[\"https:\/\/www.africa-press.net\/togo\/politique\/liberation-de-lafrique-quel-choix-entre-le-panafricanisme-kepiste1-et-le-panafricainsme-discretionnaire2#respond\"]}]},{\"@type\":\"WebPage\",\"@id\":\"https:\/\/www.africa-press.net\/togo\/politique\/liberation-de-lafrique-quel-choix-entre-le-panafricanisme-kepiste1-et-le-panafricainsme-discretionnaire2\",\"url\":\"https:\/\/www.africa-press.net\/togo\/politique\/liberation-de-lafrique-quel-choix-entre-le-panafricanisme-kepiste1-et-le-panafricainsme-discretionnaire2\",\"name\":\"Lib\u00e9ration de l\u2019Afrique : Quel choix entre le panafricanisme K\u00e9piste1 et le panafricainsme discr\u00e9tionnaire2 - Togo\",\"isPartOf\":{\"@id\":\"https:\/\/www.africa-press.net\/togo\/#website\"},\"primaryImageOfPage\":{\"@id\":\"https:\/\/www.africa-press.net\/togo\/politique\/liberation-de-lafrique-quel-choix-entre-le-panafricanisme-kepiste1-et-le-panafricainsme-discretionnaire2#primaryimage\"},\"image\":{\"@id\":\"https:\/\/www.africa-press.net\/togo\/politique\/liberation-de-lafrique-quel-choix-entre-le-panafricanisme-kepiste1-et-le-panafricainsme-discretionnaire2#primaryimage\"},\"thumbnailUrl\":\"https:\/\/static.africa-press.net\/togo\/sites\/58\/2023\/03\/postQueueImg_1678120357.07.jpg\",\"datePublished\":\"2023-03-06T20:02:32+00:00\",\"dateModified\":\"2023-03-06T21:35:38+00:00\",\"author\":{\"@id\":\"https:\/\/www.africa-press.net\/togo\/#\/schema\/person\/2b1cf3cd81a31e3cd26889ca66d677f1\"},\"description\":\"L\u2019invasion de l\u2019Ukraine ravive le double moral politique international et ouvre les yeux aux Africains sur le fait qu ...\",\"breadcrumb\":{\"@id\":\"https:\/\/www.africa-press.net\/togo\/politique\/liberation-de-lafrique-quel-choix-entre-le-panafricanisme-kepiste1-et-le-panafricainsme-discretionnaire2#breadcrumb\"},\"inLanguage\":\"fr-FR\",\"potentialAction\":[{\"@type\":\"ReadAction\",\"target\":[\"https:\/\/www.africa-press.net\/togo\/politique\/liberation-de-lafrique-quel-choix-entre-le-panafricanisme-kepiste1-et-le-panafricainsme-discretionnaire2\"]}]},{\"@type\":\"ImageObject\",\"inLanguage\":\"fr-FR\",\"@id\":\"https:\/\/www.africa-press.net\/togo\/politique\/liberation-de-lafrique-quel-choix-entre-le-panafricanisme-kepiste1-et-le-panafricainsme-discretionnaire2#primaryimage\",\"url\":\"https:\/\/static.africa-press.net\/togo\/sites\/58\/2023\/03\/postQueueImg_1678120357.07.jpg\",\"contentUrl\":\"https:\/\/static.africa-press.net\/togo\/sites\/58\/2023\/03\/postQueueImg_1678120357.07.jpg\",\"width\":1280,\"height\":799,\"caption\":\"Lib\u00e9ration de l\u2019Afrique : Quel choix entre le panafricanisme K\u00e9piste1 et le panafricainsme discr\u00e9tionnaire2\"},{\"@type\":\"BreadcrumbList\",\"@id\":\"https:\/\/www.africa-press.net\/togo\/politique\/liberation-de-lafrique-quel-choix-entre-le-panafricanisme-kepiste1-et-le-panafricainsme-discretionnaire2#breadcrumb\",\"itemListElement\":[{\"@type\":\"ListItem\",\"position\":1,\"name\":\"Accueil\",\"item\":\"https:\/\/www.africa-press.net\/togo\/\"},{\"@type\":\"ListItem\",\"position\":2,\"name\":\"Lib\u00e9ration de l\u2019Afrique : Quel choix entre le panafricanisme K\u00e9piste1 et le panafricainsme discr\u00e9tionnaire2\"}]},{\"@type\":\"WebSite\",\"@id\":\"https:\/\/www.africa-press.net\/togo\/#website\",\"url\":\"https:\/\/www.africa-press.net\/togo\/\",\"name\":\"Togo\",\"description\":\"Just another Africa News Agency Sites site\",\"potentialAction\":[{\"@type\":\"SearchAction\",\"target\":{\"@type\":\"EntryPoint\",\"urlTemplate\":\"https:\/\/www.africa-press.net\/togo\/?s={search_term_string}\"},\"query-input\":{\"@type\":\"PropertyValueSpecification\",\"valueRequired\":true,\"valueName\":\"search_term_string\"}}],\"inLanguage\":\"fr-FR\"},{\"@type\":\"Person\",\"@id\":\"https:\/\/www.africa-press.net\/togo\/#\/schema\/person\/2b1cf3cd81a31e3cd26889ca66d677f1\",\"name\":\"cfeditorfr\"}]}<\/script>\n<!-- \/ Yoast SEO Premium plugin. -->","yoast_head_json":{"title":"Lib\u00e9ration de l\u2019Afrique : Quel choix entre le panafricanisme K\u00e9piste1 et le panafricainsme discr\u00e9tionnaire2 - Togo","description":"L\u2019invasion de l\u2019Ukraine ravive le double moral politique international et ouvre les yeux aux Africains sur le fait qu ...","robots":{"index":"index","follow":"follow","max-snippet":"max-snippet:-1","max-image-preview":"max-image-preview:large","max-video-preview":"max-video-preview:-1"},"canonical":"https:\/\/www.africa-press.net\/togo\/politique\/liberation-de-lafrique-quel-choix-entre-le-panafricanisme-kepiste1-et-le-panafricainsme-discretionnaire2","og_locale":"fr_FR","og_type":"article","og_title":"Lib\u00e9ration de l\u2019Afrique : Quel choix entre le panafricanisme K\u00e9piste1 et le panafricainsme discr\u00e9tionnaire2","og_description":"L\u2019invasion de l\u2019Ukraine ravive le double moral politique international et ouvre les yeux aux Africains sur le fait qu ...","og_url":"https:\/\/www.africa-press.net\/togo\/politique\/liberation-de-lafrique-quel-choix-entre-le-panafricanisme-kepiste1-et-le-panafricainsme-discretionnaire2","og_site_name":"Togo","article_published_time":"2023-03-06T20:02:32+00:00","article_modified_time":"2023-03-06T21:35:38+00:00","og_image":[{"width":1280,"height":799,"url":"https:\/\/static.africa-press.net\/togo\/sites\/58\/2023\/03\/postQueueImg_1678120357.07.jpg","type":"image\/jpeg"}],"author":"cfeditorfr","twitter_card":"summary_large_image","twitter_misc":{"\u00c9crit par":"cfeditorfr","Dur\u00e9e de lecture estim\u00e9e":"10 minutes"},"schema":{"@context":"https:\/\/schema.org","@graph":[{"@type":"Article","@id":"https:\/\/www.africa-press.net\/togo\/politique\/liberation-de-lafrique-quel-choix-entre-le-panafricanisme-kepiste1-et-le-panafricainsme-discretionnaire2#article","isPartOf":{"@id":"https:\/\/www.africa-press.net\/togo\/politique\/liberation-de-lafrique-quel-choix-entre-le-panafricanisme-kepiste1-et-le-panafricainsme-discretionnaire2"},"author":{"name":"cfeditorfr","@id":"https:\/\/www.africa-press.net\/togo\/#\/schema\/person\/2b1cf3cd81a31e3cd26889ca66d677f1"},"headline":"Lib\u00e9ration de l\u2019Afrique : Quel choix entre le panafricanisme K\u00e9piste1 et le panafricainsme discr\u00e9tionnaire2","datePublished":"2023-03-06T20:02:32+00:00","dateModified":"2023-03-06T21:35:38+00:00","mainEntityOfPage":{"@id":"https:\/\/www.africa-press.net\/togo\/politique\/liberation-de-lafrique-quel-choix-entre-le-panafricanisme-kepiste1-et-le-panafricainsme-discretionnaire2"},"wordCount":2097,"commentCount":0,"image":{"@id":"https:\/\/www.africa-press.net\/togo\/politique\/liberation-de-lafrique-quel-choix-entre-le-panafricanisme-kepiste1-et-le-panafricainsme-discretionnaire2#primaryimage"},"thumbnailUrl":"https:\/\/static.africa-press.net\/togo\/sites\/58\/2023\/03\/postQueueImg_1678120357.07.jpg","keywords":["Africa Press","Africa Press-Togo","Togo"],"articleSection":["Politique","Toutes les actualit\u00e9s"],"inLanguage":"fr-FR","potentialAction":[{"@type":"CommentAction","name":"Comment","target":["https:\/\/www.africa-press.net\/togo\/politique\/liberation-de-lafrique-quel-choix-entre-le-panafricanisme-kepiste1-et-le-panafricainsme-discretionnaire2#respond"]}]},{"@type":"WebPage","@id":"https:\/\/www.africa-press.net\/togo\/politique\/liberation-de-lafrique-quel-choix-entre-le-panafricanisme-kepiste1-et-le-panafricainsme-discretionnaire2","url":"https:\/\/www.africa-press.net\/togo\/politique\/liberation-de-lafrique-quel-choix-entre-le-panafricanisme-kepiste1-et-le-panafricainsme-discretionnaire2","name":"Lib\u00e9ration de l\u2019Afrique : Quel choix entre le panafricanisme K\u00e9piste1 et le panafricainsme discr\u00e9tionnaire2 - Togo","isPartOf":{"@id":"https:\/\/www.africa-press.net\/togo\/#website"},"primaryImageOfPage":{"@id":"https:\/\/www.africa-press.net\/togo\/politique\/liberation-de-lafrique-quel-choix-entre-le-panafricanisme-kepiste1-et-le-panafricainsme-discretionnaire2#primaryimage"},"image":{"@id":"https:\/\/www.africa-press.net\/togo\/politique\/liberation-de-lafrique-quel-choix-entre-le-panafricanisme-kepiste1-et-le-panafricainsme-discretionnaire2#primaryimage"},"thumbnailUrl":"https:\/\/static.africa-press.net\/togo\/sites\/58\/2023\/03\/postQueueImg_1678120357.07.jpg","datePublished":"2023-03-06T20:02:32+00:00","dateModified":"2023-03-06T21:35:38+00:00","author":{"@id":"https:\/\/www.africa-press.net\/togo\/#\/schema\/person\/2b1cf3cd81a31e3cd26889ca66d677f1"},"description":"L\u2019invasion de l\u2019Ukraine ravive le double moral politique international et ouvre les yeux aux Africains sur le fait qu ...","breadcrumb":{"@id":"https:\/\/www.africa-press.net\/togo\/politique\/liberation-de-lafrique-quel-choix-entre-le-panafricanisme-kepiste1-et-le-panafricainsme-discretionnaire2#breadcrumb"},"inLanguage":"fr-FR","potentialAction":[{"@type":"ReadAction","target":["https:\/\/www.africa-press.net\/togo\/politique\/liberation-de-lafrique-quel-choix-entre-le-panafricanisme-kepiste1-et-le-panafricainsme-discretionnaire2"]}]},{"@type":"ImageObject","inLanguage":"fr-FR","@id":"https:\/\/www.africa-press.net\/togo\/politique\/liberation-de-lafrique-quel-choix-entre-le-panafricanisme-kepiste1-et-le-panafricainsme-discretionnaire2#primaryimage","url":"https:\/\/static.africa-press.net\/togo\/sites\/58\/2023\/03\/postQueueImg_1678120357.07.jpg","contentUrl":"https:\/\/static.africa-press.net\/togo\/sites\/58\/2023\/03\/postQueueImg_1678120357.07.jpg","width":1280,"height":799,"caption":"Lib\u00e9ration de l\u2019Afrique : Quel choix entre le panafricanisme K\u00e9piste1 et le panafricainsme discr\u00e9tionnaire2"},{"@type":"BreadcrumbList","@id":"https:\/\/www.africa-press.net\/togo\/politique\/liberation-de-lafrique-quel-choix-entre-le-panafricanisme-kepiste1-et-le-panafricainsme-discretionnaire2#breadcrumb","itemListElement":[{"@type":"ListItem","position":1,"name":"Accueil","item":"https:\/\/www.africa-press.net\/togo\/"},{"@type":"ListItem","position":2,"name":"Lib\u00e9ration de l\u2019Afrique : Quel choix entre le panafricanisme K\u00e9piste1 et le panafricainsme discr\u00e9tionnaire2"}]},{"@type":"WebSite","@id":"https:\/\/www.africa-press.net\/togo\/#website","url":"https:\/\/www.africa-press.net\/togo\/","name":"Togo","description":"Just another Africa News Agency Sites site","potentialAction":[{"@type":"SearchAction","target":{"@type":"EntryPoint","urlTemplate":"https:\/\/www.africa-press.net\/togo\/?s={search_term_string}"},"query-input":{"@type":"PropertyValueSpecification","valueRequired":true,"valueName":"search_term_string"}}],"inLanguage":"fr-FR"},{"@type":"Person","@id":"https:\/\/www.africa-press.net\/togo\/#\/schema\/person\/2b1cf3cd81a31e3cd26889ca66d677f1","name":"cfeditorfr"}]}},"_links":{"self":[{"href":"https:\/\/www.africa-press.net\/togo\/wp-json\/wp\/v2\/posts\/18167","targetHints":{"allow":["GET"]}}],"collection":[{"href":"https:\/\/www.africa-press.net\/togo\/wp-json\/wp\/v2\/posts"}],"about":[{"href":"https:\/\/www.africa-press.net\/togo\/wp-json\/wp\/v2\/types\/post"}],"author":[{"embeddable":true,"href":"https:\/\/www.africa-press.net\/togo\/wp-json\/wp\/v2\/users\/82"}],"replies":[{"embeddable":true,"href":"https:\/\/www.africa-press.net\/togo\/wp-json\/wp\/v2\/comments?post=18167"}],"version-history":[{"count":0,"href":"https:\/\/www.africa-press.net\/togo\/wp-json\/wp\/v2\/posts\/18167\/revisions"}],"wp:featuredmedia":[{"embeddable":true,"href":"https:\/\/www.africa-press.net\/togo\/wp-json\/wp\/v2\/media\/18166"}],"wp:attachment":[{"href":"https:\/\/www.africa-press.net\/togo\/wp-json\/wp\/v2\/media?parent=18167"}],"wp:term":[{"taxonomy":"category","embeddable":true,"href":"https:\/\/www.africa-press.net\/togo\/wp-json\/wp\/v2\/categories?post=18167"},{"taxonomy":"post_tag","embeddable":true,"href":"https:\/\/www.africa-press.net\/togo\/wp-json\/wp\/v2\/tags?post=18167"}],"curies":[{"name":"wp","href":"https:\/\/api.w.org\/{rel}","templated":true}]}}