{"id":18169,"date":"2023-03-06T20:02:42","date_gmt":"2023-03-06T20:02:42","guid":{"rendered":"https:\/\/www.africa-press.net\/togo\/politique\/togo-education-la-cset-ne-saurait-sarreter-et-dormir-sur-ses-lauriers-dixit-abalo-esse-assih"},"modified":"2023-03-06T21:36:12","modified_gmt":"2023-03-06T21:36:12","slug":"togo-education-la-cset-ne-saurait-sarreter-et-dormir-sur-ses-lauriers-dixit-abalo-esse-assih","status":"publish","type":"post","link":"https:\/\/www.africa-press.net\/togo\/toutes-les-actualites\/togo-education-la-cset-ne-saurait-sarreter-et-dormir-sur-ses-lauriers-dixit-abalo-esse-assih","title":{"rendered":"Togo \u2013 Education : \u201cLa CSET ne saurait s\u2019arr\u00eater et dormir sur ses lauriers\u201d dixit  Abalo-Ess\u00e9 Assih"},"content":{"rendered":"<p><span style=\"color: #ff6600\"><strong>Africa-Press &#8211; Togo. <\/strong><\/span><b>La Coordination des syndicats de l\u2019e\u0301ducation du Togo (CSET) est toujours vent debout contre les mauvaises conditions de vie et de travail dans le secteur de l\u2019enseignement. Dans une interview accorde\u0301e au confre\u0300re Telegramme228, le Secre\u0301taire ge\u0301ne\u0301rale du CSET, Abalo-Esse\u0301 Assih<\/b> <b>a indique\u0301 que la coordination \u201cne saurait ne saurait s\u2019arre\u0302ter et dormir sur ses lauriers\u201d. <\/b><\/p>\n<p>Lire l\u2019inte\u0301gralite\u0301 de l\u2019interview<\/p>\n<p><b>SG, bonjour !<\/b><\/p>\n<p>Plus de signe de vie de la toute agissante CSET, qu\u2019est-elle finalement devenue ?<\/p>\n<p>Tre\u0300s belles question, dirai-je ! Belle question car elle semble traduire les pre\u0301occupations d\u2019un grand nombre qui, de bonne ou de mauvaise foi, se la posent. En effet, la CSET est une organisation syndicale ne\u0301e de la volonte\u0301 de faire admettre que les corps de travailleurs de l\u2019e\u0301ducation e\u0301taient victimes d\u2019une se\u0301rie d\u2019injustice dans leur traitement : l\u2019auxiliariat, absence de primes mensuelles encourageant certaines ta\u0302ches spe\u0301cifiques, la question des retenus des auxiliaires a\u0300 la CNSS &#8230;.<\/p>\n<p>La CSET e\u0301tait donc ne\u0301e pour faire admettre cela et demander que c\u0327a se corrige. Le chemin a e\u0301te\u0301 long mais le re\u0301sultat est qu\u2019aujourd\u2019hui, la plateforme initiale telle que cite\u0301e ici est vide\u0301e dans sa lettre me\u0302me si dans son esprit, on ne parlera pas de satisfaction totale. Cette lutte, comme toute lutte syndicale, s\u2019e\u0301tait solde\u0301e par la signature d\u2019un protocole d\u2019accord en 2018 puis d\u2019un statut particulier quelques mois apre\u0300s. Il est vrai que si ce PA e\u0301tait applique\u0301 dans sa mouture originelle, la paix sociale et la compre\u0301hension mutuelle seraient au rendez-vous. Mais, l\u2019accord n\u2019a e\u0301te\u0301 que partiellement applique\u0301 quand le gouvernement nous impose la relecture (passant par les me\u0301canismes d\u2019arbitrage contenus dans le PA) et ceci e\u0301tait favorise\u0301 par le fait que certains interpre\u0301taient e\u0301galement mal les choses en ce moment dans notre camp.<\/p>\n<p>Nous avons en vain attire\u0301 l\u2019attention des camarades sur les risques de relecture et de remise en cause qu\u2019on courait a\u0300 faire cela ; mais he\u0301las ! C\u0327a a e\u0301te\u0301 une aubaine pour le gouvernement en position d\u2019employeur de reprendre plus de force pour remettre en cause certaines clauses. De toutes les fac\u0327ons, en faisant le bilan avec la plateforme initiale, on se rend compte, que des e\u0301tapes ont e\u0301te\u0301 franchies.<\/p>\n<p>La crise sanitaire et l\u2019e\u0301tat d\u2019urgence qui que nous avions connus imposaient e\u0301galement que l\u2019on baisse la garde a\u0300 un moment car partout dans le monde, c\u2019e\u0301tait la premie\u0300re urgence et on ne peut pas exposer les camarades en les mobilisant pour l\u2019application inte\u0301grale de l\u2019accord alors me\u0302me qu\u2019on a de\u0301ja\u0300 re\u0301ussi a\u0300 gagner des e\u0301tapes importantes. La suite, avec d\u2019autres velle\u0301ite\u0301s syndicales, nous a montre\u0301 que c\u2019e\u0301tait la voix de la sagesse qui parlait a\u0300 notre conscience.<\/p>\n<p>La CSET e\u0301tant une organisation syndicale (fe\u0301de\u0301ration), elle ne saurait s\u2019arre\u0302ter et dormir sur ses lauriers : elle est bien vivante et participe aux concertations avec d\u2019autres fe\u0301de\u0301rations ou avec le gouvernement lorsqu\u2019elle est sollicite\u0301e ou qu\u2019elle porte une initiative, elle donne ses avis si le gouvernement en demande, elle porte les proble\u0300mes individuels des membres lorsqu\u2019elle est saisie ou s\u2019en rend compte, bref elle me\u0300ne les activite\u0301s re\u0301galiennes d\u2019une organisation syndicale.<\/p>\n<p>Il va falloir rappeler qu\u2019e\u0302tre actif ou agissant syndicalement parlant n\u2019e\u0301quivaut pas a\u0300 juste lancer des gre\u0300ves car le but est loin de la\u0300 ; les moyens d\u2019action sont divers et la CSET les utilise tout comme elle a eu a\u0300 appeler a\u0300 la gre\u0300ve lorsqu\u2019elle jugeait cela ne\u0301cessaire face a\u0300 la re\u0301sistance de l\u2019employeur. Mais les lignes ayant bouge\u0301, il faut donner une chance a\u0300 la paix sociale.<\/p>\n<p>Bref, la plateforme est vide\u0301e, re\u0301solue mais naturellement, de nouveaux proble\u0300mes naissent face a\u0300 l\u2019e\u0301volution des choses et c\u2019est de l\u2019ordre de la normalite\u0301. Il faut toujours se\u0301rier les choses.<\/p>\n<p><b>Pour certaines opinions, le ministre KOKOROKO a fini par vous faire rentrer dans vos rangs et donc plus personne n\u2019a le courage de lever le doigt&#8230;<\/b><\/p>\n<p>Nous avons comme l\u2019impression qu\u2019il y a deux cate\u0301gories de personnes qui parlent ainsi.<\/p>\n<p>Une premie\u0300re cate\u0301gorie qui, par ignorance pense que la lutte e\u0301tait destine\u0301e ou dirige\u0301e contre la personne d\u2019un ministre ou d\u2019une autre autorite\u0301. Je dis que c\u2019est une ignorance car la lutte syndicale est pluto\u0302t dirige\u0301e contre l\u2019injustice et c\u2019est ce que nous avons fait, nonobstant l\u2019occupant du poste ministe\u0301riel, n\u2019en de\u0301plaise a\u0300 ceux qui ont voulu qu\u2019on soit un moyen juste d\u2019inquie\u0301ter X ou Y. Nous ne conside\u0301rons pas la personne du ministre actuel mais le contexte.<\/p>\n<p>Une deuxie\u0300me cate\u0301gorie est celle qui le dirait, c\u2019est une hypothe\u0300se, pour titiller notre orgueil et nous amener a\u0300 re\u0301agir par fierte\u0301 juste pour faire signe de vie car les mouvements sociaux, peuvent amener d\u2019autres acteurs a\u0300 e\u0302tre e\u0301galement a\u0300 l\u2019aise, et ce par opportunisme, pour justifier leur exercices. C\u2019est peut-e\u0302tre de bonne guerre mais nous n\u2019entrons pas dans un tel pie\u0300ge, pluto\u0302t, nous gardons la te\u0302te sur les e\u0301paules.<\/p>\n<p><b>Jeudi dernier, on vous a vus signer la mise en place d\u2019un collectif qui semble coiffer de\u0301sormais la CSET et les autres organisations syndicales. Est-ce vrai ?<\/b><\/p>\n<p>A\u0300 cette question, j\u2019ai envie, avant de vous expliquer les choses que vous avez l\u2019habitude de choisir presque toujours de voir le verre a\u0300 moitie\u0301 vide pluto\u0302t qu\u2019a\u0300 moitie\u0301 pleine. Il y avait l\u2019opportunite\u0301 d\u2019y voir ou imaginer des avantages e\u0301galement&#8230;. Mais, comment en est-on arrive\u0301 a\u0300 n\u2019envisager que le mal ?<\/p>\n<p>Revenant sur la question, je vous dirai et c\u2019est juste, que la CSET n\u2019est pas et n\u2019acceptera jamais e\u0302tre coiffe\u0301e par une quelconque structure. D\u2019ailleurs, avant de s\u2019amener a\u0300 cette structure, elle a discute\u0301 avec les autres formations et donc avec toutes les fe\u0301de\u0301rations pour s\u2019assurer de sa liberte\u0301 a\u0300 y entrer et a\u0300 y sortir si cela venait a\u0300 ne pas lui convenir.<\/p>\n<p>Le collectif est une mutualisation des efforts pour mener des recherches d\u2019appuis en vue de la formation ouvrie\u0300re, pour ope\u0301rer des plaidoyers et pour poser ensemble a\u0300 l\u2019employeur certains proble\u0300mes que tout le monde identifierait comme tel.<\/p>\n<p>Ainsi, chaque syndicat et fe\u0301de\u0301ration membre garde toute sa liberte\u0301 d\u2019action. Et pour s\u2019en convaincre, il faut chercher et savoir que pareille structure existe de\u0301ja\u0300 dans d\u2019autres secteurs au Togo et au niveau des Centrales syndicales.<\/p>\n<p>On dit \u2019\u2019ensemble, on est plus fort\u2019\u2019 et cela est vrai pour beaucoup de choses me\u0302me si pour certaines choses, on n\u2019a pas besoin de tout le monde avant de lancer ses propres initiatives.<\/p>\n<p>La vie syndicale au Togo a connue de nouvelles dispositions le\u0301gislatives depuis quelques temps. Comment la CSET trouve-t-elle cela et s\u2019y est-elle de\u0301ja\u0300 conforme\u0301e ?<\/p>\n<p>Oui, de nouveaux textes sont pris. Nous avons trouve\u0301 certaines dispositions liberticides et nous l\u2019avons dit malgre\u0301 que nous ne fussions pas a\u0300 la CSET en conflit avec certaines de ces dispositions. Il faut en tirer les lec\u0327ons : cela est du\u0302 au fait que pendant l\u2019e\u0301tat d\u2019urgence, l\u2019employeur\/gouvernement se sentant sous pression a voulu se prote\u0301ger par des lois, choses regrettable. Il ne fallait pas lui offrir cette aubaine et c\u2019est pour cela que nous avions opte\u0301 pour le calme et la ne\u0301gociation en ce moment&#8230;. Mais, he\u0301las !<\/p>\n<p>Cependant, nous pensons que rien n\u2019est perdu et qu\u2019en re\u0301alite\u0301 s\u2019il y a une bonne raison de se faire entendre ou me\u0302me de remettre en cause des dispositions le\u0301gales, c\u0327a se fera. C\u0327a a toujours e\u0301te\u0301 comme c\u0327a. Ce sont les hommes qui font les lois et elles ne sont pas immuables lorsqu\u2019a\u0300 l\u2019application, elles ne re\u0301pondent pas.<\/p>\n<p><b>Un petit rappel, dites-nous quand est-ce vous avez pris les re\u0302nes de la CSET et ce pour combien de temps<\/b><\/p>\n<p>La\u0300 e\u0301galement, il y a un peu de confusion.<\/p>\n<p>Nous ASSIH, avions joue\u0301 le ro\u0302le de porte-parole de la CSET a\u0300 un moment quand le camarade ATSOU e\u0301tait le coordonnateur et depuis, la date du 26 fe\u0301vrier 2022 a\u0300 Atakpame\u0301, c\u2019est le camarade ASKOULIM du SYNETFP qui a e\u0301te\u0301 e\u0301lu coordonnateur mais je continue d\u2019assumer en concertation avec lui, ce ro\u0302le de porte-parole.<\/p>\n<p>Nous avons toujours fonctionne\u0301 ainsi.<\/p>\n<p>Nous e\u0301tions encore a\u0300 l\u2019inte\u0301rieur avec les camarades SAKRAN et SOSSOU mais nous arrivions par circonstances a\u0300 Lome\u0301 pour le dialogue avec le gouvernement et me\u0302me pour des AG au centre communautaire de Tokoin. C\u2019est dire que notre fonctionnement privile\u0301gie toujours l\u2019efficacite\u0301 a\u0300 toute autre conside\u0301ration.<\/p>\n<p>Les challenges de la CSET sont de discuter avec le gouvernement employeur et les autres fe\u0301de\u0301rations de l\u2019ame\u0301lioration des conditions de travail de l\u2019enseignant. Il nous faut aussi veiller a\u0300 l\u2019application progressive et juste du statut particulier de l\u2019enseignement, dynamiser l\u2019e\u0301ducation ouvrie\u0300re de nos membres et sympathisants, accroi\u0302tre l\u2019adhe\u0301sion et la mobilisation pour la de\u0301fense de nos droits.<\/p>\n<p>Salut !!!<\/p>\n<p><strong>Pour plus d&rsquo;informations et d&rsquo;analyses sur la <a href=\"https:\/\/www.africa-press.net\/togo\">Togo<\/a>, suivez <a href=\"https:\/\/www.africa-press.net\/\">Africa-Press<\/a><\/strong><\/p>\n","protected":false},"excerpt":{"rendered":"<p>Africa-Press &#8211; Togo. La Coordination des syndicats de l\u2019e\u0301ducation du Togo (CSET) est toujours vent debout contre les mauvaises conditions de vie et de travail dans le secteur de l\u2019enseignement. Dans une interview accorde\u0301e au confre\u0300re Telegramme228, le Secre\u0301taire ge\u0301ne\u0301rale du CSET, Abalo-Esse\u0301 Assih a indique\u0301 que la coordination \u201cne saurait ne saurait s\u2019arre\u0302ter et [&hellip;]<\/p>\n","protected":false},"author":82,"featured_media":18168,"comment_status":"open","ping_status":"closed","sticky":false,"template":"","format":"standard","meta":{"footnotes":""},"categories":[21,10],"tags":[36,49,50],"class_list":["post-18169","post","type-post","status-publish","format-standard","has-post-thumbnail","hentry","category-communaute","category-toutes-les-actualites","tag-africa-press","tag-africa-press-togo","tag-togo"],"yoast_head":"<!-- This site is optimized with the Yoast SEO Premium plugin v26.1 (Yoast SEO v27.0) - https:\/\/yoast.com\/product\/yoast-seo-premium-wordpress\/ -->\n<title>Togo \u2013 Education : \u201cLa CSET ne saurait s\u2019arr\u00eater et dormir sur ses lauriers\u201d dixit Abalo-Ess\u00e9 Assih - Togo<\/title>\n<meta name=\"description\" content=\"La Coordination des syndicats de l\u2019e\u0301ducation du Togo (CSET) est toujours vent debout contre les mauvaises conditions ...\" \/>\n<meta name=\"robots\" content=\"index, follow, max-snippet:-1, max-image-preview:large, max-video-preview:-1\" \/>\n<link rel=\"canonical\" href=\"https:\/\/www.africa-press.net\/togo\/toutes-les-actualites\/togo-education-la-cset-ne-saurait-sarreter-et-dormir-sur-ses-lauriers-dixit-abalo-esse-assih\" \/>\n<meta property=\"og:locale\" content=\"fr_FR\" \/>\n<meta property=\"og:type\" content=\"article\" \/>\n<meta property=\"og:title\" content=\"Togo \u2013 Education : \u201cLa CSET ne saurait s\u2019arr\u00eater et dormir sur ses lauriers\u201d dixit Abalo-Ess\u00e9 Assih\" \/>\n<meta property=\"og:description\" content=\"La Coordination des syndicats de l\u2019e\u0301ducation du Togo (CSET) est toujours vent debout contre les mauvaises conditions ...\" \/>\n<meta property=\"og:url\" content=\"https:\/\/www.africa-press.net\/togo\/toutes-les-actualites\/togo-education-la-cset-ne-saurait-sarreter-et-dormir-sur-ses-lauriers-dixit-abalo-esse-assih\" \/>\n<meta property=\"og:site_name\" content=\"Togo\" \/>\n<meta property=\"article:published_time\" content=\"2023-03-06T20:02:42+00:00\" \/>\n<meta property=\"article:modified_time\" content=\"2023-03-06T21:36:12+00:00\" \/>\n<meta property=\"og:image\" content=\"https:\/\/static.africa-press.net\/togo\/sites\/58\/2023\/03\/postQueueImg_1678120406.23.jpg\" \/>\n\t<meta property=\"og:image:width\" content=\"1280\" \/>\n\t<meta property=\"og:image:height\" content=\"800\" \/>\n\t<meta property=\"og:image:type\" content=\"image\/jpeg\" \/>\n<meta name=\"author\" content=\"cfeditorfr\" \/>\n<meta name=\"twitter:card\" content=\"summary_large_image\" \/>\n<meta name=\"twitter:label1\" content=\"\u00c9crit par\" \/>\n\t<meta name=\"twitter:data1\" content=\"cfeditorfr\" \/>\n\t<meta name=\"twitter:label2\" content=\"Dur\u00e9e de lecture estim\u00e9e\" \/>\n\t<meta name=\"twitter:data2\" content=\"8 minutes\" \/>\n<script type=\"application\/ld+json\" class=\"yoast-schema-graph\">{\"@context\":\"https:\/\/schema.org\",\"@graph\":[{\"@type\":\"Article\",\"@id\":\"https:\/\/www.africa-press.net\/togo\/toutes-les-actualites\/togo-education-la-cset-ne-saurait-sarreter-et-dormir-sur-ses-lauriers-dixit-abalo-esse-assih#article\",\"isPartOf\":{\"@id\":\"https:\/\/www.africa-press.net\/togo\/toutes-les-actualites\/togo-education-la-cset-ne-saurait-sarreter-et-dormir-sur-ses-lauriers-dixit-abalo-esse-assih\"},\"author\":{\"name\":\"cfeditorfr\",\"@id\":\"https:\/\/www.africa-press.net\/togo\/#\/schema\/person\/2b1cf3cd81a31e3cd26889ca66d677f1\"},\"headline\":\"Togo \u2013 Education : \u201cLa CSET ne saurait s\u2019arr\u00eater et dormir sur ses lauriers\u201d dixit Abalo-Ess\u00e9 Assih\",\"datePublished\":\"2023-03-06T20:02:42+00:00\",\"dateModified\":\"2023-03-06T21:36:12+00:00\",\"mainEntityOfPage\":{\"@id\":\"https:\/\/www.africa-press.net\/togo\/toutes-les-actualites\/togo-education-la-cset-ne-saurait-sarreter-et-dormir-sur-ses-lauriers-dixit-abalo-esse-assih\"},\"wordCount\":1684,\"commentCount\":0,\"image\":{\"@id\":\"https:\/\/www.africa-press.net\/togo\/toutes-les-actualites\/togo-education-la-cset-ne-saurait-sarreter-et-dormir-sur-ses-lauriers-dixit-abalo-esse-assih#primaryimage\"},\"thumbnailUrl\":\"https:\/\/static.africa-press.net\/togo\/sites\/58\/2023\/03\/postQueueImg_1678120406.23.jpg\",\"keywords\":[\"Africa Press\",\"Africa Press-Togo\",\"Togo\"],\"articleSection\":[\"Communaut\u00e9\",\"Toutes les actualit\u00e9s\"],\"inLanguage\":\"fr-FR\",\"potentialAction\":[{\"@type\":\"CommentAction\",\"name\":\"Comment\",\"target\":[\"https:\/\/www.africa-press.net\/togo\/toutes-les-actualites\/togo-education-la-cset-ne-saurait-sarreter-et-dormir-sur-ses-lauriers-dixit-abalo-esse-assih#respond\"]}]},{\"@type\":\"WebPage\",\"@id\":\"https:\/\/www.africa-press.net\/togo\/toutes-les-actualites\/togo-education-la-cset-ne-saurait-sarreter-et-dormir-sur-ses-lauriers-dixit-abalo-esse-assih\",\"url\":\"https:\/\/www.africa-press.net\/togo\/toutes-les-actualites\/togo-education-la-cset-ne-saurait-sarreter-et-dormir-sur-ses-lauriers-dixit-abalo-esse-assih\",\"name\":\"Togo \u2013 Education : \u201cLa CSET ne saurait s\u2019arr\u00eater et dormir sur ses lauriers\u201d dixit Abalo-Ess\u00e9 Assih - Togo\",\"isPartOf\":{\"@id\":\"https:\/\/www.africa-press.net\/togo\/#website\"},\"primaryImageOfPage\":{\"@id\":\"https:\/\/www.africa-press.net\/togo\/toutes-les-actualites\/togo-education-la-cset-ne-saurait-sarreter-et-dormir-sur-ses-lauriers-dixit-abalo-esse-assih#primaryimage\"},\"image\":{\"@id\":\"https:\/\/www.africa-press.net\/togo\/toutes-les-actualites\/togo-education-la-cset-ne-saurait-sarreter-et-dormir-sur-ses-lauriers-dixit-abalo-esse-assih#primaryimage\"},\"thumbnailUrl\":\"https:\/\/static.africa-press.net\/togo\/sites\/58\/2023\/03\/postQueueImg_1678120406.23.jpg\",\"datePublished\":\"2023-03-06T20:02:42+00:00\",\"dateModified\":\"2023-03-06T21:36:12+00:00\",\"author\":{\"@id\":\"https:\/\/www.africa-press.net\/togo\/#\/schema\/person\/2b1cf3cd81a31e3cd26889ca66d677f1\"},\"description\":\"La Coordination des syndicats de l\u2019e\u0301ducation du Togo (CSET) est toujours vent debout contre les mauvaises conditions ...\",\"breadcrumb\":{\"@id\":\"https:\/\/www.africa-press.net\/togo\/toutes-les-actualites\/togo-education-la-cset-ne-saurait-sarreter-et-dormir-sur-ses-lauriers-dixit-abalo-esse-assih#breadcrumb\"},\"inLanguage\":\"fr-FR\",\"potentialAction\":[{\"@type\":\"ReadAction\",\"target\":[\"https:\/\/www.africa-press.net\/togo\/toutes-les-actualites\/togo-education-la-cset-ne-saurait-sarreter-et-dormir-sur-ses-lauriers-dixit-abalo-esse-assih\"]}]},{\"@type\":\"ImageObject\",\"inLanguage\":\"fr-FR\",\"@id\":\"https:\/\/www.africa-press.net\/togo\/toutes-les-actualites\/togo-education-la-cset-ne-saurait-sarreter-et-dormir-sur-ses-lauriers-dixit-abalo-esse-assih#primaryimage\",\"url\":\"https:\/\/static.africa-press.net\/togo\/sites\/58\/2023\/03\/postQueueImg_1678120406.23.jpg\",\"contentUrl\":\"https:\/\/static.africa-press.net\/togo\/sites\/58\/2023\/03\/postQueueImg_1678120406.23.jpg\",\"width\":1280,\"height\":800,\"caption\":\"Togo \u2013 Education : \u201cLa CSET ne saurait s\u2019arr\u00eater et dormir sur ses lauriers\u201d dixit Abalo-Ess\u00e9 Assih\"},{\"@type\":\"BreadcrumbList\",\"@id\":\"https:\/\/www.africa-press.net\/togo\/toutes-les-actualites\/togo-education-la-cset-ne-saurait-sarreter-et-dormir-sur-ses-lauriers-dixit-abalo-esse-assih#breadcrumb\",\"itemListElement\":[{\"@type\":\"ListItem\",\"position\":1,\"name\":\"Accueil\",\"item\":\"https:\/\/www.africa-press.net\/togo\/\"},{\"@type\":\"ListItem\",\"position\":2,\"name\":\"Togo \u2013 Education : \u201cLa CSET ne saurait s\u2019arr\u00eater et dormir sur ses lauriers\u201d dixit Abalo-Ess\u00e9 Assih\"}]},{\"@type\":\"WebSite\",\"@id\":\"https:\/\/www.africa-press.net\/togo\/#website\",\"url\":\"https:\/\/www.africa-press.net\/togo\/\",\"name\":\"Togo\",\"description\":\"Just another Africa News Agency Sites site\",\"potentialAction\":[{\"@type\":\"SearchAction\",\"target\":{\"@type\":\"EntryPoint\",\"urlTemplate\":\"https:\/\/www.africa-press.net\/togo\/?s={search_term_string}\"},\"query-input\":{\"@type\":\"PropertyValueSpecification\",\"valueRequired\":true,\"valueName\":\"search_term_string\"}}],\"inLanguage\":\"fr-FR\"},{\"@type\":\"Person\",\"@id\":\"https:\/\/www.africa-press.net\/togo\/#\/schema\/person\/2b1cf3cd81a31e3cd26889ca66d677f1\",\"name\":\"cfeditorfr\"}]}<\/script>\n<!-- \/ Yoast SEO Premium plugin. -->","yoast_head_json":{"title":"Togo \u2013 Education : \u201cLa CSET ne saurait s\u2019arr\u00eater et dormir sur ses lauriers\u201d dixit Abalo-Ess\u00e9 Assih - Togo","description":"La Coordination des syndicats de l\u2019e\u0301ducation du Togo (CSET) est toujours vent debout contre les mauvaises conditions ...","robots":{"index":"index","follow":"follow","max-snippet":"max-snippet:-1","max-image-preview":"max-image-preview:large","max-video-preview":"max-video-preview:-1"},"canonical":"https:\/\/www.africa-press.net\/togo\/toutes-les-actualites\/togo-education-la-cset-ne-saurait-sarreter-et-dormir-sur-ses-lauriers-dixit-abalo-esse-assih","og_locale":"fr_FR","og_type":"article","og_title":"Togo \u2013 Education : \u201cLa CSET ne saurait s\u2019arr\u00eater et dormir sur ses lauriers\u201d dixit Abalo-Ess\u00e9 Assih","og_description":"La Coordination des syndicats de l\u2019e\u0301ducation du Togo (CSET) est toujours vent debout contre les mauvaises conditions ...","og_url":"https:\/\/www.africa-press.net\/togo\/toutes-les-actualites\/togo-education-la-cset-ne-saurait-sarreter-et-dormir-sur-ses-lauriers-dixit-abalo-esse-assih","og_site_name":"Togo","article_published_time":"2023-03-06T20:02:42+00:00","article_modified_time":"2023-03-06T21:36:12+00:00","og_image":[{"width":1280,"height":800,"url":"https:\/\/static.africa-press.net\/togo\/sites\/58\/2023\/03\/postQueueImg_1678120406.23.jpg","type":"image\/jpeg"}],"author":"cfeditorfr","twitter_card":"summary_large_image","twitter_misc":{"\u00c9crit par":"cfeditorfr","Dur\u00e9e de lecture estim\u00e9e":"8 minutes"},"schema":{"@context":"https:\/\/schema.org","@graph":[{"@type":"Article","@id":"https:\/\/www.africa-press.net\/togo\/toutes-les-actualites\/togo-education-la-cset-ne-saurait-sarreter-et-dormir-sur-ses-lauriers-dixit-abalo-esse-assih#article","isPartOf":{"@id":"https:\/\/www.africa-press.net\/togo\/toutes-les-actualites\/togo-education-la-cset-ne-saurait-sarreter-et-dormir-sur-ses-lauriers-dixit-abalo-esse-assih"},"author":{"name":"cfeditorfr","@id":"https:\/\/www.africa-press.net\/togo\/#\/schema\/person\/2b1cf3cd81a31e3cd26889ca66d677f1"},"headline":"Togo \u2013 Education : \u201cLa CSET ne saurait s\u2019arr\u00eater et dormir sur ses lauriers\u201d dixit Abalo-Ess\u00e9 Assih","datePublished":"2023-03-06T20:02:42+00:00","dateModified":"2023-03-06T21:36:12+00:00","mainEntityOfPage":{"@id":"https:\/\/www.africa-press.net\/togo\/toutes-les-actualites\/togo-education-la-cset-ne-saurait-sarreter-et-dormir-sur-ses-lauriers-dixit-abalo-esse-assih"},"wordCount":1684,"commentCount":0,"image":{"@id":"https:\/\/www.africa-press.net\/togo\/toutes-les-actualites\/togo-education-la-cset-ne-saurait-sarreter-et-dormir-sur-ses-lauriers-dixit-abalo-esse-assih#primaryimage"},"thumbnailUrl":"https:\/\/static.africa-press.net\/togo\/sites\/58\/2023\/03\/postQueueImg_1678120406.23.jpg","keywords":["Africa Press","Africa Press-Togo","Togo"],"articleSection":["Communaut\u00e9","Toutes les actualit\u00e9s"],"inLanguage":"fr-FR","potentialAction":[{"@type":"CommentAction","name":"Comment","target":["https:\/\/www.africa-press.net\/togo\/toutes-les-actualites\/togo-education-la-cset-ne-saurait-sarreter-et-dormir-sur-ses-lauriers-dixit-abalo-esse-assih#respond"]}]},{"@type":"WebPage","@id":"https:\/\/www.africa-press.net\/togo\/toutes-les-actualites\/togo-education-la-cset-ne-saurait-sarreter-et-dormir-sur-ses-lauriers-dixit-abalo-esse-assih","url":"https:\/\/www.africa-press.net\/togo\/toutes-les-actualites\/togo-education-la-cset-ne-saurait-sarreter-et-dormir-sur-ses-lauriers-dixit-abalo-esse-assih","name":"Togo \u2013 Education : \u201cLa CSET ne saurait s\u2019arr\u00eater et dormir sur ses lauriers\u201d dixit Abalo-Ess\u00e9 Assih - Togo","isPartOf":{"@id":"https:\/\/www.africa-press.net\/togo\/#website"},"primaryImageOfPage":{"@id":"https:\/\/www.africa-press.net\/togo\/toutes-les-actualites\/togo-education-la-cset-ne-saurait-sarreter-et-dormir-sur-ses-lauriers-dixit-abalo-esse-assih#primaryimage"},"image":{"@id":"https:\/\/www.africa-press.net\/togo\/toutes-les-actualites\/togo-education-la-cset-ne-saurait-sarreter-et-dormir-sur-ses-lauriers-dixit-abalo-esse-assih#primaryimage"},"thumbnailUrl":"https:\/\/static.africa-press.net\/togo\/sites\/58\/2023\/03\/postQueueImg_1678120406.23.jpg","datePublished":"2023-03-06T20:02:42+00:00","dateModified":"2023-03-06T21:36:12+00:00","author":{"@id":"https:\/\/www.africa-press.net\/togo\/#\/schema\/person\/2b1cf3cd81a31e3cd26889ca66d677f1"},"description":"La Coordination des syndicats de l\u2019e\u0301ducation du Togo (CSET) est toujours vent debout contre les mauvaises conditions ...","breadcrumb":{"@id":"https:\/\/www.africa-press.net\/togo\/toutes-les-actualites\/togo-education-la-cset-ne-saurait-sarreter-et-dormir-sur-ses-lauriers-dixit-abalo-esse-assih#breadcrumb"},"inLanguage":"fr-FR","potentialAction":[{"@type":"ReadAction","target":["https:\/\/www.africa-press.net\/togo\/toutes-les-actualites\/togo-education-la-cset-ne-saurait-sarreter-et-dormir-sur-ses-lauriers-dixit-abalo-esse-assih"]}]},{"@type":"ImageObject","inLanguage":"fr-FR","@id":"https:\/\/www.africa-press.net\/togo\/toutes-les-actualites\/togo-education-la-cset-ne-saurait-sarreter-et-dormir-sur-ses-lauriers-dixit-abalo-esse-assih#primaryimage","url":"https:\/\/static.africa-press.net\/togo\/sites\/58\/2023\/03\/postQueueImg_1678120406.23.jpg","contentUrl":"https:\/\/static.africa-press.net\/togo\/sites\/58\/2023\/03\/postQueueImg_1678120406.23.jpg","width":1280,"height":800,"caption":"Togo \u2013 Education : \u201cLa CSET ne saurait s\u2019arr\u00eater et dormir sur ses lauriers\u201d dixit Abalo-Ess\u00e9 Assih"},{"@type":"BreadcrumbList","@id":"https:\/\/www.africa-press.net\/togo\/toutes-les-actualites\/togo-education-la-cset-ne-saurait-sarreter-et-dormir-sur-ses-lauriers-dixit-abalo-esse-assih#breadcrumb","itemListElement":[{"@type":"ListItem","position":1,"name":"Accueil","item":"https:\/\/www.africa-press.net\/togo\/"},{"@type":"ListItem","position":2,"name":"Togo \u2013 Education : \u201cLa CSET ne saurait s\u2019arr\u00eater et dormir sur ses lauriers\u201d dixit Abalo-Ess\u00e9 Assih"}]},{"@type":"WebSite","@id":"https:\/\/www.africa-press.net\/togo\/#website","url":"https:\/\/www.africa-press.net\/togo\/","name":"Togo","description":"Just another Africa News Agency Sites site","potentialAction":[{"@type":"SearchAction","target":{"@type":"EntryPoint","urlTemplate":"https:\/\/www.africa-press.net\/togo\/?s={search_term_string}"},"query-input":{"@type":"PropertyValueSpecification","valueRequired":true,"valueName":"search_term_string"}}],"inLanguage":"fr-FR"},{"@type":"Person","@id":"https:\/\/www.africa-press.net\/togo\/#\/schema\/person\/2b1cf3cd81a31e3cd26889ca66d677f1","name":"cfeditorfr"}]}},"_links":{"self":[{"href":"https:\/\/www.africa-press.net\/togo\/wp-json\/wp\/v2\/posts\/18169","targetHints":{"allow":["GET"]}}],"collection":[{"href":"https:\/\/www.africa-press.net\/togo\/wp-json\/wp\/v2\/posts"}],"about":[{"href":"https:\/\/www.africa-press.net\/togo\/wp-json\/wp\/v2\/types\/post"}],"author":[{"embeddable":true,"href":"https:\/\/www.africa-press.net\/togo\/wp-json\/wp\/v2\/users\/82"}],"replies":[{"embeddable":true,"href":"https:\/\/www.africa-press.net\/togo\/wp-json\/wp\/v2\/comments?post=18169"}],"version-history":[{"count":0,"href":"https:\/\/www.africa-press.net\/togo\/wp-json\/wp\/v2\/posts\/18169\/revisions"}],"wp:featuredmedia":[{"embeddable":true,"href":"https:\/\/www.africa-press.net\/togo\/wp-json\/wp\/v2\/media\/18168"}],"wp:attachment":[{"href":"https:\/\/www.africa-press.net\/togo\/wp-json\/wp\/v2\/media?parent=18169"}],"wp:term":[{"taxonomy":"category","embeddable":true,"href":"https:\/\/www.africa-press.net\/togo\/wp-json\/wp\/v2\/categories?post=18169"},{"taxonomy":"post_tag","embeddable":true,"href":"https:\/\/www.africa-press.net\/togo\/wp-json\/wp\/v2\/tags?post=18169"}],"curies":[{"name":"wp","href":"https:\/\/api.w.org\/{rel}","templated":true}]}}