{"id":18183,"date":"2023-03-07T12:38:56","date_gmt":"2023-03-07T12:38:56","guid":{"rendered":"https:\/\/www.africa-press.net\/togo\/politique\/la-haine-de-loccident-lappel-desordonne-au-panafricanisme-des-pieges-qui-pourraient-cacher-les-vrais-problemes-de-lafrique"},"modified":"2023-03-07T13:10:24","modified_gmt":"2023-03-07T13:10:24","slug":"la-haine-de-loccident-lappel-desordonne-au-panafricanisme-des-pieges-qui-pourraient-cacher-les-vrais-problemes-de-lafrique","status":"publish","type":"post","link":"https:\/\/www.africa-press.net\/togo\/politique\/la-haine-de-loccident-lappel-desordonne-au-panafricanisme-des-pieges-qui-pourraient-cacher-les-vrais-problemes-de-lafrique","title":{"rendered":"La haine de l\u00b4Occident, l\u00b4appel d\u00e9sordonn\u00e9 au panafricanisme: des pi\u00e8ges qui pourraient cacher les vrais probl\u00e8mes de l\u00b4Afrique"},"content":{"rendered":"<p><span style=\"color: #ff6600\"><strong>Africa-Press &#8211; Togo. <\/strong><\/span><b>\u00abCette Afrique noire, je la de\u0301clarais \u00abmal partie\u00bb, de\u0300s 1962; d \u0301aucuns me l \u0301ont reproche\u0301&#8230; \u00abL \u0301Afrique noire est mal partie\u00bb fut donc interdit dans toute l \u0301Afrique francophone. Son auteur, de\u0301clare\u0301 persona non grata par les responsables politiques. Cependant que Julius Nyerere et Kenneth Kaunda m \u0301ont appele\u0301, de\u0300s qu \u0301ils ont lu la traduction anglaise, \u00abFalse start in Africa\u00bb. En Janvier 1982, Le\u0301opold Se\u0301dar Senghor reconnai\u0302t dans le Soleil, le grand journal de Dakar, vingt ans apre\u0300s, qu \u0301il a eu tort de ne pas m \u0301e\u0301couter alors&#8230;\u00bb <\/b>Rene\u0301 Dumont en 1986 dans <b>\u00abPour l \u0301Afrique, j \u0301accuse\u00bb.<\/b><\/p>\n<p>Rene\u0301 Dumont, c \u0301est l \u0301inge\u0301nieur agronome et sociologue de nationalite\u0301 franc\u0327aise (ne\u0301 en 1906 et mort en 2001) qui constata tre\u0300s to\u0302t, avant tout le monde, et ce, tout juste au lendemain des inde\u0301pendances africaines, que le continent noir e\u0301tait mal parti, et qu \u0301a\u0300 cette allure, l \u0301Afrique noire connai\u0302trait beaucoup de proble\u0300mes a\u0300 l \u0301avenir sur plusieurs plans. Aveugle\u0301s par l \u0301euphorie des inde\u0301pendances, beaucoup de dirigeants africains d \u0301alors ne pouvaient accepter un tel verdict aussi se\u0301ve\u0300re. Parmi les opposants les plus virulents a\u0300 la the\u0300se de Rene\u0301 Dumont en 1962, il y avait les e\u0301tudiants de la FEANF (Fe\u0301de\u0301ration des e\u0301tudiants d \u0301Afrique noire en France). Beaucoup de ces jeunes Africains qui retourne\u0300rent dans leurs pays d \u0301origine en Afrique apre\u0300s leurs e\u0301tudes, et qui n \u0301accepte\u0300rent pas de collaborer avec les re\u0301gimes de dictature, souvent militaires, qui se\u0301vissaient un peu partout sur le continent, furent oblige\u0301s de repartir vivre en exil. Les moins chanceux moururent comme prisonniers politiques. Aujourd \u0301hui, 61 ans apre\u0300s le constat ose\u0301 a\u0300 l \u0301e\u0301poque du de\u0301funt inge\u0301nieur agronome franc\u0327ais, ou\u0300 en est notre continent? Les dirigeants de nos diffe\u0301rents pays depuis les inde\u0301pendances jusqu \u0301a\u0300 ce jour, avaient-ils re\u0301ussi a\u0300 faire mentir Rene\u0301 Dumont?<\/p>\n<p>Nous, en tant qu \u0301Africains, sommes tous d \u0301accord que notre continent est demeure\u0301, toutes ces de\u0301cennies, l \u0301ombre de lui-me\u0302me sur tous les plans presque. Et c \u0301est tout a\u0300 fait normal et surtout humain que nous tentions d \u0301explorer les voies et moyens qui nous permettraient de re\u0301soudre les proble\u0300mes auxquels notre che\u0300re Afrique est confronte\u0301e. Et pour re\u0301soudre un proble\u0300me, une difficulte\u0301, on cherche les raisons ou les causes qui pourraient e\u0302tre a\u0300 la base de l \u0301impasse. Aujourd \u0301hui, avec la prolife\u0301ration des re\u0301seaux sociaux tout le monde semble e\u0302tre devenu expert dans l \u0301analyse des proble\u0300mes de l \u0301Afrique, de leur origine et dans la recherche des solutions. Oui la recherche des solutions! C \u0301est le lieu ou\u0300 les commentaires des fameux experts de l \u0301Afrique vont dans tous les sens. Pour les uns c \u0301est l \u0301occident et surtout la France qui sont les seuls responsables des de\u0301boires de notre continent. D \u0301autres iront me\u0302me plus loin jusqu \u0301a\u0300 pre\u0301tendre que les occidentaux seraient jaloux d \u0301un e\u0301ventuel de\u0301veloppement de l \u0301Afrique. Certes, la France a joue\u0301 un ro\u0302le de pre\u0301dateur et continue a\u0300 le faire dans beaucoup de pays, anciennes colonies franc\u0327aises; et ceci a e\u0301te\u0301 possible, a\u0300 cause aussi des dirigeants africains autoritaires, pour ne pas dire dictateurs, qui cherchaient et chechent toujours a\u0300 s \u0301e\u0301terniser au pouvoir, et qui pour cela, sont pre\u0302ts a\u0300 laisser leur pays entre les mains du diable. Mais du point de vue ge\u0301ne\u0301rale, la ge\u0301opolitique mondiale est faite de concurrence entre e\u0301tats, et sur ce terrain il ne peut y avoir de pitie\u0301. N \u0301oublions pas: les e\u0301tats n \u0301ont pas d \u0301amis, ils n \u0301ont que des inte\u0301re\u0302ts. Et il revient aux dirigeants politiques de chaque pays, qu \u0301il soient africains ou pas, d \u0301e\u0302tre assez patriotes pour de\u0301fendre les inte\u0301re\u0302ts de leurs peuples. Que peuvent les autres peuples, les autres dirigeants pour nous, si nous avons des responsables politiques, indignes de leur titre, pre\u0302ts a\u0300 brader les richesses du pays pour leurs propres inte\u0301re\u0302ts?<\/p>\n<p>Si nous continuons a\u0300 pratiquer la politique de l \u0301autruche en refusant de voir nos propres de\u0301faillances et en accusant en permanence les autres d \u0301e\u0302tre responsables de notre sous-de\u0301veloppement, de notre pauvrete\u0301, nous serions, sans le savoir, entrain de la\u0302cher la proie pour l \u0301ombre; en d \u0301autres termes, le re\u0301gime pre\u0301dateur que nous combattons au Togo, par exemple, pourrait se croire e\u0301pargne\u0301, parce que de toutes les fac\u0327ons, les autres seraient de\u0301sormais la cible de beaucoupo d \u0301Africains, donc de Togolais. Et comme la mode aujourd \u0301hui est au \u201epanafricanisme\u201c, cet e\u0301tat de fait pourrait avoir pour conse\u0301quence le fait que Faure Gnassingbe\u0301 se dise lui aussi panafricaniste pour gagner le coeur des Togolais nai\u0308fs pour qu \u0301ils le laissent tranquille. Notre fameuse lutte pour la libe\u0301ration au Togo aura alors tourne\u0301 court.<\/p>\n<p>Quand nous e\u0301coutons des commentateurs sur une certaine chai\u0302ne de te\u0301le\u0301vision au Togo, par exemple, qui, au lieu de faire des analyses objectives avec des propositions intelligentes, se livrer a\u0300 des insultes de certains dirigeants europe\u0301ens au profit de la Russie, nous ne faisons que remuer la te\u0302te et nous demander si c \u0301est le ro\u0302le d \u0301un journaliste ou d \u0301un intellectuel que de faire siens les points de vue a\u0300 la va-vite de l \u0301homme de la rue africaine. Le devoir du journaliste ou de l \u0301intellectuel n \u0301est-il pas de se mettre au-dessus de la me\u0302le\u0301e en gardant la te\u0302te froide pour faire ses analyses? Quand des ressortissants de pays pauvres et affaiblis par des dictatures et qui cherchent a\u0300 se libe\u0301rer, comme c \u0301est la cas de beaucoup d \u0301Africains aujourd \u0301hui, et surtout de Togolais, se mettent a\u0300 soutenir l \u0301agression d \u0301un dictateur, seul mai\u0302tre a\u0300 bord en Russie, contre un petit pays comme l \u0301Ukraine, ne sommes-nous pas en droit de nous demander si l \u0301Africain sait vraiment ce qu \u0301il veut? Ce qui est encore plus triste, c \u0301est que beaucoup d \u0301Africains croient que renvoyer la France chez elle et acceuillir la Russie a\u0300 bras ouverts, suffit pour dire que nous sommes panafricanistes. Le Mali et le Burkina sont deux pays qui sont entrain de mener leur re\u0301volution et qui n \u0301ont pas ce proble\u0300me de dictateur au pouvoir depuis un demi-sie\u0300cle qu \u0301il faudrait lutter pour de\u0301gager. Le Togo a un autre proble\u0300me dont l \u0301issue, incertaine, pourrait mener a\u0300 tout. Donc nous ne pouvons pas comparer ces deux pays, qui ont choisi leur voie, avec le Togo, un pays profonde\u0301ment englue\u0301 dans une dictature terrible, et faire de l \u0301amalgame sur le panafricanisme. On ne peut parler du panafricanisme que dans la liberte\u0301 retrouve\u0301e. Tous les pays, ou du moins, beaucoup de pays d \u0301Afrique doivent d \u0301abord pouvoir parler d \u0301une voix sur le plan politique, avant de penser a\u0300 se retrouver pour parler d \u0301union ou de panafricanisme.<\/p>\n<p>Pour nous re\u0301sumer, notre continent l \u0301Afrique se trouve aujourd \u0301hui a\u0300 la croise\u0301e des chemins, et en me\u0302me temps en lutte pour sa libe\u0301ration des griffes des pre\u0301dateurs inte\u0301rieurs que sont ses dirigeants, dont la plupart sont devenus des bourreaux pour leurs peuples. La mauvaise gouvernance faite de corruption, de de\u0301tournements massifs de fonds publics, de ne\u0301potisme, de cliente\u0301lisme, de trucages permanents d \u0301e\u0301lections, de violations massives des droits de l \u0301homme; voila\u0300 les vraies causes du retard de la plupart des pays africains. Accuser uniquement, comme certains le font, l \u0301Occident ou la France, qui certes, ne sont pas force\u0301ment innocents, ne risque-t-il pas de nous faire perdre de vue nos vrais proble\u0300mes, et nous faire tourner en rond pendant un sie\u0300cle encore?<\/p>\n<p><b>Samari Tchadjobo<\/b><br \/>\n<b>Allemagne<\/b><\/p>\n<p><strong>Pour plus d&rsquo;informations et d&rsquo;analyses sur la <a href=\"https:\/\/www.africa-press.net\/togo\">Togo<\/a>, suivez <a href=\"https:\/\/www.africa-press.net\/\">Africa-Press<\/a><\/strong><\/p>\n","protected":false},"excerpt":{"rendered":"<p>Africa-Press &#8211; Togo. \u00abCette Afrique noire, je la de\u0301clarais \u00abmal partie\u00bb, de\u0300s 1962; d \u0301aucuns me l \u0301ont reproche\u0301&#8230; \u00abL \u0301Afrique noire est mal partie\u00bb fut donc interdit dans toute l \u0301Afrique francophone. Son auteur, de\u0301clare\u0301 persona non grata par les responsables politiques. Cependant que Julius Nyerere et Kenneth Kaunda m \u0301ont appele\u0301, de\u0300s qu [&hellip;]<\/p>\n","protected":false},"author":82,"featured_media":18182,"comment_status":"open","ping_status":"closed","sticky":false,"template":"","format":"standard","meta":{"footnotes":""},"categories":[2,10],"tags":[36,49,50],"class_list":["post-18183","post","type-post","status-publish","format-standard","has-post-thumbnail","hentry","category-politique","category-toutes-les-actualites","tag-africa-press","tag-africa-press-togo","tag-togo"],"yoast_head":"<!-- This site is optimized with the Yoast SEO Premium plugin v26.1 (Yoast SEO v27.0) - https:\/\/yoast.com\/product\/yoast-seo-premium-wordpress\/ -->\n<title>La haine de l\u00b4Occident, l\u00b4appel d\u00e9sordonn\u00e9 au panafricanisme: des pi\u00e8ges qui pourraient cacher les vrais probl\u00e8mes de l\u00b4Afrique - Togo<\/title>\n<meta name=\"description\" content=\"\u00abCette Afrique noire, je la de\u0301clarais \u00abmal partie\u00bb, de\u0300s 1962; d \u0301aucuns me l \u0301ont reproche\u0301... \u00abL \u0301Afrique noire es ...\" \/>\n<meta name=\"robots\" content=\"index, follow, max-snippet:-1, max-image-preview:large, max-video-preview:-1\" \/>\n<link rel=\"canonical\" href=\"https:\/\/www.africa-press.net\/togo\/politique\/la-haine-de-loccident-lappel-desordonne-au-panafricanisme-des-pieges-qui-pourraient-cacher-les-vrais-problemes-de-lafrique\" \/>\n<meta property=\"og:locale\" content=\"fr_FR\" \/>\n<meta property=\"og:type\" content=\"article\" \/>\n<meta property=\"og:title\" content=\"La haine de l\u00b4Occident, l\u00b4appel d\u00e9sordonn\u00e9 au panafricanisme: des pi\u00e8ges qui pourraient cacher les vrais probl\u00e8mes de l\u00b4Afrique\" \/>\n<meta property=\"og:description\" content=\"\u00abCette Afrique noire, je la de\u0301clarais \u00abmal partie\u00bb, de\u0300s 1962; d \u0301aucuns me l \u0301ont reproche\u0301... \u00abL \u0301Afrique noire es ...\" \/>\n<meta property=\"og:url\" content=\"https:\/\/www.africa-press.net\/togo\/politique\/la-haine-de-loccident-lappel-desordonne-au-panafricanisme-des-pieges-qui-pourraient-cacher-les-vrais-problemes-de-lafrique\" \/>\n<meta property=\"og:site_name\" content=\"Togo\" \/>\n<meta property=\"article:published_time\" content=\"2023-03-07T12:38:56+00:00\" \/>\n<meta property=\"article:modified_time\" content=\"2023-03-07T13:10:24+00:00\" \/>\n<meta property=\"og:image\" content=\"https:\/\/static.africa-press.net\/togo\/sites\/58\/2023\/03\/postQueueImg_1678180149.04.jpg\" \/>\n\t<meta property=\"og:image:width\" content=\"1280\" \/>\n\t<meta property=\"og:image:height\" content=\"800\" \/>\n\t<meta property=\"og:image:type\" content=\"image\/jpeg\" \/>\n<meta name=\"author\" content=\"cfeditorfr\" \/>\n<meta name=\"twitter:card\" content=\"summary_large_image\" \/>\n<meta name=\"twitter:label1\" content=\"\u00c9crit par\" \/>\n\t<meta name=\"twitter:data1\" content=\"cfeditorfr\" \/>\n\t<meta name=\"twitter:label2\" content=\"Dur\u00e9e de lecture estim\u00e9e\" \/>\n\t<meta name=\"twitter:data2\" content=\"7 minutes\" \/>\n<script type=\"application\/ld+json\" class=\"yoast-schema-graph\">{\"@context\":\"https:\/\/schema.org\",\"@graph\":[{\"@type\":\"Article\",\"@id\":\"https:\/\/www.africa-press.net\/togo\/politique\/la-haine-de-loccident-lappel-desordonne-au-panafricanisme-des-pieges-qui-pourraient-cacher-les-vrais-problemes-de-lafrique#article\",\"isPartOf\":{\"@id\":\"https:\/\/www.africa-press.net\/togo\/politique\/la-haine-de-loccident-lappel-desordonne-au-panafricanisme-des-pieges-qui-pourraient-cacher-les-vrais-problemes-de-lafrique\"},\"author\":{\"name\":\"cfeditorfr\",\"@id\":\"https:\/\/www.africa-press.net\/togo\/#\/schema\/person\/2b1cf3cd81a31e3cd26889ca66d677f1\"},\"headline\":\"La haine de l\u00b4Occident, l\u00b4appel d\u00e9sordonn\u00e9 au panafricanisme: des pi\u00e8ges qui pourraient cacher les vrais probl\u00e8mes de l\u00b4Afrique\",\"datePublished\":\"2023-03-07T12:38:56+00:00\",\"dateModified\":\"2023-03-07T13:10:24+00:00\",\"mainEntityOfPage\":{\"@id\":\"https:\/\/www.africa-press.net\/togo\/politique\/la-haine-de-loccident-lappel-desordonne-au-panafricanisme-des-pieges-qui-pourraient-cacher-les-vrais-problemes-de-lafrique\"},\"wordCount\":1406,\"commentCount\":0,\"image\":{\"@id\":\"https:\/\/www.africa-press.net\/togo\/politique\/la-haine-de-loccident-lappel-desordonne-au-panafricanisme-des-pieges-qui-pourraient-cacher-les-vrais-problemes-de-lafrique#primaryimage\"},\"thumbnailUrl\":\"https:\/\/static.africa-press.net\/togo\/sites\/58\/2023\/03\/postQueueImg_1678180149.04.jpg\",\"keywords\":[\"Africa Press\",\"Africa Press-Togo\",\"Togo\"],\"articleSection\":[\"Politique\",\"Toutes les actualit\u00e9s\"],\"inLanguage\":\"fr-FR\",\"potentialAction\":[{\"@type\":\"CommentAction\",\"name\":\"Comment\",\"target\":[\"https:\/\/www.africa-press.net\/togo\/politique\/la-haine-de-loccident-lappel-desordonne-au-panafricanisme-des-pieges-qui-pourraient-cacher-les-vrais-problemes-de-lafrique#respond\"]}]},{\"@type\":\"WebPage\",\"@id\":\"https:\/\/www.africa-press.net\/togo\/politique\/la-haine-de-loccident-lappel-desordonne-au-panafricanisme-des-pieges-qui-pourraient-cacher-les-vrais-problemes-de-lafrique\",\"url\":\"https:\/\/www.africa-press.net\/togo\/politique\/la-haine-de-loccident-lappel-desordonne-au-panafricanisme-des-pieges-qui-pourraient-cacher-les-vrais-problemes-de-lafrique\",\"name\":\"La haine de l\u00b4Occident, l\u00b4appel d\u00e9sordonn\u00e9 au panafricanisme: des pi\u00e8ges qui pourraient cacher les vrais probl\u00e8mes de l\u00b4Afrique - Togo\",\"isPartOf\":{\"@id\":\"https:\/\/www.africa-press.net\/togo\/#website\"},\"primaryImageOfPage\":{\"@id\":\"https:\/\/www.africa-press.net\/togo\/politique\/la-haine-de-loccident-lappel-desordonne-au-panafricanisme-des-pieges-qui-pourraient-cacher-les-vrais-problemes-de-lafrique#primaryimage\"},\"image\":{\"@id\":\"https:\/\/www.africa-press.net\/togo\/politique\/la-haine-de-loccident-lappel-desordonne-au-panafricanisme-des-pieges-qui-pourraient-cacher-les-vrais-problemes-de-lafrique#primaryimage\"},\"thumbnailUrl\":\"https:\/\/static.africa-press.net\/togo\/sites\/58\/2023\/03\/postQueueImg_1678180149.04.jpg\",\"datePublished\":\"2023-03-07T12:38:56+00:00\",\"dateModified\":\"2023-03-07T13:10:24+00:00\",\"author\":{\"@id\":\"https:\/\/www.africa-press.net\/togo\/#\/schema\/person\/2b1cf3cd81a31e3cd26889ca66d677f1\"},\"description\":\"\u00abCette Afrique noire, je la de\u0301clarais \u00abmal partie\u00bb, de\u0300s 1962; d \u0301aucuns me l \u0301ont reproche\u0301... \u00abL \u0301Afrique noire es ...\",\"breadcrumb\":{\"@id\":\"https:\/\/www.africa-press.net\/togo\/politique\/la-haine-de-loccident-lappel-desordonne-au-panafricanisme-des-pieges-qui-pourraient-cacher-les-vrais-problemes-de-lafrique#breadcrumb\"},\"inLanguage\":\"fr-FR\",\"potentialAction\":[{\"@type\":\"ReadAction\",\"target\":[\"https:\/\/www.africa-press.net\/togo\/politique\/la-haine-de-loccident-lappel-desordonne-au-panafricanisme-des-pieges-qui-pourraient-cacher-les-vrais-problemes-de-lafrique\"]}]},{\"@type\":\"ImageObject\",\"inLanguage\":\"fr-FR\",\"@id\":\"https:\/\/www.africa-press.net\/togo\/politique\/la-haine-de-loccident-lappel-desordonne-au-panafricanisme-des-pieges-qui-pourraient-cacher-les-vrais-problemes-de-lafrique#primaryimage\",\"url\":\"https:\/\/static.africa-press.net\/togo\/sites\/58\/2023\/03\/postQueueImg_1678180149.04.jpg\",\"contentUrl\":\"https:\/\/static.africa-press.net\/togo\/sites\/58\/2023\/03\/postQueueImg_1678180149.04.jpg\",\"width\":1280,\"height\":800,\"caption\":\"La haine de l\u00b4Occident, l\u00b4appel d\u00e9sordonn\u00e9 au panafricanisme: des pi\u00e8ges qui pourraient cacher les vrais probl\u00e8mes de l\u00b4Afrique\"},{\"@type\":\"BreadcrumbList\",\"@id\":\"https:\/\/www.africa-press.net\/togo\/politique\/la-haine-de-loccident-lappel-desordonne-au-panafricanisme-des-pieges-qui-pourraient-cacher-les-vrais-problemes-de-lafrique#breadcrumb\",\"itemListElement\":[{\"@type\":\"ListItem\",\"position\":1,\"name\":\"Accueil\",\"item\":\"https:\/\/www.africa-press.net\/togo\/\"},{\"@type\":\"ListItem\",\"position\":2,\"name\":\"La haine de l\u00b4Occident, l\u00b4appel d\u00e9sordonn\u00e9 au panafricanisme: des pi\u00e8ges qui pourraient cacher les vrais probl\u00e8mes de l\u00b4Afrique\"}]},{\"@type\":\"WebSite\",\"@id\":\"https:\/\/www.africa-press.net\/togo\/#website\",\"url\":\"https:\/\/www.africa-press.net\/togo\/\",\"name\":\"Togo\",\"description\":\"Just another Africa News Agency Sites site\",\"potentialAction\":[{\"@type\":\"SearchAction\",\"target\":{\"@type\":\"EntryPoint\",\"urlTemplate\":\"https:\/\/www.africa-press.net\/togo\/?s={search_term_string}\"},\"query-input\":{\"@type\":\"PropertyValueSpecification\",\"valueRequired\":true,\"valueName\":\"search_term_string\"}}],\"inLanguage\":\"fr-FR\"},{\"@type\":\"Person\",\"@id\":\"https:\/\/www.africa-press.net\/togo\/#\/schema\/person\/2b1cf3cd81a31e3cd26889ca66d677f1\",\"name\":\"cfeditorfr\"}]}<\/script>\n<!-- \/ Yoast SEO Premium plugin. -->","yoast_head_json":{"title":"La haine de l\u00b4Occident, l\u00b4appel d\u00e9sordonn\u00e9 au panafricanisme: des pi\u00e8ges qui pourraient cacher les vrais probl\u00e8mes de l\u00b4Afrique - Togo","description":"\u00abCette Afrique noire, je la de\u0301clarais \u00abmal partie\u00bb, de\u0300s 1962; d \u0301aucuns me l \u0301ont reproche\u0301... \u00abL \u0301Afrique noire es ...","robots":{"index":"index","follow":"follow","max-snippet":"max-snippet:-1","max-image-preview":"max-image-preview:large","max-video-preview":"max-video-preview:-1"},"canonical":"https:\/\/www.africa-press.net\/togo\/politique\/la-haine-de-loccident-lappel-desordonne-au-panafricanisme-des-pieges-qui-pourraient-cacher-les-vrais-problemes-de-lafrique","og_locale":"fr_FR","og_type":"article","og_title":"La haine de l\u00b4Occident, l\u00b4appel d\u00e9sordonn\u00e9 au panafricanisme: des pi\u00e8ges qui pourraient cacher les vrais probl\u00e8mes de l\u00b4Afrique","og_description":"\u00abCette Afrique noire, je la de\u0301clarais \u00abmal partie\u00bb, de\u0300s 1962; d \u0301aucuns me l \u0301ont reproche\u0301... \u00abL \u0301Afrique noire es ...","og_url":"https:\/\/www.africa-press.net\/togo\/politique\/la-haine-de-loccident-lappel-desordonne-au-panafricanisme-des-pieges-qui-pourraient-cacher-les-vrais-problemes-de-lafrique","og_site_name":"Togo","article_published_time":"2023-03-07T12:38:56+00:00","article_modified_time":"2023-03-07T13:10:24+00:00","og_image":[{"width":1280,"height":800,"url":"https:\/\/static.africa-press.net\/togo\/sites\/58\/2023\/03\/postQueueImg_1678180149.04.jpg","type":"image\/jpeg"}],"author":"cfeditorfr","twitter_card":"summary_large_image","twitter_misc":{"\u00c9crit par":"cfeditorfr","Dur\u00e9e de lecture estim\u00e9e":"7 minutes"},"schema":{"@context":"https:\/\/schema.org","@graph":[{"@type":"Article","@id":"https:\/\/www.africa-press.net\/togo\/politique\/la-haine-de-loccident-lappel-desordonne-au-panafricanisme-des-pieges-qui-pourraient-cacher-les-vrais-problemes-de-lafrique#article","isPartOf":{"@id":"https:\/\/www.africa-press.net\/togo\/politique\/la-haine-de-loccident-lappel-desordonne-au-panafricanisme-des-pieges-qui-pourraient-cacher-les-vrais-problemes-de-lafrique"},"author":{"name":"cfeditorfr","@id":"https:\/\/www.africa-press.net\/togo\/#\/schema\/person\/2b1cf3cd81a31e3cd26889ca66d677f1"},"headline":"La haine de l\u00b4Occident, l\u00b4appel d\u00e9sordonn\u00e9 au panafricanisme: des pi\u00e8ges qui pourraient cacher les vrais probl\u00e8mes de l\u00b4Afrique","datePublished":"2023-03-07T12:38:56+00:00","dateModified":"2023-03-07T13:10:24+00:00","mainEntityOfPage":{"@id":"https:\/\/www.africa-press.net\/togo\/politique\/la-haine-de-loccident-lappel-desordonne-au-panafricanisme-des-pieges-qui-pourraient-cacher-les-vrais-problemes-de-lafrique"},"wordCount":1406,"commentCount":0,"image":{"@id":"https:\/\/www.africa-press.net\/togo\/politique\/la-haine-de-loccident-lappel-desordonne-au-panafricanisme-des-pieges-qui-pourraient-cacher-les-vrais-problemes-de-lafrique#primaryimage"},"thumbnailUrl":"https:\/\/static.africa-press.net\/togo\/sites\/58\/2023\/03\/postQueueImg_1678180149.04.jpg","keywords":["Africa Press","Africa Press-Togo","Togo"],"articleSection":["Politique","Toutes les actualit\u00e9s"],"inLanguage":"fr-FR","potentialAction":[{"@type":"CommentAction","name":"Comment","target":["https:\/\/www.africa-press.net\/togo\/politique\/la-haine-de-loccident-lappel-desordonne-au-panafricanisme-des-pieges-qui-pourraient-cacher-les-vrais-problemes-de-lafrique#respond"]}]},{"@type":"WebPage","@id":"https:\/\/www.africa-press.net\/togo\/politique\/la-haine-de-loccident-lappel-desordonne-au-panafricanisme-des-pieges-qui-pourraient-cacher-les-vrais-problemes-de-lafrique","url":"https:\/\/www.africa-press.net\/togo\/politique\/la-haine-de-loccident-lappel-desordonne-au-panafricanisme-des-pieges-qui-pourraient-cacher-les-vrais-problemes-de-lafrique","name":"La haine de l\u00b4Occident, l\u00b4appel d\u00e9sordonn\u00e9 au panafricanisme: des pi\u00e8ges qui pourraient cacher les vrais probl\u00e8mes de l\u00b4Afrique - Togo","isPartOf":{"@id":"https:\/\/www.africa-press.net\/togo\/#website"},"primaryImageOfPage":{"@id":"https:\/\/www.africa-press.net\/togo\/politique\/la-haine-de-loccident-lappel-desordonne-au-panafricanisme-des-pieges-qui-pourraient-cacher-les-vrais-problemes-de-lafrique#primaryimage"},"image":{"@id":"https:\/\/www.africa-press.net\/togo\/politique\/la-haine-de-loccident-lappel-desordonne-au-panafricanisme-des-pieges-qui-pourraient-cacher-les-vrais-problemes-de-lafrique#primaryimage"},"thumbnailUrl":"https:\/\/static.africa-press.net\/togo\/sites\/58\/2023\/03\/postQueueImg_1678180149.04.jpg","datePublished":"2023-03-07T12:38:56+00:00","dateModified":"2023-03-07T13:10:24+00:00","author":{"@id":"https:\/\/www.africa-press.net\/togo\/#\/schema\/person\/2b1cf3cd81a31e3cd26889ca66d677f1"},"description":"\u00abCette Afrique noire, je la de\u0301clarais \u00abmal partie\u00bb, de\u0300s 1962; d \u0301aucuns me l \u0301ont reproche\u0301... \u00abL \u0301Afrique noire es ...","breadcrumb":{"@id":"https:\/\/www.africa-press.net\/togo\/politique\/la-haine-de-loccident-lappel-desordonne-au-panafricanisme-des-pieges-qui-pourraient-cacher-les-vrais-problemes-de-lafrique#breadcrumb"},"inLanguage":"fr-FR","potentialAction":[{"@type":"ReadAction","target":["https:\/\/www.africa-press.net\/togo\/politique\/la-haine-de-loccident-lappel-desordonne-au-panafricanisme-des-pieges-qui-pourraient-cacher-les-vrais-problemes-de-lafrique"]}]},{"@type":"ImageObject","inLanguage":"fr-FR","@id":"https:\/\/www.africa-press.net\/togo\/politique\/la-haine-de-loccident-lappel-desordonne-au-panafricanisme-des-pieges-qui-pourraient-cacher-les-vrais-problemes-de-lafrique#primaryimage","url":"https:\/\/static.africa-press.net\/togo\/sites\/58\/2023\/03\/postQueueImg_1678180149.04.jpg","contentUrl":"https:\/\/static.africa-press.net\/togo\/sites\/58\/2023\/03\/postQueueImg_1678180149.04.jpg","width":1280,"height":800,"caption":"La haine de l\u00b4Occident, l\u00b4appel d\u00e9sordonn\u00e9 au panafricanisme: des pi\u00e8ges qui pourraient cacher les vrais probl\u00e8mes de l\u00b4Afrique"},{"@type":"BreadcrumbList","@id":"https:\/\/www.africa-press.net\/togo\/politique\/la-haine-de-loccident-lappel-desordonne-au-panafricanisme-des-pieges-qui-pourraient-cacher-les-vrais-problemes-de-lafrique#breadcrumb","itemListElement":[{"@type":"ListItem","position":1,"name":"Accueil","item":"https:\/\/www.africa-press.net\/togo\/"},{"@type":"ListItem","position":2,"name":"La haine de l\u00b4Occident, l\u00b4appel d\u00e9sordonn\u00e9 au panafricanisme: des pi\u00e8ges qui pourraient cacher les vrais probl\u00e8mes de l\u00b4Afrique"}]},{"@type":"WebSite","@id":"https:\/\/www.africa-press.net\/togo\/#website","url":"https:\/\/www.africa-press.net\/togo\/","name":"Togo","description":"Just another Africa News Agency Sites site","potentialAction":[{"@type":"SearchAction","target":{"@type":"EntryPoint","urlTemplate":"https:\/\/www.africa-press.net\/togo\/?s={search_term_string}"},"query-input":{"@type":"PropertyValueSpecification","valueRequired":true,"valueName":"search_term_string"}}],"inLanguage":"fr-FR"},{"@type":"Person","@id":"https:\/\/www.africa-press.net\/togo\/#\/schema\/person\/2b1cf3cd81a31e3cd26889ca66d677f1","name":"cfeditorfr"}]}},"_links":{"self":[{"href":"https:\/\/www.africa-press.net\/togo\/wp-json\/wp\/v2\/posts\/18183","targetHints":{"allow":["GET"]}}],"collection":[{"href":"https:\/\/www.africa-press.net\/togo\/wp-json\/wp\/v2\/posts"}],"about":[{"href":"https:\/\/www.africa-press.net\/togo\/wp-json\/wp\/v2\/types\/post"}],"author":[{"embeddable":true,"href":"https:\/\/www.africa-press.net\/togo\/wp-json\/wp\/v2\/users\/82"}],"replies":[{"embeddable":true,"href":"https:\/\/www.africa-press.net\/togo\/wp-json\/wp\/v2\/comments?post=18183"}],"version-history":[{"count":0,"href":"https:\/\/www.africa-press.net\/togo\/wp-json\/wp\/v2\/posts\/18183\/revisions"}],"wp:featuredmedia":[{"embeddable":true,"href":"https:\/\/www.africa-press.net\/togo\/wp-json\/wp\/v2\/media\/18182"}],"wp:attachment":[{"href":"https:\/\/www.africa-press.net\/togo\/wp-json\/wp\/v2\/media?parent=18183"}],"wp:term":[{"taxonomy":"category","embeddable":true,"href":"https:\/\/www.africa-press.net\/togo\/wp-json\/wp\/v2\/categories?post=18183"},{"taxonomy":"post_tag","embeddable":true,"href":"https:\/\/www.africa-press.net\/togo\/wp-json\/wp\/v2\/tags?post=18183"}],"curies":[{"name":"wp","href":"https:\/\/api.w.org\/{rel}","templated":true}]}}