{"id":18187,"date":"2023-03-07T12:40:41","date_gmt":"2023-03-07T12:40:41","guid":{"rendered":"https:\/\/www.africa-press.net\/togo\/politique\/togo-ferdinand-ayite-porte-disparu-il-est-introuvable-depuis-dimanche"},"modified":"2023-03-07T13:13:35","modified_gmt":"2023-03-07T13:13:35","slug":"togo-ferdinand-ayite-porte-disparu-il-est-introuvable-depuis-dimanche","status":"publish","type":"post","link":"https:\/\/www.africa-press.net\/togo\/toutes-les-actualites\/togo-ferdinand-ayite-porte-disparu-il-est-introuvable-depuis-dimanche","title":{"rendered":"Togo : Ferdinand Ayit\u00e9\u00a0 port\u00e9 disparu ? \u00ab\u00a0il est introuvable depuis dimanche\u00a0\u00bb"},"content":{"rendered":"<p><span style=\"color: #ff6600\"><strong>Africa-Press &#8211; Togo. <\/strong><\/span>Alors qu\u2019il e\u0301tait convoque\u0301 dimanche 05 mars 2023, au Service Central de Recherches et d\u2019Investigations Criminelles (SCRIC) de la Gendarmerie nationale, pour les ne\u0301cessite\u0301s d\u2019une enque\u0302te judiciaire, le directeur de publication du journal \u00ab L\u2019Alternative \u00bb serait porte\u0301 disparu.<\/p>\n<p>En tout cas selon une alerte poste\u0301 par un de ses proches sur les re\u0301seaux sociaux, le journaliste qui devrait e\u0301galement comparai\u0302tre devant le tribunal ce 8 mars dans l\u2019affaire les opposant aux ministres Kodjo Adedje et Pius Agbetomey, est in trouvable depuis le 5 mars a\u0300 9h, alors qu\u2019il e\u0301tait sorti pour faire des courses.<\/p>\n<p>\u00ab apre\u0300s avoir rec\u0327u une convocation du SCRIC pour comparai\u0302tre le dimanche 5 mars 2023 a\u0300 15h, Ferdinqnd Ayite reste introuvable apre\u0300s s\u2019e\u0302tre sorti pour des courses au environs de 9h \u00bb, a poste\u0301 un de ses proches.<\/p>\n<p>Ou\u0300 peut-il donc se trouver actuellement. Personne ne saura re\u0301pondre a\u0300 cette question a\u0300 l\u2019heure ou\u0300 nous mettons cet article sous presse.<\/p>\n<p><strong>Pour plus d&rsquo;informations et d&rsquo;analyses sur la <a href=\"https:\/\/www.africa-press.net\/togo\">Togo<\/a>, suivez <a href=\"https:\/\/www.africa-press.net\/\">Africa-Press<\/a><\/strong><\/p>\n","protected":false},"excerpt":{"rendered":"<p>Africa-Press &#8211; Togo. Alors qu\u2019il e\u0301tait convoque\u0301 dimanche 05 mars 2023, au Service Central de Recherches et d\u2019Investigations Criminelles (SCRIC) de la Gendarmerie nationale, pour les ne\u0301cessite\u0301s d\u2019une enque\u0302te judiciaire, le directeur de publication du journal \u00ab L\u2019Alternative \u00bb serait porte\u0301 disparu. En tout cas selon une alerte poste\u0301 par un de ses proches sur [&hellip;]<\/p>\n","protected":false},"author":82,"featured_media":18186,"comment_status":"open","ping_status":"closed","sticky":false,"template":"","format":"standard","meta":{"footnotes":""},"categories":[21,10],"tags":[36,49,240,50],"class_list":["post-18187","post","type-post","status-publish","format-standard","has-post-thumbnail","hentry","category-communaute","category-toutes-les-actualites","tag-africa-press","tag-africa-press-togo","tag-ferdinand-ayite","tag-togo"],"yoast_head":"<!-- This site is optimized with the Yoast SEO Premium plugin v26.1 (Yoast SEO v27.0) - https:\/\/yoast.com\/product\/yoast-seo-premium-wordpress\/ -->\n<title>Togo : Ferdinand Ayit\u00e9\u00a0 port\u00e9 disparu ? \u00ab\u00a0il est introuvable depuis dimanche\u00a0\u00bb - Togo<\/title>\n<meta name=\"description\" content=\"Alors qu\u2019il e\u0301tait convoque\u0301 dimanche 05 mars 2023, au Service Central de Recherches et d\u2019Investigations Criminelles (SC ...Alors qu\u2019il e\u0301tait convoque\u0301 dimanche 05 mars 2023, au Service Central de Recherches et d\u2019Investigations Criminelles (SC ...\" \/>\n<meta name=\"robots\" content=\"index, follow, max-snippet:-1, max-image-preview:large, max-video-preview:-1\" \/>\n<link rel=\"canonical\" href=\"https:\/\/www.africa-press.net\/togo\/toutes-les-actualites\/togo-ferdinand-ayite-porte-disparu-il-est-introuvable-depuis-dimanche\" \/>\n<meta property=\"og:locale\" content=\"fr_FR\" \/>\n<meta property=\"og:type\" content=\"article\" \/>\n<meta property=\"og:title\" content=\"Togo : Ferdinand Ayit\u00e9\u00a0 port\u00e9 disparu ? \u00ab\u00a0il est introuvable depuis dimanche\u00a0\u00bb\" \/>\n<meta property=\"og:description\" content=\"Alors qu\u2019il e\u0301tait convoque\u0301 dimanche 05 mars 2023, au Service Central de Recherches et d\u2019Investigations Criminelles (SC ...Alors qu\u2019il e\u0301tait convoque\u0301 dimanche 05 mars 2023, au Service Central de Recherches et d\u2019Investigations Criminelles (SC ...\" \/>\n<meta property=\"og:url\" content=\"https:\/\/www.africa-press.net\/togo\/toutes-les-actualites\/togo-ferdinand-ayite-porte-disparu-il-est-introuvable-depuis-dimanche\" \/>\n<meta property=\"og:site_name\" content=\"Togo\" \/>\n<meta property=\"article:published_time\" content=\"2023-03-07T12:40:41+00:00\" \/>\n<meta property=\"article:modified_time\" content=\"2023-03-07T13:13:35+00:00\" \/>\n<meta property=\"og:image\" content=\"https:\/\/static.africa-press.net\/togo\/sites\/58\/2023\/03\/postQueueImg_1678180245.75.jpg\" \/>\n\t<meta property=\"og:image:width\" content=\"720\" \/>\n\t<meta property=\"og:image:height\" content=\"480\" \/>\n\t<meta property=\"og:image:type\" content=\"image\/jpeg\" \/>\n<meta name=\"author\" content=\"cfeditorfr\" \/>\n<meta name=\"twitter:card\" content=\"summary_large_image\" \/>\n<meta name=\"twitter:label1\" content=\"\u00c9crit par\" \/>\n\t<meta name=\"twitter:data1\" content=\"cfeditorfr\" \/>\n\t<meta name=\"twitter:label2\" content=\"Dur\u00e9e de lecture estim\u00e9e\" \/>\n\t<meta name=\"twitter:data2\" content=\"1 minute\" \/>\n<script type=\"application\/ld+json\" class=\"yoast-schema-graph\">{\"@context\":\"https:\/\/schema.org\",\"@graph\":[{\"@type\":\"Article\",\"@id\":\"https:\/\/www.africa-press.net\/togo\/toutes-les-actualites\/togo-ferdinand-ayite-porte-disparu-il-est-introuvable-depuis-dimanche#article\",\"isPartOf\":{\"@id\":\"https:\/\/www.africa-press.net\/togo\/toutes-les-actualites\/togo-ferdinand-ayite-porte-disparu-il-est-introuvable-depuis-dimanche\"},\"author\":{\"name\":\"cfeditorfr\",\"@id\":\"https:\/\/www.africa-press.net\/togo\/#\/schema\/person\/2b1cf3cd81a31e3cd26889ca66d677f1\"},\"headline\":\"Togo : Ferdinand Ayit\u00e9\u00a0 port\u00e9 disparu ? \u00ab\u00a0il est introuvable depuis dimanche\u00a0\u00bb\",\"datePublished\":\"2023-03-07T12:40:41+00:00\",\"dateModified\":\"2023-03-07T13:13:35+00:00\",\"mainEntityOfPage\":{\"@id\":\"https:\/\/www.africa-press.net\/togo\/toutes-les-actualites\/togo-ferdinand-ayite-porte-disparu-il-est-introuvable-depuis-dimanche\"},\"wordCount\":192,\"commentCount\":0,\"image\":{\"@id\":\"https:\/\/www.africa-press.net\/togo\/toutes-les-actualites\/togo-ferdinand-ayite-porte-disparu-il-est-introuvable-depuis-dimanche#primaryimage\"},\"thumbnailUrl\":\"https:\/\/static.africa-press.net\/togo\/sites\/58\/2023\/03\/postQueueImg_1678180245.75.jpg\",\"keywords\":[\"Africa Press\",\"Africa Press-Togo\",\"Ferdinand Ayit\u00e9\",\"Togo\"],\"articleSection\":[\"Communaut\u00e9\",\"Toutes les actualit\u00e9s\"],\"inLanguage\":\"fr-FR\",\"potentialAction\":[{\"@type\":\"CommentAction\",\"name\":\"Comment\",\"target\":[\"https:\/\/www.africa-press.net\/togo\/toutes-les-actualites\/togo-ferdinand-ayite-porte-disparu-il-est-introuvable-depuis-dimanche#respond\"]}]},{\"@type\":\"WebPage\",\"@id\":\"https:\/\/www.africa-press.net\/togo\/toutes-les-actualites\/togo-ferdinand-ayite-porte-disparu-il-est-introuvable-depuis-dimanche\",\"url\":\"https:\/\/www.africa-press.net\/togo\/toutes-les-actualites\/togo-ferdinand-ayite-porte-disparu-il-est-introuvable-depuis-dimanche\",\"name\":\"Togo : Ferdinand Ayit\u00e9\u00a0 port\u00e9 disparu ? \u00ab\u00a0il est introuvable depuis dimanche\u00a0\u00bb - Togo\",\"isPartOf\":{\"@id\":\"https:\/\/www.africa-press.net\/togo\/#website\"},\"primaryImageOfPage\":{\"@id\":\"https:\/\/www.africa-press.net\/togo\/toutes-les-actualites\/togo-ferdinand-ayite-porte-disparu-il-est-introuvable-depuis-dimanche#primaryimage\"},\"image\":{\"@id\":\"https:\/\/www.africa-press.net\/togo\/toutes-les-actualites\/togo-ferdinand-ayite-porte-disparu-il-est-introuvable-depuis-dimanche#primaryimage\"},\"thumbnailUrl\":\"https:\/\/static.africa-press.net\/togo\/sites\/58\/2023\/03\/postQueueImg_1678180245.75.jpg\",\"datePublished\":\"2023-03-07T12:40:41+00:00\",\"dateModified\":\"2023-03-07T13:13:35+00:00\",\"author\":{\"@id\":\"https:\/\/www.africa-press.net\/togo\/#\/schema\/person\/2b1cf3cd81a31e3cd26889ca66d677f1\"},\"description\":\"Alors qu\u2019il e\u0301tait convoque\u0301 dimanche 05 mars 2023, au Service Central de Recherches et d\u2019Investigations Criminelles (SC ...Alors qu\u2019il e\u0301tait convoque\u0301 dimanche 05 mars 2023, au Service Central de Recherches et d\u2019Investigations Criminelles (SC ...\",\"breadcrumb\":{\"@id\":\"https:\/\/www.africa-press.net\/togo\/toutes-les-actualites\/togo-ferdinand-ayite-porte-disparu-il-est-introuvable-depuis-dimanche#breadcrumb\"},\"inLanguage\":\"fr-FR\",\"potentialAction\":[{\"@type\":\"ReadAction\",\"target\":[\"https:\/\/www.africa-press.net\/togo\/toutes-les-actualites\/togo-ferdinand-ayite-porte-disparu-il-est-introuvable-depuis-dimanche\"]}]},{\"@type\":\"ImageObject\",\"inLanguage\":\"fr-FR\",\"@id\":\"https:\/\/www.africa-press.net\/togo\/toutes-les-actualites\/togo-ferdinand-ayite-porte-disparu-il-est-introuvable-depuis-dimanche#primaryimage\",\"url\":\"https:\/\/static.africa-press.net\/togo\/sites\/58\/2023\/03\/postQueueImg_1678180245.75.jpg\",\"contentUrl\":\"https:\/\/static.africa-press.net\/togo\/sites\/58\/2023\/03\/postQueueImg_1678180245.75.jpg\",\"width\":720,\"height\":480,\"caption\":\"Togo : Ferdinand Ayit\u00e9\u00a0 port\u00e9 disparu ? \u00ab\u00a0il est introuvable depuis dimanche\u00a0\u00bb\"},{\"@type\":\"BreadcrumbList\",\"@id\":\"https:\/\/www.africa-press.net\/togo\/toutes-les-actualites\/togo-ferdinand-ayite-porte-disparu-il-est-introuvable-depuis-dimanche#breadcrumb\",\"itemListElement\":[{\"@type\":\"ListItem\",\"position\":1,\"name\":\"Accueil\",\"item\":\"https:\/\/www.africa-press.net\/togo\/\"},{\"@type\":\"ListItem\",\"position\":2,\"name\":\"Togo : Ferdinand Ayit\u00e9\u00a0 port\u00e9 disparu ? \u00ab\u00a0il est introuvable depuis dimanche\u00a0\u00bb\"}]},{\"@type\":\"WebSite\",\"@id\":\"https:\/\/www.africa-press.net\/togo\/#website\",\"url\":\"https:\/\/www.africa-press.net\/togo\/\",\"name\":\"Togo\",\"description\":\"Just another Africa News Agency Sites site\",\"potentialAction\":[{\"@type\":\"SearchAction\",\"target\":{\"@type\":\"EntryPoint\",\"urlTemplate\":\"https:\/\/www.africa-press.net\/togo\/?s={search_term_string}\"},\"query-input\":{\"@type\":\"PropertyValueSpecification\",\"valueRequired\":true,\"valueName\":\"search_term_string\"}}],\"inLanguage\":\"fr-FR\"},{\"@type\":\"Person\",\"@id\":\"https:\/\/www.africa-press.net\/togo\/#\/schema\/person\/2b1cf3cd81a31e3cd26889ca66d677f1\",\"name\":\"cfeditorfr\"}]}<\/script>\n<!-- \/ Yoast SEO Premium plugin. -->","yoast_head_json":{"title":"Togo : Ferdinand Ayit\u00e9\u00a0 port\u00e9 disparu ? \u00ab\u00a0il est introuvable depuis dimanche\u00a0\u00bb - Togo","description":"Alors qu\u2019il e\u0301tait convoque\u0301 dimanche 05 mars 2023, au Service Central de Recherches et d\u2019Investigations Criminelles (SC ...Alors qu\u2019il e\u0301tait convoque\u0301 dimanche 05 mars 2023, au Service Central de Recherches et d\u2019Investigations Criminelles (SC ...","robots":{"index":"index","follow":"follow","max-snippet":"max-snippet:-1","max-image-preview":"max-image-preview:large","max-video-preview":"max-video-preview:-1"},"canonical":"https:\/\/www.africa-press.net\/togo\/toutes-les-actualites\/togo-ferdinand-ayite-porte-disparu-il-est-introuvable-depuis-dimanche","og_locale":"fr_FR","og_type":"article","og_title":"Togo : Ferdinand Ayit\u00e9\u00a0 port\u00e9 disparu ? \u00ab\u00a0il est introuvable depuis dimanche\u00a0\u00bb","og_description":"Alors qu\u2019il e\u0301tait convoque\u0301 dimanche 05 mars 2023, au Service Central de Recherches et d\u2019Investigations Criminelles (SC ...Alors qu\u2019il e\u0301tait convoque\u0301 dimanche 05 mars 2023, au Service Central de Recherches et d\u2019Investigations Criminelles (SC ...","og_url":"https:\/\/www.africa-press.net\/togo\/toutes-les-actualites\/togo-ferdinand-ayite-porte-disparu-il-est-introuvable-depuis-dimanche","og_site_name":"Togo","article_published_time":"2023-03-07T12:40:41+00:00","article_modified_time":"2023-03-07T13:13:35+00:00","og_image":[{"width":720,"height":480,"url":"https:\/\/static.africa-press.net\/togo\/sites\/58\/2023\/03\/postQueueImg_1678180245.75.jpg","type":"image\/jpeg"}],"author":"cfeditorfr","twitter_card":"summary_large_image","twitter_misc":{"\u00c9crit par":"cfeditorfr","Dur\u00e9e de lecture estim\u00e9e":"1 minute"},"schema":{"@context":"https:\/\/schema.org","@graph":[{"@type":"Article","@id":"https:\/\/www.africa-press.net\/togo\/toutes-les-actualites\/togo-ferdinand-ayite-porte-disparu-il-est-introuvable-depuis-dimanche#article","isPartOf":{"@id":"https:\/\/www.africa-press.net\/togo\/toutes-les-actualites\/togo-ferdinand-ayite-porte-disparu-il-est-introuvable-depuis-dimanche"},"author":{"name":"cfeditorfr","@id":"https:\/\/www.africa-press.net\/togo\/#\/schema\/person\/2b1cf3cd81a31e3cd26889ca66d677f1"},"headline":"Togo : Ferdinand Ayit\u00e9\u00a0 port\u00e9 disparu ? \u00ab\u00a0il est introuvable depuis dimanche\u00a0\u00bb","datePublished":"2023-03-07T12:40:41+00:00","dateModified":"2023-03-07T13:13:35+00:00","mainEntityOfPage":{"@id":"https:\/\/www.africa-press.net\/togo\/toutes-les-actualites\/togo-ferdinand-ayite-porte-disparu-il-est-introuvable-depuis-dimanche"},"wordCount":192,"commentCount":0,"image":{"@id":"https:\/\/www.africa-press.net\/togo\/toutes-les-actualites\/togo-ferdinand-ayite-porte-disparu-il-est-introuvable-depuis-dimanche#primaryimage"},"thumbnailUrl":"https:\/\/static.africa-press.net\/togo\/sites\/58\/2023\/03\/postQueueImg_1678180245.75.jpg","keywords":["Africa Press","Africa Press-Togo","Ferdinand Ayit\u00e9","Togo"],"articleSection":["Communaut\u00e9","Toutes les actualit\u00e9s"],"inLanguage":"fr-FR","potentialAction":[{"@type":"CommentAction","name":"Comment","target":["https:\/\/www.africa-press.net\/togo\/toutes-les-actualites\/togo-ferdinand-ayite-porte-disparu-il-est-introuvable-depuis-dimanche#respond"]}]},{"@type":"WebPage","@id":"https:\/\/www.africa-press.net\/togo\/toutes-les-actualites\/togo-ferdinand-ayite-porte-disparu-il-est-introuvable-depuis-dimanche","url":"https:\/\/www.africa-press.net\/togo\/toutes-les-actualites\/togo-ferdinand-ayite-porte-disparu-il-est-introuvable-depuis-dimanche","name":"Togo : Ferdinand Ayit\u00e9\u00a0 port\u00e9 disparu ? \u00ab\u00a0il est introuvable depuis dimanche\u00a0\u00bb - Togo","isPartOf":{"@id":"https:\/\/www.africa-press.net\/togo\/#website"},"primaryImageOfPage":{"@id":"https:\/\/www.africa-press.net\/togo\/toutes-les-actualites\/togo-ferdinand-ayite-porte-disparu-il-est-introuvable-depuis-dimanche#primaryimage"},"image":{"@id":"https:\/\/www.africa-press.net\/togo\/toutes-les-actualites\/togo-ferdinand-ayite-porte-disparu-il-est-introuvable-depuis-dimanche#primaryimage"},"thumbnailUrl":"https:\/\/static.africa-press.net\/togo\/sites\/58\/2023\/03\/postQueueImg_1678180245.75.jpg","datePublished":"2023-03-07T12:40:41+00:00","dateModified":"2023-03-07T13:13:35+00:00","author":{"@id":"https:\/\/www.africa-press.net\/togo\/#\/schema\/person\/2b1cf3cd81a31e3cd26889ca66d677f1"},"description":"Alors qu\u2019il e\u0301tait convoque\u0301 dimanche 05 mars 2023, au Service Central de Recherches et d\u2019Investigations Criminelles (SC ...Alors qu\u2019il e\u0301tait convoque\u0301 dimanche 05 mars 2023, au Service Central de Recherches et d\u2019Investigations Criminelles (SC ...","breadcrumb":{"@id":"https:\/\/www.africa-press.net\/togo\/toutes-les-actualites\/togo-ferdinand-ayite-porte-disparu-il-est-introuvable-depuis-dimanche#breadcrumb"},"inLanguage":"fr-FR","potentialAction":[{"@type":"ReadAction","target":["https:\/\/www.africa-press.net\/togo\/toutes-les-actualites\/togo-ferdinand-ayite-porte-disparu-il-est-introuvable-depuis-dimanche"]}]},{"@type":"ImageObject","inLanguage":"fr-FR","@id":"https:\/\/www.africa-press.net\/togo\/toutes-les-actualites\/togo-ferdinand-ayite-porte-disparu-il-est-introuvable-depuis-dimanche#primaryimage","url":"https:\/\/static.africa-press.net\/togo\/sites\/58\/2023\/03\/postQueueImg_1678180245.75.jpg","contentUrl":"https:\/\/static.africa-press.net\/togo\/sites\/58\/2023\/03\/postQueueImg_1678180245.75.jpg","width":720,"height":480,"caption":"Togo : Ferdinand Ayit\u00e9\u00a0 port\u00e9 disparu ? \u00ab\u00a0il est introuvable depuis dimanche\u00a0\u00bb"},{"@type":"BreadcrumbList","@id":"https:\/\/www.africa-press.net\/togo\/toutes-les-actualites\/togo-ferdinand-ayite-porte-disparu-il-est-introuvable-depuis-dimanche#breadcrumb","itemListElement":[{"@type":"ListItem","position":1,"name":"Accueil","item":"https:\/\/www.africa-press.net\/togo\/"},{"@type":"ListItem","position":2,"name":"Togo : Ferdinand Ayit\u00e9\u00a0 port\u00e9 disparu ? \u00ab\u00a0il est introuvable depuis dimanche\u00a0\u00bb"}]},{"@type":"WebSite","@id":"https:\/\/www.africa-press.net\/togo\/#website","url":"https:\/\/www.africa-press.net\/togo\/","name":"Togo","description":"Just another Africa News Agency Sites site","potentialAction":[{"@type":"SearchAction","target":{"@type":"EntryPoint","urlTemplate":"https:\/\/www.africa-press.net\/togo\/?s={search_term_string}"},"query-input":{"@type":"PropertyValueSpecification","valueRequired":true,"valueName":"search_term_string"}}],"inLanguage":"fr-FR"},{"@type":"Person","@id":"https:\/\/www.africa-press.net\/togo\/#\/schema\/person\/2b1cf3cd81a31e3cd26889ca66d677f1","name":"cfeditorfr"}]}},"_links":{"self":[{"href":"https:\/\/www.africa-press.net\/togo\/wp-json\/wp\/v2\/posts\/18187","targetHints":{"allow":["GET"]}}],"collection":[{"href":"https:\/\/www.africa-press.net\/togo\/wp-json\/wp\/v2\/posts"}],"about":[{"href":"https:\/\/www.africa-press.net\/togo\/wp-json\/wp\/v2\/types\/post"}],"author":[{"embeddable":true,"href":"https:\/\/www.africa-press.net\/togo\/wp-json\/wp\/v2\/users\/82"}],"replies":[{"embeddable":true,"href":"https:\/\/www.africa-press.net\/togo\/wp-json\/wp\/v2\/comments?post=18187"}],"version-history":[{"count":0,"href":"https:\/\/www.africa-press.net\/togo\/wp-json\/wp\/v2\/posts\/18187\/revisions"}],"wp:featuredmedia":[{"embeddable":true,"href":"https:\/\/www.africa-press.net\/togo\/wp-json\/wp\/v2\/media\/18186"}],"wp:attachment":[{"href":"https:\/\/www.africa-press.net\/togo\/wp-json\/wp\/v2\/media?parent=18187"}],"wp:term":[{"taxonomy":"category","embeddable":true,"href":"https:\/\/www.africa-press.net\/togo\/wp-json\/wp\/v2\/categories?post=18187"},{"taxonomy":"post_tag","embeddable":true,"href":"https:\/\/www.africa-press.net\/togo\/wp-json\/wp\/v2\/tags?post=18187"}],"curies":[{"name":"wp","href":"https:\/\/api.w.org\/{rel}","templated":true}]}}