{"id":18201,"date":"2023-03-07T12:39:50","date_gmt":"2023-03-07T12:39:50","guid":{"rendered":"https:\/\/www.africa-press.net\/togo\/politique\/togo-afagnan-un-enseignant-radie-pour-viol-sur-une-eleve-mineure"},"modified":"2023-03-07T13:18:47","modified_gmt":"2023-03-07T13:18:47","slug":"togo-afagnan-un-enseignant-radie-pour-viol-sur-une-eleve-mineure","status":"publish","type":"post","link":"https:\/\/www.africa-press.net\/togo\/toutes-les-actualites\/togo-afagnan-un-enseignant-radie-pour-viol-sur-une-eleve-mineure","title":{"rendered":"Togo-Afagnan : Un enseignant radi\u00e9 pour viol sur une \u00e9l\u00e8ve mineure"},"content":{"rendered":"<p><span style=\"color: #ff6600\"><strong>Africa-Press &#8211; Togo. <\/strong><\/span><b>Le nomme\u0301 Samaty Se\u0301ssey, enseignant volontaire en service a\u0300 l\u2019EPP Afagnan Gbleta\/.A est radie\u0301 du syste\u0300me e\u0301ducatif togolais. <\/b><\/p>\n<p>En cause, sieur <b>Samaty<\/b> est reconnu coupable dans une affaire de se\u0301questration et de viol sur une e\u0301le\u0300ve mineure ou\u0300 il fut incarce\u0301re\u0301 et remis en liberte\u0301.<\/p>\n<p>En raison de ces faits, le mis en cause ne pourra peut-e\u0302tre plus exercer en tant qu\u2019enseignant sur le territoire togolais. Car, le ministe\u0300re de tutelle a exige\u0301 qu\u2019il ne soit pas re\u0301inte\u0301gre\u0301 dans le syste\u0300me e\u0301ducatif du Togo.<\/p>\n<p>En effet, le ministre des Enseignements primaire, secondaire, technique et de l\u2019Artisanat, Dodzi Kokoroko, par courrier, a demande\u0301 aux Directeurs re\u0301gionaux de l\u2019Education d\u2019instruire \u201cles chefs d\u2019Etablissements de leur ressort pe\u0301dagogique de ne pas admettre le mis en cause comme enseignant dans le syste\u0300me e\u0301ducatif togolais\u201d.<\/p>\n<p>Une de\u0301cision que contestent certains observateurs qui qualifient la de\u0301cision du ministe\u0300re de tutelle, exage\u0301re\u0301e.<\/p>\n<p><strong>Pour plus d&rsquo;informations et d&rsquo;analyses sur la <a href=\"https:\/\/www.africa-press.net\/togo\">Togo<\/a>, suivez <a href=\"https:\/\/www.africa-press.net\/\">Africa-Press<\/a><\/strong><\/p>\n","protected":false},"excerpt":{"rendered":"<p>Africa-Press &#8211; Togo. Le nomme\u0301 Samaty Se\u0301ssey, enseignant volontaire en service a\u0300 l\u2019EPP Afagnan Gbleta\/.A est radie\u0301 du syste\u0300me e\u0301ducatif togolais. En cause, sieur Samaty est reconnu coupable dans une affaire de se\u0301questration et de viol sur une e\u0301le\u0300ve mineure ou\u0300 il fut incarce\u0301re\u0301 et remis en liberte\u0301. En raison de ces faits, le mis [&hellip;]<\/p>\n","protected":false},"author":82,"featured_media":18200,"comment_status":"open","ping_status":"closed","sticky":false,"template":"","format":"standard","meta":{"footnotes":""},"categories":[21,10],"tags":[36,49,50],"class_list":["post-18201","post","type-post","status-publish","format-standard","has-post-thumbnail","hentry","category-communaute","category-toutes-les-actualites","tag-africa-press","tag-africa-press-togo","tag-togo"],"yoast_head":"<!-- This site is optimized with the Yoast SEO Premium plugin v26.1 (Yoast SEO v27.0) - https:\/\/yoast.com\/product\/yoast-seo-premium-wordpress\/ -->\n<title>Togo-Afagnan : Un enseignant radi\u00e9 pour viol sur une \u00e9l\u00e8ve mineure - Togo<\/title>\n<meta name=\"description\" content=\"Le nomme\u0301 Samaty Se\u0301ssey, enseignant volontaire en service a\u0300 l\u2019EPP Afagnan Gbleta\/.A est radie\u0301 du syste\u0300me e\u0301ducati ...\" \/>\n<meta name=\"robots\" content=\"index, follow, max-snippet:-1, max-image-preview:large, max-video-preview:-1\" \/>\n<link rel=\"canonical\" href=\"https:\/\/www.africa-press.net\/togo\/toutes-les-actualites\/togo-afagnan-un-enseignant-radie-pour-viol-sur-une-eleve-mineure\" \/>\n<meta property=\"og:locale\" content=\"fr_FR\" \/>\n<meta property=\"og:type\" content=\"article\" \/>\n<meta property=\"og:title\" content=\"Togo-Afagnan : Un enseignant radi\u00e9 pour viol sur une \u00e9l\u00e8ve mineure\" \/>\n<meta property=\"og:description\" content=\"Le nomme\u0301 Samaty Se\u0301ssey, enseignant volontaire en service a\u0300 l\u2019EPP Afagnan Gbleta\/.A est radie\u0301 du syste\u0300me e\u0301ducati ...\" \/>\n<meta property=\"og:url\" content=\"https:\/\/www.africa-press.net\/togo\/toutes-les-actualites\/togo-afagnan-un-enseignant-radie-pour-viol-sur-une-eleve-mineure\" \/>\n<meta property=\"og:site_name\" content=\"Togo\" \/>\n<meta property=\"article:published_time\" content=\"2023-03-07T12:39:50+00:00\" \/>\n<meta property=\"article:modified_time\" content=\"2023-03-07T13:18:47+00:00\" \/>\n<meta property=\"og:image\" content=\"https:\/\/static.africa-press.net\/togo\/sites\/58\/2023\/03\/postQueueImg_1678180193.81.jpg\" \/>\n\t<meta property=\"og:image:width\" content=\"1280\" \/>\n\t<meta property=\"og:image:height\" content=\"800\" \/>\n\t<meta property=\"og:image:type\" content=\"image\/jpeg\" \/>\n<meta name=\"author\" content=\"cfeditorfr\" \/>\n<meta name=\"twitter:card\" content=\"summary_large_image\" \/>\n<meta name=\"twitter:label1\" content=\"\u00c9crit par\" \/>\n\t<meta name=\"twitter:data1\" content=\"cfeditorfr\" \/>\n\t<meta name=\"twitter:label2\" content=\"Dur\u00e9e de lecture estim\u00e9e\" \/>\n\t<meta name=\"twitter:data2\" content=\"1 minute\" \/>\n<script type=\"application\/ld+json\" class=\"yoast-schema-graph\">{\"@context\":\"https:\/\/schema.org\",\"@graph\":[{\"@type\":\"Article\",\"@id\":\"https:\/\/www.africa-press.net\/togo\/toutes-les-actualites\/togo-afagnan-un-enseignant-radie-pour-viol-sur-une-eleve-mineure#article\",\"isPartOf\":{\"@id\":\"https:\/\/www.africa-press.net\/togo\/toutes-les-actualites\/togo-afagnan-un-enseignant-radie-pour-viol-sur-une-eleve-mineure\"},\"author\":{\"name\":\"cfeditorfr\",\"@id\":\"https:\/\/www.africa-press.net\/togo\/#\/schema\/person\/2b1cf3cd81a31e3cd26889ca66d677f1\"},\"headline\":\"Togo-Afagnan : Un enseignant radi\u00e9 pour viol sur une \u00e9l\u00e8ve mineure\",\"datePublished\":\"2023-03-07T12:39:50+00:00\",\"dateModified\":\"2023-03-07T13:18:47+00:00\",\"mainEntityOfPage\":{\"@id\":\"https:\/\/www.africa-press.net\/togo\/toutes-les-actualites\/togo-afagnan-un-enseignant-radie-pour-viol-sur-une-eleve-mineure\"},\"wordCount\":201,\"commentCount\":0,\"image\":{\"@id\":\"https:\/\/www.africa-press.net\/togo\/toutes-les-actualites\/togo-afagnan-un-enseignant-radie-pour-viol-sur-une-eleve-mineure#primaryimage\"},\"thumbnailUrl\":\"https:\/\/static.africa-press.net\/togo\/sites\/58\/2023\/03\/postQueueImg_1678180193.81.jpg\",\"keywords\":[\"Africa Press\",\"Africa Press-Togo\",\"Togo\"],\"articleSection\":[\"Communaut\u00e9\",\"Toutes les actualit\u00e9s\"],\"inLanguage\":\"fr-FR\",\"potentialAction\":[{\"@type\":\"CommentAction\",\"name\":\"Comment\",\"target\":[\"https:\/\/www.africa-press.net\/togo\/toutes-les-actualites\/togo-afagnan-un-enseignant-radie-pour-viol-sur-une-eleve-mineure#respond\"]}]},{\"@type\":\"WebPage\",\"@id\":\"https:\/\/www.africa-press.net\/togo\/toutes-les-actualites\/togo-afagnan-un-enseignant-radie-pour-viol-sur-une-eleve-mineure\",\"url\":\"https:\/\/www.africa-press.net\/togo\/toutes-les-actualites\/togo-afagnan-un-enseignant-radie-pour-viol-sur-une-eleve-mineure\",\"name\":\"Togo-Afagnan : Un enseignant radi\u00e9 pour viol sur une \u00e9l\u00e8ve mineure - Togo\",\"isPartOf\":{\"@id\":\"https:\/\/www.africa-press.net\/togo\/#website\"},\"primaryImageOfPage\":{\"@id\":\"https:\/\/www.africa-press.net\/togo\/toutes-les-actualites\/togo-afagnan-un-enseignant-radie-pour-viol-sur-une-eleve-mineure#primaryimage\"},\"image\":{\"@id\":\"https:\/\/www.africa-press.net\/togo\/toutes-les-actualites\/togo-afagnan-un-enseignant-radie-pour-viol-sur-une-eleve-mineure#primaryimage\"},\"thumbnailUrl\":\"https:\/\/static.africa-press.net\/togo\/sites\/58\/2023\/03\/postQueueImg_1678180193.81.jpg\",\"datePublished\":\"2023-03-07T12:39:50+00:00\",\"dateModified\":\"2023-03-07T13:18:47+00:00\",\"author\":{\"@id\":\"https:\/\/www.africa-press.net\/togo\/#\/schema\/person\/2b1cf3cd81a31e3cd26889ca66d677f1\"},\"description\":\"Le nomme\u0301 Samaty Se\u0301ssey, enseignant volontaire en service a\u0300 l\u2019EPP Afagnan Gbleta\/.A est radie\u0301 du syste\u0300me e\u0301ducati ...\",\"breadcrumb\":{\"@id\":\"https:\/\/www.africa-press.net\/togo\/toutes-les-actualites\/togo-afagnan-un-enseignant-radie-pour-viol-sur-une-eleve-mineure#breadcrumb\"},\"inLanguage\":\"fr-FR\",\"potentialAction\":[{\"@type\":\"ReadAction\",\"target\":[\"https:\/\/www.africa-press.net\/togo\/toutes-les-actualites\/togo-afagnan-un-enseignant-radie-pour-viol-sur-une-eleve-mineure\"]}]},{\"@type\":\"ImageObject\",\"inLanguage\":\"fr-FR\",\"@id\":\"https:\/\/www.africa-press.net\/togo\/toutes-les-actualites\/togo-afagnan-un-enseignant-radie-pour-viol-sur-une-eleve-mineure#primaryimage\",\"url\":\"https:\/\/static.africa-press.net\/togo\/sites\/58\/2023\/03\/postQueueImg_1678180193.81.jpg\",\"contentUrl\":\"https:\/\/static.africa-press.net\/togo\/sites\/58\/2023\/03\/postQueueImg_1678180193.81.jpg\",\"width\":1280,\"height\":800,\"caption\":\"Togo-Afagnan : Un enseignant radi\u00e9 pour viol sur une \u00e9l\u00e8ve mineure\"},{\"@type\":\"BreadcrumbList\",\"@id\":\"https:\/\/www.africa-press.net\/togo\/toutes-les-actualites\/togo-afagnan-un-enseignant-radie-pour-viol-sur-une-eleve-mineure#breadcrumb\",\"itemListElement\":[{\"@type\":\"ListItem\",\"position\":1,\"name\":\"Accueil\",\"item\":\"https:\/\/www.africa-press.net\/togo\/\"},{\"@type\":\"ListItem\",\"position\":2,\"name\":\"Togo-Afagnan : Un enseignant radi\u00e9 pour viol sur une \u00e9l\u00e8ve mineure\"}]},{\"@type\":\"WebSite\",\"@id\":\"https:\/\/www.africa-press.net\/togo\/#website\",\"url\":\"https:\/\/www.africa-press.net\/togo\/\",\"name\":\"Togo\",\"description\":\"Just another Africa News Agency Sites site\",\"potentialAction\":[{\"@type\":\"SearchAction\",\"target\":{\"@type\":\"EntryPoint\",\"urlTemplate\":\"https:\/\/www.africa-press.net\/togo\/?s={search_term_string}\"},\"query-input\":{\"@type\":\"PropertyValueSpecification\",\"valueRequired\":true,\"valueName\":\"search_term_string\"}}],\"inLanguage\":\"fr-FR\"},{\"@type\":\"Person\",\"@id\":\"https:\/\/www.africa-press.net\/togo\/#\/schema\/person\/2b1cf3cd81a31e3cd26889ca66d677f1\",\"name\":\"cfeditorfr\"}]}<\/script>\n<!-- \/ Yoast SEO Premium plugin. -->","yoast_head_json":{"title":"Togo-Afagnan : Un enseignant radi\u00e9 pour viol sur une \u00e9l\u00e8ve mineure - Togo","description":"Le nomme\u0301 Samaty Se\u0301ssey, enseignant volontaire en service a\u0300 l\u2019EPP Afagnan Gbleta\/.A est radie\u0301 du syste\u0300me e\u0301ducati ...","robots":{"index":"index","follow":"follow","max-snippet":"max-snippet:-1","max-image-preview":"max-image-preview:large","max-video-preview":"max-video-preview:-1"},"canonical":"https:\/\/www.africa-press.net\/togo\/toutes-les-actualites\/togo-afagnan-un-enseignant-radie-pour-viol-sur-une-eleve-mineure","og_locale":"fr_FR","og_type":"article","og_title":"Togo-Afagnan : Un enseignant radi\u00e9 pour viol sur une \u00e9l\u00e8ve mineure","og_description":"Le nomme\u0301 Samaty Se\u0301ssey, enseignant volontaire en service a\u0300 l\u2019EPP Afagnan Gbleta\/.A est radie\u0301 du syste\u0300me e\u0301ducati ...","og_url":"https:\/\/www.africa-press.net\/togo\/toutes-les-actualites\/togo-afagnan-un-enseignant-radie-pour-viol-sur-une-eleve-mineure","og_site_name":"Togo","article_published_time":"2023-03-07T12:39:50+00:00","article_modified_time":"2023-03-07T13:18:47+00:00","og_image":[{"width":1280,"height":800,"url":"https:\/\/static.africa-press.net\/togo\/sites\/58\/2023\/03\/postQueueImg_1678180193.81.jpg","type":"image\/jpeg"}],"author":"cfeditorfr","twitter_card":"summary_large_image","twitter_misc":{"\u00c9crit par":"cfeditorfr","Dur\u00e9e de lecture estim\u00e9e":"1 minute"},"schema":{"@context":"https:\/\/schema.org","@graph":[{"@type":"Article","@id":"https:\/\/www.africa-press.net\/togo\/toutes-les-actualites\/togo-afagnan-un-enseignant-radie-pour-viol-sur-une-eleve-mineure#article","isPartOf":{"@id":"https:\/\/www.africa-press.net\/togo\/toutes-les-actualites\/togo-afagnan-un-enseignant-radie-pour-viol-sur-une-eleve-mineure"},"author":{"name":"cfeditorfr","@id":"https:\/\/www.africa-press.net\/togo\/#\/schema\/person\/2b1cf3cd81a31e3cd26889ca66d677f1"},"headline":"Togo-Afagnan : Un enseignant radi\u00e9 pour viol sur une \u00e9l\u00e8ve mineure","datePublished":"2023-03-07T12:39:50+00:00","dateModified":"2023-03-07T13:18:47+00:00","mainEntityOfPage":{"@id":"https:\/\/www.africa-press.net\/togo\/toutes-les-actualites\/togo-afagnan-un-enseignant-radie-pour-viol-sur-une-eleve-mineure"},"wordCount":201,"commentCount":0,"image":{"@id":"https:\/\/www.africa-press.net\/togo\/toutes-les-actualites\/togo-afagnan-un-enseignant-radie-pour-viol-sur-une-eleve-mineure#primaryimage"},"thumbnailUrl":"https:\/\/static.africa-press.net\/togo\/sites\/58\/2023\/03\/postQueueImg_1678180193.81.jpg","keywords":["Africa Press","Africa Press-Togo","Togo"],"articleSection":["Communaut\u00e9","Toutes les actualit\u00e9s"],"inLanguage":"fr-FR","potentialAction":[{"@type":"CommentAction","name":"Comment","target":["https:\/\/www.africa-press.net\/togo\/toutes-les-actualites\/togo-afagnan-un-enseignant-radie-pour-viol-sur-une-eleve-mineure#respond"]}]},{"@type":"WebPage","@id":"https:\/\/www.africa-press.net\/togo\/toutes-les-actualites\/togo-afagnan-un-enseignant-radie-pour-viol-sur-une-eleve-mineure","url":"https:\/\/www.africa-press.net\/togo\/toutes-les-actualites\/togo-afagnan-un-enseignant-radie-pour-viol-sur-une-eleve-mineure","name":"Togo-Afagnan : Un enseignant radi\u00e9 pour viol sur une \u00e9l\u00e8ve mineure - Togo","isPartOf":{"@id":"https:\/\/www.africa-press.net\/togo\/#website"},"primaryImageOfPage":{"@id":"https:\/\/www.africa-press.net\/togo\/toutes-les-actualites\/togo-afagnan-un-enseignant-radie-pour-viol-sur-une-eleve-mineure#primaryimage"},"image":{"@id":"https:\/\/www.africa-press.net\/togo\/toutes-les-actualites\/togo-afagnan-un-enseignant-radie-pour-viol-sur-une-eleve-mineure#primaryimage"},"thumbnailUrl":"https:\/\/static.africa-press.net\/togo\/sites\/58\/2023\/03\/postQueueImg_1678180193.81.jpg","datePublished":"2023-03-07T12:39:50+00:00","dateModified":"2023-03-07T13:18:47+00:00","author":{"@id":"https:\/\/www.africa-press.net\/togo\/#\/schema\/person\/2b1cf3cd81a31e3cd26889ca66d677f1"},"description":"Le nomme\u0301 Samaty Se\u0301ssey, enseignant volontaire en service a\u0300 l\u2019EPP Afagnan Gbleta\/.A est radie\u0301 du syste\u0300me e\u0301ducati ...","breadcrumb":{"@id":"https:\/\/www.africa-press.net\/togo\/toutes-les-actualites\/togo-afagnan-un-enseignant-radie-pour-viol-sur-une-eleve-mineure#breadcrumb"},"inLanguage":"fr-FR","potentialAction":[{"@type":"ReadAction","target":["https:\/\/www.africa-press.net\/togo\/toutes-les-actualites\/togo-afagnan-un-enseignant-radie-pour-viol-sur-une-eleve-mineure"]}]},{"@type":"ImageObject","inLanguage":"fr-FR","@id":"https:\/\/www.africa-press.net\/togo\/toutes-les-actualites\/togo-afagnan-un-enseignant-radie-pour-viol-sur-une-eleve-mineure#primaryimage","url":"https:\/\/static.africa-press.net\/togo\/sites\/58\/2023\/03\/postQueueImg_1678180193.81.jpg","contentUrl":"https:\/\/static.africa-press.net\/togo\/sites\/58\/2023\/03\/postQueueImg_1678180193.81.jpg","width":1280,"height":800,"caption":"Togo-Afagnan : Un enseignant radi\u00e9 pour viol sur une \u00e9l\u00e8ve mineure"},{"@type":"BreadcrumbList","@id":"https:\/\/www.africa-press.net\/togo\/toutes-les-actualites\/togo-afagnan-un-enseignant-radie-pour-viol-sur-une-eleve-mineure#breadcrumb","itemListElement":[{"@type":"ListItem","position":1,"name":"Accueil","item":"https:\/\/www.africa-press.net\/togo\/"},{"@type":"ListItem","position":2,"name":"Togo-Afagnan : Un enseignant radi\u00e9 pour viol sur une \u00e9l\u00e8ve mineure"}]},{"@type":"WebSite","@id":"https:\/\/www.africa-press.net\/togo\/#website","url":"https:\/\/www.africa-press.net\/togo\/","name":"Togo","description":"Just another Africa News Agency Sites site","potentialAction":[{"@type":"SearchAction","target":{"@type":"EntryPoint","urlTemplate":"https:\/\/www.africa-press.net\/togo\/?s={search_term_string}"},"query-input":{"@type":"PropertyValueSpecification","valueRequired":true,"valueName":"search_term_string"}}],"inLanguage":"fr-FR"},{"@type":"Person","@id":"https:\/\/www.africa-press.net\/togo\/#\/schema\/person\/2b1cf3cd81a31e3cd26889ca66d677f1","name":"cfeditorfr"}]}},"_links":{"self":[{"href":"https:\/\/www.africa-press.net\/togo\/wp-json\/wp\/v2\/posts\/18201","targetHints":{"allow":["GET"]}}],"collection":[{"href":"https:\/\/www.africa-press.net\/togo\/wp-json\/wp\/v2\/posts"}],"about":[{"href":"https:\/\/www.africa-press.net\/togo\/wp-json\/wp\/v2\/types\/post"}],"author":[{"embeddable":true,"href":"https:\/\/www.africa-press.net\/togo\/wp-json\/wp\/v2\/users\/82"}],"replies":[{"embeddable":true,"href":"https:\/\/www.africa-press.net\/togo\/wp-json\/wp\/v2\/comments?post=18201"}],"version-history":[{"count":0,"href":"https:\/\/www.africa-press.net\/togo\/wp-json\/wp\/v2\/posts\/18201\/revisions"}],"wp:featuredmedia":[{"embeddable":true,"href":"https:\/\/www.africa-press.net\/togo\/wp-json\/wp\/v2\/media\/18200"}],"wp:attachment":[{"href":"https:\/\/www.africa-press.net\/togo\/wp-json\/wp\/v2\/media?parent=18201"}],"wp:term":[{"taxonomy":"category","embeddable":true,"href":"https:\/\/www.africa-press.net\/togo\/wp-json\/wp\/v2\/categories?post=18201"},{"taxonomy":"post_tag","embeddable":true,"href":"https:\/\/www.africa-press.net\/togo\/wp-json\/wp\/v2\/tags?post=18201"}],"curies":[{"name":"wp","href":"https:\/\/api.w.org\/{rel}","templated":true}]}}