{"id":18225,"date":"2023-03-07T19:29:00","date_gmt":"2023-03-07T19:29:00","guid":{"rendered":"https:\/\/www.africa-press.net\/togo\/politique\/rafael-nadal-ne-figurera-plus-parmi-les-10-meilleurs-au-monde-une-premiere-en-18-ans"},"modified":"2023-03-07T19:55:22","modified_gmt":"2023-03-07T19:55:22","slug":"rafael-nadal-ne-figurera-plus-parmi-les-10-meilleurs-au-monde-une-premiere-en-18-ans","status":"publish","type":"post","link":"https:\/\/www.africa-press.net\/togo\/sports\/rafael-nadal-ne-figurera-plus-parmi-les-10-meilleurs-au-monde-une-premiere-en-18-ans","title":{"rendered":"Rafael Nadal ne figurera plus parmi les 10 meilleurs au monde: Une premi\u00e8re en 18 ans !"},"content":{"rendered":"<p><span style=\"color: #ff6600\"><strong>Africa-Press &#8211; Togo. <\/strong><\/span><b>Apre\u0300s la retraite de Roger Federer, une autre e\u0300re tire a\u0300 sa fin au tennis masculin. Le 20 mars, au terme du Masters d\u2019Indian Wells, l\u2019Espagnol Rafael Nadal sera exclu du top 10 mondial pour la premie\u0300re fois en&#8230; 18 ans.<\/b><\/p>\n<p>Ces 18 anne\u0301es conse\u0301cutives parmi les 10 meilleurs de la plane\u0300te constituent une marque sans pre\u0301ce\u0301dent au tennis masculin. Les 912 semaines de Nadal au sein de l\u2019e\u0301lite le placent loin devant l\u2019Ame\u0301ricain Jimmy Connors, qui y e\u0301tait demeure\u0301 pendant 789 semaines, entre 1973 et 1988.<\/p>\n<p>D\u2019ailleurs, en avril 2005, quand l\u2019homme aux 21 titres majeurs y a fait son entre\u0301e dans le top 10, le iPod nano n\u2019e\u0301tait me\u0302me pas encore lance\u0301.<\/p>\n<p><b>Seule Navratilova le devance<\/b><\/p>\n<p>Federer, lui, est demeure\u0301 dans le top 10 durant 742 semaines conse\u0301cutives, entre 2002 et 2016. Et tous sexes confondus, une seule athle\u0300te devance Nadal dans ce prestigieux palmare\u0300s de longe\u0301vite\u0301: l\u2019Ame\u0301ricaine Martina Navratilova, qui est reste\u0301e parmi les 10 meilleures joueuses durant&#8230; 1000 semaines de suite, rapporte le site Tennis.com.<\/p>\n<p>Le fait d\u2019armes exceptionnel de Nadal n\u2019est d\u2019ailleurs pas passe\u0301 inaperc\u0327u. Apre\u0300s sa de\u0301faite en demi-finale a\u0300 Dubai\u0308, son plus grand rival toujours actif, le Serbe Novak Djokovic, a souligne\u0301 sa grande constance, malgre\u0301 une carrie\u0300re souvent ralentie par de se\u0301rieuses blessures.<\/p>\n<p>\u00abJ\u2019ai un respect total pour lui, l\u2019a louange\u0301 le nume\u0301ro 1 mondial, qui, pour sa part, a passe\u0301 555 semaines conse\u0301cutives dans le top 10 entre 2007 et 2017. Le fait de pouvoir e\u0302tre dans le top 10 pendant pre\u0300s de 20 ans est tout simplement e\u0301poustouflant.\u00bb<\/p>\n<p>\u00abCela te\u0301moigne de la qualite\u0301 de son tennis et de sa constance tout au long de l\u2019anne\u0301e. Il joue bien sur toutes les surfaces\u00bb, a ajoute\u0301 \u00abDjoko\u00bb.<\/p>\n<p><b>Une absence qui fait mal<\/b><\/p>\n<p>Blesse\u0301 a\u0300 la jambe dans sa de\u0301faite au deuxie\u0300me tour des Internationaux d\u2019Australie face a\u0300 l\u2019Ame\u0301ricain Mackenzie MacDonald, en janvier, \u00abRafa\u00bb ne sait toujours pas quand il pourra reprendre la compe\u0301tition.<\/p>\n<p>L\u2019Espagnol, actuellement huitie\u0300me mondial, chutera a\u0300 la neuvie\u0300me place lundi. Il est de\u0301ja\u0300 assure\u0301 de faire l\u2019impasse sur Indian Wells, qui s\u2019amorce la semaine prochaine, ainsi que sur le Masters de Miami, a\u0300 la fin du mois.<\/p>\n<p>C\u2019est ce premier forfait qui fera le plus mal a\u0300 son classement. Il y a un an, \u00abRafa\u00bb, alors tout feu, tout flamme en ce de\u0301but de saison, visait en Californie un quatrie\u0300me titre conse\u0301cutif. Nadal avait atteint la finale, ou\u0300 il avait e\u0301te\u0301 battu par l\u2019Ame\u0301ricain Taylor Fritz.<\/p>\n<p>Le 20 mars, le joueur de 36 ans est donc assure\u0301 de perdre les 600 points associe\u0301s a\u0300 cette finale et de se retrouver, au mieux, 11e au monde.<\/p>\n<p><strong>Pour plus d&rsquo;informations et d&rsquo;analyses sur la <a href=\"https:\/\/www.africa-press.net\/togo\">Togo<\/a>, suivez <a href=\"https:\/\/www.africa-press.net\/\">Africa-Press<\/a><\/strong><\/p>\n","protected":false},"excerpt":{"rendered":"<p>Africa-Press &#8211; Togo. Apre\u0300s la retraite de Roger Federer, une autre e\u0300re tire a\u0300 sa fin au tennis masculin. Le 20 mars, au terme du Masters d\u2019Indian Wells, l\u2019Espagnol Rafael Nadal sera exclu du top 10 mondial pour la premie\u0300re fois en&#8230; 18 ans. Ces 18 anne\u0301es conse\u0301cutives parmi les 10 meilleurs de la plane\u0300te [&hellip;]<\/p>\n","protected":false},"author":82,"featured_media":18224,"comment_status":"open","ping_status":"closed","sticky":false,"template":"","format":"standard","meta":{"footnotes":""},"categories":[6,10],"tags":[36,49,50],"class_list":["post-18225","post","type-post","status-publish","format-standard","has-post-thumbnail","hentry","category-sports","category-toutes-les-actualites","tag-africa-press","tag-africa-press-togo","tag-togo"],"yoast_head":"<!-- This site is optimized with the Yoast SEO Premium plugin v26.1 (Yoast SEO v27.0) - https:\/\/yoast.com\/product\/yoast-seo-premium-wordpress\/ -->\n<title>Rafael Nadal ne figurera plus parmi les 10 meilleurs au monde: Une premi\u00e8re en 18 ans ! - Togo<\/title>\n<meta name=\"description\" content=\"Apre\u0300s la retraite de Roger Federer, une autre e\u0300re tire a\u0300 sa fin au tennis masculin. Le 20 mars, au terme du Master ...\" \/>\n<meta name=\"robots\" content=\"index, follow, max-snippet:-1, max-image-preview:large, max-video-preview:-1\" \/>\n<link rel=\"canonical\" href=\"https:\/\/www.africa-press.net\/togo\/sports\/rafael-nadal-ne-figurera-plus-parmi-les-10-meilleurs-au-monde-une-premiere-en-18-ans\" \/>\n<meta property=\"og:locale\" content=\"fr_FR\" \/>\n<meta property=\"og:type\" content=\"article\" \/>\n<meta property=\"og:title\" content=\"Rafael Nadal ne figurera plus parmi les 10 meilleurs au monde: Une premi\u00e8re en 18 ans !\" \/>\n<meta property=\"og:description\" content=\"Apre\u0300s la retraite de Roger Federer, une autre e\u0300re tire a\u0300 sa fin au tennis masculin. Le 20 mars, au terme du Master ...\" \/>\n<meta property=\"og:url\" content=\"https:\/\/www.africa-press.net\/togo\/sports\/rafael-nadal-ne-figurera-plus-parmi-les-10-meilleurs-au-monde-une-premiere-en-18-ans\" \/>\n<meta property=\"og:site_name\" content=\"Togo\" \/>\n<meta property=\"article:published_time\" content=\"2023-03-07T19:29:00+00:00\" \/>\n<meta property=\"article:modified_time\" content=\"2023-03-07T19:55:22+00:00\" \/>\n<meta property=\"og:image\" content=\"https:\/\/static.africa-press.net\/togo\/sites\/58\/2023\/03\/postQueueImg_1678204746.34.jpg\" \/>\n\t<meta property=\"og:image:width\" content=\"1040\" \/>\n\t<meta property=\"og:image:height\" content=\"572\" \/>\n\t<meta property=\"og:image:type\" content=\"image\/jpeg\" \/>\n<meta name=\"author\" content=\"cfeditorfr\" \/>\n<meta name=\"twitter:card\" content=\"summary_large_image\" \/>\n<meta name=\"twitter:label1\" content=\"\u00c9crit par\" \/>\n\t<meta name=\"twitter:data1\" content=\"cfeditorfr\" \/>\n\t<meta name=\"twitter:label2\" content=\"Dur\u00e9e de lecture estim\u00e9e\" \/>\n\t<meta name=\"twitter:data2\" content=\"3 minutes\" \/>\n<script type=\"application\/ld+json\" class=\"yoast-schema-graph\">{\"@context\":\"https:\/\/schema.org\",\"@graph\":[{\"@type\":\"Article\",\"@id\":\"https:\/\/www.africa-press.net\/togo\/sports\/rafael-nadal-ne-figurera-plus-parmi-les-10-meilleurs-au-monde-une-premiere-en-18-ans#article\",\"isPartOf\":{\"@id\":\"https:\/\/www.africa-press.net\/togo\/sports\/rafael-nadal-ne-figurera-plus-parmi-les-10-meilleurs-au-monde-une-premiere-en-18-ans\"},\"author\":{\"name\":\"cfeditorfr\",\"@id\":\"https:\/\/www.africa-press.net\/togo\/#\/schema\/person\/2b1cf3cd81a31e3cd26889ca66d677f1\"},\"headline\":\"Rafael Nadal ne figurera plus parmi les 10 meilleurs au monde: Une premi\u00e8re en 18 ans !\",\"datePublished\":\"2023-03-07T19:29:00+00:00\",\"dateModified\":\"2023-03-07T19:55:22+00:00\",\"mainEntityOfPage\":{\"@id\":\"https:\/\/www.africa-press.net\/togo\/sports\/rafael-nadal-ne-figurera-plus-parmi-les-10-meilleurs-au-monde-une-premiere-en-18-ans\"},\"wordCount\":505,\"commentCount\":0,\"image\":{\"@id\":\"https:\/\/www.africa-press.net\/togo\/sports\/rafael-nadal-ne-figurera-plus-parmi-les-10-meilleurs-au-monde-une-premiere-en-18-ans#primaryimage\"},\"thumbnailUrl\":\"https:\/\/static.africa-press.net\/togo\/sites\/58\/2023\/03\/postQueueImg_1678204746.34.jpg\",\"keywords\":[\"Africa Press\",\"Africa Press-Togo\",\"Togo\"],\"articleSection\":[\"Sports\",\"Toutes les actualit\u00e9s\"],\"inLanguage\":\"fr-FR\",\"potentialAction\":[{\"@type\":\"CommentAction\",\"name\":\"Comment\",\"target\":[\"https:\/\/www.africa-press.net\/togo\/sports\/rafael-nadal-ne-figurera-plus-parmi-les-10-meilleurs-au-monde-une-premiere-en-18-ans#respond\"]}]},{\"@type\":\"WebPage\",\"@id\":\"https:\/\/www.africa-press.net\/togo\/sports\/rafael-nadal-ne-figurera-plus-parmi-les-10-meilleurs-au-monde-une-premiere-en-18-ans\",\"url\":\"https:\/\/www.africa-press.net\/togo\/sports\/rafael-nadal-ne-figurera-plus-parmi-les-10-meilleurs-au-monde-une-premiere-en-18-ans\",\"name\":\"Rafael Nadal ne figurera plus parmi les 10 meilleurs au monde: Une premi\u00e8re en 18 ans ! - Togo\",\"isPartOf\":{\"@id\":\"https:\/\/www.africa-press.net\/togo\/#website\"},\"primaryImageOfPage\":{\"@id\":\"https:\/\/www.africa-press.net\/togo\/sports\/rafael-nadal-ne-figurera-plus-parmi-les-10-meilleurs-au-monde-une-premiere-en-18-ans#primaryimage\"},\"image\":{\"@id\":\"https:\/\/www.africa-press.net\/togo\/sports\/rafael-nadal-ne-figurera-plus-parmi-les-10-meilleurs-au-monde-une-premiere-en-18-ans#primaryimage\"},\"thumbnailUrl\":\"https:\/\/static.africa-press.net\/togo\/sites\/58\/2023\/03\/postQueueImg_1678204746.34.jpg\",\"datePublished\":\"2023-03-07T19:29:00+00:00\",\"dateModified\":\"2023-03-07T19:55:22+00:00\",\"author\":{\"@id\":\"https:\/\/www.africa-press.net\/togo\/#\/schema\/person\/2b1cf3cd81a31e3cd26889ca66d677f1\"},\"description\":\"Apre\u0300s la retraite de Roger Federer, une autre e\u0300re tire a\u0300 sa fin au tennis masculin. Le 20 mars, au terme du Master ...\",\"breadcrumb\":{\"@id\":\"https:\/\/www.africa-press.net\/togo\/sports\/rafael-nadal-ne-figurera-plus-parmi-les-10-meilleurs-au-monde-une-premiere-en-18-ans#breadcrumb\"},\"inLanguage\":\"fr-FR\",\"potentialAction\":[{\"@type\":\"ReadAction\",\"target\":[\"https:\/\/www.africa-press.net\/togo\/sports\/rafael-nadal-ne-figurera-plus-parmi-les-10-meilleurs-au-monde-une-premiere-en-18-ans\"]}]},{\"@type\":\"ImageObject\",\"inLanguage\":\"fr-FR\",\"@id\":\"https:\/\/www.africa-press.net\/togo\/sports\/rafael-nadal-ne-figurera-plus-parmi-les-10-meilleurs-au-monde-une-premiere-en-18-ans#primaryimage\",\"url\":\"https:\/\/static.africa-press.net\/togo\/sites\/58\/2023\/03\/postQueueImg_1678204746.34.jpg\",\"contentUrl\":\"https:\/\/static.africa-press.net\/togo\/sites\/58\/2023\/03\/postQueueImg_1678204746.34.jpg\",\"width\":1040,\"height\":572,\"caption\":\"Rafael Nadal ne figurera plus parmi les 10 meilleurs au monde: Une premi\u00e8re en 18 ans !\"},{\"@type\":\"BreadcrumbList\",\"@id\":\"https:\/\/www.africa-press.net\/togo\/sports\/rafael-nadal-ne-figurera-plus-parmi-les-10-meilleurs-au-monde-une-premiere-en-18-ans#breadcrumb\",\"itemListElement\":[{\"@type\":\"ListItem\",\"position\":1,\"name\":\"Accueil\",\"item\":\"https:\/\/www.africa-press.net\/togo\/\"},{\"@type\":\"ListItem\",\"position\":2,\"name\":\"Rafael Nadal ne figurera plus parmi les 10 meilleurs au monde: Une premi\u00e8re en 18 ans !\"}]},{\"@type\":\"WebSite\",\"@id\":\"https:\/\/www.africa-press.net\/togo\/#website\",\"url\":\"https:\/\/www.africa-press.net\/togo\/\",\"name\":\"Togo\",\"description\":\"Just another Africa News Agency Sites site\",\"potentialAction\":[{\"@type\":\"SearchAction\",\"target\":{\"@type\":\"EntryPoint\",\"urlTemplate\":\"https:\/\/www.africa-press.net\/togo\/?s={search_term_string}\"},\"query-input\":{\"@type\":\"PropertyValueSpecification\",\"valueRequired\":true,\"valueName\":\"search_term_string\"}}],\"inLanguage\":\"fr-FR\"},{\"@type\":\"Person\",\"@id\":\"https:\/\/www.africa-press.net\/togo\/#\/schema\/person\/2b1cf3cd81a31e3cd26889ca66d677f1\",\"name\":\"cfeditorfr\"}]}<\/script>\n<!-- \/ Yoast SEO Premium plugin. -->","yoast_head_json":{"title":"Rafael Nadal ne figurera plus parmi les 10 meilleurs au monde: Une premi\u00e8re en 18 ans ! - Togo","description":"Apre\u0300s la retraite de Roger Federer, une autre e\u0300re tire a\u0300 sa fin au tennis masculin. Le 20 mars, au terme du Master ...","robots":{"index":"index","follow":"follow","max-snippet":"max-snippet:-1","max-image-preview":"max-image-preview:large","max-video-preview":"max-video-preview:-1"},"canonical":"https:\/\/www.africa-press.net\/togo\/sports\/rafael-nadal-ne-figurera-plus-parmi-les-10-meilleurs-au-monde-une-premiere-en-18-ans","og_locale":"fr_FR","og_type":"article","og_title":"Rafael Nadal ne figurera plus parmi les 10 meilleurs au monde: Une premi\u00e8re en 18 ans !","og_description":"Apre\u0300s la retraite de Roger Federer, une autre e\u0300re tire a\u0300 sa fin au tennis masculin. Le 20 mars, au terme du Master ...","og_url":"https:\/\/www.africa-press.net\/togo\/sports\/rafael-nadal-ne-figurera-plus-parmi-les-10-meilleurs-au-monde-une-premiere-en-18-ans","og_site_name":"Togo","article_published_time":"2023-03-07T19:29:00+00:00","article_modified_time":"2023-03-07T19:55:22+00:00","og_image":[{"width":1040,"height":572,"url":"https:\/\/static.africa-press.net\/togo\/sites\/58\/2023\/03\/postQueueImg_1678204746.34.jpg","type":"image\/jpeg"}],"author":"cfeditorfr","twitter_card":"summary_large_image","twitter_misc":{"\u00c9crit par":"cfeditorfr","Dur\u00e9e de lecture estim\u00e9e":"3 minutes"},"schema":{"@context":"https:\/\/schema.org","@graph":[{"@type":"Article","@id":"https:\/\/www.africa-press.net\/togo\/sports\/rafael-nadal-ne-figurera-plus-parmi-les-10-meilleurs-au-monde-une-premiere-en-18-ans#article","isPartOf":{"@id":"https:\/\/www.africa-press.net\/togo\/sports\/rafael-nadal-ne-figurera-plus-parmi-les-10-meilleurs-au-monde-une-premiere-en-18-ans"},"author":{"name":"cfeditorfr","@id":"https:\/\/www.africa-press.net\/togo\/#\/schema\/person\/2b1cf3cd81a31e3cd26889ca66d677f1"},"headline":"Rafael Nadal ne figurera plus parmi les 10 meilleurs au monde: Une premi\u00e8re en 18 ans !","datePublished":"2023-03-07T19:29:00+00:00","dateModified":"2023-03-07T19:55:22+00:00","mainEntityOfPage":{"@id":"https:\/\/www.africa-press.net\/togo\/sports\/rafael-nadal-ne-figurera-plus-parmi-les-10-meilleurs-au-monde-une-premiere-en-18-ans"},"wordCount":505,"commentCount":0,"image":{"@id":"https:\/\/www.africa-press.net\/togo\/sports\/rafael-nadal-ne-figurera-plus-parmi-les-10-meilleurs-au-monde-une-premiere-en-18-ans#primaryimage"},"thumbnailUrl":"https:\/\/static.africa-press.net\/togo\/sites\/58\/2023\/03\/postQueueImg_1678204746.34.jpg","keywords":["Africa Press","Africa Press-Togo","Togo"],"articleSection":["Sports","Toutes les actualit\u00e9s"],"inLanguage":"fr-FR","potentialAction":[{"@type":"CommentAction","name":"Comment","target":["https:\/\/www.africa-press.net\/togo\/sports\/rafael-nadal-ne-figurera-plus-parmi-les-10-meilleurs-au-monde-une-premiere-en-18-ans#respond"]}]},{"@type":"WebPage","@id":"https:\/\/www.africa-press.net\/togo\/sports\/rafael-nadal-ne-figurera-plus-parmi-les-10-meilleurs-au-monde-une-premiere-en-18-ans","url":"https:\/\/www.africa-press.net\/togo\/sports\/rafael-nadal-ne-figurera-plus-parmi-les-10-meilleurs-au-monde-une-premiere-en-18-ans","name":"Rafael Nadal ne figurera plus parmi les 10 meilleurs au monde: Une premi\u00e8re en 18 ans ! - Togo","isPartOf":{"@id":"https:\/\/www.africa-press.net\/togo\/#website"},"primaryImageOfPage":{"@id":"https:\/\/www.africa-press.net\/togo\/sports\/rafael-nadal-ne-figurera-plus-parmi-les-10-meilleurs-au-monde-une-premiere-en-18-ans#primaryimage"},"image":{"@id":"https:\/\/www.africa-press.net\/togo\/sports\/rafael-nadal-ne-figurera-plus-parmi-les-10-meilleurs-au-monde-une-premiere-en-18-ans#primaryimage"},"thumbnailUrl":"https:\/\/static.africa-press.net\/togo\/sites\/58\/2023\/03\/postQueueImg_1678204746.34.jpg","datePublished":"2023-03-07T19:29:00+00:00","dateModified":"2023-03-07T19:55:22+00:00","author":{"@id":"https:\/\/www.africa-press.net\/togo\/#\/schema\/person\/2b1cf3cd81a31e3cd26889ca66d677f1"},"description":"Apre\u0300s la retraite de Roger Federer, une autre e\u0300re tire a\u0300 sa fin au tennis masculin. Le 20 mars, au terme du Master ...","breadcrumb":{"@id":"https:\/\/www.africa-press.net\/togo\/sports\/rafael-nadal-ne-figurera-plus-parmi-les-10-meilleurs-au-monde-une-premiere-en-18-ans#breadcrumb"},"inLanguage":"fr-FR","potentialAction":[{"@type":"ReadAction","target":["https:\/\/www.africa-press.net\/togo\/sports\/rafael-nadal-ne-figurera-plus-parmi-les-10-meilleurs-au-monde-une-premiere-en-18-ans"]}]},{"@type":"ImageObject","inLanguage":"fr-FR","@id":"https:\/\/www.africa-press.net\/togo\/sports\/rafael-nadal-ne-figurera-plus-parmi-les-10-meilleurs-au-monde-une-premiere-en-18-ans#primaryimage","url":"https:\/\/static.africa-press.net\/togo\/sites\/58\/2023\/03\/postQueueImg_1678204746.34.jpg","contentUrl":"https:\/\/static.africa-press.net\/togo\/sites\/58\/2023\/03\/postQueueImg_1678204746.34.jpg","width":1040,"height":572,"caption":"Rafael Nadal ne figurera plus parmi les 10 meilleurs au monde: Une premi\u00e8re en 18 ans !"},{"@type":"BreadcrumbList","@id":"https:\/\/www.africa-press.net\/togo\/sports\/rafael-nadal-ne-figurera-plus-parmi-les-10-meilleurs-au-monde-une-premiere-en-18-ans#breadcrumb","itemListElement":[{"@type":"ListItem","position":1,"name":"Accueil","item":"https:\/\/www.africa-press.net\/togo\/"},{"@type":"ListItem","position":2,"name":"Rafael Nadal ne figurera plus parmi les 10 meilleurs au monde: Une premi\u00e8re en 18 ans !"}]},{"@type":"WebSite","@id":"https:\/\/www.africa-press.net\/togo\/#website","url":"https:\/\/www.africa-press.net\/togo\/","name":"Togo","description":"Just another Africa News Agency Sites site","potentialAction":[{"@type":"SearchAction","target":{"@type":"EntryPoint","urlTemplate":"https:\/\/www.africa-press.net\/togo\/?s={search_term_string}"},"query-input":{"@type":"PropertyValueSpecification","valueRequired":true,"valueName":"search_term_string"}}],"inLanguage":"fr-FR"},{"@type":"Person","@id":"https:\/\/www.africa-press.net\/togo\/#\/schema\/person\/2b1cf3cd81a31e3cd26889ca66d677f1","name":"cfeditorfr"}]}},"_links":{"self":[{"href":"https:\/\/www.africa-press.net\/togo\/wp-json\/wp\/v2\/posts\/18225","targetHints":{"allow":["GET"]}}],"collection":[{"href":"https:\/\/www.africa-press.net\/togo\/wp-json\/wp\/v2\/posts"}],"about":[{"href":"https:\/\/www.africa-press.net\/togo\/wp-json\/wp\/v2\/types\/post"}],"author":[{"embeddable":true,"href":"https:\/\/www.africa-press.net\/togo\/wp-json\/wp\/v2\/users\/82"}],"replies":[{"embeddable":true,"href":"https:\/\/www.africa-press.net\/togo\/wp-json\/wp\/v2\/comments?post=18225"}],"version-history":[{"count":0,"href":"https:\/\/www.africa-press.net\/togo\/wp-json\/wp\/v2\/posts\/18225\/revisions"}],"wp:featuredmedia":[{"embeddable":true,"href":"https:\/\/www.africa-press.net\/togo\/wp-json\/wp\/v2\/media\/18224"}],"wp:attachment":[{"href":"https:\/\/www.africa-press.net\/togo\/wp-json\/wp\/v2\/media?parent=18225"}],"wp:term":[{"taxonomy":"category","embeddable":true,"href":"https:\/\/www.africa-press.net\/togo\/wp-json\/wp\/v2\/categories?post=18225"},{"taxonomy":"post_tag","embeddable":true,"href":"https:\/\/www.africa-press.net\/togo\/wp-json\/wp\/v2\/tags?post=18225"}],"curies":[{"name":"wp","href":"https:\/\/api.w.org\/{rel}","templated":true}]}}