{"id":18229,"date":"2023-03-07T19:29:49","date_gmt":"2023-03-07T19:29:49","guid":{"rendered":"https:\/\/www.africa-press.net\/togo\/politique\/indian-wells-non-vaccine-contre-la-covid-19-djokovic-doit-declarer-forfait-pour-le-masters-1000"},"modified":"2023-03-07T20:00:53","modified_gmt":"2023-03-07T20:00:53","slug":"indian-wells-non-vaccine-contre-la-covid-19-djokovic-doit-declarer-forfait-pour-le-masters-1000","status":"publish","type":"post","link":"https:\/\/www.africa-press.net\/togo\/sports\/indian-wells-non-vaccine-contre-la-covid-19-djokovic-doit-declarer-forfait-pour-le-masters-1000","title":{"rendered":"Indian Wells : non-vaccin\u00e9 contre la Covid-19, Djokovic doit d\u00e9clarer forfait pour le Masters 1000"},"content":{"rendered":"<p><span style=\"color: #ff6600\"><strong>Africa-Press &#8211; Togo. <\/strong><\/span><b>Non vaccine\u0301 contre le Covid-19, Novak Djokovic n\u2019a pas rec\u0327u l\u2019autorisation d\u2019entrer sur le territoire ame\u0301ricain et a du\u0302 de\u0301clarer forfait pour le Masters 1000 d\u2019Indian Wells.<\/b><\/p>\n<p>Les mauvaises nouvelles s\u2019enchai\u0302nent pour Novak Djokovic. Quelques jours apre\u0300s avoir essuye\u0301 sa premie\u0300re de\u0301faite en 2023 &#8211; en demi-finale a\u0300 Dubai\u0308 (E\u0301mirats arabes unis) contre le Russe Daniil Medvedev -, le Serbe a du\u0302 renoncer, comme on pouvait s\u2019y attendre, a\u0300 la tourne\u0301e ame\u0301ricaine. Non vaccine\u0301 contre le Covid-19, il n\u2019a pas obtenu une autorisation spe\u0301ciale pour entrer sur le territoire ame\u0301ricain. Le n\u00b0 1 mondial a donc du\u0302 de\u0301clarer forfait pour Masters 1000 d\u2019Indian Wells.<\/p>\n<p>\u00ab Novak Djokovic a de\u0301clare\u0301 forfait pour le tournoi \u00bb se de\u0301roulant dans le de\u0301sert californien et qui doit de\u0301buter mercredi, ont annonce\u0301 les organisateurs dimanche soir, dans un court communique\u0301, ajoutant que le Ge\u0301orgien Nikoloz Basilashvili prenait la place du Serbe dans le tableau masculin.<\/p>\n<p>\u00ab Nole \u00bb avait demande\u0301 une de\u0301rogation spe\u0301ciale aux autorite\u0301s locales ces dernie\u0300res semaines. \u00ab Si elle m\u2019est refuse\u0301e, je me retirerai d\u2019Indian Wells bien su\u0302r, avant le tirage au sort \u00bb, avait-il assure\u0301. Il a du\u0302 s\u2019y re\u0301soudre. Et si les autorite\u0301s n\u2019ont pas communique\u0301 publiquement leur re\u0301ponse a\u0300 sa reque\u0302te, la raison de l\u2019absence force\u0301e du co-recordman du nombre de Grands Chelems remporte\u0301s (22, comme Rafael Nadal) ne fait gue\u0300re de myste\u0300re.<\/p>\n<p>Ces derniers jours, de nombreuses voix s\u2019e\u0301taient fait entendre pour plaider son cas. \u00ab Ce serait une honte a\u0300 mes yeux s\u2019il n\u2019e\u0301tait pas autorise\u0301 a\u0300 venir \u00bb aux E\u0301tats-Unis, avait notamment de\u0301clare\u0301 Tommy Haas, le directeur du tournoi d\u2019Indian Wells. La Fe\u0301de\u0301ration ame\u0301ricaine de tennis et les organisateurs de l\u2019US Open avaient eux fait leur possible, en soutenant sa de\u0301marche. Mais sans effet.<\/p>\n<p><b>Aucun traitement de faveur<\/b><\/p>\n<p>Djokovic ne be\u0301ne\u0301ficiera donc d\u2019aucun traitement de faveur de la part de Washington, qui n\u2019autorise pas l\u2019entre\u0301e dans le pays aux voyageurs internationaux non vaccine\u0301s. Et l\u2019agence ame\u0301ricaine charge\u0301e de la se\u0301curite\u0301 dans les transports (TSA) a re\u0301cemment indique\u0301 que cette mesure ne changerait pas avant au moins la mi-avril. Aussi, outre l\u2019e\u0301preuve d\u2019Indian Wells qui se finira le 19 mars, Djokovic devrait, sauf retournement de situation, renoncer a\u0300 participer a\u0300 l\u2019autre Masters 1000 au programme, l\u2019Open de Miami pre\u0301vu du 22 mars au 2 avril.<\/p>\n<p>A\u0302ge\u0301 de 35 ans, le Serbe est certainement le sportif le plus ce\u0301le\u0300bre a\u0300 refuser de se faire vacciner contre le Covid-19. Cela lui a cause\u0301 quelques gros soucis, au-dela\u0300 me\u0302me de l\u2019impossibilite\u0301 de participer a\u0300 des tournois, puisqu\u2019il avait e\u0301te\u0301 expulse\u0301 d\u2019Australie peu avant l\u2019e\u0301dition 2022 du Majeur a\u0300 Melbourne, au terme d\u2019un feuilleton judiciaire.<\/p>\n<p>En tentant de contourner l\u2019obligation vaccinale, alors en vigueur en Australie, avec une de\u0301rogation juge\u0301e injustifie\u0301e par les autorite\u0301s australiennes, Djokovic avait du\u0302 passer quelques jours dans un centre de re\u0301tention, avant de devoir quitter le pays.<\/p>\n<p>Les mois suivants, il n\u2019avait pas e\u0301te\u0301 autorise\u0301 a\u0300 venir aux E\u0301tats-Unis pour de\u0301fendre ses chances a\u0300 Indian Wells, au printemps, et a\u0300 l\u2019US Open a\u0300 l\u2019automne. Tant et si bien que la dernie\u0300re fois qu\u2019il a joue\u0301 un match sur le sol ame\u0301ricain, c\u2019e\u0301tait a\u0300 Flushing Meadows en 2021, battu en finale par le Russe Daniil Medvedev qui le priva d\u2019un Grand Chelem calendaire.<\/p>\n<p>Le Serbe s\u2019e\u0301tait releve\u0301 de ces de\u0301boires et empe\u0302chements, en remportant Wimbledon l\u2019an passe\u0301 et surtout en revenant par la grande porte a\u0300 l\u2019Open d\u2019Australie en janvier, pour s\u2019y adjuger son 22e Majeur.<\/p>\n<p>Sa frustration de ne pouvoir pre\u0301tendre cette anne\u0301e a\u0300 un sixie\u0300me titre a\u0300 Indian Wells doit e\u0302tre d\u2019autant plus grande, qu\u2019il effectue un des meilleurs de\u0301buts de saison de sa carrie\u0300re, fort d\u2019un autre titre obtenu a\u0300 Ade\u0301lai\u0308de, avant de conce\u0301der sa premie\u0300re de\u0301faite en 2023, cette semaine, en demi-finale du tournoi de Dubai\u0308, face a\u0300 Daniil Medvedev.<\/p>\n<p>Djokovic devra donc encore prendre son mal en patience avant de frapper des balles aux E\u0301tats-Unis. Peut-e\u0302tre cet e\u0301te\u0301 pour la tourne\u0301e sur dur qui aura pour point d\u2019orgue l\u2019US Open.<\/p>\n<p><strong>Pour plus d&rsquo;informations et d&rsquo;analyses sur la <a href=\"https:\/\/www.africa-press.net\/togo\">Togo<\/a>, suivez <a href=\"https:\/\/www.africa-press.net\/\">Africa-Press<\/a><\/strong><\/p>\n","protected":false},"excerpt":{"rendered":"<p>Africa-Press &#8211; Togo. Non vaccine\u0301 contre le Covid-19, Novak Djokovic n\u2019a pas rec\u0327u l\u2019autorisation d\u2019entrer sur le territoire ame\u0301ricain et a du\u0302 de\u0301clarer forfait pour le Masters 1000 d\u2019Indian Wells. Les mauvaises nouvelles s\u2019enchai\u0302nent pour Novak Djokovic. Quelques jours apre\u0300s avoir essuye\u0301 sa premie\u0300re de\u0301faite en 2023 &#8211; en demi-finale a\u0300 Dubai\u0308 (E\u0301mirats arabes unis) [&hellip;]<\/p>\n","protected":false},"author":82,"featured_media":18228,"comment_status":"open","ping_status":"closed","sticky":false,"template":"","format":"standard","meta":{"footnotes":""},"categories":[6,10],"tags":[36,49,50],"class_list":["post-18229","post","type-post","status-publish","format-standard","has-post-thumbnail","hentry","category-sports","category-toutes-les-actualites","tag-africa-press","tag-africa-press-togo","tag-togo"],"yoast_head":"<!-- This site is optimized with the Yoast SEO Premium plugin v26.1 (Yoast SEO v27.0) - https:\/\/yoast.com\/product\/yoast-seo-premium-wordpress\/ -->\n<title>Indian Wells : non-vaccin\u00e9 contre la Covid-19, Djokovic doit d\u00e9clarer forfait pour le Masters 1000 - Togo<\/title>\n<meta name=\"description\" content=\"Non vaccine\u0301 contre le Covid-19, Novak Djokovic n\u2019a pas rec\u0327u l\u2019autorisation d\u2019entrer sur le territoire ame\u0301ricain et ...\" \/>\n<meta name=\"robots\" content=\"index, follow, max-snippet:-1, max-image-preview:large, max-video-preview:-1\" \/>\n<link rel=\"canonical\" href=\"https:\/\/www.africa-press.net\/togo\/sports\/indian-wells-non-vaccine-contre-la-covid-19-djokovic-doit-declarer-forfait-pour-le-masters-1000\" \/>\n<meta property=\"og:locale\" content=\"fr_FR\" \/>\n<meta property=\"og:type\" content=\"article\" \/>\n<meta property=\"og:title\" content=\"Indian Wells : non-vaccin\u00e9 contre la Covid-19, Djokovic doit d\u00e9clarer forfait pour le Masters 1000\" \/>\n<meta property=\"og:description\" content=\"Non vaccine\u0301 contre le Covid-19, Novak Djokovic n\u2019a pas rec\u0327u l\u2019autorisation d\u2019entrer sur le territoire ame\u0301ricain et ...\" \/>\n<meta property=\"og:url\" content=\"https:\/\/www.africa-press.net\/togo\/sports\/indian-wells-non-vaccine-contre-la-covid-19-djokovic-doit-declarer-forfait-pour-le-masters-1000\" \/>\n<meta property=\"og:site_name\" content=\"Togo\" \/>\n<meta property=\"article:published_time\" content=\"2023-03-07T19:29:49+00:00\" \/>\n<meta property=\"article:modified_time\" content=\"2023-03-07T20:00:53+00:00\" \/>\n<meta property=\"og:image\" content=\"https:\/\/static.africa-press.net\/togo\/sites\/58\/2023\/03\/postQueueImg_1678204797.05.jpg\" \/>\n\t<meta property=\"og:image:width\" content=\"720\" \/>\n\t<meta property=\"og:image:height\" content=\"449\" \/>\n\t<meta property=\"og:image:type\" content=\"image\/jpeg\" \/>\n<meta name=\"author\" content=\"cfeditorfr\" \/>\n<meta name=\"twitter:card\" content=\"summary_large_image\" \/>\n<meta name=\"twitter:label1\" content=\"\u00c9crit par\" \/>\n\t<meta name=\"twitter:data1\" content=\"cfeditorfr\" \/>\n\t<meta name=\"twitter:label2\" content=\"Dur\u00e9e de lecture estim\u00e9e\" \/>\n\t<meta name=\"twitter:data2\" content=\"4 minutes\" \/>\n<script type=\"application\/ld+json\" class=\"yoast-schema-graph\">{\"@context\":\"https:\/\/schema.org\",\"@graph\":[{\"@type\":\"Article\",\"@id\":\"https:\/\/www.africa-press.net\/togo\/sports\/indian-wells-non-vaccine-contre-la-covid-19-djokovic-doit-declarer-forfait-pour-le-masters-1000#article\",\"isPartOf\":{\"@id\":\"https:\/\/www.africa-press.net\/togo\/sports\/indian-wells-non-vaccine-contre-la-covid-19-djokovic-doit-declarer-forfait-pour-le-masters-1000\"},\"author\":{\"name\":\"cfeditorfr\",\"@id\":\"https:\/\/www.africa-press.net\/togo\/#\/schema\/person\/2b1cf3cd81a31e3cd26889ca66d677f1\"},\"headline\":\"Indian Wells : non-vaccin\u00e9 contre la Covid-19, Djokovic doit d\u00e9clarer forfait pour le Masters 1000\",\"datePublished\":\"2023-03-07T19:29:49+00:00\",\"dateModified\":\"2023-03-07T20:00:53+00:00\",\"mainEntityOfPage\":{\"@id\":\"https:\/\/www.africa-press.net\/togo\/sports\/indian-wells-non-vaccine-contre-la-covid-19-djokovic-doit-declarer-forfait-pour-le-masters-1000\"},\"wordCount\":799,\"commentCount\":0,\"image\":{\"@id\":\"https:\/\/www.africa-press.net\/togo\/sports\/indian-wells-non-vaccine-contre-la-covid-19-djokovic-doit-declarer-forfait-pour-le-masters-1000#primaryimage\"},\"thumbnailUrl\":\"https:\/\/static.africa-press.net\/togo\/sites\/58\/2023\/03\/postQueueImg_1678204797.05.jpg\",\"keywords\":[\"Africa Press\",\"Africa Press-Togo\",\"Togo\"],\"articleSection\":[\"Sports\",\"Toutes les actualit\u00e9s\"],\"inLanguage\":\"fr-FR\",\"potentialAction\":[{\"@type\":\"CommentAction\",\"name\":\"Comment\",\"target\":[\"https:\/\/www.africa-press.net\/togo\/sports\/indian-wells-non-vaccine-contre-la-covid-19-djokovic-doit-declarer-forfait-pour-le-masters-1000#respond\"]}]},{\"@type\":\"WebPage\",\"@id\":\"https:\/\/www.africa-press.net\/togo\/sports\/indian-wells-non-vaccine-contre-la-covid-19-djokovic-doit-declarer-forfait-pour-le-masters-1000\",\"url\":\"https:\/\/www.africa-press.net\/togo\/sports\/indian-wells-non-vaccine-contre-la-covid-19-djokovic-doit-declarer-forfait-pour-le-masters-1000\",\"name\":\"Indian Wells : non-vaccin\u00e9 contre la Covid-19, Djokovic doit d\u00e9clarer forfait pour le Masters 1000 - Togo\",\"isPartOf\":{\"@id\":\"https:\/\/www.africa-press.net\/togo\/#website\"},\"primaryImageOfPage\":{\"@id\":\"https:\/\/www.africa-press.net\/togo\/sports\/indian-wells-non-vaccine-contre-la-covid-19-djokovic-doit-declarer-forfait-pour-le-masters-1000#primaryimage\"},\"image\":{\"@id\":\"https:\/\/www.africa-press.net\/togo\/sports\/indian-wells-non-vaccine-contre-la-covid-19-djokovic-doit-declarer-forfait-pour-le-masters-1000#primaryimage\"},\"thumbnailUrl\":\"https:\/\/static.africa-press.net\/togo\/sites\/58\/2023\/03\/postQueueImg_1678204797.05.jpg\",\"datePublished\":\"2023-03-07T19:29:49+00:00\",\"dateModified\":\"2023-03-07T20:00:53+00:00\",\"author\":{\"@id\":\"https:\/\/www.africa-press.net\/togo\/#\/schema\/person\/2b1cf3cd81a31e3cd26889ca66d677f1\"},\"description\":\"Non vaccine\u0301 contre le Covid-19, Novak Djokovic n\u2019a pas rec\u0327u l\u2019autorisation d\u2019entrer sur le territoire ame\u0301ricain et ...\",\"breadcrumb\":{\"@id\":\"https:\/\/www.africa-press.net\/togo\/sports\/indian-wells-non-vaccine-contre-la-covid-19-djokovic-doit-declarer-forfait-pour-le-masters-1000#breadcrumb\"},\"inLanguage\":\"fr-FR\",\"potentialAction\":[{\"@type\":\"ReadAction\",\"target\":[\"https:\/\/www.africa-press.net\/togo\/sports\/indian-wells-non-vaccine-contre-la-covid-19-djokovic-doit-declarer-forfait-pour-le-masters-1000\"]}]},{\"@type\":\"ImageObject\",\"inLanguage\":\"fr-FR\",\"@id\":\"https:\/\/www.africa-press.net\/togo\/sports\/indian-wells-non-vaccine-contre-la-covid-19-djokovic-doit-declarer-forfait-pour-le-masters-1000#primaryimage\",\"url\":\"https:\/\/static.africa-press.net\/togo\/sites\/58\/2023\/03\/postQueueImg_1678204797.05.jpg\",\"contentUrl\":\"https:\/\/static.africa-press.net\/togo\/sites\/58\/2023\/03\/postQueueImg_1678204797.05.jpg\",\"width\":720,\"height\":449,\"caption\":\"Indian Wells : non-vaccin\u00e9 contre la Covid-19, Djokovic doit d\u00e9clarer forfait pour le Masters 1000\"},{\"@type\":\"BreadcrumbList\",\"@id\":\"https:\/\/www.africa-press.net\/togo\/sports\/indian-wells-non-vaccine-contre-la-covid-19-djokovic-doit-declarer-forfait-pour-le-masters-1000#breadcrumb\",\"itemListElement\":[{\"@type\":\"ListItem\",\"position\":1,\"name\":\"Accueil\",\"item\":\"https:\/\/www.africa-press.net\/togo\/\"},{\"@type\":\"ListItem\",\"position\":2,\"name\":\"Indian Wells : non-vaccin\u00e9 contre la Covid-19, Djokovic doit d\u00e9clarer forfait pour le Masters 1000\"}]},{\"@type\":\"WebSite\",\"@id\":\"https:\/\/www.africa-press.net\/togo\/#website\",\"url\":\"https:\/\/www.africa-press.net\/togo\/\",\"name\":\"Togo\",\"description\":\"Just another Africa News Agency Sites site\",\"potentialAction\":[{\"@type\":\"SearchAction\",\"target\":{\"@type\":\"EntryPoint\",\"urlTemplate\":\"https:\/\/www.africa-press.net\/togo\/?s={search_term_string}\"},\"query-input\":{\"@type\":\"PropertyValueSpecification\",\"valueRequired\":true,\"valueName\":\"search_term_string\"}}],\"inLanguage\":\"fr-FR\"},{\"@type\":\"Person\",\"@id\":\"https:\/\/www.africa-press.net\/togo\/#\/schema\/person\/2b1cf3cd81a31e3cd26889ca66d677f1\",\"name\":\"cfeditorfr\"}]}<\/script>\n<!-- \/ Yoast SEO Premium plugin. -->","yoast_head_json":{"title":"Indian Wells : non-vaccin\u00e9 contre la Covid-19, Djokovic doit d\u00e9clarer forfait pour le Masters 1000 - Togo","description":"Non vaccine\u0301 contre le Covid-19, Novak Djokovic n\u2019a pas rec\u0327u l\u2019autorisation d\u2019entrer sur le territoire ame\u0301ricain et ...","robots":{"index":"index","follow":"follow","max-snippet":"max-snippet:-1","max-image-preview":"max-image-preview:large","max-video-preview":"max-video-preview:-1"},"canonical":"https:\/\/www.africa-press.net\/togo\/sports\/indian-wells-non-vaccine-contre-la-covid-19-djokovic-doit-declarer-forfait-pour-le-masters-1000","og_locale":"fr_FR","og_type":"article","og_title":"Indian Wells : non-vaccin\u00e9 contre la Covid-19, Djokovic doit d\u00e9clarer forfait pour le Masters 1000","og_description":"Non vaccine\u0301 contre le Covid-19, Novak Djokovic n\u2019a pas rec\u0327u l\u2019autorisation d\u2019entrer sur le territoire ame\u0301ricain et ...","og_url":"https:\/\/www.africa-press.net\/togo\/sports\/indian-wells-non-vaccine-contre-la-covid-19-djokovic-doit-declarer-forfait-pour-le-masters-1000","og_site_name":"Togo","article_published_time":"2023-03-07T19:29:49+00:00","article_modified_time":"2023-03-07T20:00:53+00:00","og_image":[{"width":720,"height":449,"url":"https:\/\/static.africa-press.net\/togo\/sites\/58\/2023\/03\/postQueueImg_1678204797.05.jpg","type":"image\/jpeg"}],"author":"cfeditorfr","twitter_card":"summary_large_image","twitter_misc":{"\u00c9crit par":"cfeditorfr","Dur\u00e9e de lecture estim\u00e9e":"4 minutes"},"schema":{"@context":"https:\/\/schema.org","@graph":[{"@type":"Article","@id":"https:\/\/www.africa-press.net\/togo\/sports\/indian-wells-non-vaccine-contre-la-covid-19-djokovic-doit-declarer-forfait-pour-le-masters-1000#article","isPartOf":{"@id":"https:\/\/www.africa-press.net\/togo\/sports\/indian-wells-non-vaccine-contre-la-covid-19-djokovic-doit-declarer-forfait-pour-le-masters-1000"},"author":{"name":"cfeditorfr","@id":"https:\/\/www.africa-press.net\/togo\/#\/schema\/person\/2b1cf3cd81a31e3cd26889ca66d677f1"},"headline":"Indian Wells : non-vaccin\u00e9 contre la Covid-19, Djokovic doit d\u00e9clarer forfait pour le Masters 1000","datePublished":"2023-03-07T19:29:49+00:00","dateModified":"2023-03-07T20:00:53+00:00","mainEntityOfPage":{"@id":"https:\/\/www.africa-press.net\/togo\/sports\/indian-wells-non-vaccine-contre-la-covid-19-djokovic-doit-declarer-forfait-pour-le-masters-1000"},"wordCount":799,"commentCount":0,"image":{"@id":"https:\/\/www.africa-press.net\/togo\/sports\/indian-wells-non-vaccine-contre-la-covid-19-djokovic-doit-declarer-forfait-pour-le-masters-1000#primaryimage"},"thumbnailUrl":"https:\/\/static.africa-press.net\/togo\/sites\/58\/2023\/03\/postQueueImg_1678204797.05.jpg","keywords":["Africa Press","Africa Press-Togo","Togo"],"articleSection":["Sports","Toutes les actualit\u00e9s"],"inLanguage":"fr-FR","potentialAction":[{"@type":"CommentAction","name":"Comment","target":["https:\/\/www.africa-press.net\/togo\/sports\/indian-wells-non-vaccine-contre-la-covid-19-djokovic-doit-declarer-forfait-pour-le-masters-1000#respond"]}]},{"@type":"WebPage","@id":"https:\/\/www.africa-press.net\/togo\/sports\/indian-wells-non-vaccine-contre-la-covid-19-djokovic-doit-declarer-forfait-pour-le-masters-1000","url":"https:\/\/www.africa-press.net\/togo\/sports\/indian-wells-non-vaccine-contre-la-covid-19-djokovic-doit-declarer-forfait-pour-le-masters-1000","name":"Indian Wells : non-vaccin\u00e9 contre la Covid-19, Djokovic doit d\u00e9clarer forfait pour le Masters 1000 - Togo","isPartOf":{"@id":"https:\/\/www.africa-press.net\/togo\/#website"},"primaryImageOfPage":{"@id":"https:\/\/www.africa-press.net\/togo\/sports\/indian-wells-non-vaccine-contre-la-covid-19-djokovic-doit-declarer-forfait-pour-le-masters-1000#primaryimage"},"image":{"@id":"https:\/\/www.africa-press.net\/togo\/sports\/indian-wells-non-vaccine-contre-la-covid-19-djokovic-doit-declarer-forfait-pour-le-masters-1000#primaryimage"},"thumbnailUrl":"https:\/\/static.africa-press.net\/togo\/sites\/58\/2023\/03\/postQueueImg_1678204797.05.jpg","datePublished":"2023-03-07T19:29:49+00:00","dateModified":"2023-03-07T20:00:53+00:00","author":{"@id":"https:\/\/www.africa-press.net\/togo\/#\/schema\/person\/2b1cf3cd81a31e3cd26889ca66d677f1"},"description":"Non vaccine\u0301 contre le Covid-19, Novak Djokovic n\u2019a pas rec\u0327u l\u2019autorisation d\u2019entrer sur le territoire ame\u0301ricain et ...","breadcrumb":{"@id":"https:\/\/www.africa-press.net\/togo\/sports\/indian-wells-non-vaccine-contre-la-covid-19-djokovic-doit-declarer-forfait-pour-le-masters-1000#breadcrumb"},"inLanguage":"fr-FR","potentialAction":[{"@type":"ReadAction","target":["https:\/\/www.africa-press.net\/togo\/sports\/indian-wells-non-vaccine-contre-la-covid-19-djokovic-doit-declarer-forfait-pour-le-masters-1000"]}]},{"@type":"ImageObject","inLanguage":"fr-FR","@id":"https:\/\/www.africa-press.net\/togo\/sports\/indian-wells-non-vaccine-contre-la-covid-19-djokovic-doit-declarer-forfait-pour-le-masters-1000#primaryimage","url":"https:\/\/static.africa-press.net\/togo\/sites\/58\/2023\/03\/postQueueImg_1678204797.05.jpg","contentUrl":"https:\/\/static.africa-press.net\/togo\/sites\/58\/2023\/03\/postQueueImg_1678204797.05.jpg","width":720,"height":449,"caption":"Indian Wells : non-vaccin\u00e9 contre la Covid-19, Djokovic doit d\u00e9clarer forfait pour le Masters 1000"},{"@type":"BreadcrumbList","@id":"https:\/\/www.africa-press.net\/togo\/sports\/indian-wells-non-vaccine-contre-la-covid-19-djokovic-doit-declarer-forfait-pour-le-masters-1000#breadcrumb","itemListElement":[{"@type":"ListItem","position":1,"name":"Accueil","item":"https:\/\/www.africa-press.net\/togo\/"},{"@type":"ListItem","position":2,"name":"Indian Wells : non-vaccin\u00e9 contre la Covid-19, Djokovic doit d\u00e9clarer forfait pour le Masters 1000"}]},{"@type":"WebSite","@id":"https:\/\/www.africa-press.net\/togo\/#website","url":"https:\/\/www.africa-press.net\/togo\/","name":"Togo","description":"Just another Africa News Agency Sites site","potentialAction":[{"@type":"SearchAction","target":{"@type":"EntryPoint","urlTemplate":"https:\/\/www.africa-press.net\/togo\/?s={search_term_string}"},"query-input":{"@type":"PropertyValueSpecification","valueRequired":true,"valueName":"search_term_string"}}],"inLanguage":"fr-FR"},{"@type":"Person","@id":"https:\/\/www.africa-press.net\/togo\/#\/schema\/person\/2b1cf3cd81a31e3cd26889ca66d677f1","name":"cfeditorfr"}]}},"_links":{"self":[{"href":"https:\/\/www.africa-press.net\/togo\/wp-json\/wp\/v2\/posts\/18229","targetHints":{"allow":["GET"]}}],"collection":[{"href":"https:\/\/www.africa-press.net\/togo\/wp-json\/wp\/v2\/posts"}],"about":[{"href":"https:\/\/www.africa-press.net\/togo\/wp-json\/wp\/v2\/types\/post"}],"author":[{"embeddable":true,"href":"https:\/\/www.africa-press.net\/togo\/wp-json\/wp\/v2\/users\/82"}],"replies":[{"embeddable":true,"href":"https:\/\/www.africa-press.net\/togo\/wp-json\/wp\/v2\/comments?post=18229"}],"version-history":[{"count":0,"href":"https:\/\/www.africa-press.net\/togo\/wp-json\/wp\/v2\/posts\/18229\/revisions"}],"wp:featuredmedia":[{"embeddable":true,"href":"https:\/\/www.africa-press.net\/togo\/wp-json\/wp\/v2\/media\/18228"}],"wp:attachment":[{"href":"https:\/\/www.africa-press.net\/togo\/wp-json\/wp\/v2\/media?parent=18229"}],"wp:term":[{"taxonomy":"category","embeddable":true,"href":"https:\/\/www.africa-press.net\/togo\/wp-json\/wp\/v2\/categories?post=18229"},{"taxonomy":"post_tag","embeddable":true,"href":"https:\/\/www.africa-press.net\/togo\/wp-json\/wp\/v2\/tags?post=18229"}],"curies":[{"name":"wp","href":"https:\/\/api.w.org\/{rel}","templated":true}]}}