{"id":18234,"date":"2023-03-07T19:39:21","date_gmt":"2023-03-07T19:39:21","guid":{"rendered":"https:\/\/www.africa-press.net\/togo\/politique\/can-2023-togo-vs-burkina-faso-les-etalons-devoilent-leur-liste"},"modified":"2023-03-07T20:16:15","modified_gmt":"2023-03-07T20:16:15","slug":"can-2023-togo-vs-burkina-faso-les-etalons-devoilent-leur-liste","status":"publish","type":"post","link":"https:\/\/www.africa-press.net\/togo\/sports\/can-2023-togo-vs-burkina-faso-les-etalons-devoilent-leur-liste","title":{"rendered":"CAN 2023-Togo vs Burkina-Faso : les \u00c9talons d\u00e9voilent leur liste"},"content":{"rendered":"<p><span style=\"color: #ff6600\"><strong>Africa-Press &#8211; Togo. <\/strong><\/span><b>Dans le cadre des e\u0301liminatoires de la Coupe d\u2019Afrique des Nations CAN 2023, le se\u0301lectionneur des Etalons du Burkina Faso, Hubert Velud, a de\u0301voile\u0301, ce lundi 6 mars 2023, la liste de 24 joueurs retenus pour la double confrontation contre le Togo, les 24 et 28 mars prochains.<\/b><\/p>\n<p>Des joueurs tels que Franck Lassina Traore\u0301, Adama Guira et Abdoul Guiebre\u0301 ont effectue\u0301 leur retour dans le groupe pour la 3e et 4e journe\u0301e qui va de\u0301marrer ce mois-ci.<\/p>\n<p>Le Burkina Faso n\u2019ayant pas un Stade homologue\u0301 par la CAF, le match aller pre\u0301vu le 24 mars, aura lieu a\u0300 Marrakech au Maroc et le retour le 28 mars a\u0300 Lome\u0301 au Togo.<\/p>\n<p>Apre\u0300s les deux journe\u0301es dispute\u0301es, le Burkina Faso est en te\u0302te du groupe B des e\u0301liminatoires avec 6 pts devant le Cap-Vert (3 pts), l\u2019Eswatini (1 pt) et le Togo (1 pt).<\/p>\n<p><b>LISTE DES E\u0301TALONS SE\u0301LECTIONNE\u0301S<\/b><\/p>\n<p>GARDIENS<\/p>\n<p>1. Herve\u0301 KOFFI<\/p>\n<p>2. Kilian NIKIEMA<\/p>\n<p>3. Hillel KONATE\u0301<\/p>\n<p>DE\u0301FENSEURS<\/p>\n<p>4. Issa KABORE\u0301<\/p>\n<p>5. Steeve YAGO<\/p>\n<p>6. Issoufou DAYO<\/p>\n<p>7. Edmond TAPSOBA<\/p>\n<p>8. Adamo NAGALO<\/p>\n<p>9. Abdoul GUIEBRE\u0301<\/p>\n<p>10. Nassim INNOCENTI<\/p>\n<p>11. Valentin NOUMA<\/p>\n<p>MILIEUX<\/p>\n<p>12. Adama GUIRA<\/p>\n<p>13. Trova BONI<\/p>\n<p>14. Blati TOURE\u0301<\/p>\n<p>15. Gustavo SANGARE\u0301<\/p>\n<p>16. Ce\u0301dric BADOLO<\/p>\n<p>17. Ste\u0301phane KY<\/p>\n<p>18. Dramane KAMBOU<\/p>\n<p>ATTAQUANTS<\/p>\n<p>19. Bertrand TRAORE<\/p>\n<p>20. Lassina TRAORE<\/p>\n<p>21. Dango OUATTARA<\/p>\n<p>22. Mamady BANGRE\u0301<\/p>\n<p>23. Abdoul TAPSOBA<\/p>\n<p>24. Cyrille BAYALA<\/p>\n<p>Rappelons que la CAN Co\u0302te d\u2019Ivoire initialement pre\u0301vue du 23 juin au 23 juillet 2023 a e\u0301te\u0301 reporte\u0301e a\u0300 janvier-fe\u0301vrier 2024.<\/p>\n<p><strong>Pour plus d&rsquo;informations et d&rsquo;analyses sur la <a href=\"https:\/\/www.africa-press.net\/togo\">Togo<\/a>, suivez <a href=\"https:\/\/www.africa-press.net\/\">Africa-Press<\/a><\/strong><\/p>\n","protected":false},"excerpt":{"rendered":"<p>Africa-Press &#8211; Togo. Dans le cadre des e\u0301liminatoires de la Coupe d\u2019Afrique des Nations CAN 2023, le se\u0301lectionneur des Etalons du Burkina Faso, Hubert Velud, a de\u0301voile\u0301, ce lundi 6 mars 2023, la liste de 24 joueurs retenus pour la double confrontation contre le Togo, les 24 et 28 mars prochains. Des joueurs tels que [&hellip;]<\/p>\n","protected":false},"author":82,"featured_media":18233,"comment_status":"open","ping_status":"closed","sticky":false,"template":"","format":"standard","meta":{"footnotes":""},"categories":[6,10],"tags":[36,49,50],"class_list":["post-18234","post","type-post","status-publish","format-standard","has-post-thumbnail","hentry","category-sports","category-toutes-les-actualites","tag-africa-press","tag-africa-press-togo","tag-togo"],"yoast_head":"<!-- This site is optimized with the Yoast SEO Premium plugin v26.1 (Yoast SEO v27.0) - https:\/\/yoast.com\/product\/yoast-seo-premium-wordpress\/ -->\n<title>CAN 2023-Togo vs Burkina-Faso : les \u00c9talons d\u00e9voilent leur liste - Togo<\/title>\n<meta name=\"description\" content=\"Dans le cadre des e\u0301liminatoires de la Coupe d\u2019Afrique des Nations CAN 2023, le se\u0301lectionneur des Etalons du Burkina ...\" \/>\n<meta name=\"robots\" content=\"index, follow, max-snippet:-1, max-image-preview:large, max-video-preview:-1\" \/>\n<link rel=\"canonical\" href=\"https:\/\/www.africa-press.net\/togo\/sports\/can-2023-togo-vs-burkina-faso-les-etalons-devoilent-leur-liste\" \/>\n<meta property=\"og:locale\" content=\"fr_FR\" \/>\n<meta property=\"og:type\" content=\"article\" \/>\n<meta property=\"og:title\" content=\"CAN 2023-Togo vs Burkina-Faso : les \u00c9talons d\u00e9voilent leur liste\" \/>\n<meta property=\"og:description\" content=\"Dans le cadre des e\u0301liminatoires de la Coupe d\u2019Afrique des Nations CAN 2023, le se\u0301lectionneur des Etalons du Burkina ...\" \/>\n<meta property=\"og:url\" content=\"https:\/\/www.africa-press.net\/togo\/sports\/can-2023-togo-vs-burkina-faso-les-etalons-devoilent-leur-liste\" \/>\n<meta property=\"og:site_name\" content=\"Togo\" \/>\n<meta property=\"article:published_time\" content=\"2023-03-07T19:39:21+00:00\" \/>\n<meta property=\"article:modified_time\" content=\"2023-03-07T20:16:15+00:00\" \/>\n<meta property=\"og:image\" content=\"https:\/\/static.africa-press.net\/togo\/sites\/58\/2023\/03\/postQueueImg_1678205364.61.jpg\" \/>\n\t<meta property=\"og:image:width\" content=\"750\" \/>\n\t<meta property=\"og:image:height\" content=\"570\" \/>\n\t<meta property=\"og:image:type\" content=\"image\/jpeg\" \/>\n<meta name=\"author\" content=\"cfeditorfr\" \/>\n<meta name=\"twitter:card\" content=\"summary_large_image\" \/>\n<meta name=\"twitter:label1\" content=\"\u00c9crit par\" \/>\n\t<meta name=\"twitter:data1\" content=\"cfeditorfr\" \/>\n\t<meta name=\"twitter:label2\" content=\"Dur\u00e9e de lecture estim\u00e9e\" \/>\n\t<meta name=\"twitter:data2\" content=\"2 minutes\" \/>\n<script type=\"application\/ld+json\" class=\"yoast-schema-graph\">{\"@context\":\"https:\/\/schema.org\",\"@graph\":[{\"@type\":\"Article\",\"@id\":\"https:\/\/www.africa-press.net\/togo\/sports\/can-2023-togo-vs-burkina-faso-les-etalons-devoilent-leur-liste#article\",\"isPartOf\":{\"@id\":\"https:\/\/www.africa-press.net\/togo\/sports\/can-2023-togo-vs-burkina-faso-les-etalons-devoilent-leur-liste\"},\"author\":{\"name\":\"cfeditorfr\",\"@id\":\"https:\/\/www.africa-press.net\/togo\/#\/schema\/person\/2b1cf3cd81a31e3cd26889ca66d677f1\"},\"headline\":\"CAN 2023-Togo vs Burkina-Faso : les \u00c9talons d\u00e9voilent leur liste\",\"datePublished\":\"2023-03-07T19:39:21+00:00\",\"dateModified\":\"2023-03-07T20:16:15+00:00\",\"mainEntityOfPage\":{\"@id\":\"https:\/\/www.africa-press.net\/togo\/sports\/can-2023-togo-vs-burkina-faso-les-etalons-devoilent-leur-liste\"},\"wordCount\":256,\"commentCount\":0,\"image\":{\"@id\":\"https:\/\/www.africa-press.net\/togo\/sports\/can-2023-togo-vs-burkina-faso-les-etalons-devoilent-leur-liste#primaryimage\"},\"thumbnailUrl\":\"https:\/\/static.africa-press.net\/togo\/sites\/58\/2023\/03\/postQueueImg_1678205364.61.jpg\",\"keywords\":[\"Africa Press\",\"Africa Press-Togo\",\"Togo\"],\"articleSection\":[\"Sports\",\"Toutes les actualit\u00e9s\"],\"inLanguage\":\"fr-FR\",\"potentialAction\":[{\"@type\":\"CommentAction\",\"name\":\"Comment\",\"target\":[\"https:\/\/www.africa-press.net\/togo\/sports\/can-2023-togo-vs-burkina-faso-les-etalons-devoilent-leur-liste#respond\"]}]},{\"@type\":\"WebPage\",\"@id\":\"https:\/\/www.africa-press.net\/togo\/sports\/can-2023-togo-vs-burkina-faso-les-etalons-devoilent-leur-liste\",\"url\":\"https:\/\/www.africa-press.net\/togo\/sports\/can-2023-togo-vs-burkina-faso-les-etalons-devoilent-leur-liste\",\"name\":\"CAN 2023-Togo vs Burkina-Faso : les \u00c9talons d\u00e9voilent leur liste - Togo\",\"isPartOf\":{\"@id\":\"https:\/\/www.africa-press.net\/togo\/#website\"},\"primaryImageOfPage\":{\"@id\":\"https:\/\/www.africa-press.net\/togo\/sports\/can-2023-togo-vs-burkina-faso-les-etalons-devoilent-leur-liste#primaryimage\"},\"image\":{\"@id\":\"https:\/\/www.africa-press.net\/togo\/sports\/can-2023-togo-vs-burkina-faso-les-etalons-devoilent-leur-liste#primaryimage\"},\"thumbnailUrl\":\"https:\/\/static.africa-press.net\/togo\/sites\/58\/2023\/03\/postQueueImg_1678205364.61.jpg\",\"datePublished\":\"2023-03-07T19:39:21+00:00\",\"dateModified\":\"2023-03-07T20:16:15+00:00\",\"author\":{\"@id\":\"https:\/\/www.africa-press.net\/togo\/#\/schema\/person\/2b1cf3cd81a31e3cd26889ca66d677f1\"},\"description\":\"Dans le cadre des e\u0301liminatoires de la Coupe d\u2019Afrique des Nations CAN 2023, le se\u0301lectionneur des Etalons du Burkina ...\",\"breadcrumb\":{\"@id\":\"https:\/\/www.africa-press.net\/togo\/sports\/can-2023-togo-vs-burkina-faso-les-etalons-devoilent-leur-liste#breadcrumb\"},\"inLanguage\":\"fr-FR\",\"potentialAction\":[{\"@type\":\"ReadAction\",\"target\":[\"https:\/\/www.africa-press.net\/togo\/sports\/can-2023-togo-vs-burkina-faso-les-etalons-devoilent-leur-liste\"]}]},{\"@type\":\"ImageObject\",\"inLanguage\":\"fr-FR\",\"@id\":\"https:\/\/www.africa-press.net\/togo\/sports\/can-2023-togo-vs-burkina-faso-les-etalons-devoilent-leur-liste#primaryimage\",\"url\":\"https:\/\/static.africa-press.net\/togo\/sites\/58\/2023\/03\/postQueueImg_1678205364.61.jpg\",\"contentUrl\":\"https:\/\/static.africa-press.net\/togo\/sites\/58\/2023\/03\/postQueueImg_1678205364.61.jpg\",\"width\":750,\"height\":570,\"caption\":\"CAN 2023-Togo vs Burkina-Faso : les \u00c9talons d\u00e9voilent leur liste\"},{\"@type\":\"BreadcrumbList\",\"@id\":\"https:\/\/www.africa-press.net\/togo\/sports\/can-2023-togo-vs-burkina-faso-les-etalons-devoilent-leur-liste#breadcrumb\",\"itemListElement\":[{\"@type\":\"ListItem\",\"position\":1,\"name\":\"Accueil\",\"item\":\"https:\/\/www.africa-press.net\/togo\/\"},{\"@type\":\"ListItem\",\"position\":2,\"name\":\"CAN 2023-Togo vs Burkina-Faso : les \u00c9talons d\u00e9voilent leur liste\"}]},{\"@type\":\"WebSite\",\"@id\":\"https:\/\/www.africa-press.net\/togo\/#website\",\"url\":\"https:\/\/www.africa-press.net\/togo\/\",\"name\":\"Togo\",\"description\":\"Just another Africa News Agency Sites site\",\"potentialAction\":[{\"@type\":\"SearchAction\",\"target\":{\"@type\":\"EntryPoint\",\"urlTemplate\":\"https:\/\/www.africa-press.net\/togo\/?s={search_term_string}\"},\"query-input\":{\"@type\":\"PropertyValueSpecification\",\"valueRequired\":true,\"valueName\":\"search_term_string\"}}],\"inLanguage\":\"fr-FR\"},{\"@type\":\"Person\",\"@id\":\"https:\/\/www.africa-press.net\/togo\/#\/schema\/person\/2b1cf3cd81a31e3cd26889ca66d677f1\",\"name\":\"cfeditorfr\"}]}<\/script>\n<!-- \/ Yoast SEO Premium plugin. -->","yoast_head_json":{"title":"CAN 2023-Togo vs Burkina-Faso : les \u00c9talons d\u00e9voilent leur liste - Togo","description":"Dans le cadre des e\u0301liminatoires de la Coupe d\u2019Afrique des Nations CAN 2023, le se\u0301lectionneur des Etalons du Burkina ...","robots":{"index":"index","follow":"follow","max-snippet":"max-snippet:-1","max-image-preview":"max-image-preview:large","max-video-preview":"max-video-preview:-1"},"canonical":"https:\/\/www.africa-press.net\/togo\/sports\/can-2023-togo-vs-burkina-faso-les-etalons-devoilent-leur-liste","og_locale":"fr_FR","og_type":"article","og_title":"CAN 2023-Togo vs Burkina-Faso : les \u00c9talons d\u00e9voilent leur liste","og_description":"Dans le cadre des e\u0301liminatoires de la Coupe d\u2019Afrique des Nations CAN 2023, le se\u0301lectionneur des Etalons du Burkina ...","og_url":"https:\/\/www.africa-press.net\/togo\/sports\/can-2023-togo-vs-burkina-faso-les-etalons-devoilent-leur-liste","og_site_name":"Togo","article_published_time":"2023-03-07T19:39:21+00:00","article_modified_time":"2023-03-07T20:16:15+00:00","og_image":[{"width":750,"height":570,"url":"https:\/\/static.africa-press.net\/togo\/sites\/58\/2023\/03\/postQueueImg_1678205364.61.jpg","type":"image\/jpeg"}],"author":"cfeditorfr","twitter_card":"summary_large_image","twitter_misc":{"\u00c9crit par":"cfeditorfr","Dur\u00e9e de lecture estim\u00e9e":"2 minutes"},"schema":{"@context":"https:\/\/schema.org","@graph":[{"@type":"Article","@id":"https:\/\/www.africa-press.net\/togo\/sports\/can-2023-togo-vs-burkina-faso-les-etalons-devoilent-leur-liste#article","isPartOf":{"@id":"https:\/\/www.africa-press.net\/togo\/sports\/can-2023-togo-vs-burkina-faso-les-etalons-devoilent-leur-liste"},"author":{"name":"cfeditorfr","@id":"https:\/\/www.africa-press.net\/togo\/#\/schema\/person\/2b1cf3cd81a31e3cd26889ca66d677f1"},"headline":"CAN 2023-Togo vs Burkina-Faso : les \u00c9talons d\u00e9voilent leur liste","datePublished":"2023-03-07T19:39:21+00:00","dateModified":"2023-03-07T20:16:15+00:00","mainEntityOfPage":{"@id":"https:\/\/www.africa-press.net\/togo\/sports\/can-2023-togo-vs-burkina-faso-les-etalons-devoilent-leur-liste"},"wordCount":256,"commentCount":0,"image":{"@id":"https:\/\/www.africa-press.net\/togo\/sports\/can-2023-togo-vs-burkina-faso-les-etalons-devoilent-leur-liste#primaryimage"},"thumbnailUrl":"https:\/\/static.africa-press.net\/togo\/sites\/58\/2023\/03\/postQueueImg_1678205364.61.jpg","keywords":["Africa Press","Africa Press-Togo","Togo"],"articleSection":["Sports","Toutes les actualit\u00e9s"],"inLanguage":"fr-FR","potentialAction":[{"@type":"CommentAction","name":"Comment","target":["https:\/\/www.africa-press.net\/togo\/sports\/can-2023-togo-vs-burkina-faso-les-etalons-devoilent-leur-liste#respond"]}]},{"@type":"WebPage","@id":"https:\/\/www.africa-press.net\/togo\/sports\/can-2023-togo-vs-burkina-faso-les-etalons-devoilent-leur-liste","url":"https:\/\/www.africa-press.net\/togo\/sports\/can-2023-togo-vs-burkina-faso-les-etalons-devoilent-leur-liste","name":"CAN 2023-Togo vs Burkina-Faso : les \u00c9talons d\u00e9voilent leur liste - Togo","isPartOf":{"@id":"https:\/\/www.africa-press.net\/togo\/#website"},"primaryImageOfPage":{"@id":"https:\/\/www.africa-press.net\/togo\/sports\/can-2023-togo-vs-burkina-faso-les-etalons-devoilent-leur-liste#primaryimage"},"image":{"@id":"https:\/\/www.africa-press.net\/togo\/sports\/can-2023-togo-vs-burkina-faso-les-etalons-devoilent-leur-liste#primaryimage"},"thumbnailUrl":"https:\/\/static.africa-press.net\/togo\/sites\/58\/2023\/03\/postQueueImg_1678205364.61.jpg","datePublished":"2023-03-07T19:39:21+00:00","dateModified":"2023-03-07T20:16:15+00:00","author":{"@id":"https:\/\/www.africa-press.net\/togo\/#\/schema\/person\/2b1cf3cd81a31e3cd26889ca66d677f1"},"description":"Dans le cadre des e\u0301liminatoires de la Coupe d\u2019Afrique des Nations CAN 2023, le se\u0301lectionneur des Etalons du Burkina ...","breadcrumb":{"@id":"https:\/\/www.africa-press.net\/togo\/sports\/can-2023-togo-vs-burkina-faso-les-etalons-devoilent-leur-liste#breadcrumb"},"inLanguage":"fr-FR","potentialAction":[{"@type":"ReadAction","target":["https:\/\/www.africa-press.net\/togo\/sports\/can-2023-togo-vs-burkina-faso-les-etalons-devoilent-leur-liste"]}]},{"@type":"ImageObject","inLanguage":"fr-FR","@id":"https:\/\/www.africa-press.net\/togo\/sports\/can-2023-togo-vs-burkina-faso-les-etalons-devoilent-leur-liste#primaryimage","url":"https:\/\/static.africa-press.net\/togo\/sites\/58\/2023\/03\/postQueueImg_1678205364.61.jpg","contentUrl":"https:\/\/static.africa-press.net\/togo\/sites\/58\/2023\/03\/postQueueImg_1678205364.61.jpg","width":750,"height":570,"caption":"CAN 2023-Togo vs Burkina-Faso : les \u00c9talons d\u00e9voilent leur liste"},{"@type":"BreadcrumbList","@id":"https:\/\/www.africa-press.net\/togo\/sports\/can-2023-togo-vs-burkina-faso-les-etalons-devoilent-leur-liste#breadcrumb","itemListElement":[{"@type":"ListItem","position":1,"name":"Accueil","item":"https:\/\/www.africa-press.net\/togo\/"},{"@type":"ListItem","position":2,"name":"CAN 2023-Togo vs Burkina-Faso : les \u00c9talons d\u00e9voilent leur liste"}]},{"@type":"WebSite","@id":"https:\/\/www.africa-press.net\/togo\/#website","url":"https:\/\/www.africa-press.net\/togo\/","name":"Togo","description":"Just another Africa News Agency Sites site","potentialAction":[{"@type":"SearchAction","target":{"@type":"EntryPoint","urlTemplate":"https:\/\/www.africa-press.net\/togo\/?s={search_term_string}"},"query-input":{"@type":"PropertyValueSpecification","valueRequired":true,"valueName":"search_term_string"}}],"inLanguage":"fr-FR"},{"@type":"Person","@id":"https:\/\/www.africa-press.net\/togo\/#\/schema\/person\/2b1cf3cd81a31e3cd26889ca66d677f1","name":"cfeditorfr"}]}},"_links":{"self":[{"href":"https:\/\/www.africa-press.net\/togo\/wp-json\/wp\/v2\/posts\/18234","targetHints":{"allow":["GET"]}}],"collection":[{"href":"https:\/\/www.africa-press.net\/togo\/wp-json\/wp\/v2\/posts"}],"about":[{"href":"https:\/\/www.africa-press.net\/togo\/wp-json\/wp\/v2\/types\/post"}],"author":[{"embeddable":true,"href":"https:\/\/www.africa-press.net\/togo\/wp-json\/wp\/v2\/users\/82"}],"replies":[{"embeddable":true,"href":"https:\/\/www.africa-press.net\/togo\/wp-json\/wp\/v2\/comments?post=18234"}],"version-history":[{"count":0,"href":"https:\/\/www.africa-press.net\/togo\/wp-json\/wp\/v2\/posts\/18234\/revisions"}],"wp:featuredmedia":[{"embeddable":true,"href":"https:\/\/www.africa-press.net\/togo\/wp-json\/wp\/v2\/media\/18233"}],"wp:attachment":[{"href":"https:\/\/www.africa-press.net\/togo\/wp-json\/wp\/v2\/media?parent=18234"}],"wp:term":[{"taxonomy":"category","embeddable":true,"href":"https:\/\/www.africa-press.net\/togo\/wp-json\/wp\/v2\/categories?post=18234"},{"taxonomy":"post_tag","embeddable":true,"href":"https:\/\/www.africa-press.net\/togo\/wp-json\/wp\/v2\/tags?post=18234"}],"curies":[{"name":"wp","href":"https:\/\/api.w.org\/{rel}","templated":true}]}}