{"id":18236,"date":"2023-03-07T19:39:27","date_gmt":"2023-03-07T19:39:27","guid":{"rendered":"https:\/\/www.africa-press.net\/togo\/politique\/togo-trop-de-malades-mentaux-dans-la-ville-de-kpalime"},"modified":"2023-03-07T20:16:34","modified_gmt":"2023-03-07T20:16:34","slug":"togo-trop-de-malades-mentaux-dans-la-ville-de-kpalime","status":"publish","type":"post","link":"https:\/\/www.africa-press.net\/togo\/toutes-les-actualites\/togo-trop-de-malades-mentaux-dans-la-ville-de-kpalime","title":{"rendered":"Togo-Trop de malades mentaux dans la ville de Kpalim\u00e9"},"content":{"rendered":"<p><span style=\"color: #ff6600\"><strong>Africa-Press &#8211; Togo. <\/strong><\/span><b>Il y a trois types de personnes souffrant de de\u0301mence dans la ville de Kpalime\u0301. C\u2019est le constat de la mairie de la commune de Kloto 1.<\/b><\/p>\n<p>\u00ab Kpalime\u0301 est une ville touristique pleine de malades mentaux. La re\u0301cupe\u0301ration des malades mentaux va redonner a\u0300 la ville un caracte\u0300re attrayant pour attirer davantage des touristes. Il faut e\u0301viter que ces malades s\u2019attaquent aux biens et aux personnes \u00bb. C\u2019est le constat de Winny Yawo Dogbatse\u0300, le maire de Kloto 1.<\/p>\n<p>Une campagne a e\u0301te\u0301 lance\u0301e ce jeudi 2 mars 2023, consistant a\u0300 re\u0301cupe\u0301rer ces \u00ab fous \u00bb pour une prise en charge psycho-me\u0301dicale au Centre Saint Camille de Lellis.<\/p>\n<p>Selon la S\u0153ur Nathalie Nabarouna, responsable dudit e\u0301tablissement, \u00ab Les soins sont administre\u0301s gratuitement \u00bb, sollicitant en outre des appuis des \u00ab bonnes de volonte\u0301s \u00bb dans cette ope\u0301ration.<\/p>\n<p><strong>Pour plus d&rsquo;informations et d&rsquo;analyses sur la <a href=\"https:\/\/www.africa-press.net\/togo\">Togo<\/a>, suivez <a href=\"https:\/\/www.africa-press.net\/\">Africa-Press<\/a><\/strong><\/p>\n","protected":false},"excerpt":{"rendered":"<p>Africa-Press &#8211; Togo. Il y a trois types de personnes souffrant de de\u0301mence dans la ville de Kpalime\u0301. C\u2019est le constat de la mairie de la commune de Kloto 1. \u00ab Kpalime\u0301 est une ville touristique pleine de malades mentaux. La re\u0301cupe\u0301ration des malades mentaux va redonner a\u0300 la ville un caracte\u0300re attrayant pour attirer [&hellip;]<\/p>\n","protected":false},"author":82,"featured_media":18235,"comment_status":"open","ping_status":"closed","sticky":false,"template":"","format":"standard","meta":{"footnotes":""},"categories":[21,10],"tags":[36,49,50],"class_list":["post-18236","post","type-post","status-publish","format-standard","has-post-thumbnail","hentry","category-communaute","category-toutes-les-actualites","tag-africa-press","tag-africa-press-togo","tag-togo"],"yoast_head":"<!-- This site is optimized with the Yoast SEO Premium plugin v26.1 (Yoast SEO v27.0) - https:\/\/yoast.com\/product\/yoast-seo-premium-wordpress\/ -->\n<title>Togo-Trop de malades mentaux dans la ville de Kpalim\u00e9 - Togo<\/title>\n<meta name=\"description\" content=\"Il y a trois types de personnes souffrant de de\u0301mence dans la ville de Kpalime\u0301. C\u2019est le constat de la mairie de la ...\" \/>\n<meta name=\"robots\" content=\"index, follow, max-snippet:-1, max-image-preview:large, max-video-preview:-1\" \/>\n<link rel=\"canonical\" href=\"https:\/\/www.africa-press.net\/togo\/toutes-les-actualites\/togo-trop-de-malades-mentaux-dans-la-ville-de-kpalime\" \/>\n<meta property=\"og:locale\" content=\"fr_FR\" \/>\n<meta property=\"og:type\" content=\"article\" \/>\n<meta property=\"og:title\" content=\"Togo-Trop de malades mentaux dans la ville de Kpalim\u00e9\" \/>\n<meta property=\"og:description\" content=\"Il y a trois types de personnes souffrant de de\u0301mence dans la ville de Kpalime\u0301. C\u2019est le constat de la mairie de la ...\" \/>\n<meta property=\"og:url\" content=\"https:\/\/www.africa-press.net\/togo\/toutes-les-actualites\/togo-trop-de-malades-mentaux-dans-la-ville-de-kpalime\" \/>\n<meta property=\"og:site_name\" content=\"Togo\" \/>\n<meta property=\"article:published_time\" content=\"2023-03-07T19:39:27+00:00\" \/>\n<meta property=\"article:modified_time\" content=\"2023-03-07T20:16:34+00:00\" \/>\n<meta property=\"og:image\" content=\"https:\/\/static.africa-press.net\/togo\/sites\/58\/2023\/03\/postQueueImg_1678205370.81.jpg\" \/>\n\t<meta property=\"og:image:width\" content=\"1280\" \/>\n\t<meta property=\"og:image:height\" content=\"800\" \/>\n\t<meta property=\"og:image:type\" content=\"image\/jpeg\" \/>\n<meta name=\"author\" content=\"cfeditorfr\" \/>\n<meta name=\"twitter:card\" content=\"summary_large_image\" \/>\n<meta name=\"twitter:label1\" content=\"\u00c9crit par\" \/>\n\t<meta name=\"twitter:data1\" content=\"cfeditorfr\" \/>\n\t<meta name=\"twitter:label2\" content=\"Dur\u00e9e de lecture estim\u00e9e\" \/>\n\t<meta name=\"twitter:data2\" content=\"1 minute\" \/>\n<script type=\"application\/ld+json\" class=\"yoast-schema-graph\">{\"@context\":\"https:\/\/schema.org\",\"@graph\":[{\"@type\":\"Article\",\"@id\":\"https:\/\/www.africa-press.net\/togo\/toutes-les-actualites\/togo-trop-de-malades-mentaux-dans-la-ville-de-kpalime#article\",\"isPartOf\":{\"@id\":\"https:\/\/www.africa-press.net\/togo\/toutes-les-actualites\/togo-trop-de-malades-mentaux-dans-la-ville-de-kpalime\"},\"author\":{\"name\":\"cfeditorfr\",\"@id\":\"https:\/\/www.africa-press.net\/togo\/#\/schema\/person\/2b1cf3cd81a31e3cd26889ca66d677f1\"},\"headline\":\"Togo-Trop de malades mentaux dans la ville de Kpalim\u00e9\",\"datePublished\":\"2023-03-07T19:39:27+00:00\",\"dateModified\":\"2023-03-07T20:16:34+00:00\",\"mainEntityOfPage\":{\"@id\":\"https:\/\/www.africa-press.net\/togo\/toutes-les-actualites\/togo-trop-de-malades-mentaux-dans-la-ville-de-kpalime\"},\"wordCount\":168,\"commentCount\":0,\"image\":{\"@id\":\"https:\/\/www.africa-press.net\/togo\/toutes-les-actualites\/togo-trop-de-malades-mentaux-dans-la-ville-de-kpalime#primaryimage\"},\"thumbnailUrl\":\"https:\/\/static.africa-press.net\/togo\/sites\/58\/2023\/03\/postQueueImg_1678205370.81.jpg\",\"keywords\":[\"Africa Press\",\"Africa Press-Togo\",\"Togo\"],\"articleSection\":[\"Communaut\u00e9\",\"Toutes les actualit\u00e9s\"],\"inLanguage\":\"fr-FR\",\"potentialAction\":[{\"@type\":\"CommentAction\",\"name\":\"Comment\",\"target\":[\"https:\/\/www.africa-press.net\/togo\/toutes-les-actualites\/togo-trop-de-malades-mentaux-dans-la-ville-de-kpalime#respond\"]}]},{\"@type\":\"WebPage\",\"@id\":\"https:\/\/www.africa-press.net\/togo\/toutes-les-actualites\/togo-trop-de-malades-mentaux-dans-la-ville-de-kpalime\",\"url\":\"https:\/\/www.africa-press.net\/togo\/toutes-les-actualites\/togo-trop-de-malades-mentaux-dans-la-ville-de-kpalime\",\"name\":\"Togo-Trop de malades mentaux dans la ville de Kpalim\u00e9 - Togo\",\"isPartOf\":{\"@id\":\"https:\/\/www.africa-press.net\/togo\/#website\"},\"primaryImageOfPage\":{\"@id\":\"https:\/\/www.africa-press.net\/togo\/toutes-les-actualites\/togo-trop-de-malades-mentaux-dans-la-ville-de-kpalime#primaryimage\"},\"image\":{\"@id\":\"https:\/\/www.africa-press.net\/togo\/toutes-les-actualites\/togo-trop-de-malades-mentaux-dans-la-ville-de-kpalime#primaryimage\"},\"thumbnailUrl\":\"https:\/\/static.africa-press.net\/togo\/sites\/58\/2023\/03\/postQueueImg_1678205370.81.jpg\",\"datePublished\":\"2023-03-07T19:39:27+00:00\",\"dateModified\":\"2023-03-07T20:16:34+00:00\",\"author\":{\"@id\":\"https:\/\/www.africa-press.net\/togo\/#\/schema\/person\/2b1cf3cd81a31e3cd26889ca66d677f1\"},\"description\":\"Il y a trois types de personnes souffrant de de\u0301mence dans la ville de Kpalime\u0301. C\u2019est le constat de la mairie de la ...\",\"breadcrumb\":{\"@id\":\"https:\/\/www.africa-press.net\/togo\/toutes-les-actualites\/togo-trop-de-malades-mentaux-dans-la-ville-de-kpalime#breadcrumb\"},\"inLanguage\":\"fr-FR\",\"potentialAction\":[{\"@type\":\"ReadAction\",\"target\":[\"https:\/\/www.africa-press.net\/togo\/toutes-les-actualites\/togo-trop-de-malades-mentaux-dans-la-ville-de-kpalime\"]}]},{\"@type\":\"ImageObject\",\"inLanguage\":\"fr-FR\",\"@id\":\"https:\/\/www.africa-press.net\/togo\/toutes-les-actualites\/togo-trop-de-malades-mentaux-dans-la-ville-de-kpalime#primaryimage\",\"url\":\"https:\/\/static.africa-press.net\/togo\/sites\/58\/2023\/03\/postQueueImg_1678205370.81.jpg\",\"contentUrl\":\"https:\/\/static.africa-press.net\/togo\/sites\/58\/2023\/03\/postQueueImg_1678205370.81.jpg\",\"width\":1280,\"height\":800,\"caption\":\"Togo-Trop de malades mentaux dans la ville de Kpalim\u00e9\"},{\"@type\":\"BreadcrumbList\",\"@id\":\"https:\/\/www.africa-press.net\/togo\/toutes-les-actualites\/togo-trop-de-malades-mentaux-dans-la-ville-de-kpalime#breadcrumb\",\"itemListElement\":[{\"@type\":\"ListItem\",\"position\":1,\"name\":\"Accueil\",\"item\":\"https:\/\/www.africa-press.net\/togo\/\"},{\"@type\":\"ListItem\",\"position\":2,\"name\":\"Togo-Trop de malades mentaux dans la ville de Kpalim\u00e9\"}]},{\"@type\":\"WebSite\",\"@id\":\"https:\/\/www.africa-press.net\/togo\/#website\",\"url\":\"https:\/\/www.africa-press.net\/togo\/\",\"name\":\"Togo\",\"description\":\"Just another Africa News Agency Sites site\",\"potentialAction\":[{\"@type\":\"SearchAction\",\"target\":{\"@type\":\"EntryPoint\",\"urlTemplate\":\"https:\/\/www.africa-press.net\/togo\/?s={search_term_string}\"},\"query-input\":{\"@type\":\"PropertyValueSpecification\",\"valueRequired\":true,\"valueName\":\"search_term_string\"}}],\"inLanguage\":\"fr-FR\"},{\"@type\":\"Person\",\"@id\":\"https:\/\/www.africa-press.net\/togo\/#\/schema\/person\/2b1cf3cd81a31e3cd26889ca66d677f1\",\"name\":\"cfeditorfr\"}]}<\/script>\n<!-- \/ Yoast SEO Premium plugin. -->","yoast_head_json":{"title":"Togo-Trop de malades mentaux dans la ville de Kpalim\u00e9 - Togo","description":"Il y a trois types de personnes souffrant de de\u0301mence dans la ville de Kpalime\u0301. C\u2019est le constat de la mairie de la ...","robots":{"index":"index","follow":"follow","max-snippet":"max-snippet:-1","max-image-preview":"max-image-preview:large","max-video-preview":"max-video-preview:-1"},"canonical":"https:\/\/www.africa-press.net\/togo\/toutes-les-actualites\/togo-trop-de-malades-mentaux-dans-la-ville-de-kpalime","og_locale":"fr_FR","og_type":"article","og_title":"Togo-Trop de malades mentaux dans la ville de Kpalim\u00e9","og_description":"Il y a trois types de personnes souffrant de de\u0301mence dans la ville de Kpalime\u0301. C\u2019est le constat de la mairie de la ...","og_url":"https:\/\/www.africa-press.net\/togo\/toutes-les-actualites\/togo-trop-de-malades-mentaux-dans-la-ville-de-kpalime","og_site_name":"Togo","article_published_time":"2023-03-07T19:39:27+00:00","article_modified_time":"2023-03-07T20:16:34+00:00","og_image":[{"width":1280,"height":800,"url":"https:\/\/static.africa-press.net\/togo\/sites\/58\/2023\/03\/postQueueImg_1678205370.81.jpg","type":"image\/jpeg"}],"author":"cfeditorfr","twitter_card":"summary_large_image","twitter_misc":{"\u00c9crit par":"cfeditorfr","Dur\u00e9e de lecture estim\u00e9e":"1 minute"},"schema":{"@context":"https:\/\/schema.org","@graph":[{"@type":"Article","@id":"https:\/\/www.africa-press.net\/togo\/toutes-les-actualites\/togo-trop-de-malades-mentaux-dans-la-ville-de-kpalime#article","isPartOf":{"@id":"https:\/\/www.africa-press.net\/togo\/toutes-les-actualites\/togo-trop-de-malades-mentaux-dans-la-ville-de-kpalime"},"author":{"name":"cfeditorfr","@id":"https:\/\/www.africa-press.net\/togo\/#\/schema\/person\/2b1cf3cd81a31e3cd26889ca66d677f1"},"headline":"Togo-Trop de malades mentaux dans la ville de Kpalim\u00e9","datePublished":"2023-03-07T19:39:27+00:00","dateModified":"2023-03-07T20:16:34+00:00","mainEntityOfPage":{"@id":"https:\/\/www.africa-press.net\/togo\/toutes-les-actualites\/togo-trop-de-malades-mentaux-dans-la-ville-de-kpalime"},"wordCount":168,"commentCount":0,"image":{"@id":"https:\/\/www.africa-press.net\/togo\/toutes-les-actualites\/togo-trop-de-malades-mentaux-dans-la-ville-de-kpalime#primaryimage"},"thumbnailUrl":"https:\/\/static.africa-press.net\/togo\/sites\/58\/2023\/03\/postQueueImg_1678205370.81.jpg","keywords":["Africa Press","Africa Press-Togo","Togo"],"articleSection":["Communaut\u00e9","Toutes les actualit\u00e9s"],"inLanguage":"fr-FR","potentialAction":[{"@type":"CommentAction","name":"Comment","target":["https:\/\/www.africa-press.net\/togo\/toutes-les-actualites\/togo-trop-de-malades-mentaux-dans-la-ville-de-kpalime#respond"]}]},{"@type":"WebPage","@id":"https:\/\/www.africa-press.net\/togo\/toutes-les-actualites\/togo-trop-de-malades-mentaux-dans-la-ville-de-kpalime","url":"https:\/\/www.africa-press.net\/togo\/toutes-les-actualites\/togo-trop-de-malades-mentaux-dans-la-ville-de-kpalime","name":"Togo-Trop de malades mentaux dans la ville de Kpalim\u00e9 - Togo","isPartOf":{"@id":"https:\/\/www.africa-press.net\/togo\/#website"},"primaryImageOfPage":{"@id":"https:\/\/www.africa-press.net\/togo\/toutes-les-actualites\/togo-trop-de-malades-mentaux-dans-la-ville-de-kpalime#primaryimage"},"image":{"@id":"https:\/\/www.africa-press.net\/togo\/toutes-les-actualites\/togo-trop-de-malades-mentaux-dans-la-ville-de-kpalime#primaryimage"},"thumbnailUrl":"https:\/\/static.africa-press.net\/togo\/sites\/58\/2023\/03\/postQueueImg_1678205370.81.jpg","datePublished":"2023-03-07T19:39:27+00:00","dateModified":"2023-03-07T20:16:34+00:00","author":{"@id":"https:\/\/www.africa-press.net\/togo\/#\/schema\/person\/2b1cf3cd81a31e3cd26889ca66d677f1"},"description":"Il y a trois types de personnes souffrant de de\u0301mence dans la ville de Kpalime\u0301. C\u2019est le constat de la mairie de la ...","breadcrumb":{"@id":"https:\/\/www.africa-press.net\/togo\/toutes-les-actualites\/togo-trop-de-malades-mentaux-dans-la-ville-de-kpalime#breadcrumb"},"inLanguage":"fr-FR","potentialAction":[{"@type":"ReadAction","target":["https:\/\/www.africa-press.net\/togo\/toutes-les-actualites\/togo-trop-de-malades-mentaux-dans-la-ville-de-kpalime"]}]},{"@type":"ImageObject","inLanguage":"fr-FR","@id":"https:\/\/www.africa-press.net\/togo\/toutes-les-actualites\/togo-trop-de-malades-mentaux-dans-la-ville-de-kpalime#primaryimage","url":"https:\/\/static.africa-press.net\/togo\/sites\/58\/2023\/03\/postQueueImg_1678205370.81.jpg","contentUrl":"https:\/\/static.africa-press.net\/togo\/sites\/58\/2023\/03\/postQueueImg_1678205370.81.jpg","width":1280,"height":800,"caption":"Togo-Trop de malades mentaux dans la ville de Kpalim\u00e9"},{"@type":"BreadcrumbList","@id":"https:\/\/www.africa-press.net\/togo\/toutes-les-actualites\/togo-trop-de-malades-mentaux-dans-la-ville-de-kpalime#breadcrumb","itemListElement":[{"@type":"ListItem","position":1,"name":"Accueil","item":"https:\/\/www.africa-press.net\/togo\/"},{"@type":"ListItem","position":2,"name":"Togo-Trop de malades mentaux dans la ville de Kpalim\u00e9"}]},{"@type":"WebSite","@id":"https:\/\/www.africa-press.net\/togo\/#website","url":"https:\/\/www.africa-press.net\/togo\/","name":"Togo","description":"Just another Africa News Agency Sites site","potentialAction":[{"@type":"SearchAction","target":{"@type":"EntryPoint","urlTemplate":"https:\/\/www.africa-press.net\/togo\/?s={search_term_string}"},"query-input":{"@type":"PropertyValueSpecification","valueRequired":true,"valueName":"search_term_string"}}],"inLanguage":"fr-FR"},{"@type":"Person","@id":"https:\/\/www.africa-press.net\/togo\/#\/schema\/person\/2b1cf3cd81a31e3cd26889ca66d677f1","name":"cfeditorfr"}]}},"_links":{"self":[{"href":"https:\/\/www.africa-press.net\/togo\/wp-json\/wp\/v2\/posts\/18236","targetHints":{"allow":["GET"]}}],"collection":[{"href":"https:\/\/www.africa-press.net\/togo\/wp-json\/wp\/v2\/posts"}],"about":[{"href":"https:\/\/www.africa-press.net\/togo\/wp-json\/wp\/v2\/types\/post"}],"author":[{"embeddable":true,"href":"https:\/\/www.africa-press.net\/togo\/wp-json\/wp\/v2\/users\/82"}],"replies":[{"embeddable":true,"href":"https:\/\/www.africa-press.net\/togo\/wp-json\/wp\/v2\/comments?post=18236"}],"version-history":[{"count":0,"href":"https:\/\/www.africa-press.net\/togo\/wp-json\/wp\/v2\/posts\/18236\/revisions"}],"wp:featuredmedia":[{"embeddable":true,"href":"https:\/\/www.africa-press.net\/togo\/wp-json\/wp\/v2\/media\/18235"}],"wp:attachment":[{"href":"https:\/\/www.africa-press.net\/togo\/wp-json\/wp\/v2\/media?parent=18236"}],"wp:term":[{"taxonomy":"category","embeddable":true,"href":"https:\/\/www.africa-press.net\/togo\/wp-json\/wp\/v2\/categories?post=18236"},{"taxonomy":"post_tag","embeddable":true,"href":"https:\/\/www.africa-press.net\/togo\/wp-json\/wp\/v2\/tags?post=18236"}],"curies":[{"name":"wp","href":"https:\/\/api.w.org\/{rel}","templated":true}]}}