{"id":18246,"date":"2023-03-08T12:44:22","date_gmt":"2023-03-08T12:44:22","guid":{"rendered":"https:\/\/www.africa-press.net\/togo\/politique\/togo-ferdinand-ayite-et-isidore-kouwonou-juges-le-15-mars-prochain"},"modified":"2023-03-08T12:57:22","modified_gmt":"2023-03-08T12:57:22","slug":"togo-ferdinand-ayite-et-isidore-kouwonou-juges-le-15-mars-prochain","status":"publish","type":"post","link":"https:\/\/www.africa-press.net\/togo\/toutes-les-actualites\/togo-ferdinand-ayite-et-isidore-kouwonou-juges-le-15-mars-prochain","title":{"rendered":"Togo-Ferdinand Ayit\u00e9 et Isidore Kouwonou jug\u00e9s le 15 mars prochain"},"content":{"rendered":"<p><span style=\"color: #ff6600\"><strong>Africa-Press &#8211; Togo. <\/strong><\/span><b>Le proce\u0300s des journalistes Ferdinand Ayite\u0301 et Isidore Kouwonou (et Joe\u0308l Egah, lui, de\u0301ce\u0301de\u0301 mais e\u0301galement convoque\u0301) est finalement reporte\u0301 au 15 mars prochain, apre\u0300s la demande du renvoi de l\u2019audience de l\u2019avocat des ces hommes de me\u0301dias.<\/b><\/p>\n<p>Isidore Kouwonou, le Re\u0301dacteur est chef du bihebdomadaire L\u2019Alternative s\u2019est rendu ce matin au tribunal de Lome\u0301 avec son avocat Me Elom Kpade\u0301. Il y e\u0301tait seul, Ferdinand Ayite\u0301 e\u0301tant porte\u0301 disparu depuis la journe\u0301e du dimanche 5 mars dernier. Et le troisie\u0300me confre\u0300re accuse\u0301 est de\u0301ce\u0301de\u0301 le 6 mars 2022.<\/p>\n<p>Le juge veut ouvrir le dossier et entame le proce\u0300s. L\u2019avocat du journaliste demande un renvoi. Dans un premier temps, le magistrat refuse, arguant que le ministe\u0300re public veut que le proce\u0300s de\u0301marre ce 8 mars cou\u0302te que cou\u0302te.<\/p>\n<p>Finalement le conseil re\u0301ussi a\u0300 avoir le report d\u2019une semaine : 15 mars est la nouvelle date arre\u0302te\u0301e pour juger les deux journalistes de L\u2019Alternative.<\/p>\n<p>Que leur reproche-t-il ?<\/p>\n<p>C\u2019est une affaire qui aurait pu connai\u0302tre une autre tournure que celle qui se pre\u0301sente actuellement. L\u2019affaire en question oppose les deux hommes de me\u0301dia et les ministres Kodjo Adedze du Commerce, de l\u2019Industrie et de la Consommation locale et son colle\u0300gue de la Justice Pius Agbetomey. Ces derniers estiment e\u0302tre diffame\u0301s dans \u00ab L\u2019Autre Journal \u00bb, une e\u0301mission pre\u0301sente\u0301e sur la chai\u0302ne Youtube de L\u2019Alternative. Ils de\u0301plorent notamment ce qu\u2019ils appellent l\u2019outrage a\u0300 l\u2019autorite\u0301 et propagation de propos mensongers sur les re\u0301seaux sociaux.<\/p>\n<p>Dans ce dossier, Ferdinand Ayite\u0301 et Joe\u0308l Egah ont fait la prison une vingtaine de jours a\u0300 la prison civile de Lome\u0301 avant d\u2019e\u0302tre libe\u0301re\u0301s le 31 de\u0301cembre 2022.<\/p>\n<p>Certains ont cru que cette affaire est close d\u2019autant plus que les deux confre\u0300res ont pre\u0301sente\u0301 des excuses publiques aux ministres en question, sur leur demande. Sauf que ce 1er mars 2023, une nouvelle convocation est adresse\u0301e aux journalistes, leur demandant a\u0300 comparai\u0302tre au tribunal de Lome\u0301 une semaine plus tard.<\/p>\n<p>Le Directeur de publication de L\u2019Alternative est actuellement introuvable. En effet, au matin de ce dimanche 5 mars 2023, il rec\u0327oit une convocation du Service centrale de recherches et d\u2019investigations criminelles (SCRIC) de la Gendarmerie nationale, lui demandant de se pre\u0301senter dans leurs locaux dans l\u2019apre\u0300s-midi a\u0300 15 heures. C\u2019est toujours dans l\u2019affaire des deux ministres qu\u2019il a e\u0301te\u0301 convoque\u0301 par le SCRIC ? Toujours est-il que depuis le dimanche passe\u0301, il est porte\u0301 disparu.<\/p>\n<p><strong>Pour plus d&rsquo;informations et d&rsquo;analyses sur la <a href=\"https:\/\/www.africa-press.net\/togo\">Togo<\/a>, suivez <a href=\"https:\/\/www.africa-press.net\/\">Africa-Press<\/a><\/strong><\/p>\n","protected":false},"excerpt":{"rendered":"<p>Africa-Press &#8211; Togo. Le proce\u0300s des journalistes Ferdinand Ayite\u0301 et Isidore Kouwonou (et Joe\u0308l Egah, lui, de\u0301ce\u0301de\u0301 mais e\u0301galement convoque\u0301) est finalement reporte\u0301 au 15 mars prochain, apre\u0300s la demande du renvoi de l\u2019audience de l\u2019avocat des ces hommes de me\u0301dias. Isidore Kouwonou, le Re\u0301dacteur est chef du bihebdomadaire L\u2019Alternative s\u2019est rendu ce matin au [&hellip;]<\/p>\n","protected":false},"author":82,"featured_media":18245,"comment_status":"open","ping_status":"closed","sticky":false,"template":"","format":"standard","meta":{"footnotes":""},"categories":[21,10],"tags":[36,49,50],"class_list":["post-18246","post","type-post","status-publish","format-standard","has-post-thumbnail","hentry","category-communaute","category-toutes-les-actualites","tag-africa-press","tag-africa-press-togo","tag-togo"],"yoast_head":"<!-- This site is optimized with the Yoast SEO Premium plugin v26.1 (Yoast SEO v27.0) - https:\/\/yoast.com\/product\/yoast-seo-premium-wordpress\/ -->\n<title>Togo-Ferdinand Ayit\u00e9 et Isidore Kouwonou jug\u00e9s le 15 mars prochain - Togo<\/title>\n<meta name=\"description\" content=\"Le proce\u0300s des journalistes Ferdinand Ayite\u0301 et Isidore Kouwonou (et Joe\u0308l Egah, lui, de\u0301ce\u0301de\u0301 mais e\u0301galement convo ...\" \/>\n<meta name=\"robots\" content=\"index, follow, max-snippet:-1, max-image-preview:large, max-video-preview:-1\" \/>\n<link rel=\"canonical\" href=\"https:\/\/www.africa-press.net\/togo\/toutes-les-actualites\/togo-ferdinand-ayite-et-isidore-kouwonou-juges-le-15-mars-prochain\" \/>\n<meta property=\"og:locale\" content=\"fr_FR\" \/>\n<meta property=\"og:type\" content=\"article\" \/>\n<meta property=\"og:title\" content=\"Togo-Ferdinand Ayit\u00e9 et Isidore Kouwonou jug\u00e9s le 15 mars prochain\" \/>\n<meta property=\"og:description\" content=\"Le proce\u0300s des journalistes Ferdinand Ayite\u0301 et Isidore Kouwonou (et Joe\u0308l Egah, lui, de\u0301ce\u0301de\u0301 mais e\u0301galement convo ...\" \/>\n<meta property=\"og:url\" content=\"https:\/\/www.africa-press.net\/togo\/toutes-les-actualites\/togo-ferdinand-ayite-et-isidore-kouwonou-juges-le-15-mars-prochain\" \/>\n<meta property=\"og:site_name\" content=\"Togo\" \/>\n<meta property=\"article:published_time\" content=\"2023-03-08T12:44:22+00:00\" \/>\n<meta property=\"article:modified_time\" content=\"2023-03-08T12:57:22+00:00\" \/>\n<meta property=\"og:image\" content=\"https:\/\/static.africa-press.net\/togo\/sites\/58\/2023\/03\/postQueueImg_1678266866.22.jpg\" \/>\n\t<meta property=\"og:image:width\" content=\"1280\" \/>\n\t<meta property=\"og:image:height\" content=\"800\" \/>\n\t<meta property=\"og:image:type\" content=\"image\/jpeg\" \/>\n<meta name=\"author\" content=\"cfeditorfr\" \/>\n<meta name=\"twitter:card\" content=\"summary_large_image\" \/>\n<meta name=\"twitter:label1\" content=\"\u00c9crit par\" \/>\n\t<meta name=\"twitter:data1\" content=\"cfeditorfr\" \/>\n\t<meta name=\"twitter:label2\" content=\"Dur\u00e9e de lecture estim\u00e9e\" \/>\n\t<meta name=\"twitter:data2\" content=\"2 minutes\" \/>\n<script type=\"application\/ld+json\" class=\"yoast-schema-graph\">{\"@context\":\"https:\/\/schema.org\",\"@graph\":[{\"@type\":\"Article\",\"@id\":\"https:\/\/www.africa-press.net\/togo\/toutes-les-actualites\/togo-ferdinand-ayite-et-isidore-kouwonou-juges-le-15-mars-prochain#article\",\"isPartOf\":{\"@id\":\"https:\/\/www.africa-press.net\/togo\/toutes-les-actualites\/togo-ferdinand-ayite-et-isidore-kouwonou-juges-le-15-mars-prochain\"},\"author\":{\"name\":\"cfeditorfr\",\"@id\":\"https:\/\/www.africa-press.net\/togo\/#\/schema\/person\/2b1cf3cd81a31e3cd26889ca66d677f1\"},\"headline\":\"Togo-Ferdinand Ayit\u00e9 et Isidore Kouwonou jug\u00e9s le 15 mars prochain\",\"datePublished\":\"2023-03-08T12:44:22+00:00\",\"dateModified\":\"2023-03-08T12:57:22+00:00\",\"mainEntityOfPage\":{\"@id\":\"https:\/\/www.africa-press.net\/togo\/toutes-les-actualites\/togo-ferdinand-ayite-et-isidore-kouwonou-juges-le-15-mars-prochain\"},\"wordCount\":476,\"commentCount\":0,\"image\":{\"@id\":\"https:\/\/www.africa-press.net\/togo\/toutes-les-actualites\/togo-ferdinand-ayite-et-isidore-kouwonou-juges-le-15-mars-prochain#primaryimage\"},\"thumbnailUrl\":\"https:\/\/static.africa-press.net\/togo\/sites\/58\/2023\/03\/postQueueImg_1678266866.22.jpg\",\"keywords\":[\"Africa Press\",\"Africa Press-Togo\",\"Togo\"],\"articleSection\":[\"Communaut\u00e9\",\"Toutes les actualit\u00e9s\"],\"inLanguage\":\"fr-FR\",\"potentialAction\":[{\"@type\":\"CommentAction\",\"name\":\"Comment\",\"target\":[\"https:\/\/www.africa-press.net\/togo\/toutes-les-actualites\/togo-ferdinand-ayite-et-isidore-kouwonou-juges-le-15-mars-prochain#respond\"]}]},{\"@type\":\"WebPage\",\"@id\":\"https:\/\/www.africa-press.net\/togo\/toutes-les-actualites\/togo-ferdinand-ayite-et-isidore-kouwonou-juges-le-15-mars-prochain\",\"url\":\"https:\/\/www.africa-press.net\/togo\/toutes-les-actualites\/togo-ferdinand-ayite-et-isidore-kouwonou-juges-le-15-mars-prochain\",\"name\":\"Togo-Ferdinand Ayit\u00e9 et Isidore Kouwonou jug\u00e9s le 15 mars prochain - Togo\",\"isPartOf\":{\"@id\":\"https:\/\/www.africa-press.net\/togo\/#website\"},\"primaryImageOfPage\":{\"@id\":\"https:\/\/www.africa-press.net\/togo\/toutes-les-actualites\/togo-ferdinand-ayite-et-isidore-kouwonou-juges-le-15-mars-prochain#primaryimage\"},\"image\":{\"@id\":\"https:\/\/www.africa-press.net\/togo\/toutes-les-actualites\/togo-ferdinand-ayite-et-isidore-kouwonou-juges-le-15-mars-prochain#primaryimage\"},\"thumbnailUrl\":\"https:\/\/static.africa-press.net\/togo\/sites\/58\/2023\/03\/postQueueImg_1678266866.22.jpg\",\"datePublished\":\"2023-03-08T12:44:22+00:00\",\"dateModified\":\"2023-03-08T12:57:22+00:00\",\"author\":{\"@id\":\"https:\/\/www.africa-press.net\/togo\/#\/schema\/person\/2b1cf3cd81a31e3cd26889ca66d677f1\"},\"description\":\"Le proce\u0300s des journalistes Ferdinand Ayite\u0301 et Isidore Kouwonou (et Joe\u0308l Egah, lui, de\u0301ce\u0301de\u0301 mais e\u0301galement convo ...\",\"breadcrumb\":{\"@id\":\"https:\/\/www.africa-press.net\/togo\/toutes-les-actualites\/togo-ferdinand-ayite-et-isidore-kouwonou-juges-le-15-mars-prochain#breadcrumb\"},\"inLanguage\":\"fr-FR\",\"potentialAction\":[{\"@type\":\"ReadAction\",\"target\":[\"https:\/\/www.africa-press.net\/togo\/toutes-les-actualites\/togo-ferdinand-ayite-et-isidore-kouwonou-juges-le-15-mars-prochain\"]}]},{\"@type\":\"ImageObject\",\"inLanguage\":\"fr-FR\",\"@id\":\"https:\/\/www.africa-press.net\/togo\/toutes-les-actualites\/togo-ferdinand-ayite-et-isidore-kouwonou-juges-le-15-mars-prochain#primaryimage\",\"url\":\"https:\/\/static.africa-press.net\/togo\/sites\/58\/2023\/03\/postQueueImg_1678266866.22.jpg\",\"contentUrl\":\"https:\/\/static.africa-press.net\/togo\/sites\/58\/2023\/03\/postQueueImg_1678266866.22.jpg\",\"width\":1280,\"height\":800,\"caption\":\"Togo-Ferdinand Ayit\u00e9 et Isidore Kouwonou jug\u00e9s le 15 mars prochain\"},{\"@type\":\"BreadcrumbList\",\"@id\":\"https:\/\/www.africa-press.net\/togo\/toutes-les-actualites\/togo-ferdinand-ayite-et-isidore-kouwonou-juges-le-15-mars-prochain#breadcrumb\",\"itemListElement\":[{\"@type\":\"ListItem\",\"position\":1,\"name\":\"Accueil\",\"item\":\"https:\/\/www.africa-press.net\/togo\/\"},{\"@type\":\"ListItem\",\"position\":2,\"name\":\"Togo-Ferdinand Ayit\u00e9 et Isidore Kouwonou jug\u00e9s le 15 mars prochain\"}]},{\"@type\":\"WebSite\",\"@id\":\"https:\/\/www.africa-press.net\/togo\/#website\",\"url\":\"https:\/\/www.africa-press.net\/togo\/\",\"name\":\"Togo\",\"description\":\"Just another Africa News Agency Sites site\",\"potentialAction\":[{\"@type\":\"SearchAction\",\"target\":{\"@type\":\"EntryPoint\",\"urlTemplate\":\"https:\/\/www.africa-press.net\/togo\/?s={search_term_string}\"},\"query-input\":{\"@type\":\"PropertyValueSpecification\",\"valueRequired\":true,\"valueName\":\"search_term_string\"}}],\"inLanguage\":\"fr-FR\"},{\"@type\":\"Person\",\"@id\":\"https:\/\/www.africa-press.net\/togo\/#\/schema\/person\/2b1cf3cd81a31e3cd26889ca66d677f1\",\"name\":\"cfeditorfr\"}]}<\/script>\n<!-- \/ Yoast SEO Premium plugin. -->","yoast_head_json":{"title":"Togo-Ferdinand Ayit\u00e9 et Isidore Kouwonou jug\u00e9s le 15 mars prochain - Togo","description":"Le proce\u0300s des journalistes Ferdinand Ayite\u0301 et Isidore Kouwonou (et Joe\u0308l Egah, lui, de\u0301ce\u0301de\u0301 mais e\u0301galement convo ...","robots":{"index":"index","follow":"follow","max-snippet":"max-snippet:-1","max-image-preview":"max-image-preview:large","max-video-preview":"max-video-preview:-1"},"canonical":"https:\/\/www.africa-press.net\/togo\/toutes-les-actualites\/togo-ferdinand-ayite-et-isidore-kouwonou-juges-le-15-mars-prochain","og_locale":"fr_FR","og_type":"article","og_title":"Togo-Ferdinand Ayit\u00e9 et Isidore Kouwonou jug\u00e9s le 15 mars prochain","og_description":"Le proce\u0300s des journalistes Ferdinand Ayite\u0301 et Isidore Kouwonou (et Joe\u0308l Egah, lui, de\u0301ce\u0301de\u0301 mais e\u0301galement convo ...","og_url":"https:\/\/www.africa-press.net\/togo\/toutes-les-actualites\/togo-ferdinand-ayite-et-isidore-kouwonou-juges-le-15-mars-prochain","og_site_name":"Togo","article_published_time":"2023-03-08T12:44:22+00:00","article_modified_time":"2023-03-08T12:57:22+00:00","og_image":[{"width":1280,"height":800,"url":"https:\/\/static.africa-press.net\/togo\/sites\/58\/2023\/03\/postQueueImg_1678266866.22.jpg","type":"image\/jpeg"}],"author":"cfeditorfr","twitter_card":"summary_large_image","twitter_misc":{"\u00c9crit par":"cfeditorfr","Dur\u00e9e de lecture estim\u00e9e":"2 minutes"},"schema":{"@context":"https:\/\/schema.org","@graph":[{"@type":"Article","@id":"https:\/\/www.africa-press.net\/togo\/toutes-les-actualites\/togo-ferdinand-ayite-et-isidore-kouwonou-juges-le-15-mars-prochain#article","isPartOf":{"@id":"https:\/\/www.africa-press.net\/togo\/toutes-les-actualites\/togo-ferdinand-ayite-et-isidore-kouwonou-juges-le-15-mars-prochain"},"author":{"name":"cfeditorfr","@id":"https:\/\/www.africa-press.net\/togo\/#\/schema\/person\/2b1cf3cd81a31e3cd26889ca66d677f1"},"headline":"Togo-Ferdinand Ayit\u00e9 et Isidore Kouwonou jug\u00e9s le 15 mars prochain","datePublished":"2023-03-08T12:44:22+00:00","dateModified":"2023-03-08T12:57:22+00:00","mainEntityOfPage":{"@id":"https:\/\/www.africa-press.net\/togo\/toutes-les-actualites\/togo-ferdinand-ayite-et-isidore-kouwonou-juges-le-15-mars-prochain"},"wordCount":476,"commentCount":0,"image":{"@id":"https:\/\/www.africa-press.net\/togo\/toutes-les-actualites\/togo-ferdinand-ayite-et-isidore-kouwonou-juges-le-15-mars-prochain#primaryimage"},"thumbnailUrl":"https:\/\/static.africa-press.net\/togo\/sites\/58\/2023\/03\/postQueueImg_1678266866.22.jpg","keywords":["Africa Press","Africa Press-Togo","Togo"],"articleSection":["Communaut\u00e9","Toutes les actualit\u00e9s"],"inLanguage":"fr-FR","potentialAction":[{"@type":"CommentAction","name":"Comment","target":["https:\/\/www.africa-press.net\/togo\/toutes-les-actualites\/togo-ferdinand-ayite-et-isidore-kouwonou-juges-le-15-mars-prochain#respond"]}]},{"@type":"WebPage","@id":"https:\/\/www.africa-press.net\/togo\/toutes-les-actualites\/togo-ferdinand-ayite-et-isidore-kouwonou-juges-le-15-mars-prochain","url":"https:\/\/www.africa-press.net\/togo\/toutes-les-actualites\/togo-ferdinand-ayite-et-isidore-kouwonou-juges-le-15-mars-prochain","name":"Togo-Ferdinand Ayit\u00e9 et Isidore Kouwonou jug\u00e9s le 15 mars prochain - Togo","isPartOf":{"@id":"https:\/\/www.africa-press.net\/togo\/#website"},"primaryImageOfPage":{"@id":"https:\/\/www.africa-press.net\/togo\/toutes-les-actualites\/togo-ferdinand-ayite-et-isidore-kouwonou-juges-le-15-mars-prochain#primaryimage"},"image":{"@id":"https:\/\/www.africa-press.net\/togo\/toutes-les-actualites\/togo-ferdinand-ayite-et-isidore-kouwonou-juges-le-15-mars-prochain#primaryimage"},"thumbnailUrl":"https:\/\/static.africa-press.net\/togo\/sites\/58\/2023\/03\/postQueueImg_1678266866.22.jpg","datePublished":"2023-03-08T12:44:22+00:00","dateModified":"2023-03-08T12:57:22+00:00","author":{"@id":"https:\/\/www.africa-press.net\/togo\/#\/schema\/person\/2b1cf3cd81a31e3cd26889ca66d677f1"},"description":"Le proce\u0300s des journalistes Ferdinand Ayite\u0301 et Isidore Kouwonou (et Joe\u0308l Egah, lui, de\u0301ce\u0301de\u0301 mais e\u0301galement convo ...","breadcrumb":{"@id":"https:\/\/www.africa-press.net\/togo\/toutes-les-actualites\/togo-ferdinand-ayite-et-isidore-kouwonou-juges-le-15-mars-prochain#breadcrumb"},"inLanguage":"fr-FR","potentialAction":[{"@type":"ReadAction","target":["https:\/\/www.africa-press.net\/togo\/toutes-les-actualites\/togo-ferdinand-ayite-et-isidore-kouwonou-juges-le-15-mars-prochain"]}]},{"@type":"ImageObject","inLanguage":"fr-FR","@id":"https:\/\/www.africa-press.net\/togo\/toutes-les-actualites\/togo-ferdinand-ayite-et-isidore-kouwonou-juges-le-15-mars-prochain#primaryimage","url":"https:\/\/static.africa-press.net\/togo\/sites\/58\/2023\/03\/postQueueImg_1678266866.22.jpg","contentUrl":"https:\/\/static.africa-press.net\/togo\/sites\/58\/2023\/03\/postQueueImg_1678266866.22.jpg","width":1280,"height":800,"caption":"Togo-Ferdinand Ayit\u00e9 et Isidore Kouwonou jug\u00e9s le 15 mars prochain"},{"@type":"BreadcrumbList","@id":"https:\/\/www.africa-press.net\/togo\/toutes-les-actualites\/togo-ferdinand-ayite-et-isidore-kouwonou-juges-le-15-mars-prochain#breadcrumb","itemListElement":[{"@type":"ListItem","position":1,"name":"Accueil","item":"https:\/\/www.africa-press.net\/togo\/"},{"@type":"ListItem","position":2,"name":"Togo-Ferdinand Ayit\u00e9 et Isidore Kouwonou jug\u00e9s le 15 mars prochain"}]},{"@type":"WebSite","@id":"https:\/\/www.africa-press.net\/togo\/#website","url":"https:\/\/www.africa-press.net\/togo\/","name":"Togo","description":"Just another Africa News Agency Sites site","potentialAction":[{"@type":"SearchAction","target":{"@type":"EntryPoint","urlTemplate":"https:\/\/www.africa-press.net\/togo\/?s={search_term_string}"},"query-input":{"@type":"PropertyValueSpecification","valueRequired":true,"valueName":"search_term_string"}}],"inLanguage":"fr-FR"},{"@type":"Person","@id":"https:\/\/www.africa-press.net\/togo\/#\/schema\/person\/2b1cf3cd81a31e3cd26889ca66d677f1","name":"cfeditorfr"}]}},"_links":{"self":[{"href":"https:\/\/www.africa-press.net\/togo\/wp-json\/wp\/v2\/posts\/18246","targetHints":{"allow":["GET"]}}],"collection":[{"href":"https:\/\/www.africa-press.net\/togo\/wp-json\/wp\/v2\/posts"}],"about":[{"href":"https:\/\/www.africa-press.net\/togo\/wp-json\/wp\/v2\/types\/post"}],"author":[{"embeddable":true,"href":"https:\/\/www.africa-press.net\/togo\/wp-json\/wp\/v2\/users\/82"}],"replies":[{"embeddable":true,"href":"https:\/\/www.africa-press.net\/togo\/wp-json\/wp\/v2\/comments?post=18246"}],"version-history":[{"count":0,"href":"https:\/\/www.africa-press.net\/togo\/wp-json\/wp\/v2\/posts\/18246\/revisions"}],"wp:featuredmedia":[{"embeddable":true,"href":"https:\/\/www.africa-press.net\/togo\/wp-json\/wp\/v2\/media\/18245"}],"wp:attachment":[{"href":"https:\/\/www.africa-press.net\/togo\/wp-json\/wp\/v2\/media?parent=18246"}],"wp:term":[{"taxonomy":"category","embeddable":true,"href":"https:\/\/www.africa-press.net\/togo\/wp-json\/wp\/v2\/categories?post=18246"},{"taxonomy":"post_tag","embeddable":true,"href":"https:\/\/www.africa-press.net\/togo\/wp-json\/wp\/v2\/tags?post=18246"}],"curies":[{"name":"wp","href":"https:\/\/api.w.org\/{rel}","templated":true}]}}