{"id":18249,"date":"2023-03-08T12:44:29","date_gmt":"2023-03-08T12:44:29","guid":{"rendered":"https:\/\/www.africa-press.net\/togo\/politique\/coupe-de-caf-asko-veut-enregistrer-une-premiere-victoire"},"modified":"2023-03-08T12:58:18","modified_gmt":"2023-03-08T12:58:18","slug":"coupe-de-caf-asko-veut-enregistrer-une-premiere-victoire","status":"publish","type":"post","link":"https:\/\/www.africa-press.net\/togo\/sports\/coupe-de-caf-asko-veut-enregistrer-une-premiere-victoire","title":{"rendered":"Coupe de CAF : ASKO veut enregistrer une premi\u00e8re victoire"},"content":{"rendered":"<p><span style=\"color: #ff6600\"><strong>Africa-Press &#8211; Togo. <\/strong><\/span><b>Depuis le de\u0301but de la phase de poules de la Coupe de la Confe\u0301de\u0301ration CAF, l\u2019ASKO de Kara n\u2019a pas gagne\u0301 un seul match, faisant du club togolais le dernier du groupe C. L\u2019entrai\u0302neur Abalo Dosseh estime que ses hommes peuvent faire la diffe\u0301rence ce mercredi.<\/b><\/p>\n<p>Ce mercredi 8 mars 2023, a\u0300 16h, ASKO accueillera, au stade de Ke\u0301gue\u0301 a\u0300 Lome\u0301, le Pyramids FC en match retour dans le cadre de la Coupe de la Confe\u0301de\u0301ration.<\/p>\n<p>L\u2019e\u0301quipe togolaise qui a perdu le match aller le 26 fe\u0301vrier en Egypte (1-0), doit enregistrer une victoire pour espe\u0301rer passer du bas du groupe.<\/p>\n<p>Hier, face a\u0300 la presse Jean-Paul Abalo, l\u2019entraineur de l\u2019ASKO de Kara, insiste qu\u2019il faut \u00ab entamer le match de bon bout pour pouvoir prendre les trois points a\u0300 domicile \u00bb.<\/p>\n<p>Il a reconnu les lacunes de son e\u0301quipe et tire les lec\u0327ons des deux matches pre\u0301ce\u0301dents ou\u0300 les Kondonas ont e\u0301te\u0301 se\u0301ve\u0300rement battus a\u0300 Rabat par l\u2019AS FAR (5-1) et au Caire par le Pyramids FC (1-0).<\/p>\n<p>\u00ab L\u2019e\u0301quipe n\u2019avait pas de\u0301me\u0301rite\u0301 car ce n\u2019e\u0301tait pas facile au de\u0301part surtout contre Rabat. A ce niveau de la compe\u0301tition, il faut e\u0302tre moins nai\u0308f, ne pas avoir peur et ne pas douter, c\u2019est ces choses qui ont e\u0301te\u0301 a\u0300 la base de notre prestation. Au deuxie\u0300me match, on a compris, on a la\u0302che\u0301 le frein en main et quand on a commence\u0301 par jouer on a mis en difficulte\u0301 notre adversaire \u00bb, a-t-il confie\u0301.<\/p>\n<p>L\u2019entrai\u0302neur a e\u0301galement note\u0301 le caracte\u0300re difficile de cette rencontre dans laquelle l\u2019adversaire cherche sa qualification alors que les ho\u0302tes veulent quitter la dernie\u0300re position du groupe.<\/p>\n<p><strong>Pour plus d&rsquo;informations et d&rsquo;analyses sur la <a href=\"https:\/\/www.africa-press.net\/togo\">Togo<\/a>, suivez <a href=\"https:\/\/www.africa-press.net\/\">Africa-Press<\/a><\/strong><\/p>\n","protected":false},"excerpt":{"rendered":"<p>Africa-Press &#8211; Togo. Depuis le de\u0301but de la phase de poules de la Coupe de la Confe\u0301de\u0301ration CAF, l\u2019ASKO de Kara n\u2019a pas gagne\u0301 un seul match, faisant du club togolais le dernier du groupe C. L\u2019entrai\u0302neur Abalo Dosseh estime que ses hommes peuvent faire la diffe\u0301rence ce mercredi. Ce mercredi 8 mars 2023, a\u0300 [&hellip;]<\/p>\n","protected":false},"author":82,"featured_media":18247,"comment_status":"open","ping_status":"closed","sticky":false,"template":"","format":"standard","meta":{"footnotes":""},"categories":[6,10],"tags":[36,49,50],"class_list":["post-18249","post","type-post","status-publish","format-standard","has-post-thumbnail","hentry","category-sports","category-toutes-les-actualites","tag-africa-press","tag-africa-press-togo","tag-togo"],"yoast_head":"<!-- This site is optimized with the Yoast SEO Premium plugin v26.1 (Yoast SEO v27.0) - https:\/\/yoast.com\/product\/yoast-seo-premium-wordpress\/ -->\n<title>Coupe de CAF : ASKO veut enregistrer une premi\u00e8re victoire - Togo<\/title>\n<meta name=\"description\" content=\"Depuis le de\u0301but de la phase de poules de la Coupe de la Confe\u0301de\u0301ration CAF, l\u2019ASKO de Kara n\u2019a pas gagne\u0301 un seul m ...\" \/>\n<meta name=\"robots\" content=\"index, follow, max-snippet:-1, max-image-preview:large, max-video-preview:-1\" \/>\n<link rel=\"canonical\" href=\"https:\/\/www.africa-press.net\/togo\/sports\/coupe-de-caf-asko-veut-enregistrer-une-premiere-victoire\" \/>\n<meta property=\"og:locale\" content=\"fr_FR\" \/>\n<meta property=\"og:type\" content=\"article\" \/>\n<meta property=\"og:title\" content=\"Coupe de CAF : ASKO veut enregistrer une premi\u00e8re victoire\" \/>\n<meta property=\"og:description\" content=\"Depuis le de\u0301but de la phase de poules de la Coupe de la Confe\u0301de\u0301ration CAF, l\u2019ASKO de Kara n\u2019a pas gagne\u0301 un seul m ...\" \/>\n<meta property=\"og:url\" content=\"https:\/\/www.africa-press.net\/togo\/sports\/coupe-de-caf-asko-veut-enregistrer-une-premiere-victoire\" \/>\n<meta property=\"og:site_name\" content=\"Togo\" \/>\n<meta property=\"article:published_time\" content=\"2023-03-08T12:44:29+00:00\" \/>\n<meta property=\"article:modified_time\" content=\"2023-03-08T12:58:18+00:00\" \/>\n<meta property=\"og:image\" content=\"https:\/\/static.africa-press.net\/togo\/sites\/58\/2023\/03\/postQueueImg_1678266873.80.jpg\" \/>\n\t<meta property=\"og:image:width\" content=\"1055\" \/>\n\t<meta property=\"og:image:height\" content=\"750\" \/>\n\t<meta property=\"og:image:type\" content=\"image\/jpeg\" \/>\n<meta name=\"author\" content=\"cfeditorfr\" \/>\n<meta name=\"twitter:card\" content=\"summary_large_image\" \/>\n<meta name=\"twitter:label1\" content=\"\u00c9crit par\" \/>\n\t<meta name=\"twitter:data1\" content=\"cfeditorfr\" \/>\n\t<meta name=\"twitter:label2\" content=\"Dur\u00e9e de lecture estim\u00e9e\" \/>\n\t<meta name=\"twitter:data2\" content=\"2 minutes\" \/>\n<script type=\"application\/ld+json\" class=\"yoast-schema-graph\">{\"@context\":\"https:\/\/schema.org\",\"@graph\":[{\"@type\":\"Article\",\"@id\":\"https:\/\/www.africa-press.net\/togo\/sports\/coupe-de-caf-asko-veut-enregistrer-une-premiere-victoire#article\",\"isPartOf\":{\"@id\":\"https:\/\/www.africa-press.net\/togo\/sports\/coupe-de-caf-asko-veut-enregistrer-une-premiere-victoire\"},\"author\":{\"name\":\"cfeditorfr\",\"@id\":\"https:\/\/www.africa-press.net\/togo\/#\/schema\/person\/2b1cf3cd81a31e3cd26889ca66d677f1\"},\"headline\":\"Coupe de CAF : ASKO veut enregistrer une premi\u00e8re victoire\",\"datePublished\":\"2023-03-08T12:44:29+00:00\",\"dateModified\":\"2023-03-08T12:58:18+00:00\",\"mainEntityOfPage\":{\"@id\":\"https:\/\/www.africa-press.net\/togo\/sports\/coupe-de-caf-asko-veut-enregistrer-une-premiere-victoire\"},\"wordCount\":338,\"commentCount\":0,\"image\":{\"@id\":\"https:\/\/www.africa-press.net\/togo\/sports\/coupe-de-caf-asko-veut-enregistrer-une-premiere-victoire#primaryimage\"},\"thumbnailUrl\":\"https:\/\/static.africa-press.net\/togo\/sites\/58\/2023\/03\/postQueueImg_1678266873.80.jpg\",\"keywords\":[\"Africa Press\",\"Africa Press-Togo\",\"Togo\"],\"articleSection\":[\"Sports\",\"Toutes les actualit\u00e9s\"],\"inLanguage\":\"fr-FR\",\"potentialAction\":[{\"@type\":\"CommentAction\",\"name\":\"Comment\",\"target\":[\"https:\/\/www.africa-press.net\/togo\/sports\/coupe-de-caf-asko-veut-enregistrer-une-premiere-victoire#respond\"]}]},{\"@type\":\"WebPage\",\"@id\":\"https:\/\/www.africa-press.net\/togo\/sports\/coupe-de-caf-asko-veut-enregistrer-une-premiere-victoire\",\"url\":\"https:\/\/www.africa-press.net\/togo\/sports\/coupe-de-caf-asko-veut-enregistrer-une-premiere-victoire\",\"name\":\"Coupe de CAF : ASKO veut enregistrer une premi\u00e8re victoire - Togo\",\"isPartOf\":{\"@id\":\"https:\/\/www.africa-press.net\/togo\/#website\"},\"primaryImageOfPage\":{\"@id\":\"https:\/\/www.africa-press.net\/togo\/sports\/coupe-de-caf-asko-veut-enregistrer-une-premiere-victoire#primaryimage\"},\"image\":{\"@id\":\"https:\/\/www.africa-press.net\/togo\/sports\/coupe-de-caf-asko-veut-enregistrer-une-premiere-victoire#primaryimage\"},\"thumbnailUrl\":\"https:\/\/static.africa-press.net\/togo\/sites\/58\/2023\/03\/postQueueImg_1678266873.80.jpg\",\"datePublished\":\"2023-03-08T12:44:29+00:00\",\"dateModified\":\"2023-03-08T12:58:18+00:00\",\"author\":{\"@id\":\"https:\/\/www.africa-press.net\/togo\/#\/schema\/person\/2b1cf3cd81a31e3cd26889ca66d677f1\"},\"description\":\"Depuis le de\u0301but de la phase de poules de la Coupe de la Confe\u0301de\u0301ration CAF, l\u2019ASKO de Kara n\u2019a pas gagne\u0301 un seul m ...\",\"breadcrumb\":{\"@id\":\"https:\/\/www.africa-press.net\/togo\/sports\/coupe-de-caf-asko-veut-enregistrer-une-premiere-victoire#breadcrumb\"},\"inLanguage\":\"fr-FR\",\"potentialAction\":[{\"@type\":\"ReadAction\",\"target\":[\"https:\/\/www.africa-press.net\/togo\/sports\/coupe-de-caf-asko-veut-enregistrer-une-premiere-victoire\"]}]},{\"@type\":\"ImageObject\",\"inLanguage\":\"fr-FR\",\"@id\":\"https:\/\/www.africa-press.net\/togo\/sports\/coupe-de-caf-asko-veut-enregistrer-une-premiere-victoire#primaryimage\",\"url\":\"https:\/\/static.africa-press.net\/togo\/sites\/58\/2023\/03\/postQueueImg_1678266873.80.jpg\",\"contentUrl\":\"https:\/\/static.africa-press.net\/togo\/sites\/58\/2023\/03\/postQueueImg_1678266873.80.jpg\",\"width\":1055,\"height\":750,\"caption\":\"Coupe de CAF : ASKO veut enregistrer une premi\u00e8re victoire\"},{\"@type\":\"BreadcrumbList\",\"@id\":\"https:\/\/www.africa-press.net\/togo\/sports\/coupe-de-caf-asko-veut-enregistrer-une-premiere-victoire#breadcrumb\",\"itemListElement\":[{\"@type\":\"ListItem\",\"position\":1,\"name\":\"Accueil\",\"item\":\"https:\/\/www.africa-press.net\/togo\/\"},{\"@type\":\"ListItem\",\"position\":2,\"name\":\"Coupe de CAF : ASKO veut enregistrer une premi\u00e8re victoire\"}]},{\"@type\":\"WebSite\",\"@id\":\"https:\/\/www.africa-press.net\/togo\/#website\",\"url\":\"https:\/\/www.africa-press.net\/togo\/\",\"name\":\"Togo\",\"description\":\"Just another Africa News Agency Sites site\",\"potentialAction\":[{\"@type\":\"SearchAction\",\"target\":{\"@type\":\"EntryPoint\",\"urlTemplate\":\"https:\/\/www.africa-press.net\/togo\/?s={search_term_string}\"},\"query-input\":{\"@type\":\"PropertyValueSpecification\",\"valueRequired\":true,\"valueName\":\"search_term_string\"}}],\"inLanguage\":\"fr-FR\"},{\"@type\":\"Person\",\"@id\":\"https:\/\/www.africa-press.net\/togo\/#\/schema\/person\/2b1cf3cd81a31e3cd26889ca66d677f1\",\"name\":\"cfeditorfr\"}]}<\/script>\n<!-- \/ Yoast SEO Premium plugin. -->","yoast_head_json":{"title":"Coupe de CAF : ASKO veut enregistrer une premi\u00e8re victoire - Togo","description":"Depuis le de\u0301but de la phase de poules de la Coupe de la Confe\u0301de\u0301ration CAF, l\u2019ASKO de Kara n\u2019a pas gagne\u0301 un seul m ...","robots":{"index":"index","follow":"follow","max-snippet":"max-snippet:-1","max-image-preview":"max-image-preview:large","max-video-preview":"max-video-preview:-1"},"canonical":"https:\/\/www.africa-press.net\/togo\/sports\/coupe-de-caf-asko-veut-enregistrer-une-premiere-victoire","og_locale":"fr_FR","og_type":"article","og_title":"Coupe de CAF : ASKO veut enregistrer une premi\u00e8re victoire","og_description":"Depuis le de\u0301but de la phase de poules de la Coupe de la Confe\u0301de\u0301ration CAF, l\u2019ASKO de Kara n\u2019a pas gagne\u0301 un seul m ...","og_url":"https:\/\/www.africa-press.net\/togo\/sports\/coupe-de-caf-asko-veut-enregistrer-une-premiere-victoire","og_site_name":"Togo","article_published_time":"2023-03-08T12:44:29+00:00","article_modified_time":"2023-03-08T12:58:18+00:00","og_image":[{"width":1055,"height":750,"url":"https:\/\/static.africa-press.net\/togo\/sites\/58\/2023\/03\/postQueueImg_1678266873.80.jpg","type":"image\/jpeg"}],"author":"cfeditorfr","twitter_card":"summary_large_image","twitter_misc":{"\u00c9crit par":"cfeditorfr","Dur\u00e9e de lecture estim\u00e9e":"2 minutes"},"schema":{"@context":"https:\/\/schema.org","@graph":[{"@type":"Article","@id":"https:\/\/www.africa-press.net\/togo\/sports\/coupe-de-caf-asko-veut-enregistrer-une-premiere-victoire#article","isPartOf":{"@id":"https:\/\/www.africa-press.net\/togo\/sports\/coupe-de-caf-asko-veut-enregistrer-une-premiere-victoire"},"author":{"name":"cfeditorfr","@id":"https:\/\/www.africa-press.net\/togo\/#\/schema\/person\/2b1cf3cd81a31e3cd26889ca66d677f1"},"headline":"Coupe de CAF : ASKO veut enregistrer une premi\u00e8re victoire","datePublished":"2023-03-08T12:44:29+00:00","dateModified":"2023-03-08T12:58:18+00:00","mainEntityOfPage":{"@id":"https:\/\/www.africa-press.net\/togo\/sports\/coupe-de-caf-asko-veut-enregistrer-une-premiere-victoire"},"wordCount":338,"commentCount":0,"image":{"@id":"https:\/\/www.africa-press.net\/togo\/sports\/coupe-de-caf-asko-veut-enregistrer-une-premiere-victoire#primaryimage"},"thumbnailUrl":"https:\/\/static.africa-press.net\/togo\/sites\/58\/2023\/03\/postQueueImg_1678266873.80.jpg","keywords":["Africa Press","Africa Press-Togo","Togo"],"articleSection":["Sports","Toutes les actualit\u00e9s"],"inLanguage":"fr-FR","potentialAction":[{"@type":"CommentAction","name":"Comment","target":["https:\/\/www.africa-press.net\/togo\/sports\/coupe-de-caf-asko-veut-enregistrer-une-premiere-victoire#respond"]}]},{"@type":"WebPage","@id":"https:\/\/www.africa-press.net\/togo\/sports\/coupe-de-caf-asko-veut-enregistrer-une-premiere-victoire","url":"https:\/\/www.africa-press.net\/togo\/sports\/coupe-de-caf-asko-veut-enregistrer-une-premiere-victoire","name":"Coupe de CAF : ASKO veut enregistrer une premi\u00e8re victoire - Togo","isPartOf":{"@id":"https:\/\/www.africa-press.net\/togo\/#website"},"primaryImageOfPage":{"@id":"https:\/\/www.africa-press.net\/togo\/sports\/coupe-de-caf-asko-veut-enregistrer-une-premiere-victoire#primaryimage"},"image":{"@id":"https:\/\/www.africa-press.net\/togo\/sports\/coupe-de-caf-asko-veut-enregistrer-une-premiere-victoire#primaryimage"},"thumbnailUrl":"https:\/\/static.africa-press.net\/togo\/sites\/58\/2023\/03\/postQueueImg_1678266873.80.jpg","datePublished":"2023-03-08T12:44:29+00:00","dateModified":"2023-03-08T12:58:18+00:00","author":{"@id":"https:\/\/www.africa-press.net\/togo\/#\/schema\/person\/2b1cf3cd81a31e3cd26889ca66d677f1"},"description":"Depuis le de\u0301but de la phase de poules de la Coupe de la Confe\u0301de\u0301ration CAF, l\u2019ASKO de Kara n\u2019a pas gagne\u0301 un seul m ...","breadcrumb":{"@id":"https:\/\/www.africa-press.net\/togo\/sports\/coupe-de-caf-asko-veut-enregistrer-une-premiere-victoire#breadcrumb"},"inLanguage":"fr-FR","potentialAction":[{"@type":"ReadAction","target":["https:\/\/www.africa-press.net\/togo\/sports\/coupe-de-caf-asko-veut-enregistrer-une-premiere-victoire"]}]},{"@type":"ImageObject","inLanguage":"fr-FR","@id":"https:\/\/www.africa-press.net\/togo\/sports\/coupe-de-caf-asko-veut-enregistrer-une-premiere-victoire#primaryimage","url":"https:\/\/static.africa-press.net\/togo\/sites\/58\/2023\/03\/postQueueImg_1678266873.80.jpg","contentUrl":"https:\/\/static.africa-press.net\/togo\/sites\/58\/2023\/03\/postQueueImg_1678266873.80.jpg","width":1055,"height":750,"caption":"Coupe de CAF : ASKO veut enregistrer une premi\u00e8re victoire"},{"@type":"BreadcrumbList","@id":"https:\/\/www.africa-press.net\/togo\/sports\/coupe-de-caf-asko-veut-enregistrer-une-premiere-victoire#breadcrumb","itemListElement":[{"@type":"ListItem","position":1,"name":"Accueil","item":"https:\/\/www.africa-press.net\/togo\/"},{"@type":"ListItem","position":2,"name":"Coupe de CAF : ASKO veut enregistrer une premi\u00e8re victoire"}]},{"@type":"WebSite","@id":"https:\/\/www.africa-press.net\/togo\/#website","url":"https:\/\/www.africa-press.net\/togo\/","name":"Togo","description":"Just another Africa News Agency Sites site","potentialAction":[{"@type":"SearchAction","target":{"@type":"EntryPoint","urlTemplate":"https:\/\/www.africa-press.net\/togo\/?s={search_term_string}"},"query-input":{"@type":"PropertyValueSpecification","valueRequired":true,"valueName":"search_term_string"}}],"inLanguage":"fr-FR"},{"@type":"Person","@id":"https:\/\/www.africa-press.net\/togo\/#\/schema\/person\/2b1cf3cd81a31e3cd26889ca66d677f1","name":"cfeditorfr"}]}},"_links":{"self":[{"href":"https:\/\/www.africa-press.net\/togo\/wp-json\/wp\/v2\/posts\/18249","targetHints":{"allow":["GET"]}}],"collection":[{"href":"https:\/\/www.africa-press.net\/togo\/wp-json\/wp\/v2\/posts"}],"about":[{"href":"https:\/\/www.africa-press.net\/togo\/wp-json\/wp\/v2\/types\/post"}],"author":[{"embeddable":true,"href":"https:\/\/www.africa-press.net\/togo\/wp-json\/wp\/v2\/users\/82"}],"replies":[{"embeddable":true,"href":"https:\/\/www.africa-press.net\/togo\/wp-json\/wp\/v2\/comments?post=18249"}],"version-history":[{"count":0,"href":"https:\/\/www.africa-press.net\/togo\/wp-json\/wp\/v2\/posts\/18249\/revisions"}],"wp:featuredmedia":[{"embeddable":true,"href":"https:\/\/www.africa-press.net\/togo\/wp-json\/wp\/v2\/media\/18247"}],"wp:attachment":[{"href":"https:\/\/www.africa-press.net\/togo\/wp-json\/wp\/v2\/media?parent=18249"}],"wp:term":[{"taxonomy":"category","embeddable":true,"href":"https:\/\/www.africa-press.net\/togo\/wp-json\/wp\/v2\/categories?post=18249"},{"taxonomy":"post_tag","embeddable":true,"href":"https:\/\/www.africa-press.net\/togo\/wp-json\/wp\/v2\/tags?post=18249"}],"curies":[{"name":"wp","href":"https:\/\/api.w.org\/{rel}","templated":true}]}}