{"id":18252,"date":"2023-03-08T12:44:39","date_gmt":"2023-03-08T12:44:39","guid":{"rendered":"https:\/\/www.africa-press.net\/togo\/politique\/togo-journee-internationale-des-femmes-message-de-faure-gnassingbe"},"modified":"2023-03-08T12:59:02","modified_gmt":"2023-03-08T12:59:02","slug":"togo-journee-internationale-des-femmes-message-de-faure-gnassingbe","status":"publish","type":"post","link":"https:\/\/www.africa-press.net\/togo\/politique\/togo-journee-internationale-des-femmes-message-de-faure-gnassingbe","title":{"rendered":"Togo-Journ\u00e9e Internationale des Femmes: Message de Faure Gnassingb\u00e9"},"content":{"rendered":"<p><span style=\"color: #ff6600\"><strong>Africa-Press &#8211; Togo. <\/strong><\/span><b>A l\u2019occasion de la Journe\u0301e Internationale des Droits des Femmes, ce mercredi 08 mars 2023, le Chef de l\u2019E\u0301tat Togolais, Faure Essozimna Gnassingbe\u0301 a adresse\u0301 un message a\u0300 ses compatriotes<\/b>.<\/p>\n<p>\u00ab Les progre\u0300s des femmes sont les progre\u0300s de toute la socie\u0301te\u0301. Autonomie, e\u0301galite\u0301 et dignite\u0301 pour toutes sont les priorite\u0301s que j\u2019ai confie\u0301es au gouvernement.\u00bb, a-t-il d\u2019abord affirme\u0301 dans sa courte de\u0301claration.<\/p>\n<p>\u00ab En cette journe\u0301e du 08 mars, je voudrais saluer les formidables accomplissements des femmes et des filles de toutes les re\u0301gions de notre pays. Vous e\u0302tes les symboles vivants de notre re\u0301ussite collective. Vous e\u0302tes les message\u0300res de notre futur radieux.\u00bb, ajoute-t\u2019il.<\/p>\n<p>Faure Gnassingbe\u0301 va ensuite assurer ses compatriotes de compter sur sa \u00abde\u0301termination a\u0300 construire une socie\u0301te\u0301 togolaise e\u0301galitaire\u00bb.<\/p>\n<p><strong>Pour plus d&rsquo;informations et d&rsquo;analyses sur la <a href=\"https:\/\/www.africa-press.net\/togo\">Togo<\/a>, suivez <a href=\"https:\/\/www.africa-press.net\/\">Africa-Press<\/a><\/strong><\/p>\n","protected":false},"excerpt":{"rendered":"<p>Africa-Press &#8211; Togo. A l\u2019occasion de la Journe\u0301e Internationale des Droits des Femmes, ce mercredi 08 mars 2023, le Chef de l\u2019E\u0301tat Togolais, Faure Essozimna Gnassingbe\u0301 a adresse\u0301 un message a\u0300 ses compatriotes. \u00ab Les progre\u0300s des femmes sont les progre\u0300s de toute la socie\u0301te\u0301. Autonomie, e\u0301galite\u0301 et dignite\u0301 pour toutes sont les priorite\u0301s que [&hellip;]<\/p>\n","protected":false},"author":82,"featured_media":18251,"comment_status":"open","ping_status":"closed","sticky":false,"template":"","format":"standard","meta":{"footnotes":""},"categories":[2,10],"tags":[36,49,50],"class_list":["post-18252","post","type-post","status-publish","format-standard","has-post-thumbnail","hentry","category-politique","category-toutes-les-actualites","tag-africa-press","tag-africa-press-togo","tag-togo"],"yoast_head":"<!-- This site is optimized with the Yoast SEO Premium plugin v26.1 (Yoast SEO v27.0) - https:\/\/yoast.com\/product\/yoast-seo-premium-wordpress\/ -->\n<title>Togo-Journ\u00e9e Internationale des Femmes: Message de Faure Gnassingb\u00e9 - Togo<\/title>\n<meta name=\"robots\" content=\"index, follow, max-snippet:-1, max-image-preview:large, max-video-preview:-1\" \/>\n<link rel=\"canonical\" href=\"https:\/\/www.africa-press.net\/togo\/politique\/togo-journee-internationale-des-femmes-message-de-faure-gnassingbe\" \/>\n<meta property=\"og:locale\" content=\"fr_FR\" \/>\n<meta property=\"og:type\" content=\"article\" \/>\n<meta property=\"og:title\" content=\"Togo-Journ\u00e9e Internationale des Femmes: Message de Faure Gnassingb\u00e9\" \/>\n<meta property=\"og:description\" content=\"Africa-Press &#8211; Togo. A l\u2019occasion de la Journe\u0301e Internationale des Droits des Femmes, ce mercredi 08 mars 2023, le Chef de l\u2019E\u0301tat Togolais, Faure Essozimna Gnassingbe\u0301 a adresse\u0301 un message a\u0300 ses compatriotes. \u00ab Les progre\u0300s des femmes sont les progre\u0300s de toute la socie\u0301te\u0301. Autonomie, e\u0301galite\u0301 et dignite\u0301 pour toutes sont les priorite\u0301s que [&hellip;]\" \/>\n<meta property=\"og:url\" content=\"https:\/\/www.africa-press.net\/togo\/politique\/togo-journee-internationale-des-femmes-message-de-faure-gnassingbe\" \/>\n<meta property=\"og:site_name\" content=\"Togo\" \/>\n<meta property=\"article:published_time\" content=\"2023-03-08T12:44:39+00:00\" \/>\n<meta property=\"article:modified_time\" content=\"2023-03-08T12:59:02+00:00\" \/>\n<meta name=\"author\" content=\"cfeditorfr\" \/>\n<meta name=\"twitter:card\" content=\"summary_large_image\" \/>\n<meta name=\"twitter:label1\" content=\"\u00c9crit par\" \/>\n\t<meta name=\"twitter:data1\" content=\"cfeditorfr\" \/>\n\t<meta name=\"twitter:label2\" content=\"Dur\u00e9e de lecture estim\u00e9e\" \/>\n\t<meta name=\"twitter:data2\" content=\"1 minute\" \/>\n<script type=\"application\/ld+json\" class=\"yoast-schema-graph\">{\"@context\":\"https:\/\/schema.org\",\"@graph\":[{\"@type\":\"Article\",\"@id\":\"https:\/\/www.africa-press.net\/togo\/politique\/togo-journee-internationale-des-femmes-message-de-faure-gnassingbe#article\",\"isPartOf\":{\"@id\":\"https:\/\/www.africa-press.net\/togo\/politique\/togo-journee-internationale-des-femmes-message-de-faure-gnassingbe\"},\"author\":{\"name\":\"cfeditorfr\",\"@id\":\"https:\/\/www.africa-press.net\/togo\/#\/schema\/person\/2b1cf3cd81a31e3cd26889ca66d677f1\"},\"headline\":\"Togo-Journ\u00e9e Internationale des Femmes: Message de Faure Gnassingb\u00e9\",\"datePublished\":\"2023-03-08T12:44:39+00:00\",\"dateModified\":\"2023-03-08T12:59:02+00:00\",\"mainEntityOfPage\":{\"@id\":\"https:\/\/www.africa-press.net\/togo\/politique\/togo-journee-internationale-des-femmes-message-de-faure-gnassingbe\"},\"wordCount\":166,\"commentCount\":0,\"image\":{\"@id\":\"https:\/\/www.africa-press.net\/togo\/politique\/togo-journee-internationale-des-femmes-message-de-faure-gnassingbe#primaryimage\"},\"thumbnailUrl\":\"https:\/\/static.africa-press.net\/togo\/sites\/58\/2023\/03\/postQueueImg_1678266882.60.jpg\",\"keywords\":[\"Africa Press\",\"Africa Press-Togo\",\"Togo\"],\"articleSection\":[\"Politique\",\"Toutes les actualit\u00e9s\"],\"inLanguage\":\"fr-FR\",\"potentialAction\":[{\"@type\":\"CommentAction\",\"name\":\"Comment\",\"target\":[\"https:\/\/www.africa-press.net\/togo\/politique\/togo-journee-internationale-des-femmes-message-de-faure-gnassingbe#respond\"]}]},{\"@type\":\"WebPage\",\"@id\":\"https:\/\/www.africa-press.net\/togo\/politique\/togo-journee-internationale-des-femmes-message-de-faure-gnassingbe\",\"url\":\"https:\/\/www.africa-press.net\/togo\/politique\/togo-journee-internationale-des-femmes-message-de-faure-gnassingbe\",\"name\":\"Togo-Journ\u00e9e Internationale des Femmes: Message de Faure Gnassingb\u00e9 - Togo\",\"isPartOf\":{\"@id\":\"https:\/\/www.africa-press.net\/togo\/#website\"},\"primaryImageOfPage\":{\"@id\":\"https:\/\/www.africa-press.net\/togo\/politique\/togo-journee-internationale-des-femmes-message-de-faure-gnassingbe#primaryimage\"},\"image\":{\"@id\":\"https:\/\/www.africa-press.net\/togo\/politique\/togo-journee-internationale-des-femmes-message-de-faure-gnassingbe#primaryimage\"},\"thumbnailUrl\":\"https:\/\/static.africa-press.net\/togo\/sites\/58\/2023\/03\/postQueueImg_1678266882.60.jpg\",\"datePublished\":\"2023-03-08T12:44:39+00:00\",\"dateModified\":\"2023-03-08T12:59:02+00:00\",\"author\":{\"@id\":\"https:\/\/www.africa-press.net\/togo\/#\/schema\/person\/2b1cf3cd81a31e3cd26889ca66d677f1\"},\"breadcrumb\":{\"@id\":\"https:\/\/www.africa-press.net\/togo\/politique\/togo-journee-internationale-des-femmes-message-de-faure-gnassingbe#breadcrumb\"},\"inLanguage\":\"fr-FR\",\"potentialAction\":[{\"@type\":\"ReadAction\",\"target\":[\"https:\/\/www.africa-press.net\/togo\/politique\/togo-journee-internationale-des-femmes-message-de-faure-gnassingbe\"]}]},{\"@type\":\"ImageObject\",\"inLanguage\":\"fr-FR\",\"@id\":\"https:\/\/www.africa-press.net\/togo\/politique\/togo-journee-internationale-des-femmes-message-de-faure-gnassingbe#primaryimage\",\"url\":\"https:\/\/static.africa-press.net\/togo\/sites\/58\/2023\/03\/postQueueImg_1678266882.60.jpg\",\"contentUrl\":\"https:\/\/static.africa-press.net\/togo\/sites\/58\/2023\/03\/postQueueImg_1678266882.60.jpg\",\"width\":1280,\"height\":720,\"caption\":\"Togo-Journ\u00e9e Internationale des Femmes: Message de Faure Gnassingb\u00e9\"},{\"@type\":\"BreadcrumbList\",\"@id\":\"https:\/\/www.africa-press.net\/togo\/politique\/togo-journee-internationale-des-femmes-message-de-faure-gnassingbe#breadcrumb\",\"itemListElement\":[{\"@type\":\"ListItem\",\"position\":1,\"name\":\"Accueil\",\"item\":\"https:\/\/www.africa-press.net\/togo\/\"},{\"@type\":\"ListItem\",\"position\":2,\"name\":\"Togo-Journ\u00e9e Internationale des Femmes: Message de Faure Gnassingb\u00e9\"}]},{\"@type\":\"WebSite\",\"@id\":\"https:\/\/www.africa-press.net\/togo\/#website\",\"url\":\"https:\/\/www.africa-press.net\/togo\/\",\"name\":\"Togo\",\"description\":\"Just another Africa News Agency Sites site\",\"potentialAction\":[{\"@type\":\"SearchAction\",\"target\":{\"@type\":\"EntryPoint\",\"urlTemplate\":\"https:\/\/www.africa-press.net\/togo\/?s={search_term_string}\"},\"query-input\":{\"@type\":\"PropertyValueSpecification\",\"valueRequired\":true,\"valueName\":\"search_term_string\"}}],\"inLanguage\":\"fr-FR\"},{\"@type\":\"Person\",\"@id\":\"https:\/\/www.africa-press.net\/togo\/#\/schema\/person\/2b1cf3cd81a31e3cd26889ca66d677f1\",\"name\":\"cfeditorfr\"}]}<\/script>\n<!-- \/ Yoast SEO Premium plugin. -->","yoast_head_json":{"title":"Togo-Journ\u00e9e Internationale des Femmes: Message de Faure Gnassingb\u00e9 - Togo","robots":{"index":"index","follow":"follow","max-snippet":"max-snippet:-1","max-image-preview":"max-image-preview:large","max-video-preview":"max-video-preview:-1"},"canonical":"https:\/\/www.africa-press.net\/togo\/politique\/togo-journee-internationale-des-femmes-message-de-faure-gnassingbe","og_locale":"fr_FR","og_type":"article","og_title":"Togo-Journ\u00e9e Internationale des Femmes: Message de Faure Gnassingb\u00e9","og_description":"Africa-Press &#8211; Togo. A l\u2019occasion de la Journe\u0301e Internationale des Droits des Femmes, ce mercredi 08 mars 2023, le Chef de l\u2019E\u0301tat Togolais, Faure Essozimna Gnassingbe\u0301 a adresse\u0301 un message a\u0300 ses compatriotes. \u00ab Les progre\u0300s des femmes sont les progre\u0300s de toute la socie\u0301te\u0301. Autonomie, e\u0301galite\u0301 et dignite\u0301 pour toutes sont les priorite\u0301s que [&hellip;]","og_url":"https:\/\/www.africa-press.net\/togo\/politique\/togo-journee-internationale-des-femmes-message-de-faure-gnassingbe","og_site_name":"Togo","article_published_time":"2023-03-08T12:44:39+00:00","article_modified_time":"2023-03-08T12:59:02+00:00","author":"cfeditorfr","twitter_card":"summary_large_image","twitter_misc":{"\u00c9crit par":"cfeditorfr","Dur\u00e9e de lecture estim\u00e9e":"1 minute"},"schema":{"@context":"https:\/\/schema.org","@graph":[{"@type":"Article","@id":"https:\/\/www.africa-press.net\/togo\/politique\/togo-journee-internationale-des-femmes-message-de-faure-gnassingbe#article","isPartOf":{"@id":"https:\/\/www.africa-press.net\/togo\/politique\/togo-journee-internationale-des-femmes-message-de-faure-gnassingbe"},"author":{"name":"cfeditorfr","@id":"https:\/\/www.africa-press.net\/togo\/#\/schema\/person\/2b1cf3cd81a31e3cd26889ca66d677f1"},"headline":"Togo-Journ\u00e9e Internationale des Femmes: Message de Faure Gnassingb\u00e9","datePublished":"2023-03-08T12:44:39+00:00","dateModified":"2023-03-08T12:59:02+00:00","mainEntityOfPage":{"@id":"https:\/\/www.africa-press.net\/togo\/politique\/togo-journee-internationale-des-femmes-message-de-faure-gnassingbe"},"wordCount":166,"commentCount":0,"image":{"@id":"https:\/\/www.africa-press.net\/togo\/politique\/togo-journee-internationale-des-femmes-message-de-faure-gnassingbe#primaryimage"},"thumbnailUrl":"https:\/\/static.africa-press.net\/togo\/sites\/58\/2023\/03\/postQueueImg_1678266882.60.jpg","keywords":["Africa Press","Africa Press-Togo","Togo"],"articleSection":["Politique","Toutes les actualit\u00e9s"],"inLanguage":"fr-FR","potentialAction":[{"@type":"CommentAction","name":"Comment","target":["https:\/\/www.africa-press.net\/togo\/politique\/togo-journee-internationale-des-femmes-message-de-faure-gnassingbe#respond"]}]},{"@type":"WebPage","@id":"https:\/\/www.africa-press.net\/togo\/politique\/togo-journee-internationale-des-femmes-message-de-faure-gnassingbe","url":"https:\/\/www.africa-press.net\/togo\/politique\/togo-journee-internationale-des-femmes-message-de-faure-gnassingbe","name":"Togo-Journ\u00e9e Internationale des Femmes: Message de Faure Gnassingb\u00e9 - Togo","isPartOf":{"@id":"https:\/\/www.africa-press.net\/togo\/#website"},"primaryImageOfPage":{"@id":"https:\/\/www.africa-press.net\/togo\/politique\/togo-journee-internationale-des-femmes-message-de-faure-gnassingbe#primaryimage"},"image":{"@id":"https:\/\/www.africa-press.net\/togo\/politique\/togo-journee-internationale-des-femmes-message-de-faure-gnassingbe#primaryimage"},"thumbnailUrl":"https:\/\/static.africa-press.net\/togo\/sites\/58\/2023\/03\/postQueueImg_1678266882.60.jpg","datePublished":"2023-03-08T12:44:39+00:00","dateModified":"2023-03-08T12:59:02+00:00","author":{"@id":"https:\/\/www.africa-press.net\/togo\/#\/schema\/person\/2b1cf3cd81a31e3cd26889ca66d677f1"},"breadcrumb":{"@id":"https:\/\/www.africa-press.net\/togo\/politique\/togo-journee-internationale-des-femmes-message-de-faure-gnassingbe#breadcrumb"},"inLanguage":"fr-FR","potentialAction":[{"@type":"ReadAction","target":["https:\/\/www.africa-press.net\/togo\/politique\/togo-journee-internationale-des-femmes-message-de-faure-gnassingbe"]}]},{"@type":"ImageObject","inLanguage":"fr-FR","@id":"https:\/\/www.africa-press.net\/togo\/politique\/togo-journee-internationale-des-femmes-message-de-faure-gnassingbe#primaryimage","url":"https:\/\/static.africa-press.net\/togo\/sites\/58\/2023\/03\/postQueueImg_1678266882.60.jpg","contentUrl":"https:\/\/static.africa-press.net\/togo\/sites\/58\/2023\/03\/postQueueImg_1678266882.60.jpg","width":1280,"height":720,"caption":"Togo-Journ\u00e9e Internationale des Femmes: Message de Faure Gnassingb\u00e9"},{"@type":"BreadcrumbList","@id":"https:\/\/www.africa-press.net\/togo\/politique\/togo-journee-internationale-des-femmes-message-de-faure-gnassingbe#breadcrumb","itemListElement":[{"@type":"ListItem","position":1,"name":"Accueil","item":"https:\/\/www.africa-press.net\/togo\/"},{"@type":"ListItem","position":2,"name":"Togo-Journ\u00e9e Internationale des Femmes: Message de Faure Gnassingb\u00e9"}]},{"@type":"WebSite","@id":"https:\/\/www.africa-press.net\/togo\/#website","url":"https:\/\/www.africa-press.net\/togo\/","name":"Togo","description":"Just another Africa News Agency Sites site","potentialAction":[{"@type":"SearchAction","target":{"@type":"EntryPoint","urlTemplate":"https:\/\/www.africa-press.net\/togo\/?s={search_term_string}"},"query-input":{"@type":"PropertyValueSpecification","valueRequired":true,"valueName":"search_term_string"}}],"inLanguage":"fr-FR"},{"@type":"Person","@id":"https:\/\/www.africa-press.net\/togo\/#\/schema\/person\/2b1cf3cd81a31e3cd26889ca66d677f1","name":"cfeditorfr"}]}},"_links":{"self":[{"href":"https:\/\/www.africa-press.net\/togo\/wp-json\/wp\/v2\/posts\/18252","targetHints":{"allow":["GET"]}}],"collection":[{"href":"https:\/\/www.africa-press.net\/togo\/wp-json\/wp\/v2\/posts"}],"about":[{"href":"https:\/\/www.africa-press.net\/togo\/wp-json\/wp\/v2\/types\/post"}],"author":[{"embeddable":true,"href":"https:\/\/www.africa-press.net\/togo\/wp-json\/wp\/v2\/users\/82"}],"replies":[{"embeddable":true,"href":"https:\/\/www.africa-press.net\/togo\/wp-json\/wp\/v2\/comments?post=18252"}],"version-history":[{"count":0,"href":"https:\/\/www.africa-press.net\/togo\/wp-json\/wp\/v2\/posts\/18252\/revisions"}],"wp:featuredmedia":[{"embeddable":true,"href":"https:\/\/www.africa-press.net\/togo\/wp-json\/wp\/v2\/media\/18251"}],"wp:attachment":[{"href":"https:\/\/www.africa-press.net\/togo\/wp-json\/wp\/v2\/media?parent=18252"}],"wp:term":[{"taxonomy":"category","embeddable":true,"href":"https:\/\/www.africa-press.net\/togo\/wp-json\/wp\/v2\/categories?post=18252"},{"taxonomy":"post_tag","embeddable":true,"href":"https:\/\/www.africa-press.net\/togo\/wp-json\/wp\/v2\/tags?post=18252"}],"curies":[{"name":"wp","href":"https:\/\/api.w.org\/{rel}","templated":true}]}}