{"id":18256,"date":"2023-03-08T12:45:07","date_gmt":"2023-03-08T12:45:07","guid":{"rendered":"https:\/\/www.africa-press.net\/togo\/politique\/togo-les-eveques-a-lecole"},"modified":"2023-03-08T22:18:48","modified_gmt":"2023-03-08T22:18:48","slug":"togo-les-eveques-a-lecole","status":"publish","type":"post","link":"https:\/\/www.africa-press.net\/togo\/toutes-les-actualites\/togo-les-eveques-a-lecole","title":{"rendered":"Togo-Les \u00c9v\u00eaques \u00e0 l\u2019\u00e9cole"},"content":{"rendered":"<p><span style=\"color: #ff6600\"><strong>Africa-Press &#8211; Togo. <\/strong><\/span><b>La premie\u0300re session ordinaire de l\u2019anne\u0301e 2023 de la CET a commence\u0301 ce lundi 6 mars 2023. Les travaux ont de\u0301marre\u0301 par une journe\u0301e de formation permanente.<\/b><\/p>\n<p>\u00ab OUVERTURE CE MATIN DE LA 132EME SESSION ORDINAIRE DE LA CONFE\u0301RENCE DES E\u0301VE\u0302QUES DU TOGO.<\/p>\n<p>?Pre\u0301vus pour durer cinq jours, les travaux de la premie\u0300re session ordinaire de l\u2019anne\u0301e 2023 de la Confe\u0301rence des E\u0301ve\u0302ques du Togo ont de\u0301marre\u0301 hier lundi 6 mars 2023, avec une journe\u0301e de formation permanente.<\/p>\n<p>?En effet, les E\u0301ve\u0302ques, dans leur ro\u0302le d\u2019enseigner le peuple de Dieu, ont toujours senti le devoir d\u2019une formation permanente, tel qu\u2019ils la conseillent a\u0300 leurs collaborateurs les pre\u0302tres. Ainsi, dans la journe\u0301e du lundi 6 mars 2023, ils vont s\u2019impre\u0301gner du contenu du Motu proprio Competencias quasdam decernere du 11 fe\u0301vrier 2022 du Pape Franc\u0327ois, par laquelle sont modifie\u0301es certaines normes du Code de Droit Canonique, et du Code des Canons des Eglises Orientales.<\/p>\n<p>?Ils vont ensuite prendre connaissance des Textes juridiques re\u0301glementaires de l\u2019Enseignement adopte\u0301s dernie\u0300rement, pour leur appropriation. Lors de cette session, S.E. Mgr Mark Gerard MILES le Nonce Apostolique va entretenir les E\u0301ve\u0302ques sur des sujets de son choix.<\/p>\n<p>?Les Eve\u0302ques accorderont des audiences et traiteront de divers sujets d\u2019ordre socio-pastoral dont entre autres, leur prochaine visite ad limina a\u0300 Rome, le synode sur la synodalite\u0301, la protection des mineurs et des personnes vulne\u0301rables, le dialogue interreligieux, les prochaines journe\u0301es Mondiales de la Jeunesse, Lisbonne 2023.<\/p>\n<p>?En marge de cette premie\u0300re session de l\u2019anne\u0301e, les E\u0301ve\u0302ques feront une visite pastorale au Grand Se\u0301minaire Saint Jean Paul II de Lome\u0301 pour des moments d\u2019e\u0301changes, tant avec les formateurs qu\u2019avec les se\u0301minaristes.<\/p>\n<p>?Puisse le Seigneur par nos prie\u0300res les assister pour une fructueuse session.<\/p>\n<p>\u25baPe\u0300re Emile SEGBEDJI \u25baSecre\u0301taire Ge\u0301ne\u0301ral de la CET. \u00bb<\/p>\n<p><strong>Pour plus d&rsquo;informations et d&rsquo;analyses sur la <a href=\"https:\/\/www.africa-press.net\/togo\">Togo<\/a>, suivez <a href=\"https:\/\/www.africa-press.net\/\">Africa-Press<\/a><\/strong><\/p>\n","protected":false},"excerpt":{"rendered":"<p>Africa-Press &#8211; Togo. La premie\u0300re session ordinaire de l\u2019anne\u0301e 2023 de la CET a commence\u0301 ce lundi 6 mars 2023. Les travaux ont de\u0301marre\u0301 par une journe\u0301e de formation permanente. \u00ab OUVERTURE CE MATIN DE LA 132EME SESSION ORDINAIRE DE LA CONFE\u0301RENCE DES E\u0301VE\u0302QUES DU TOGO. ?Pre\u0301vus pour durer cinq jours, les travaux de la [&hellip;]<\/p>\n","protected":false},"author":82,"featured_media":18255,"comment_status":"open","ping_status":"closed","sticky":false,"template":"","format":"standard","meta":{"footnotes":""},"categories":[21,10],"tags":[36,49,50],"class_list":["post-18256","post","type-post","status-publish","format-standard","has-post-thumbnail","hentry","category-communaute","category-toutes-les-actualites","tag-africa-press","tag-africa-press-togo","tag-togo"],"yoast_head":"<!-- This site is optimized with the Yoast SEO Premium plugin v26.1 (Yoast SEO v27.0) - https:\/\/yoast.com\/product\/yoast-seo-premium-wordpress\/ -->\n<title>Togo-Les \u00c9v\u00eaques \u00e0 l\u2019\u00e9cole - Togo<\/title>\n<meta name=\"description\" content=\"La premie\u0300re session ordinaire de l\u2019anne\u0301e 2023 de la CET a commence\u0301 ce lundi 6 mars 2023. Les travaux ont de\u0301marre\u0301 ...\" \/>\n<meta name=\"robots\" content=\"index, follow, max-snippet:-1, max-image-preview:large, max-video-preview:-1\" \/>\n<link rel=\"canonical\" href=\"https:\/\/www.africa-press.net\/togo\/toutes-les-actualites\/togo-les-eveques-a-lecole\" \/>\n<meta property=\"og:locale\" content=\"fr_FR\" \/>\n<meta property=\"og:type\" content=\"article\" \/>\n<meta property=\"og:title\" content=\"Togo-Les \u00c9v\u00eaques \u00e0 l\u2019\u00e9cole\" \/>\n<meta property=\"og:description\" content=\"La premie\u0300re session ordinaire de l\u2019anne\u0301e 2023 de la CET a commence\u0301 ce lundi 6 mars 2023. Les travaux ont de\u0301marre\u0301 ...\" \/>\n<meta property=\"og:url\" content=\"https:\/\/www.africa-press.net\/togo\/toutes-les-actualites\/togo-les-eveques-a-lecole\" \/>\n<meta property=\"og:site_name\" content=\"Togo\" \/>\n<meta property=\"article:published_time\" content=\"2023-03-08T12:45:07+00:00\" \/>\n<meta property=\"article:modified_time\" content=\"2023-03-08T22:18:48+00:00\" \/>\n<meta property=\"og:image\" content=\"https:\/\/static.africa-press.net\/togo\/sites\/58\/2023\/03\/postQueueImg_1678266909.57.jpg\" \/>\n\t<meta property=\"og:image:width\" content=\"1280\" \/>\n\t<meta property=\"og:image:height\" content=\"800\" \/>\n\t<meta property=\"og:image:type\" content=\"image\/jpeg\" \/>\n<meta name=\"author\" content=\"cfeditorfr\" \/>\n<meta name=\"twitter:card\" content=\"summary_large_image\" \/>\n<meta name=\"twitter:label1\" content=\"\u00c9crit par\" \/>\n\t<meta name=\"twitter:data1\" content=\"cfeditorfr\" \/>\n\t<meta name=\"twitter:label2\" content=\"Dur\u00e9e de lecture estim\u00e9e\" \/>\n\t<meta name=\"twitter:data2\" content=\"2 minutes\" \/>\n<script type=\"application\/ld+json\" class=\"yoast-schema-graph\">{\"@context\":\"https:\/\/schema.org\",\"@graph\":[{\"@type\":\"Article\",\"@id\":\"https:\/\/www.africa-press.net\/togo\/toutes-les-actualites\/togo-les-eveques-a-lecole#article\",\"isPartOf\":{\"@id\":\"https:\/\/www.africa-press.net\/togo\/toutes-les-actualites\/togo-les-eveques-a-lecole\"},\"author\":{\"name\":\"cfeditorfr\",\"@id\":\"https:\/\/www.africa-press.net\/togo\/#\/schema\/person\/2b1cf3cd81a31e3cd26889ca66d677f1\"},\"headline\":\"Togo-Les \u00c9v\u00eaques \u00e0 l\u2019\u00e9cole\",\"datePublished\":\"2023-03-08T12:45:07+00:00\",\"dateModified\":\"2023-03-08T22:18:48+00:00\",\"mainEntityOfPage\":{\"@id\":\"https:\/\/www.africa-press.net\/togo\/toutes-les-actualites\/togo-les-eveques-a-lecole\"},\"wordCount\":356,\"commentCount\":0,\"image\":{\"@id\":\"https:\/\/www.africa-press.net\/togo\/toutes-les-actualites\/togo-les-eveques-a-lecole#primaryimage\"},\"thumbnailUrl\":\"https:\/\/static.africa-press.net\/togo\/sites\/58\/2023\/03\/postQueueImg_1678266909.57.jpg\",\"keywords\":[\"Africa Press\",\"Africa Press-Togo\",\"Togo\"],\"articleSection\":[\"Communaut\u00e9\",\"Toutes les actualit\u00e9s\"],\"inLanguage\":\"fr-FR\",\"potentialAction\":[{\"@type\":\"CommentAction\",\"name\":\"Comment\",\"target\":[\"https:\/\/www.africa-press.net\/togo\/toutes-les-actualites\/togo-les-eveques-a-lecole#respond\"]}]},{\"@type\":\"WebPage\",\"@id\":\"https:\/\/www.africa-press.net\/togo\/toutes-les-actualites\/togo-les-eveques-a-lecole\",\"url\":\"https:\/\/www.africa-press.net\/togo\/toutes-les-actualites\/togo-les-eveques-a-lecole\",\"name\":\"Togo-Les \u00c9v\u00eaques \u00e0 l\u2019\u00e9cole - Togo\",\"isPartOf\":{\"@id\":\"https:\/\/www.africa-press.net\/togo\/#website\"},\"primaryImageOfPage\":{\"@id\":\"https:\/\/www.africa-press.net\/togo\/toutes-les-actualites\/togo-les-eveques-a-lecole#primaryimage\"},\"image\":{\"@id\":\"https:\/\/www.africa-press.net\/togo\/toutes-les-actualites\/togo-les-eveques-a-lecole#primaryimage\"},\"thumbnailUrl\":\"https:\/\/static.africa-press.net\/togo\/sites\/58\/2023\/03\/postQueueImg_1678266909.57.jpg\",\"datePublished\":\"2023-03-08T12:45:07+00:00\",\"dateModified\":\"2023-03-08T22:18:48+00:00\",\"author\":{\"@id\":\"https:\/\/www.africa-press.net\/togo\/#\/schema\/person\/2b1cf3cd81a31e3cd26889ca66d677f1\"},\"description\":\"La premie\u0300re session ordinaire de l\u2019anne\u0301e 2023 de la CET a commence\u0301 ce lundi 6 mars 2023. Les travaux ont de\u0301marre\u0301 ...\",\"breadcrumb\":{\"@id\":\"https:\/\/www.africa-press.net\/togo\/toutes-les-actualites\/togo-les-eveques-a-lecole#breadcrumb\"},\"inLanguage\":\"fr-FR\",\"potentialAction\":[{\"@type\":\"ReadAction\",\"target\":[\"https:\/\/www.africa-press.net\/togo\/toutes-les-actualites\/togo-les-eveques-a-lecole\"]}]},{\"@type\":\"ImageObject\",\"inLanguage\":\"fr-FR\",\"@id\":\"https:\/\/www.africa-press.net\/togo\/toutes-les-actualites\/togo-les-eveques-a-lecole#primaryimage\",\"url\":\"https:\/\/static.africa-press.net\/togo\/sites\/58\/2023\/03\/postQueueImg_1678266909.57.jpg\",\"contentUrl\":\"https:\/\/static.africa-press.net\/togo\/sites\/58\/2023\/03\/postQueueImg_1678266909.57.jpg\",\"width\":1280,\"height\":800,\"caption\":\"Togo-Les \u00c9v\u00eaques \u00e0 l\u2019\u00e9cole\"},{\"@type\":\"BreadcrumbList\",\"@id\":\"https:\/\/www.africa-press.net\/togo\/toutes-les-actualites\/togo-les-eveques-a-lecole#breadcrumb\",\"itemListElement\":[{\"@type\":\"ListItem\",\"position\":1,\"name\":\"Accueil\",\"item\":\"https:\/\/www.africa-press.net\/togo\/\"},{\"@type\":\"ListItem\",\"position\":2,\"name\":\"Togo-Les \u00c9v\u00eaques \u00e0 l\u2019\u00e9cole\"}]},{\"@type\":\"WebSite\",\"@id\":\"https:\/\/www.africa-press.net\/togo\/#website\",\"url\":\"https:\/\/www.africa-press.net\/togo\/\",\"name\":\"Togo\",\"description\":\"Just another Africa News Agency Sites site\",\"potentialAction\":[{\"@type\":\"SearchAction\",\"target\":{\"@type\":\"EntryPoint\",\"urlTemplate\":\"https:\/\/www.africa-press.net\/togo\/?s={search_term_string}\"},\"query-input\":{\"@type\":\"PropertyValueSpecification\",\"valueRequired\":true,\"valueName\":\"search_term_string\"}}],\"inLanguage\":\"fr-FR\"},{\"@type\":\"Person\",\"@id\":\"https:\/\/www.africa-press.net\/togo\/#\/schema\/person\/2b1cf3cd81a31e3cd26889ca66d677f1\",\"name\":\"cfeditorfr\"}]}<\/script>\n<!-- \/ Yoast SEO Premium plugin. -->","yoast_head_json":{"title":"Togo-Les \u00c9v\u00eaques \u00e0 l\u2019\u00e9cole - Togo","description":"La premie\u0300re session ordinaire de l\u2019anne\u0301e 2023 de la CET a commence\u0301 ce lundi 6 mars 2023. Les travaux ont de\u0301marre\u0301 ...","robots":{"index":"index","follow":"follow","max-snippet":"max-snippet:-1","max-image-preview":"max-image-preview:large","max-video-preview":"max-video-preview:-1"},"canonical":"https:\/\/www.africa-press.net\/togo\/toutes-les-actualites\/togo-les-eveques-a-lecole","og_locale":"fr_FR","og_type":"article","og_title":"Togo-Les \u00c9v\u00eaques \u00e0 l\u2019\u00e9cole","og_description":"La premie\u0300re session ordinaire de l\u2019anne\u0301e 2023 de la CET a commence\u0301 ce lundi 6 mars 2023. Les travaux ont de\u0301marre\u0301 ...","og_url":"https:\/\/www.africa-press.net\/togo\/toutes-les-actualites\/togo-les-eveques-a-lecole","og_site_name":"Togo","article_published_time":"2023-03-08T12:45:07+00:00","article_modified_time":"2023-03-08T22:18:48+00:00","og_image":[{"width":1280,"height":800,"url":"https:\/\/static.africa-press.net\/togo\/sites\/58\/2023\/03\/postQueueImg_1678266909.57.jpg","type":"image\/jpeg"}],"author":"cfeditorfr","twitter_card":"summary_large_image","twitter_misc":{"\u00c9crit par":"cfeditorfr","Dur\u00e9e de lecture estim\u00e9e":"2 minutes"},"schema":{"@context":"https:\/\/schema.org","@graph":[{"@type":"Article","@id":"https:\/\/www.africa-press.net\/togo\/toutes-les-actualites\/togo-les-eveques-a-lecole#article","isPartOf":{"@id":"https:\/\/www.africa-press.net\/togo\/toutes-les-actualites\/togo-les-eveques-a-lecole"},"author":{"name":"cfeditorfr","@id":"https:\/\/www.africa-press.net\/togo\/#\/schema\/person\/2b1cf3cd81a31e3cd26889ca66d677f1"},"headline":"Togo-Les \u00c9v\u00eaques \u00e0 l\u2019\u00e9cole","datePublished":"2023-03-08T12:45:07+00:00","dateModified":"2023-03-08T22:18:48+00:00","mainEntityOfPage":{"@id":"https:\/\/www.africa-press.net\/togo\/toutes-les-actualites\/togo-les-eveques-a-lecole"},"wordCount":356,"commentCount":0,"image":{"@id":"https:\/\/www.africa-press.net\/togo\/toutes-les-actualites\/togo-les-eveques-a-lecole#primaryimage"},"thumbnailUrl":"https:\/\/static.africa-press.net\/togo\/sites\/58\/2023\/03\/postQueueImg_1678266909.57.jpg","keywords":["Africa Press","Africa Press-Togo","Togo"],"articleSection":["Communaut\u00e9","Toutes les actualit\u00e9s"],"inLanguage":"fr-FR","potentialAction":[{"@type":"CommentAction","name":"Comment","target":["https:\/\/www.africa-press.net\/togo\/toutes-les-actualites\/togo-les-eveques-a-lecole#respond"]}]},{"@type":"WebPage","@id":"https:\/\/www.africa-press.net\/togo\/toutes-les-actualites\/togo-les-eveques-a-lecole","url":"https:\/\/www.africa-press.net\/togo\/toutes-les-actualites\/togo-les-eveques-a-lecole","name":"Togo-Les \u00c9v\u00eaques \u00e0 l\u2019\u00e9cole - Togo","isPartOf":{"@id":"https:\/\/www.africa-press.net\/togo\/#website"},"primaryImageOfPage":{"@id":"https:\/\/www.africa-press.net\/togo\/toutes-les-actualites\/togo-les-eveques-a-lecole#primaryimage"},"image":{"@id":"https:\/\/www.africa-press.net\/togo\/toutes-les-actualites\/togo-les-eveques-a-lecole#primaryimage"},"thumbnailUrl":"https:\/\/static.africa-press.net\/togo\/sites\/58\/2023\/03\/postQueueImg_1678266909.57.jpg","datePublished":"2023-03-08T12:45:07+00:00","dateModified":"2023-03-08T22:18:48+00:00","author":{"@id":"https:\/\/www.africa-press.net\/togo\/#\/schema\/person\/2b1cf3cd81a31e3cd26889ca66d677f1"},"description":"La premie\u0300re session ordinaire de l\u2019anne\u0301e 2023 de la CET a commence\u0301 ce lundi 6 mars 2023. Les travaux ont de\u0301marre\u0301 ...","breadcrumb":{"@id":"https:\/\/www.africa-press.net\/togo\/toutes-les-actualites\/togo-les-eveques-a-lecole#breadcrumb"},"inLanguage":"fr-FR","potentialAction":[{"@type":"ReadAction","target":["https:\/\/www.africa-press.net\/togo\/toutes-les-actualites\/togo-les-eveques-a-lecole"]}]},{"@type":"ImageObject","inLanguage":"fr-FR","@id":"https:\/\/www.africa-press.net\/togo\/toutes-les-actualites\/togo-les-eveques-a-lecole#primaryimage","url":"https:\/\/static.africa-press.net\/togo\/sites\/58\/2023\/03\/postQueueImg_1678266909.57.jpg","contentUrl":"https:\/\/static.africa-press.net\/togo\/sites\/58\/2023\/03\/postQueueImg_1678266909.57.jpg","width":1280,"height":800,"caption":"Togo-Les \u00c9v\u00eaques \u00e0 l\u2019\u00e9cole"},{"@type":"BreadcrumbList","@id":"https:\/\/www.africa-press.net\/togo\/toutes-les-actualites\/togo-les-eveques-a-lecole#breadcrumb","itemListElement":[{"@type":"ListItem","position":1,"name":"Accueil","item":"https:\/\/www.africa-press.net\/togo\/"},{"@type":"ListItem","position":2,"name":"Togo-Les \u00c9v\u00eaques \u00e0 l\u2019\u00e9cole"}]},{"@type":"WebSite","@id":"https:\/\/www.africa-press.net\/togo\/#website","url":"https:\/\/www.africa-press.net\/togo\/","name":"Togo","description":"Just another Africa News Agency Sites site","potentialAction":[{"@type":"SearchAction","target":{"@type":"EntryPoint","urlTemplate":"https:\/\/www.africa-press.net\/togo\/?s={search_term_string}"},"query-input":{"@type":"PropertyValueSpecification","valueRequired":true,"valueName":"search_term_string"}}],"inLanguage":"fr-FR"},{"@type":"Person","@id":"https:\/\/www.africa-press.net\/togo\/#\/schema\/person\/2b1cf3cd81a31e3cd26889ca66d677f1","name":"cfeditorfr"}]}},"_links":{"self":[{"href":"https:\/\/www.africa-press.net\/togo\/wp-json\/wp\/v2\/posts\/18256","targetHints":{"allow":["GET"]}}],"collection":[{"href":"https:\/\/www.africa-press.net\/togo\/wp-json\/wp\/v2\/posts"}],"about":[{"href":"https:\/\/www.africa-press.net\/togo\/wp-json\/wp\/v2\/types\/post"}],"author":[{"embeddable":true,"href":"https:\/\/www.africa-press.net\/togo\/wp-json\/wp\/v2\/users\/82"}],"replies":[{"embeddable":true,"href":"https:\/\/www.africa-press.net\/togo\/wp-json\/wp\/v2\/comments?post=18256"}],"version-history":[{"count":0,"href":"https:\/\/www.africa-press.net\/togo\/wp-json\/wp\/v2\/posts\/18256\/revisions"}],"wp:featuredmedia":[{"embeddable":true,"href":"https:\/\/www.africa-press.net\/togo\/wp-json\/wp\/v2\/media\/18255"}],"wp:attachment":[{"href":"https:\/\/www.africa-press.net\/togo\/wp-json\/wp\/v2\/media?parent=18256"}],"wp:term":[{"taxonomy":"category","embeddable":true,"href":"https:\/\/www.africa-press.net\/togo\/wp-json\/wp\/v2\/categories?post=18256"},{"taxonomy":"post_tag","embeddable":true,"href":"https:\/\/www.africa-press.net\/togo\/wp-json\/wp\/v2\/tags?post=18256"}],"curies":[{"name":"wp","href":"https:\/\/api.w.org\/{rel}","templated":true}]}}