{"id":18263,"date":"2023-03-08T12:45:33","date_gmt":"2023-03-08T12:45:33","guid":{"rendered":"https:\/\/www.africa-press.net\/togo\/politique\/togo-le-harcelement-juridique-des-journalistes-ferdinand-ayite-et-isidore-doit-cesser"},"modified":"2023-03-08T22:20:34","modified_gmt":"2023-03-08T22:20:34","slug":"togo-le-harcelement-juridique-des-journalistes-ferdinand-ayite-et-isidore-doit-cesser","status":"publish","type":"post","link":"https:\/\/www.africa-press.net\/togo\/politique\/togo-le-harcelement-juridique-des-journalistes-ferdinand-ayite-et-isidore-doit-cesser","title":{"rendered":"Togo\u00a0: \u00ab Le harc\u00e8lement juridique des journalistes Ferdinand Ayit\u00e9 et Isidore doit cesser \u00bb"},"content":{"rendered":"<p><span style=\"color: #ff6600\"><strong>Africa-Press &#8211; Togo. <\/strong><\/span>Les autorite\u0301s togolaises devraient abandonner toutes les poursuites judiciaires contre les journalistes Ferdinand Ayite\u0301 et Isidore Kouwonou et leur permettre de travailler sans e\u0302tre harcele\u0301s ou menace\u0301s d\u2019arrestation, a de\u0301clare\u0301 lundi le Comite\u0301 pour la protection des journalistes (CPJ).<\/p>\n<p>Les deux journalistes ont e\u0301te\u0301 convoque\u0301s a\u0300 la Haute Cour de Lome\u0301, la capitale du pays, pour un proce\u0300s qui de\u0301butera le mercredi 8 mars, selon des rapports de presse, des documents judiciaires examine\u0301s par le CPJ et l\u2019avocat des journalistes, Me Elom Kpade, qui a parle\u0301 au CPJ par te\u0301le\u0301phone.<\/p>\n<p>Les autorite\u0301s reprochent a\u0300 Ayite\u0301, directeur de publication du journal prive\u0301 L\u2019Alternative, d\u2019avoir insulte\u0301 les autorite\u0301s publiques dans les reportages du journal, et a\u0300 Kouwonou, re\u0301dacteur en chef du journal, d\u2019avoir participe\u0301 a\u0300 ce de\u0301lit pre\u0301sume\u0301.<\/p>\n<p>Les documents judiciaires citent des articles du code pe\u0301nal togolais relatifs a\u0300 l\u2019insulte criminelle, passible d\u2019une peine de prison pouvant aller jusqu\u2019a\u0300 deux ans et d\u2019une amende de 1 million de francs ouest-africains (1 619 USD) ; a\u0300 la diffusion de fausses nouvelles, passible d\u2019une peine de prison pouvant aller jusqu\u2019a\u0300 deux ans et d\u2019une amende de 2 millions de francs (3 238 USD) ; et a\u0300 la re\u0301daction de fausses nouvelles, passible d\u2019une peine de prison pouvant aller jusqu\u2019a\u0300 trois ans et d\u2019une amende de 3 millions de francs (4 858 USD).<\/p>\n<p>\u201cLes autorite\u0301s togolaises doivent imme\u0301diatement cesser de harceler juridiquement les journalistes Ferdinand Ayite\u0301 et Isidore Kouwonou et leur permettre de travailler librement\u201d, a de\u0301clare\u0301 Angela Quintal, coordinatrice du programme Afrique du CPJ, a\u0300 New York. \u201cLes commentaires journalistiques sur des questions d\u2019inte\u0301re\u0302t public ne devraient jamais e\u0302tre criminalise\u0301s, et les convocations de\u0301livre\u0301es a\u0300 ces journalistes devraient e\u0302tre supprime\u0301es imme\u0301diatement.\u201d<\/p>\n<p>L\u2019affaire de\u0301coule d\u2019une e\u0301mission en ligne diffuse\u0301e par L\u2019Alternative fin 2021, dans laquelle Ayite\u0301 et le journaliste Joel Egah discutaient des alle\u0301gations de corruption impliquant deux ministres du gouvernement et des accusations selon lesquelles ils auraient manipule\u0301 le public, selon ces informations. Egah est de\u0301ce\u0301de\u0301 d\u2019une crise cardiaque en mars 2022.<\/p>\n<p>En de\u0301cembre 2021, la police a arre\u0302te\u0301 Ayite\u0301 et Egah pour cette e\u0301mission ; Kouwonou a e\u0301galement e\u0301te\u0301 convoque\u0301 par la police ce mois-la\u0300.<\/p>\n<p>Selon les documents judiciaires, Ayite\u0301 et Kouwonou ont publie\u0301 et distribue\u0301 de \u201cfausses nouvelles\u201d sur les me\u0301dias sociaux, susceptibles de \u201ctroubler la paix publique\u201d.<\/p>\n<p>L\u2019article 172 du code de la presse togolais stipule que les infractions impliquant des journalistes doivent e\u0302tre traite\u0301es par le re\u0301gulateur de la communication, mais l\u2019article 156 pre\u0301cise que les journalistes qui ont \u201cutilise\u0301 les re\u0301seaux sociaux comme moyen de communication\u201d pour commettre de telles infractions sont pluto\u0302t \u201cpunis conforme\u0301ment aux dispositions du droit commun.\u201d<\/p>\n<p>Le CPJ a appele\u0301 le procureur Mawama Talaka pour un commentaire, mais personne n\u2019a re\u0301pondu.<\/p>\n<p><strong>Pour plus d&rsquo;informations et d&rsquo;analyses sur la <a href=\"https:\/\/www.africa-press.net\/togo\">Togo<\/a>, suivez <a href=\"https:\/\/www.africa-press.net\/\">Africa-Press<\/a><\/strong><\/p>\n","protected":false},"excerpt":{"rendered":"<p>Africa-Press &#8211; Togo. Les autorite\u0301s togolaises devraient abandonner toutes les poursuites judiciaires contre les journalistes Ferdinand Ayite\u0301 et Isidore Kouwonou et leur permettre de travailler sans e\u0302tre harcele\u0301s ou menace\u0301s d\u2019arrestation, a de\u0301clare\u0301 lundi le Comite\u0301 pour la protection des journalistes (CPJ). Les deux journalistes ont e\u0301te\u0301 convoque\u0301s a\u0300 la Haute Cour de Lome\u0301, la [&hellip;]<\/p>\n","protected":false},"author":82,"featured_media":18261,"comment_status":"open","ping_status":"closed","sticky":false,"template":"","format":"standard","meta":{"footnotes":""},"categories":[2,10],"tags":[36,49,240,50],"class_list":["post-18263","post","type-post","status-publish","format-standard","has-post-thumbnail","hentry","category-politique","category-toutes-les-actualites","tag-africa-press","tag-africa-press-togo","tag-ferdinand-ayite","tag-togo"],"yoast_head":"<!-- This site is optimized with the Yoast SEO Premium plugin v26.1 (Yoast SEO v27.0) - https:\/\/yoast.com\/product\/yoast-seo-premium-wordpress\/ -->\n<title>Togo\u00a0: \u00ab Le harc\u00e8lement juridique des journalistes Ferdinand Ayit\u00e9 et Isidore doit cesser \u00bb - Togo<\/title>\n<meta name=\"description\" content=\"Les autorite\u0301s togolaises devraient abandonner toutes les poursuites judiciaires contre les journalistes Ferdinand Ayite ...\" \/>\n<meta name=\"robots\" content=\"index, follow, max-snippet:-1, max-image-preview:large, max-video-preview:-1\" \/>\n<link rel=\"canonical\" href=\"https:\/\/www.africa-press.net\/togo\/politique\/togo-le-harcelement-juridique-des-journalistes-ferdinand-ayite-et-isidore-doit-cesser\" \/>\n<meta property=\"og:locale\" content=\"fr_FR\" \/>\n<meta property=\"og:type\" content=\"article\" \/>\n<meta property=\"og:title\" content=\"Togo\u00a0: \u00ab Le harc\u00e8lement juridique des journalistes Ferdinand Ayit\u00e9 et Isidore doit cesser \u00bb\" \/>\n<meta property=\"og:description\" content=\"Les autorite\u0301s togolaises devraient abandonner toutes les poursuites judiciaires contre les journalistes Ferdinand Ayite ...\" \/>\n<meta property=\"og:url\" content=\"https:\/\/www.africa-press.net\/togo\/politique\/togo-le-harcelement-juridique-des-journalistes-ferdinand-ayite-et-isidore-doit-cesser\" \/>\n<meta property=\"og:site_name\" content=\"Togo\" \/>\n<meta property=\"article:published_time\" content=\"2023-03-08T12:45:33+00:00\" \/>\n<meta property=\"article:modified_time\" content=\"2023-03-08T22:20:34+00:00\" \/>\n<meta property=\"og:image\" content=\"https:\/\/static.africa-press.net\/togo\/sites\/58\/2023\/03\/postQueueImg_1678266965.41.jpg\" \/>\n\t<meta property=\"og:image:width\" content=\"720\" \/>\n\t<meta property=\"og:image:height\" content=\"517\" \/>\n\t<meta property=\"og:image:type\" content=\"image\/jpeg\" \/>\n<meta name=\"author\" content=\"cfeditorfr\" \/>\n<meta name=\"twitter:card\" content=\"summary_large_image\" \/>\n<meta name=\"twitter:label1\" content=\"\u00c9crit par\" \/>\n\t<meta name=\"twitter:data1\" content=\"cfeditorfr\" \/>\n\t<meta name=\"twitter:label2\" content=\"Dur\u00e9e de lecture estim\u00e9e\" \/>\n\t<meta name=\"twitter:data2\" content=\"3 minutes\" \/>\n<script type=\"application\/ld+json\" class=\"yoast-schema-graph\">{\"@context\":\"https:\/\/schema.org\",\"@graph\":[{\"@type\":\"Article\",\"@id\":\"https:\/\/www.africa-press.net\/togo\/politique\/togo-le-harcelement-juridique-des-journalistes-ferdinand-ayite-et-isidore-doit-cesser#article\",\"isPartOf\":{\"@id\":\"https:\/\/www.africa-press.net\/togo\/politique\/togo-le-harcelement-juridique-des-journalistes-ferdinand-ayite-et-isidore-doit-cesser\"},\"author\":{\"name\":\"cfeditorfr\",\"@id\":\"https:\/\/www.africa-press.net\/togo\/#\/schema\/person\/2b1cf3cd81a31e3cd26889ca66d677f1\"},\"headline\":\"Togo\u00a0: \u00ab Le harc\u00e8lement juridique des journalistes Ferdinand Ayit\u00e9 et Isidore doit cesser \u00bb\",\"datePublished\":\"2023-03-08T12:45:33+00:00\",\"dateModified\":\"2023-03-08T22:20:34+00:00\",\"mainEntityOfPage\":{\"@id\":\"https:\/\/www.africa-press.net\/togo\/politique\/togo-le-harcelement-juridique-des-journalistes-ferdinand-ayite-et-isidore-doit-cesser\"},\"wordCount\":531,\"commentCount\":0,\"image\":{\"@id\":\"https:\/\/www.africa-press.net\/togo\/politique\/togo-le-harcelement-juridique-des-journalistes-ferdinand-ayite-et-isidore-doit-cesser#primaryimage\"},\"thumbnailUrl\":\"https:\/\/static.africa-press.net\/togo\/sites\/58\/2023\/03\/postQueueImg_1678266965.41.jpg\",\"keywords\":[\"Africa Press\",\"Africa Press-Togo\",\"Ferdinand Ayit\u00e9\",\"Togo\"],\"articleSection\":[\"Politique\",\"Toutes les actualit\u00e9s\"],\"inLanguage\":\"fr-FR\",\"potentialAction\":[{\"@type\":\"CommentAction\",\"name\":\"Comment\",\"target\":[\"https:\/\/www.africa-press.net\/togo\/politique\/togo-le-harcelement-juridique-des-journalistes-ferdinand-ayite-et-isidore-doit-cesser#respond\"]}]},{\"@type\":\"WebPage\",\"@id\":\"https:\/\/www.africa-press.net\/togo\/politique\/togo-le-harcelement-juridique-des-journalistes-ferdinand-ayite-et-isidore-doit-cesser\",\"url\":\"https:\/\/www.africa-press.net\/togo\/politique\/togo-le-harcelement-juridique-des-journalistes-ferdinand-ayite-et-isidore-doit-cesser\",\"name\":\"Togo\u00a0: \u00ab Le harc\u00e8lement juridique des journalistes Ferdinand Ayit\u00e9 et Isidore doit cesser \u00bb - Togo\",\"isPartOf\":{\"@id\":\"https:\/\/www.africa-press.net\/togo\/#website\"},\"primaryImageOfPage\":{\"@id\":\"https:\/\/www.africa-press.net\/togo\/politique\/togo-le-harcelement-juridique-des-journalistes-ferdinand-ayite-et-isidore-doit-cesser#primaryimage\"},\"image\":{\"@id\":\"https:\/\/www.africa-press.net\/togo\/politique\/togo-le-harcelement-juridique-des-journalistes-ferdinand-ayite-et-isidore-doit-cesser#primaryimage\"},\"thumbnailUrl\":\"https:\/\/static.africa-press.net\/togo\/sites\/58\/2023\/03\/postQueueImg_1678266965.41.jpg\",\"datePublished\":\"2023-03-08T12:45:33+00:00\",\"dateModified\":\"2023-03-08T22:20:34+00:00\",\"author\":{\"@id\":\"https:\/\/www.africa-press.net\/togo\/#\/schema\/person\/2b1cf3cd81a31e3cd26889ca66d677f1\"},\"description\":\"Les autorite\u0301s togolaises devraient abandonner toutes les poursuites judiciaires contre les journalistes Ferdinand Ayite ...\",\"breadcrumb\":{\"@id\":\"https:\/\/www.africa-press.net\/togo\/politique\/togo-le-harcelement-juridique-des-journalistes-ferdinand-ayite-et-isidore-doit-cesser#breadcrumb\"},\"inLanguage\":\"fr-FR\",\"potentialAction\":[{\"@type\":\"ReadAction\",\"target\":[\"https:\/\/www.africa-press.net\/togo\/politique\/togo-le-harcelement-juridique-des-journalistes-ferdinand-ayite-et-isidore-doit-cesser\"]}]},{\"@type\":\"ImageObject\",\"inLanguage\":\"fr-FR\",\"@id\":\"https:\/\/www.africa-press.net\/togo\/politique\/togo-le-harcelement-juridique-des-journalistes-ferdinand-ayite-et-isidore-doit-cesser#primaryimage\",\"url\":\"https:\/\/static.africa-press.net\/togo\/sites\/58\/2023\/03\/postQueueImg_1678266965.41.jpg\",\"contentUrl\":\"https:\/\/static.africa-press.net\/togo\/sites\/58\/2023\/03\/postQueueImg_1678266965.41.jpg\",\"width\":720,\"height\":517,\"caption\":\"Togo\u00a0: \u00ab Le harc\u00e8lement juridique des journalistes Ferdinand Ayit\u00e9 et Isidore doit cesser \u00bb\"},{\"@type\":\"BreadcrumbList\",\"@id\":\"https:\/\/www.africa-press.net\/togo\/politique\/togo-le-harcelement-juridique-des-journalistes-ferdinand-ayite-et-isidore-doit-cesser#breadcrumb\",\"itemListElement\":[{\"@type\":\"ListItem\",\"position\":1,\"name\":\"Accueil\",\"item\":\"https:\/\/www.africa-press.net\/togo\/\"},{\"@type\":\"ListItem\",\"position\":2,\"name\":\"Togo\u00a0: \u00ab Le harc\u00e8lement juridique des journalistes Ferdinand Ayit\u00e9 et Isidore doit cesser \u00bb\"}]},{\"@type\":\"WebSite\",\"@id\":\"https:\/\/www.africa-press.net\/togo\/#website\",\"url\":\"https:\/\/www.africa-press.net\/togo\/\",\"name\":\"Togo\",\"description\":\"Just another Africa News Agency Sites site\",\"potentialAction\":[{\"@type\":\"SearchAction\",\"target\":{\"@type\":\"EntryPoint\",\"urlTemplate\":\"https:\/\/www.africa-press.net\/togo\/?s={search_term_string}\"},\"query-input\":{\"@type\":\"PropertyValueSpecification\",\"valueRequired\":true,\"valueName\":\"search_term_string\"}}],\"inLanguage\":\"fr-FR\"},{\"@type\":\"Person\",\"@id\":\"https:\/\/www.africa-press.net\/togo\/#\/schema\/person\/2b1cf3cd81a31e3cd26889ca66d677f1\",\"name\":\"cfeditorfr\"}]}<\/script>\n<!-- \/ Yoast SEO Premium plugin. -->","yoast_head_json":{"title":"Togo\u00a0: \u00ab Le harc\u00e8lement juridique des journalistes Ferdinand Ayit\u00e9 et Isidore doit cesser \u00bb - Togo","description":"Les autorite\u0301s togolaises devraient abandonner toutes les poursuites judiciaires contre les journalistes Ferdinand Ayite ...","robots":{"index":"index","follow":"follow","max-snippet":"max-snippet:-1","max-image-preview":"max-image-preview:large","max-video-preview":"max-video-preview:-1"},"canonical":"https:\/\/www.africa-press.net\/togo\/politique\/togo-le-harcelement-juridique-des-journalistes-ferdinand-ayite-et-isidore-doit-cesser","og_locale":"fr_FR","og_type":"article","og_title":"Togo\u00a0: \u00ab Le harc\u00e8lement juridique des journalistes Ferdinand Ayit\u00e9 et Isidore doit cesser \u00bb","og_description":"Les autorite\u0301s togolaises devraient abandonner toutes les poursuites judiciaires contre les journalistes Ferdinand Ayite ...","og_url":"https:\/\/www.africa-press.net\/togo\/politique\/togo-le-harcelement-juridique-des-journalistes-ferdinand-ayite-et-isidore-doit-cesser","og_site_name":"Togo","article_published_time":"2023-03-08T12:45:33+00:00","article_modified_time":"2023-03-08T22:20:34+00:00","og_image":[{"width":720,"height":517,"url":"https:\/\/static.africa-press.net\/togo\/sites\/58\/2023\/03\/postQueueImg_1678266965.41.jpg","type":"image\/jpeg"}],"author":"cfeditorfr","twitter_card":"summary_large_image","twitter_misc":{"\u00c9crit par":"cfeditorfr","Dur\u00e9e de lecture estim\u00e9e":"3 minutes"},"schema":{"@context":"https:\/\/schema.org","@graph":[{"@type":"Article","@id":"https:\/\/www.africa-press.net\/togo\/politique\/togo-le-harcelement-juridique-des-journalistes-ferdinand-ayite-et-isidore-doit-cesser#article","isPartOf":{"@id":"https:\/\/www.africa-press.net\/togo\/politique\/togo-le-harcelement-juridique-des-journalistes-ferdinand-ayite-et-isidore-doit-cesser"},"author":{"name":"cfeditorfr","@id":"https:\/\/www.africa-press.net\/togo\/#\/schema\/person\/2b1cf3cd81a31e3cd26889ca66d677f1"},"headline":"Togo\u00a0: \u00ab Le harc\u00e8lement juridique des journalistes Ferdinand Ayit\u00e9 et Isidore doit cesser \u00bb","datePublished":"2023-03-08T12:45:33+00:00","dateModified":"2023-03-08T22:20:34+00:00","mainEntityOfPage":{"@id":"https:\/\/www.africa-press.net\/togo\/politique\/togo-le-harcelement-juridique-des-journalistes-ferdinand-ayite-et-isidore-doit-cesser"},"wordCount":531,"commentCount":0,"image":{"@id":"https:\/\/www.africa-press.net\/togo\/politique\/togo-le-harcelement-juridique-des-journalistes-ferdinand-ayite-et-isidore-doit-cesser#primaryimage"},"thumbnailUrl":"https:\/\/static.africa-press.net\/togo\/sites\/58\/2023\/03\/postQueueImg_1678266965.41.jpg","keywords":["Africa Press","Africa Press-Togo","Ferdinand Ayit\u00e9","Togo"],"articleSection":["Politique","Toutes les actualit\u00e9s"],"inLanguage":"fr-FR","potentialAction":[{"@type":"CommentAction","name":"Comment","target":["https:\/\/www.africa-press.net\/togo\/politique\/togo-le-harcelement-juridique-des-journalistes-ferdinand-ayite-et-isidore-doit-cesser#respond"]}]},{"@type":"WebPage","@id":"https:\/\/www.africa-press.net\/togo\/politique\/togo-le-harcelement-juridique-des-journalistes-ferdinand-ayite-et-isidore-doit-cesser","url":"https:\/\/www.africa-press.net\/togo\/politique\/togo-le-harcelement-juridique-des-journalistes-ferdinand-ayite-et-isidore-doit-cesser","name":"Togo\u00a0: \u00ab Le harc\u00e8lement juridique des journalistes Ferdinand Ayit\u00e9 et Isidore doit cesser \u00bb - Togo","isPartOf":{"@id":"https:\/\/www.africa-press.net\/togo\/#website"},"primaryImageOfPage":{"@id":"https:\/\/www.africa-press.net\/togo\/politique\/togo-le-harcelement-juridique-des-journalistes-ferdinand-ayite-et-isidore-doit-cesser#primaryimage"},"image":{"@id":"https:\/\/www.africa-press.net\/togo\/politique\/togo-le-harcelement-juridique-des-journalistes-ferdinand-ayite-et-isidore-doit-cesser#primaryimage"},"thumbnailUrl":"https:\/\/static.africa-press.net\/togo\/sites\/58\/2023\/03\/postQueueImg_1678266965.41.jpg","datePublished":"2023-03-08T12:45:33+00:00","dateModified":"2023-03-08T22:20:34+00:00","author":{"@id":"https:\/\/www.africa-press.net\/togo\/#\/schema\/person\/2b1cf3cd81a31e3cd26889ca66d677f1"},"description":"Les autorite\u0301s togolaises devraient abandonner toutes les poursuites judiciaires contre les journalistes Ferdinand Ayite ...","breadcrumb":{"@id":"https:\/\/www.africa-press.net\/togo\/politique\/togo-le-harcelement-juridique-des-journalistes-ferdinand-ayite-et-isidore-doit-cesser#breadcrumb"},"inLanguage":"fr-FR","potentialAction":[{"@type":"ReadAction","target":["https:\/\/www.africa-press.net\/togo\/politique\/togo-le-harcelement-juridique-des-journalistes-ferdinand-ayite-et-isidore-doit-cesser"]}]},{"@type":"ImageObject","inLanguage":"fr-FR","@id":"https:\/\/www.africa-press.net\/togo\/politique\/togo-le-harcelement-juridique-des-journalistes-ferdinand-ayite-et-isidore-doit-cesser#primaryimage","url":"https:\/\/static.africa-press.net\/togo\/sites\/58\/2023\/03\/postQueueImg_1678266965.41.jpg","contentUrl":"https:\/\/static.africa-press.net\/togo\/sites\/58\/2023\/03\/postQueueImg_1678266965.41.jpg","width":720,"height":517,"caption":"Togo\u00a0: \u00ab Le harc\u00e8lement juridique des journalistes Ferdinand Ayit\u00e9 et Isidore doit cesser \u00bb"},{"@type":"BreadcrumbList","@id":"https:\/\/www.africa-press.net\/togo\/politique\/togo-le-harcelement-juridique-des-journalistes-ferdinand-ayite-et-isidore-doit-cesser#breadcrumb","itemListElement":[{"@type":"ListItem","position":1,"name":"Accueil","item":"https:\/\/www.africa-press.net\/togo\/"},{"@type":"ListItem","position":2,"name":"Togo\u00a0: \u00ab Le harc\u00e8lement juridique des journalistes Ferdinand Ayit\u00e9 et Isidore doit cesser \u00bb"}]},{"@type":"WebSite","@id":"https:\/\/www.africa-press.net\/togo\/#website","url":"https:\/\/www.africa-press.net\/togo\/","name":"Togo","description":"Just another Africa News Agency Sites site","potentialAction":[{"@type":"SearchAction","target":{"@type":"EntryPoint","urlTemplate":"https:\/\/www.africa-press.net\/togo\/?s={search_term_string}"},"query-input":{"@type":"PropertyValueSpecification","valueRequired":true,"valueName":"search_term_string"}}],"inLanguage":"fr-FR"},{"@type":"Person","@id":"https:\/\/www.africa-press.net\/togo\/#\/schema\/person\/2b1cf3cd81a31e3cd26889ca66d677f1","name":"cfeditorfr"}]}},"_links":{"self":[{"href":"https:\/\/www.africa-press.net\/togo\/wp-json\/wp\/v2\/posts\/18263","targetHints":{"allow":["GET"]}}],"collection":[{"href":"https:\/\/www.africa-press.net\/togo\/wp-json\/wp\/v2\/posts"}],"about":[{"href":"https:\/\/www.africa-press.net\/togo\/wp-json\/wp\/v2\/types\/post"}],"author":[{"embeddable":true,"href":"https:\/\/www.africa-press.net\/togo\/wp-json\/wp\/v2\/users\/82"}],"replies":[{"embeddable":true,"href":"https:\/\/www.africa-press.net\/togo\/wp-json\/wp\/v2\/comments?post=18263"}],"version-history":[{"count":0,"href":"https:\/\/www.africa-press.net\/togo\/wp-json\/wp\/v2\/posts\/18263\/revisions"}],"wp:featuredmedia":[{"embeddable":true,"href":"https:\/\/www.africa-press.net\/togo\/wp-json\/wp\/v2\/media\/18261"}],"wp:attachment":[{"href":"https:\/\/www.africa-press.net\/togo\/wp-json\/wp\/v2\/media?parent=18263"}],"wp:term":[{"taxonomy":"category","embeddable":true,"href":"https:\/\/www.africa-press.net\/togo\/wp-json\/wp\/v2\/categories?post=18263"},{"taxonomy":"post_tag","embeddable":true,"href":"https:\/\/www.africa-press.net\/togo\/wp-json\/wp\/v2\/tags?post=18263"}],"curies":[{"name":"wp","href":"https:\/\/api.w.org\/{rel}","templated":true}]}}