{"id":18311,"date":"2023-03-08T22:26:50","date_gmt":"2023-03-08T22:26:50","guid":{"rendered":"https:\/\/www.africa-press.net\/togo\/politique\/the-trial-of-togolese-journalists-postponed-to-march-15"},"modified":"2023-03-08T23:47:35","modified_gmt":"2023-03-08T23:47:35","slug":"the-trial-of-togolese-journalists-postponed-to-march-15","status":"publish","type":"post","link":"https:\/\/www.africa-press.net\/togo\/toutes-les-actualites\/the-trial-of-togolese-journalists-postponed-to-march-15","title":{"rendered":"The trial of Togolese journalists postponed to March 15"},"content":{"rendered":"<p><span style=\"color: #ff6600\"><strong>Africa-Press &#8211; Togo. <\/strong><\/span><b>The trial of the three Togolese journalists Ferdinand Ayite\u0301 and Isidore Kouwonou including Joe\u0308l Egah, who died but also summoned, is finally postponed to March 15, 2023 following a request of the defendants\u2019 lawyer.<\/b><\/p>\n<p>According to our information, Isidore Kouwonou, the editor in chief of the newspaper L\u2019Alternative, went to the Lome\u0301 court this morning with his lawyer Elom Kpade\u0301. He was there alone, Ferdinand Ayite\u0301 being missing since Sunday March 5.<\/p>\n<p>The judge wanted to open the file to start the trial. But the journalist\u2019s lawyer asked for a dismissal. At first, the magistrate refused, arguing that the public prosecutor wanted the trial to start on March 8 at all costs. Finally the council managed to have the postponement of a week.<\/p>\n<p>The case in question opposes the two personalities and the ministers Kodjo Adedze trade, industry and local consumption and his colleague of Justice Pius Agbetomey. The latter believe they are defamed in \u201cL\u2019Autre Journal\u201d, a program presented on the Youtube channel of L\u2019Alternative. In particular, they deplore what they call \u201ccontempt of authority and the spread of false statements on social media\u201d.<\/p>\n<p>In this case, Ferdinand Ayite\u0301 and Joe\u0308l Egah spent twenty days in the prison of Lome\u0301 before being released on December 31, 2022. About two months after their release from prison, Joe\u0308l Egah died from a heart attack.<\/p>\n<p>Among others, Committee to Protect Journalists (CPJ), called on Togolese authorities to drop all legal proceedings against journalists.<\/p>\n<p>\u201cTogolese authorities should immediately cease their legal harassment of journalists Ferdinand Ayite\u0301 and Isidore Kouwonou and allow them to work freely,\u201d said Angela Quintal, CPJ\u2019s Africa program coordinator, in New York.<\/p>\n<p>\u201cJournalistic commentary on issues of public interest should never be criminalized, and the summonses issued to these journalists should be scrapped at once.\u201d, read a statement published on Monday by the US-based NGO.<\/p>\n<p><strong>Pour plus d&rsquo;informations et d&rsquo;analyses sur la <a href=\"https:\/\/www.africa-press.net\/togo\">Togo<\/a>, suivez <a href=\"https:\/\/www.africa-press.net\/\">Africa-Press<\/a><\/strong><\/p>\n","protected":false},"excerpt":{"rendered":"<p>Africa-Press &#8211; Togo. The trial of the three Togolese journalists Ferdinand Ayite\u0301 and Isidore Kouwonou including Joe\u0308l Egah, who died but also summoned, is finally postponed to March 15, 2023 following a request of the defendants\u2019 lawyer. According to our information, Isidore Kouwonou, the editor in chief of the newspaper L\u2019Alternative, went to the Lome\u0301 [&hellip;]<\/p>\n","protected":false},"author":82,"featured_media":18310,"comment_status":"open","ping_status":"closed","sticky":false,"template":"","format":"standard","meta":{"footnotes":""},"categories":[21,10],"tags":[36,49,50],"class_list":["post-18311","post","type-post","status-publish","format-standard","has-post-thumbnail","hentry","category-communaute","category-toutes-les-actualites","tag-africa-press","tag-africa-press-togo","tag-togo"],"yoast_head":"<!-- This site is optimized with the Yoast SEO Premium plugin v26.1 (Yoast SEO v27.0) - https:\/\/yoast.com\/product\/yoast-seo-premium-wordpress\/ -->\n<title>The trial of Togolese journalists postponed to March 15 - Togo<\/title>\n<meta name=\"description\" content=\"The trial of the three Togolese journalists Ferdinand Ayite\u0301 and Isidore Kouwonou including Joe\u0308l Egah, who died but ...\" \/>\n<meta name=\"robots\" content=\"index, follow, max-snippet:-1, max-image-preview:large, max-video-preview:-1\" \/>\n<link rel=\"canonical\" href=\"https:\/\/www.africa-press.net\/togo\/toutes-les-actualites\/the-trial-of-togolese-journalists-postponed-to-march-15\" \/>\n<meta property=\"og:locale\" content=\"fr_FR\" \/>\n<meta property=\"og:type\" content=\"article\" \/>\n<meta property=\"og:title\" content=\"The trial of Togolese journalists postponed to March 15\" \/>\n<meta property=\"og:description\" content=\"The trial of the three Togolese journalists Ferdinand Ayite\u0301 and Isidore Kouwonou including Joe\u0308l Egah, who died but ...\" \/>\n<meta property=\"og:url\" content=\"https:\/\/www.africa-press.net\/togo\/toutes-les-actualites\/the-trial-of-togolese-journalists-postponed-to-march-15\" \/>\n<meta property=\"og:site_name\" content=\"Togo\" \/>\n<meta property=\"article:published_time\" content=\"2023-03-08T22:26:50+00:00\" \/>\n<meta property=\"article:modified_time\" content=\"2023-03-08T23:47:35+00:00\" \/>\n<meta property=\"og:image\" content=\"https:\/\/static.africa-press.net\/togo\/sites\/58\/2023\/03\/postQueueImg_1678301820.25.jpg\" \/>\n\t<meta property=\"og:image:width\" content=\"1280\" \/>\n\t<meta property=\"og:image:height\" content=\"800\" \/>\n\t<meta property=\"og:image:type\" content=\"image\/jpeg\" \/>\n<meta name=\"author\" content=\"cfeditorfr\" \/>\n<meta name=\"twitter:card\" content=\"summary_large_image\" \/>\n<meta name=\"twitter:label1\" content=\"\u00c9crit par\" \/>\n\t<meta name=\"twitter:data1\" content=\"cfeditorfr\" \/>\n\t<meta name=\"twitter:label2\" content=\"Dur\u00e9e de lecture estim\u00e9e\" \/>\n\t<meta name=\"twitter:data2\" content=\"2 minutes\" \/>\n<script type=\"application\/ld+json\" class=\"yoast-schema-graph\">{\"@context\":\"https:\/\/schema.org\",\"@graph\":[{\"@type\":\"Article\",\"@id\":\"https:\/\/www.africa-press.net\/togo\/toutes-les-actualites\/the-trial-of-togolese-journalists-postponed-to-march-15#article\",\"isPartOf\":{\"@id\":\"https:\/\/www.africa-press.net\/togo\/toutes-les-actualites\/the-trial-of-togolese-journalists-postponed-to-march-15\"},\"author\":{\"name\":\"cfeditorfr\",\"@id\":\"https:\/\/www.africa-press.net\/togo\/#\/schema\/person\/2b1cf3cd81a31e3cd26889ca66d677f1\"},\"headline\":\"The trial of Togolese journalists postponed to March 15\",\"datePublished\":\"2023-03-08T22:26:50+00:00\",\"dateModified\":\"2023-03-08T23:47:35+00:00\",\"mainEntityOfPage\":{\"@id\":\"https:\/\/www.africa-press.net\/togo\/toutes-les-actualites\/the-trial-of-togolese-journalists-postponed-to-march-15\"},\"wordCount\":330,\"commentCount\":0,\"image\":{\"@id\":\"https:\/\/www.africa-press.net\/togo\/toutes-les-actualites\/the-trial-of-togolese-journalists-postponed-to-march-15#primaryimage\"},\"thumbnailUrl\":\"https:\/\/static.africa-press.net\/togo\/sites\/58\/2023\/03\/postQueueImg_1678301820.25.jpg\",\"keywords\":[\"Africa Press\",\"Africa Press-Togo\",\"Togo\"],\"articleSection\":[\"Communaut\u00e9\",\"Toutes les actualit\u00e9s\"],\"inLanguage\":\"fr-FR\",\"potentialAction\":[{\"@type\":\"CommentAction\",\"name\":\"Comment\",\"target\":[\"https:\/\/www.africa-press.net\/togo\/toutes-les-actualites\/the-trial-of-togolese-journalists-postponed-to-march-15#respond\"]}]},{\"@type\":\"WebPage\",\"@id\":\"https:\/\/www.africa-press.net\/togo\/toutes-les-actualites\/the-trial-of-togolese-journalists-postponed-to-march-15\",\"url\":\"https:\/\/www.africa-press.net\/togo\/toutes-les-actualites\/the-trial-of-togolese-journalists-postponed-to-march-15\",\"name\":\"The trial of Togolese journalists postponed to March 15 - Togo\",\"isPartOf\":{\"@id\":\"https:\/\/www.africa-press.net\/togo\/#website\"},\"primaryImageOfPage\":{\"@id\":\"https:\/\/www.africa-press.net\/togo\/toutes-les-actualites\/the-trial-of-togolese-journalists-postponed-to-march-15#primaryimage\"},\"image\":{\"@id\":\"https:\/\/www.africa-press.net\/togo\/toutes-les-actualites\/the-trial-of-togolese-journalists-postponed-to-march-15#primaryimage\"},\"thumbnailUrl\":\"https:\/\/static.africa-press.net\/togo\/sites\/58\/2023\/03\/postQueueImg_1678301820.25.jpg\",\"datePublished\":\"2023-03-08T22:26:50+00:00\",\"dateModified\":\"2023-03-08T23:47:35+00:00\",\"author\":{\"@id\":\"https:\/\/www.africa-press.net\/togo\/#\/schema\/person\/2b1cf3cd81a31e3cd26889ca66d677f1\"},\"description\":\"The trial of the three Togolese journalists Ferdinand Ayite\u0301 and Isidore Kouwonou including Joe\u0308l Egah, who died but ...\",\"breadcrumb\":{\"@id\":\"https:\/\/www.africa-press.net\/togo\/toutes-les-actualites\/the-trial-of-togolese-journalists-postponed-to-march-15#breadcrumb\"},\"inLanguage\":\"fr-FR\",\"potentialAction\":[{\"@type\":\"ReadAction\",\"target\":[\"https:\/\/www.africa-press.net\/togo\/toutes-les-actualites\/the-trial-of-togolese-journalists-postponed-to-march-15\"]}]},{\"@type\":\"ImageObject\",\"inLanguage\":\"fr-FR\",\"@id\":\"https:\/\/www.africa-press.net\/togo\/toutes-les-actualites\/the-trial-of-togolese-journalists-postponed-to-march-15#primaryimage\",\"url\":\"https:\/\/static.africa-press.net\/togo\/sites\/58\/2023\/03\/postQueueImg_1678301820.25.jpg\",\"contentUrl\":\"https:\/\/static.africa-press.net\/togo\/sites\/58\/2023\/03\/postQueueImg_1678301820.25.jpg\",\"width\":1280,\"height\":800,\"caption\":\"The trial of Togolese journalists postponed to March 15\"},{\"@type\":\"BreadcrumbList\",\"@id\":\"https:\/\/www.africa-press.net\/togo\/toutes-les-actualites\/the-trial-of-togolese-journalists-postponed-to-march-15#breadcrumb\",\"itemListElement\":[{\"@type\":\"ListItem\",\"position\":1,\"name\":\"Accueil\",\"item\":\"https:\/\/www.africa-press.net\/togo\/\"},{\"@type\":\"ListItem\",\"position\":2,\"name\":\"The trial of Togolese journalists postponed to March 15\"}]},{\"@type\":\"WebSite\",\"@id\":\"https:\/\/www.africa-press.net\/togo\/#website\",\"url\":\"https:\/\/www.africa-press.net\/togo\/\",\"name\":\"Togo\",\"description\":\"Just another Africa News Agency Sites site\",\"potentialAction\":[{\"@type\":\"SearchAction\",\"target\":{\"@type\":\"EntryPoint\",\"urlTemplate\":\"https:\/\/www.africa-press.net\/togo\/?s={search_term_string}\"},\"query-input\":{\"@type\":\"PropertyValueSpecification\",\"valueRequired\":true,\"valueName\":\"search_term_string\"}}],\"inLanguage\":\"fr-FR\"},{\"@type\":\"Person\",\"@id\":\"https:\/\/www.africa-press.net\/togo\/#\/schema\/person\/2b1cf3cd81a31e3cd26889ca66d677f1\",\"name\":\"cfeditorfr\"}]}<\/script>\n<!-- \/ Yoast SEO Premium plugin. -->","yoast_head_json":{"title":"The trial of Togolese journalists postponed to March 15 - Togo","description":"The trial of the three Togolese journalists Ferdinand Ayite\u0301 and Isidore Kouwonou including Joe\u0308l Egah, who died but ...","robots":{"index":"index","follow":"follow","max-snippet":"max-snippet:-1","max-image-preview":"max-image-preview:large","max-video-preview":"max-video-preview:-1"},"canonical":"https:\/\/www.africa-press.net\/togo\/toutes-les-actualites\/the-trial-of-togolese-journalists-postponed-to-march-15","og_locale":"fr_FR","og_type":"article","og_title":"The trial of Togolese journalists postponed to March 15","og_description":"The trial of the three Togolese journalists Ferdinand Ayite\u0301 and Isidore Kouwonou including Joe\u0308l Egah, who died but ...","og_url":"https:\/\/www.africa-press.net\/togo\/toutes-les-actualites\/the-trial-of-togolese-journalists-postponed-to-march-15","og_site_name":"Togo","article_published_time":"2023-03-08T22:26:50+00:00","article_modified_time":"2023-03-08T23:47:35+00:00","og_image":[{"width":1280,"height":800,"url":"https:\/\/static.africa-press.net\/togo\/sites\/58\/2023\/03\/postQueueImg_1678301820.25.jpg","type":"image\/jpeg"}],"author":"cfeditorfr","twitter_card":"summary_large_image","twitter_misc":{"\u00c9crit par":"cfeditorfr","Dur\u00e9e de lecture estim\u00e9e":"2 minutes"},"schema":{"@context":"https:\/\/schema.org","@graph":[{"@type":"Article","@id":"https:\/\/www.africa-press.net\/togo\/toutes-les-actualites\/the-trial-of-togolese-journalists-postponed-to-march-15#article","isPartOf":{"@id":"https:\/\/www.africa-press.net\/togo\/toutes-les-actualites\/the-trial-of-togolese-journalists-postponed-to-march-15"},"author":{"name":"cfeditorfr","@id":"https:\/\/www.africa-press.net\/togo\/#\/schema\/person\/2b1cf3cd81a31e3cd26889ca66d677f1"},"headline":"The trial of Togolese journalists postponed to March 15","datePublished":"2023-03-08T22:26:50+00:00","dateModified":"2023-03-08T23:47:35+00:00","mainEntityOfPage":{"@id":"https:\/\/www.africa-press.net\/togo\/toutes-les-actualites\/the-trial-of-togolese-journalists-postponed-to-march-15"},"wordCount":330,"commentCount":0,"image":{"@id":"https:\/\/www.africa-press.net\/togo\/toutes-les-actualites\/the-trial-of-togolese-journalists-postponed-to-march-15#primaryimage"},"thumbnailUrl":"https:\/\/static.africa-press.net\/togo\/sites\/58\/2023\/03\/postQueueImg_1678301820.25.jpg","keywords":["Africa Press","Africa Press-Togo","Togo"],"articleSection":["Communaut\u00e9","Toutes les actualit\u00e9s"],"inLanguage":"fr-FR","potentialAction":[{"@type":"CommentAction","name":"Comment","target":["https:\/\/www.africa-press.net\/togo\/toutes-les-actualites\/the-trial-of-togolese-journalists-postponed-to-march-15#respond"]}]},{"@type":"WebPage","@id":"https:\/\/www.africa-press.net\/togo\/toutes-les-actualites\/the-trial-of-togolese-journalists-postponed-to-march-15","url":"https:\/\/www.africa-press.net\/togo\/toutes-les-actualites\/the-trial-of-togolese-journalists-postponed-to-march-15","name":"The trial of Togolese journalists postponed to March 15 - Togo","isPartOf":{"@id":"https:\/\/www.africa-press.net\/togo\/#website"},"primaryImageOfPage":{"@id":"https:\/\/www.africa-press.net\/togo\/toutes-les-actualites\/the-trial-of-togolese-journalists-postponed-to-march-15#primaryimage"},"image":{"@id":"https:\/\/www.africa-press.net\/togo\/toutes-les-actualites\/the-trial-of-togolese-journalists-postponed-to-march-15#primaryimage"},"thumbnailUrl":"https:\/\/static.africa-press.net\/togo\/sites\/58\/2023\/03\/postQueueImg_1678301820.25.jpg","datePublished":"2023-03-08T22:26:50+00:00","dateModified":"2023-03-08T23:47:35+00:00","author":{"@id":"https:\/\/www.africa-press.net\/togo\/#\/schema\/person\/2b1cf3cd81a31e3cd26889ca66d677f1"},"description":"The trial of the three Togolese journalists Ferdinand Ayite\u0301 and Isidore Kouwonou including Joe\u0308l Egah, who died but ...","breadcrumb":{"@id":"https:\/\/www.africa-press.net\/togo\/toutes-les-actualites\/the-trial-of-togolese-journalists-postponed-to-march-15#breadcrumb"},"inLanguage":"fr-FR","potentialAction":[{"@type":"ReadAction","target":["https:\/\/www.africa-press.net\/togo\/toutes-les-actualites\/the-trial-of-togolese-journalists-postponed-to-march-15"]}]},{"@type":"ImageObject","inLanguage":"fr-FR","@id":"https:\/\/www.africa-press.net\/togo\/toutes-les-actualites\/the-trial-of-togolese-journalists-postponed-to-march-15#primaryimage","url":"https:\/\/static.africa-press.net\/togo\/sites\/58\/2023\/03\/postQueueImg_1678301820.25.jpg","contentUrl":"https:\/\/static.africa-press.net\/togo\/sites\/58\/2023\/03\/postQueueImg_1678301820.25.jpg","width":1280,"height":800,"caption":"The trial of Togolese journalists postponed to March 15"},{"@type":"BreadcrumbList","@id":"https:\/\/www.africa-press.net\/togo\/toutes-les-actualites\/the-trial-of-togolese-journalists-postponed-to-march-15#breadcrumb","itemListElement":[{"@type":"ListItem","position":1,"name":"Accueil","item":"https:\/\/www.africa-press.net\/togo\/"},{"@type":"ListItem","position":2,"name":"The trial of Togolese journalists postponed to March 15"}]},{"@type":"WebSite","@id":"https:\/\/www.africa-press.net\/togo\/#website","url":"https:\/\/www.africa-press.net\/togo\/","name":"Togo","description":"Just another Africa News Agency Sites site","potentialAction":[{"@type":"SearchAction","target":{"@type":"EntryPoint","urlTemplate":"https:\/\/www.africa-press.net\/togo\/?s={search_term_string}"},"query-input":{"@type":"PropertyValueSpecification","valueRequired":true,"valueName":"search_term_string"}}],"inLanguage":"fr-FR"},{"@type":"Person","@id":"https:\/\/www.africa-press.net\/togo\/#\/schema\/person\/2b1cf3cd81a31e3cd26889ca66d677f1","name":"cfeditorfr"}]}},"_links":{"self":[{"href":"https:\/\/www.africa-press.net\/togo\/wp-json\/wp\/v2\/posts\/18311","targetHints":{"allow":["GET"]}}],"collection":[{"href":"https:\/\/www.africa-press.net\/togo\/wp-json\/wp\/v2\/posts"}],"about":[{"href":"https:\/\/www.africa-press.net\/togo\/wp-json\/wp\/v2\/types\/post"}],"author":[{"embeddable":true,"href":"https:\/\/www.africa-press.net\/togo\/wp-json\/wp\/v2\/users\/82"}],"replies":[{"embeddable":true,"href":"https:\/\/www.africa-press.net\/togo\/wp-json\/wp\/v2\/comments?post=18311"}],"version-history":[{"count":0,"href":"https:\/\/www.africa-press.net\/togo\/wp-json\/wp\/v2\/posts\/18311\/revisions"}],"wp:featuredmedia":[{"embeddable":true,"href":"https:\/\/www.africa-press.net\/togo\/wp-json\/wp\/v2\/media\/18310"}],"wp:attachment":[{"href":"https:\/\/www.africa-press.net\/togo\/wp-json\/wp\/v2\/media?parent=18311"}],"wp:term":[{"taxonomy":"category","embeddable":true,"href":"https:\/\/www.africa-press.net\/togo\/wp-json\/wp\/v2\/categories?post=18311"},{"taxonomy":"post_tag","embeddable":true,"href":"https:\/\/www.africa-press.net\/togo\/wp-json\/wp\/v2\/tags?post=18311"}],"curies":[{"name":"wp","href":"https:\/\/api.w.org\/{rel}","templated":true}]}}