{"id":18317,"date":"2023-03-08T22:27:28","date_gmt":"2023-03-08T22:27:28","guid":{"rendered":"https:\/\/www.africa-press.net\/togo\/politique\/togo-ferinand-ayite-donne-signe-de-vie-je-vais-relativement-bien-malgre-cette-effroyable-epreuve"},"modified":"2023-03-08T23:48:37","modified_gmt":"2023-03-08T23:48:37","slug":"togo-ferinand-ayite-donne-signe-de-vie-je-vais-relativement-bien-malgre-cette-effroyable-epreuve","status":"publish","type":"post","link":"https:\/\/www.africa-press.net\/togo\/toutes-les-actualites\/togo-ferinand-ayite-donne-signe-de-vie-je-vais-relativement-bien-malgre-cette-effroyable-epreuve","title":{"rendered":"Togo\/ Ferinand Ayit\u00e9 donne signe de vie\u00a0: \u00ab\u00a0je vais relativement bien, malgr\u00e9 cette effroyable \u00e9preuve\u00a0\u00bb"},"content":{"rendered":"<p><span style=\"color: #ff6600\"><strong>Africa-Press &#8211; Togo. <\/strong><\/span>Ferdinand Ayite\u0301 e\u0301tait introuvable depuis le dimanche 5 mars dernier. Alors qu\u2019il e\u0301tait convoque\u0301 dimanche 05 mars 2023, au Service Central de Recherches et d\u2019Investigations Criminelles (SCRIC) de la Gendarmerie nationale, pour les ne\u0301cessite\u0301s d\u2019une enque\u0302te judiciaire.<\/p>\n<p>Alors que tout le monde s\u2019inquie\u0301tait de cette disparition soudaine du Directeur de publication depuis lundi. Il vient de donner signe de vie sur sa page Facebook et rassure tous ceux qui s\u2019inquie\u0300tent depuis l\u2019annonce de cette triste nouvelle.<\/p>\n<p>\u00ab Bonjour a\u0300 tous. Ceci est un signe de vie pour rassurer tous ceux qui s\u2019inquie\u0300tent depuis dimanche. Je vais relativement bien malgre\u0301 cette effroyable e\u0301preuve et je suis plus ou moins a\u0300 l\u2019abri du danger pour l\u2019instant. Je reviendrai pour des de\u0301tails plus tard. Merci a\u0300 tous que Dieu vous be\u0301nisse \u00bb, a-t-il e\u0301crit sur sa page Facebook.<\/p>\n<p>Qu\u2019est ce qui s\u2019est re\u0301ellement passe\u0301 pour qu\u2019il dise se mettre a\u0300 l\u2019abri du danger. Nous attendons les de\u0301tails pour donc en savoir plus.<\/p>\n<p>Nous y reviendrons !<\/p>\n<p><strong>Pour plus d&rsquo;informations et d&rsquo;analyses sur la <a href=\"https:\/\/www.africa-press.net\/togo\">Togo<\/a>, suivez <a href=\"https:\/\/www.africa-press.net\/\">Africa-Press<\/a><\/strong><\/p>\n","protected":false},"excerpt":{"rendered":"<p>Africa-Press &#8211; Togo. Ferdinand Ayite\u0301 e\u0301tait introuvable depuis le dimanche 5 mars dernier. Alors qu\u2019il e\u0301tait convoque\u0301 dimanche 05 mars 2023, au Service Central de Recherches et d\u2019Investigations Criminelles (SCRIC) de la Gendarmerie nationale, pour les ne\u0301cessite\u0301s d\u2019une enque\u0302te judiciaire. Alors que tout le monde s\u2019inquie\u0301tait de cette disparition soudaine du Directeur de publication depuis [&hellip;]<\/p>\n","protected":false},"author":82,"featured_media":18316,"comment_status":"open","ping_status":"closed","sticky":false,"template":"","format":"standard","meta":{"footnotes":""},"categories":[21,10],"tags":[36,49,240,50],"class_list":["post-18317","post","type-post","status-publish","format-standard","has-post-thumbnail","hentry","category-communaute","category-toutes-les-actualites","tag-africa-press","tag-africa-press-togo","tag-ferdinand-ayite","tag-togo"],"yoast_head":"<!-- This site is optimized with the Yoast SEO Premium plugin v26.1 (Yoast SEO v27.0) - https:\/\/yoast.com\/product\/yoast-seo-premium-wordpress\/ -->\n<title>Togo\/ Ferinand Ayit\u00e9 donne signe de vie\u00a0: \u00ab\u00a0je vais relativement bien, malgr\u00e9 cette effroyable \u00e9preuve\u00a0\u00bb - Togo<\/title>\n<meta name=\"description\" content=\"Ferdinand Ayite\u0301 e\u0301tait introuvable depuis le dimanche 5 mars dernier. Alors qu\u2019il e\u0301tait convoque\u0301 dimanche 05 mars 202 ...\" \/>\n<meta name=\"robots\" content=\"index, follow, max-snippet:-1, max-image-preview:large, max-video-preview:-1\" \/>\n<link rel=\"canonical\" href=\"https:\/\/www.africa-press.net\/togo\/toutes-les-actualites\/togo-ferinand-ayite-donne-signe-de-vie-je-vais-relativement-bien-malgre-cette-effroyable-epreuve\" \/>\n<meta property=\"og:locale\" content=\"fr_FR\" \/>\n<meta property=\"og:type\" content=\"article\" \/>\n<meta property=\"og:title\" content=\"Togo\/ Ferinand Ayit\u00e9 donne signe de vie\u00a0: \u00ab\u00a0je vais relativement bien, malgr\u00e9 cette effroyable \u00e9preuve\u00a0\u00bb\" \/>\n<meta property=\"og:description\" content=\"Ferdinand Ayite\u0301 e\u0301tait introuvable depuis le dimanche 5 mars dernier. Alors qu\u2019il e\u0301tait convoque\u0301 dimanche 05 mars 202 ...\" \/>\n<meta property=\"og:url\" content=\"https:\/\/www.africa-press.net\/togo\/toutes-les-actualites\/togo-ferinand-ayite-donne-signe-de-vie-je-vais-relativement-bien-malgre-cette-effroyable-epreuve\" \/>\n<meta property=\"og:site_name\" content=\"Togo\" \/>\n<meta property=\"article:published_time\" content=\"2023-03-08T22:27:28+00:00\" \/>\n<meta property=\"article:modified_time\" content=\"2023-03-08T23:48:37+00:00\" \/>\n<meta property=\"og:image\" content=\"https:\/\/static.africa-press.net\/togo\/sites\/58\/2023\/03\/postQueueImg_1678301850.95.jpg\" \/>\n\t<meta property=\"og:image:width\" content=\"720\" \/>\n\t<meta property=\"og:image:height\" content=\"480\" \/>\n\t<meta property=\"og:image:type\" content=\"image\/jpeg\" \/>\n<meta name=\"author\" content=\"cfeditorfr\" \/>\n<meta name=\"twitter:card\" content=\"summary_large_image\" \/>\n<meta name=\"twitter:label1\" content=\"\u00c9crit par\" \/>\n\t<meta name=\"twitter:data1\" content=\"cfeditorfr\" \/>\n\t<meta name=\"twitter:label2\" content=\"Dur\u00e9e de lecture estim\u00e9e\" \/>\n\t<meta name=\"twitter:data2\" content=\"1 minute\" \/>\n<script type=\"application\/ld+json\" class=\"yoast-schema-graph\">{\"@context\":\"https:\/\/schema.org\",\"@graph\":[{\"@type\":\"Article\",\"@id\":\"https:\/\/www.africa-press.net\/togo\/toutes-les-actualites\/togo-ferinand-ayite-donne-signe-de-vie-je-vais-relativement-bien-malgre-cette-effroyable-epreuve#article\",\"isPartOf\":{\"@id\":\"https:\/\/www.africa-press.net\/togo\/toutes-les-actualites\/togo-ferinand-ayite-donne-signe-de-vie-je-vais-relativement-bien-malgre-cette-effroyable-epreuve\"},\"author\":{\"name\":\"cfeditorfr\",\"@id\":\"https:\/\/www.africa-press.net\/togo\/#\/schema\/person\/2b1cf3cd81a31e3cd26889ca66d677f1\"},\"headline\":\"Togo\/ Ferinand Ayit\u00e9 donne signe de vie\u00a0: \u00ab\u00a0je vais relativement bien, malgr\u00e9 cette effroyable \u00e9preuve\u00a0\u00bb\",\"datePublished\":\"2023-03-08T22:27:28+00:00\",\"dateModified\":\"2023-03-08T23:48:37+00:00\",\"mainEntityOfPage\":{\"@id\":\"https:\/\/www.africa-press.net\/togo\/toutes-les-actualites\/togo-ferinand-ayite-donne-signe-de-vie-je-vais-relativement-bien-malgre-cette-effroyable-epreuve\"},\"wordCount\":214,\"commentCount\":0,\"image\":{\"@id\":\"https:\/\/www.africa-press.net\/togo\/toutes-les-actualites\/togo-ferinand-ayite-donne-signe-de-vie-je-vais-relativement-bien-malgre-cette-effroyable-epreuve#primaryimage\"},\"thumbnailUrl\":\"https:\/\/static.africa-press.net\/togo\/sites\/58\/2023\/03\/postQueueImg_1678301850.95.jpg\",\"keywords\":[\"Africa Press\",\"Africa Press-Togo\",\"Ferdinand Ayit\u00e9\",\"Togo\"],\"articleSection\":[\"Communaut\u00e9\",\"Toutes les actualit\u00e9s\"],\"inLanguage\":\"fr-FR\",\"potentialAction\":[{\"@type\":\"CommentAction\",\"name\":\"Comment\",\"target\":[\"https:\/\/www.africa-press.net\/togo\/toutes-les-actualites\/togo-ferinand-ayite-donne-signe-de-vie-je-vais-relativement-bien-malgre-cette-effroyable-epreuve#respond\"]}]},{\"@type\":\"WebPage\",\"@id\":\"https:\/\/www.africa-press.net\/togo\/toutes-les-actualites\/togo-ferinand-ayite-donne-signe-de-vie-je-vais-relativement-bien-malgre-cette-effroyable-epreuve\",\"url\":\"https:\/\/www.africa-press.net\/togo\/toutes-les-actualites\/togo-ferinand-ayite-donne-signe-de-vie-je-vais-relativement-bien-malgre-cette-effroyable-epreuve\",\"name\":\"Togo\/ Ferinand Ayit\u00e9 donne signe de vie\u00a0: \u00ab\u00a0je vais relativement bien, malgr\u00e9 cette effroyable \u00e9preuve\u00a0\u00bb - Togo\",\"isPartOf\":{\"@id\":\"https:\/\/www.africa-press.net\/togo\/#website\"},\"primaryImageOfPage\":{\"@id\":\"https:\/\/www.africa-press.net\/togo\/toutes-les-actualites\/togo-ferinand-ayite-donne-signe-de-vie-je-vais-relativement-bien-malgre-cette-effroyable-epreuve#primaryimage\"},\"image\":{\"@id\":\"https:\/\/www.africa-press.net\/togo\/toutes-les-actualites\/togo-ferinand-ayite-donne-signe-de-vie-je-vais-relativement-bien-malgre-cette-effroyable-epreuve#primaryimage\"},\"thumbnailUrl\":\"https:\/\/static.africa-press.net\/togo\/sites\/58\/2023\/03\/postQueueImg_1678301850.95.jpg\",\"datePublished\":\"2023-03-08T22:27:28+00:00\",\"dateModified\":\"2023-03-08T23:48:37+00:00\",\"author\":{\"@id\":\"https:\/\/www.africa-press.net\/togo\/#\/schema\/person\/2b1cf3cd81a31e3cd26889ca66d677f1\"},\"description\":\"Ferdinand Ayite\u0301 e\u0301tait introuvable depuis le dimanche 5 mars dernier. Alors qu\u2019il e\u0301tait convoque\u0301 dimanche 05 mars 202 ...\",\"breadcrumb\":{\"@id\":\"https:\/\/www.africa-press.net\/togo\/toutes-les-actualites\/togo-ferinand-ayite-donne-signe-de-vie-je-vais-relativement-bien-malgre-cette-effroyable-epreuve#breadcrumb\"},\"inLanguage\":\"fr-FR\",\"potentialAction\":[{\"@type\":\"ReadAction\",\"target\":[\"https:\/\/www.africa-press.net\/togo\/toutes-les-actualites\/togo-ferinand-ayite-donne-signe-de-vie-je-vais-relativement-bien-malgre-cette-effroyable-epreuve\"]}]},{\"@type\":\"ImageObject\",\"inLanguage\":\"fr-FR\",\"@id\":\"https:\/\/www.africa-press.net\/togo\/toutes-les-actualites\/togo-ferinand-ayite-donne-signe-de-vie-je-vais-relativement-bien-malgre-cette-effroyable-epreuve#primaryimage\",\"url\":\"https:\/\/static.africa-press.net\/togo\/sites\/58\/2023\/03\/postQueueImg_1678301850.95.jpg\",\"contentUrl\":\"https:\/\/static.africa-press.net\/togo\/sites\/58\/2023\/03\/postQueueImg_1678301850.95.jpg\",\"width\":720,\"height\":480,\"caption\":\"Togo\/ Ferinand Ayit\u00e9 donne signe de vie\u00a0: \u00ab\u00a0je vais relativement bien, malgr\u00e9 cette effroyable \u00e9preuve\u00a0\u00bb\"},{\"@type\":\"BreadcrumbList\",\"@id\":\"https:\/\/www.africa-press.net\/togo\/toutes-les-actualites\/togo-ferinand-ayite-donne-signe-de-vie-je-vais-relativement-bien-malgre-cette-effroyable-epreuve#breadcrumb\",\"itemListElement\":[{\"@type\":\"ListItem\",\"position\":1,\"name\":\"Accueil\",\"item\":\"https:\/\/www.africa-press.net\/togo\/\"},{\"@type\":\"ListItem\",\"position\":2,\"name\":\"Togo\/ Ferinand Ayit\u00e9 donne signe de vie\u00a0: \u00ab\u00a0je vais relativement bien, malgr\u00e9 cette effroyable \u00e9preuve\u00a0\u00bb\"}]},{\"@type\":\"WebSite\",\"@id\":\"https:\/\/www.africa-press.net\/togo\/#website\",\"url\":\"https:\/\/www.africa-press.net\/togo\/\",\"name\":\"Togo\",\"description\":\"Just another Africa News Agency Sites site\",\"potentialAction\":[{\"@type\":\"SearchAction\",\"target\":{\"@type\":\"EntryPoint\",\"urlTemplate\":\"https:\/\/www.africa-press.net\/togo\/?s={search_term_string}\"},\"query-input\":{\"@type\":\"PropertyValueSpecification\",\"valueRequired\":true,\"valueName\":\"search_term_string\"}}],\"inLanguage\":\"fr-FR\"},{\"@type\":\"Person\",\"@id\":\"https:\/\/www.africa-press.net\/togo\/#\/schema\/person\/2b1cf3cd81a31e3cd26889ca66d677f1\",\"name\":\"cfeditorfr\"}]}<\/script>\n<!-- \/ Yoast SEO Premium plugin. -->","yoast_head_json":{"title":"Togo\/ Ferinand Ayit\u00e9 donne signe de vie\u00a0: \u00ab\u00a0je vais relativement bien, malgr\u00e9 cette effroyable \u00e9preuve\u00a0\u00bb - Togo","description":"Ferdinand Ayite\u0301 e\u0301tait introuvable depuis le dimanche 5 mars dernier. Alors qu\u2019il e\u0301tait convoque\u0301 dimanche 05 mars 202 ...","robots":{"index":"index","follow":"follow","max-snippet":"max-snippet:-1","max-image-preview":"max-image-preview:large","max-video-preview":"max-video-preview:-1"},"canonical":"https:\/\/www.africa-press.net\/togo\/toutes-les-actualites\/togo-ferinand-ayite-donne-signe-de-vie-je-vais-relativement-bien-malgre-cette-effroyable-epreuve","og_locale":"fr_FR","og_type":"article","og_title":"Togo\/ Ferinand Ayit\u00e9 donne signe de vie\u00a0: \u00ab\u00a0je vais relativement bien, malgr\u00e9 cette effroyable \u00e9preuve\u00a0\u00bb","og_description":"Ferdinand Ayite\u0301 e\u0301tait introuvable depuis le dimanche 5 mars dernier. Alors qu\u2019il e\u0301tait convoque\u0301 dimanche 05 mars 202 ...","og_url":"https:\/\/www.africa-press.net\/togo\/toutes-les-actualites\/togo-ferinand-ayite-donne-signe-de-vie-je-vais-relativement-bien-malgre-cette-effroyable-epreuve","og_site_name":"Togo","article_published_time":"2023-03-08T22:27:28+00:00","article_modified_time":"2023-03-08T23:48:37+00:00","og_image":[{"width":720,"height":480,"url":"https:\/\/static.africa-press.net\/togo\/sites\/58\/2023\/03\/postQueueImg_1678301850.95.jpg","type":"image\/jpeg"}],"author":"cfeditorfr","twitter_card":"summary_large_image","twitter_misc":{"\u00c9crit par":"cfeditorfr","Dur\u00e9e de lecture estim\u00e9e":"1 minute"},"schema":{"@context":"https:\/\/schema.org","@graph":[{"@type":"Article","@id":"https:\/\/www.africa-press.net\/togo\/toutes-les-actualites\/togo-ferinand-ayite-donne-signe-de-vie-je-vais-relativement-bien-malgre-cette-effroyable-epreuve#article","isPartOf":{"@id":"https:\/\/www.africa-press.net\/togo\/toutes-les-actualites\/togo-ferinand-ayite-donne-signe-de-vie-je-vais-relativement-bien-malgre-cette-effroyable-epreuve"},"author":{"name":"cfeditorfr","@id":"https:\/\/www.africa-press.net\/togo\/#\/schema\/person\/2b1cf3cd81a31e3cd26889ca66d677f1"},"headline":"Togo\/ Ferinand Ayit\u00e9 donne signe de vie\u00a0: \u00ab\u00a0je vais relativement bien, malgr\u00e9 cette effroyable \u00e9preuve\u00a0\u00bb","datePublished":"2023-03-08T22:27:28+00:00","dateModified":"2023-03-08T23:48:37+00:00","mainEntityOfPage":{"@id":"https:\/\/www.africa-press.net\/togo\/toutes-les-actualites\/togo-ferinand-ayite-donne-signe-de-vie-je-vais-relativement-bien-malgre-cette-effroyable-epreuve"},"wordCount":214,"commentCount":0,"image":{"@id":"https:\/\/www.africa-press.net\/togo\/toutes-les-actualites\/togo-ferinand-ayite-donne-signe-de-vie-je-vais-relativement-bien-malgre-cette-effroyable-epreuve#primaryimage"},"thumbnailUrl":"https:\/\/static.africa-press.net\/togo\/sites\/58\/2023\/03\/postQueueImg_1678301850.95.jpg","keywords":["Africa Press","Africa Press-Togo","Ferdinand Ayit\u00e9","Togo"],"articleSection":["Communaut\u00e9","Toutes les actualit\u00e9s"],"inLanguage":"fr-FR","potentialAction":[{"@type":"CommentAction","name":"Comment","target":["https:\/\/www.africa-press.net\/togo\/toutes-les-actualites\/togo-ferinand-ayite-donne-signe-de-vie-je-vais-relativement-bien-malgre-cette-effroyable-epreuve#respond"]}]},{"@type":"WebPage","@id":"https:\/\/www.africa-press.net\/togo\/toutes-les-actualites\/togo-ferinand-ayite-donne-signe-de-vie-je-vais-relativement-bien-malgre-cette-effroyable-epreuve","url":"https:\/\/www.africa-press.net\/togo\/toutes-les-actualites\/togo-ferinand-ayite-donne-signe-de-vie-je-vais-relativement-bien-malgre-cette-effroyable-epreuve","name":"Togo\/ Ferinand Ayit\u00e9 donne signe de vie\u00a0: \u00ab\u00a0je vais relativement bien, malgr\u00e9 cette effroyable \u00e9preuve\u00a0\u00bb - Togo","isPartOf":{"@id":"https:\/\/www.africa-press.net\/togo\/#website"},"primaryImageOfPage":{"@id":"https:\/\/www.africa-press.net\/togo\/toutes-les-actualites\/togo-ferinand-ayite-donne-signe-de-vie-je-vais-relativement-bien-malgre-cette-effroyable-epreuve#primaryimage"},"image":{"@id":"https:\/\/www.africa-press.net\/togo\/toutes-les-actualites\/togo-ferinand-ayite-donne-signe-de-vie-je-vais-relativement-bien-malgre-cette-effroyable-epreuve#primaryimage"},"thumbnailUrl":"https:\/\/static.africa-press.net\/togo\/sites\/58\/2023\/03\/postQueueImg_1678301850.95.jpg","datePublished":"2023-03-08T22:27:28+00:00","dateModified":"2023-03-08T23:48:37+00:00","author":{"@id":"https:\/\/www.africa-press.net\/togo\/#\/schema\/person\/2b1cf3cd81a31e3cd26889ca66d677f1"},"description":"Ferdinand Ayite\u0301 e\u0301tait introuvable depuis le dimanche 5 mars dernier. Alors qu\u2019il e\u0301tait convoque\u0301 dimanche 05 mars 202 ...","breadcrumb":{"@id":"https:\/\/www.africa-press.net\/togo\/toutes-les-actualites\/togo-ferinand-ayite-donne-signe-de-vie-je-vais-relativement-bien-malgre-cette-effroyable-epreuve#breadcrumb"},"inLanguage":"fr-FR","potentialAction":[{"@type":"ReadAction","target":["https:\/\/www.africa-press.net\/togo\/toutes-les-actualites\/togo-ferinand-ayite-donne-signe-de-vie-je-vais-relativement-bien-malgre-cette-effroyable-epreuve"]}]},{"@type":"ImageObject","inLanguage":"fr-FR","@id":"https:\/\/www.africa-press.net\/togo\/toutes-les-actualites\/togo-ferinand-ayite-donne-signe-de-vie-je-vais-relativement-bien-malgre-cette-effroyable-epreuve#primaryimage","url":"https:\/\/static.africa-press.net\/togo\/sites\/58\/2023\/03\/postQueueImg_1678301850.95.jpg","contentUrl":"https:\/\/static.africa-press.net\/togo\/sites\/58\/2023\/03\/postQueueImg_1678301850.95.jpg","width":720,"height":480,"caption":"Togo\/ Ferinand Ayit\u00e9 donne signe de vie\u00a0: \u00ab\u00a0je vais relativement bien, malgr\u00e9 cette effroyable \u00e9preuve\u00a0\u00bb"},{"@type":"BreadcrumbList","@id":"https:\/\/www.africa-press.net\/togo\/toutes-les-actualites\/togo-ferinand-ayite-donne-signe-de-vie-je-vais-relativement-bien-malgre-cette-effroyable-epreuve#breadcrumb","itemListElement":[{"@type":"ListItem","position":1,"name":"Accueil","item":"https:\/\/www.africa-press.net\/togo\/"},{"@type":"ListItem","position":2,"name":"Togo\/ Ferinand Ayit\u00e9 donne signe de vie\u00a0: \u00ab\u00a0je vais relativement bien, malgr\u00e9 cette effroyable \u00e9preuve\u00a0\u00bb"}]},{"@type":"WebSite","@id":"https:\/\/www.africa-press.net\/togo\/#website","url":"https:\/\/www.africa-press.net\/togo\/","name":"Togo","description":"Just another Africa News Agency Sites site","potentialAction":[{"@type":"SearchAction","target":{"@type":"EntryPoint","urlTemplate":"https:\/\/www.africa-press.net\/togo\/?s={search_term_string}"},"query-input":{"@type":"PropertyValueSpecification","valueRequired":true,"valueName":"search_term_string"}}],"inLanguage":"fr-FR"},{"@type":"Person","@id":"https:\/\/www.africa-press.net\/togo\/#\/schema\/person\/2b1cf3cd81a31e3cd26889ca66d677f1","name":"cfeditorfr"}]}},"_links":{"self":[{"href":"https:\/\/www.africa-press.net\/togo\/wp-json\/wp\/v2\/posts\/18317","targetHints":{"allow":["GET"]}}],"collection":[{"href":"https:\/\/www.africa-press.net\/togo\/wp-json\/wp\/v2\/posts"}],"about":[{"href":"https:\/\/www.africa-press.net\/togo\/wp-json\/wp\/v2\/types\/post"}],"author":[{"embeddable":true,"href":"https:\/\/www.africa-press.net\/togo\/wp-json\/wp\/v2\/users\/82"}],"replies":[{"embeddable":true,"href":"https:\/\/www.africa-press.net\/togo\/wp-json\/wp\/v2\/comments?post=18317"}],"version-history":[{"count":0,"href":"https:\/\/www.africa-press.net\/togo\/wp-json\/wp\/v2\/posts\/18317\/revisions"}],"wp:featuredmedia":[{"embeddable":true,"href":"https:\/\/www.africa-press.net\/togo\/wp-json\/wp\/v2\/media\/18316"}],"wp:attachment":[{"href":"https:\/\/www.africa-press.net\/togo\/wp-json\/wp\/v2\/media?parent=18317"}],"wp:term":[{"taxonomy":"category","embeddable":true,"href":"https:\/\/www.africa-press.net\/togo\/wp-json\/wp\/v2\/categories?post=18317"},{"taxonomy":"post_tag","embeddable":true,"href":"https:\/\/www.africa-press.net\/togo\/wp-json\/wp\/v2\/tags?post=18317"}],"curies":[{"name":"wp","href":"https:\/\/api.w.org\/{rel}","templated":true}]}}