{"id":18324,"date":"2023-03-09T12:08:25","date_gmt":"2023-03-09T12:08:25","guid":{"rendered":"https:\/\/www.africa-press.net\/togo\/politique\/togo-ferdinand-ayite-3-jours-en-enfer"},"modified":"2023-03-09T12:38:05","modified_gmt":"2023-03-09T12:38:05","slug":"togo-ferdinand-ayite-3-jours-en-enfer","status":"publish","type":"post","link":"https:\/\/www.africa-press.net\/togo\/toutes-les-actualites\/togo-ferdinand-ayite-3-jours-en-enfer","title":{"rendered":"Togo- Ferdinand Ayit\u00e9, 3 jours en enfer\u2026"},"content":{"rendered":"<p><span style=\"color: #ff6600\"><strong>Africa-Press &#8211; Togo. <\/strong><\/span><b>Le samedi 04 mars, le journaliste d\u2019investigation et patron de L\u2019Alternative quitte Lome\u0301 pour se rendre a\u0300 Cotonou pour \u201cune raison personnelle\u201d selon son te\u0301moignage que nous avons recueilli.<\/b><\/p>\n<p>A la frontie\u0300re, une alerte policie\u0300re et alors que l\u2019inte\u0301gralite\u0301 des frontie\u0300res terrestres disposeraient de sa photo et d\u2019une injonction \u201cde pre\u0301venir en cas de tentative de sortir du pays\u201d, il subira en fin d\u2019apre\u0300s-midi un court interrogatoire avant d\u2019e\u0302tre ramene\u0301 par le CB ( chef brigade) d\u2019Ane\u0301ho ( ville frontalie\u0300re situe\u0301 a\u0300 50 Km de la capitale) sur Lome\u0301.<\/p>\n<p>On lui reproche de tenter de quitter le pays alors qu\u2019une semaine plus to\u0302t, il avait, avec Isidore Kouwonou et Joe\u0308l Egah, son de\u0301funt compagnon d\u2019infortune, rec\u0327u une convocation du 3e substitut en charge du dossier dans lequel, en de\u0301cembre 2021, ils ont connu 3 semaines de de\u0301tention. Ils avaient, dans une e\u0301mission en ligne, critique\u0301 a\u0300 l\u2019exce\u0300s deux ministres togolaise.<\/p>\n<p>Il sera ramene\u0301 au Scric, service de renseignements interne de la gendarmerie a\u0300 Lome\u0301 ou\u0300 suivra un autre court interrogatoire. Il sera ensuite libe\u0301re\u0301 puis conduit chez lui a\u0300 Sagbado, banlieue ouest de Lome\u0301, ou\u0300 son quartier a e\u0301te\u0301 envahi par des personnes qu\u2019il assimile aux forces de l\u2019ordre. Autour de 21h15, pre\u0301cise-t-il lors d\u2019un e\u0301change.<\/p>\n<p>Le lendemain dimanche 05 mars, une convocation du Scric lui est de\u0301pose\u0301e a\u0300 domicile autour de 11h avec l\u2019obligation de se pre\u0301senter a\u0300 15h le me\u0302me jour. Il ne s\u2019y rendra jamais, ayant re\u0301ussi a\u0300 \u201cse mettre a\u0300 l\u2019abri\u201d avant de quitter le Togo dans la foule\u0301e. Trois jours de gale\u0300re et d\u2019enfer, j\u2019en donnerai des pre\u0301cisions plus tard, puis une pe\u0301rilleuse traverse\u0301e de frontie\u0300re et le voila en se\u0301curite\u0301. Il donnera signe de vie apre\u0300s que, pendant 72 heures, re\u0301seaux sociaux et me\u0301dias se soient inquie\u0301te\u0301s de sa disparition. Il est aujourd\u2019hui en toute se\u0301curite\u0301. Il devrait, ne pouvant pas revenir dans son pays puisqu\u2019il s\u2019inquie\u0300te pour sa se\u0301curite\u0301, rester quelques mois, sans doute quelques anne\u0301es, hors du Togo.<\/p>\n<p>Un journaliste d\u2019exception a du\u0302 quitter le pays, d\u2019autres qui essaient de faire leur travail se disent menace\u0301s&#8230;<\/p>\n<p>Prions pour et avec lui.<\/p>\n<p>Carmel Max Savi<\/p>\n<p><strong>Pour plus d&rsquo;informations et d&rsquo;analyses sur la <a href=\"https:\/\/www.africa-press.net\/togo\">Togo<\/a>, suivez <a href=\"https:\/\/www.africa-press.net\/\">Africa-Press<\/a><\/strong><\/p>\n","protected":false},"excerpt":{"rendered":"<p>Africa-Press &#8211; Togo. Le samedi 04 mars, le journaliste d\u2019investigation et patron de L\u2019Alternative quitte Lome\u0301 pour se rendre a\u0300 Cotonou pour \u201cune raison personnelle\u201d selon son te\u0301moignage que nous avons recueilli. A la frontie\u0300re, une alerte policie\u0300re et alors que l\u2019inte\u0301gralite\u0301 des frontie\u0300res terrestres disposeraient de sa photo et d\u2019une injonction \u201cde pre\u0301venir en [&hellip;]<\/p>\n","protected":false},"author":82,"featured_media":18323,"comment_status":"open","ping_status":"closed","sticky":false,"template":"","format":"standard","meta":{"footnotes":""},"categories":[21,10],"tags":[36,49,50],"class_list":["post-18324","post","type-post","status-publish","format-standard","has-post-thumbnail","hentry","category-communaute","category-toutes-les-actualites","tag-africa-press","tag-africa-press-togo","tag-togo"],"yoast_head":"<!-- This site is optimized with the Yoast SEO Premium plugin v26.1 (Yoast SEO v27.0) - https:\/\/yoast.com\/product\/yoast-seo-premium-wordpress\/ -->\n<title>Togo- Ferdinand Ayit\u00e9, 3 jours en enfer\u2026 - Togo<\/title>\n<meta name=\"description\" content=\"Le samedi 04 mars, le journaliste d\u2019investigation et patron de L\u2019Alternative quitte Lome\u0301 pour se rendre a\u0300 Cotonou p ...\" \/>\n<meta name=\"robots\" content=\"index, follow, max-snippet:-1, max-image-preview:large, max-video-preview:-1\" \/>\n<link rel=\"canonical\" href=\"https:\/\/www.africa-press.net\/togo\/toutes-les-actualites\/togo-ferdinand-ayite-3-jours-en-enfer\" \/>\n<meta property=\"og:locale\" content=\"fr_FR\" \/>\n<meta property=\"og:type\" content=\"article\" \/>\n<meta property=\"og:title\" content=\"Togo- Ferdinand Ayit\u00e9, 3 jours en enfer\u2026\" \/>\n<meta property=\"og:description\" content=\"Le samedi 04 mars, le journaliste d\u2019investigation et patron de L\u2019Alternative quitte Lome\u0301 pour se rendre a\u0300 Cotonou p ...\" \/>\n<meta property=\"og:url\" content=\"https:\/\/www.africa-press.net\/togo\/toutes-les-actualites\/togo-ferdinand-ayite-3-jours-en-enfer\" \/>\n<meta property=\"og:site_name\" content=\"Togo\" \/>\n<meta property=\"article:published_time\" content=\"2023-03-09T12:08:25+00:00\" \/>\n<meta property=\"article:modified_time\" content=\"2023-03-09T12:38:05+00:00\" \/>\n<meta property=\"og:image\" content=\"https:\/\/static.africa-press.net\/togo\/sites\/58\/2023\/03\/postQueueImg_1678351121.19.jpg\" \/>\n\t<meta property=\"og:image:width\" content=\"1280\" \/>\n\t<meta property=\"og:image:height\" content=\"802\" \/>\n\t<meta property=\"og:image:type\" content=\"image\/jpeg\" \/>\n<meta name=\"author\" content=\"cfeditorfr\" \/>\n<meta name=\"twitter:card\" content=\"summary_large_image\" \/>\n<meta name=\"twitter:label1\" content=\"\u00c9crit par\" \/>\n\t<meta name=\"twitter:data1\" content=\"cfeditorfr\" \/>\n\t<meta name=\"twitter:label2\" content=\"Dur\u00e9e de lecture estim\u00e9e\" \/>\n\t<meta name=\"twitter:data2\" content=\"2 minutes\" \/>\n<script type=\"application\/ld+json\" class=\"yoast-schema-graph\">{\"@context\":\"https:\/\/schema.org\",\"@graph\":[{\"@type\":\"Article\",\"@id\":\"https:\/\/www.africa-press.net\/togo\/toutes-les-actualites\/togo-ferdinand-ayite-3-jours-en-enfer#article\",\"isPartOf\":{\"@id\":\"https:\/\/www.africa-press.net\/togo\/toutes-les-actualites\/togo-ferdinand-ayite-3-jours-en-enfer\"},\"author\":{\"name\":\"cfeditorfr\",\"@id\":\"https:\/\/www.africa-press.net\/togo\/#\/schema\/person\/2b1cf3cd81a31e3cd26889ca66d677f1\"},\"headline\":\"Togo- Ferdinand Ayit\u00e9, 3 jours en enfer\u2026\",\"datePublished\":\"2023-03-09T12:08:25+00:00\",\"dateModified\":\"2023-03-09T12:38:05+00:00\",\"mainEntityOfPage\":{\"@id\":\"https:\/\/www.africa-press.net\/togo\/toutes-les-actualites\/togo-ferdinand-ayite-3-jours-en-enfer\"},\"wordCount\":432,\"commentCount\":0,\"image\":{\"@id\":\"https:\/\/www.africa-press.net\/togo\/toutes-les-actualites\/togo-ferdinand-ayite-3-jours-en-enfer#primaryimage\"},\"thumbnailUrl\":\"https:\/\/static.africa-press.net\/togo\/sites\/58\/2023\/03\/postQueueImg_1678351121.19.jpg\",\"keywords\":[\"Africa Press\",\"Africa Press-Togo\",\"Togo\"],\"articleSection\":[\"Communaut\u00e9\",\"Toutes les actualit\u00e9s\"],\"inLanguage\":\"fr-FR\",\"potentialAction\":[{\"@type\":\"CommentAction\",\"name\":\"Comment\",\"target\":[\"https:\/\/www.africa-press.net\/togo\/toutes-les-actualites\/togo-ferdinand-ayite-3-jours-en-enfer#respond\"]}]},{\"@type\":\"WebPage\",\"@id\":\"https:\/\/www.africa-press.net\/togo\/toutes-les-actualites\/togo-ferdinand-ayite-3-jours-en-enfer\",\"url\":\"https:\/\/www.africa-press.net\/togo\/toutes-les-actualites\/togo-ferdinand-ayite-3-jours-en-enfer\",\"name\":\"Togo- Ferdinand Ayit\u00e9, 3 jours en enfer\u2026 - Togo\",\"isPartOf\":{\"@id\":\"https:\/\/www.africa-press.net\/togo\/#website\"},\"primaryImageOfPage\":{\"@id\":\"https:\/\/www.africa-press.net\/togo\/toutes-les-actualites\/togo-ferdinand-ayite-3-jours-en-enfer#primaryimage\"},\"image\":{\"@id\":\"https:\/\/www.africa-press.net\/togo\/toutes-les-actualites\/togo-ferdinand-ayite-3-jours-en-enfer#primaryimage\"},\"thumbnailUrl\":\"https:\/\/static.africa-press.net\/togo\/sites\/58\/2023\/03\/postQueueImg_1678351121.19.jpg\",\"datePublished\":\"2023-03-09T12:08:25+00:00\",\"dateModified\":\"2023-03-09T12:38:05+00:00\",\"author\":{\"@id\":\"https:\/\/www.africa-press.net\/togo\/#\/schema\/person\/2b1cf3cd81a31e3cd26889ca66d677f1\"},\"description\":\"Le samedi 04 mars, le journaliste d\u2019investigation et patron de L\u2019Alternative quitte Lome\u0301 pour se rendre a\u0300 Cotonou p ...\",\"breadcrumb\":{\"@id\":\"https:\/\/www.africa-press.net\/togo\/toutes-les-actualites\/togo-ferdinand-ayite-3-jours-en-enfer#breadcrumb\"},\"inLanguage\":\"fr-FR\",\"potentialAction\":[{\"@type\":\"ReadAction\",\"target\":[\"https:\/\/www.africa-press.net\/togo\/toutes-les-actualites\/togo-ferdinand-ayite-3-jours-en-enfer\"]}]},{\"@type\":\"ImageObject\",\"inLanguage\":\"fr-FR\",\"@id\":\"https:\/\/www.africa-press.net\/togo\/toutes-les-actualites\/togo-ferdinand-ayite-3-jours-en-enfer#primaryimage\",\"url\":\"https:\/\/static.africa-press.net\/togo\/sites\/58\/2023\/03\/postQueueImg_1678351121.19.jpg\",\"contentUrl\":\"https:\/\/static.africa-press.net\/togo\/sites\/58\/2023\/03\/postQueueImg_1678351121.19.jpg\",\"width\":1280,\"height\":802,\"caption\":\"Togo- Ferdinand Ayit\u00e9, 3 jours en enfer\u2026\"},{\"@type\":\"BreadcrumbList\",\"@id\":\"https:\/\/www.africa-press.net\/togo\/toutes-les-actualites\/togo-ferdinand-ayite-3-jours-en-enfer#breadcrumb\",\"itemListElement\":[{\"@type\":\"ListItem\",\"position\":1,\"name\":\"Accueil\",\"item\":\"https:\/\/www.africa-press.net\/togo\/\"},{\"@type\":\"ListItem\",\"position\":2,\"name\":\"Togo- Ferdinand Ayit\u00e9, 3 jours en enfer\u2026\"}]},{\"@type\":\"WebSite\",\"@id\":\"https:\/\/www.africa-press.net\/togo\/#website\",\"url\":\"https:\/\/www.africa-press.net\/togo\/\",\"name\":\"Togo\",\"description\":\"Just another Africa News Agency Sites site\",\"potentialAction\":[{\"@type\":\"SearchAction\",\"target\":{\"@type\":\"EntryPoint\",\"urlTemplate\":\"https:\/\/www.africa-press.net\/togo\/?s={search_term_string}\"},\"query-input\":{\"@type\":\"PropertyValueSpecification\",\"valueRequired\":true,\"valueName\":\"search_term_string\"}}],\"inLanguage\":\"fr-FR\"},{\"@type\":\"Person\",\"@id\":\"https:\/\/www.africa-press.net\/togo\/#\/schema\/person\/2b1cf3cd81a31e3cd26889ca66d677f1\",\"name\":\"cfeditorfr\"}]}<\/script>\n<!-- \/ Yoast SEO Premium plugin. -->","yoast_head_json":{"title":"Togo- Ferdinand Ayit\u00e9, 3 jours en enfer\u2026 - Togo","description":"Le samedi 04 mars, le journaliste d\u2019investigation et patron de L\u2019Alternative quitte Lome\u0301 pour se rendre a\u0300 Cotonou p ...","robots":{"index":"index","follow":"follow","max-snippet":"max-snippet:-1","max-image-preview":"max-image-preview:large","max-video-preview":"max-video-preview:-1"},"canonical":"https:\/\/www.africa-press.net\/togo\/toutes-les-actualites\/togo-ferdinand-ayite-3-jours-en-enfer","og_locale":"fr_FR","og_type":"article","og_title":"Togo- Ferdinand Ayit\u00e9, 3 jours en enfer\u2026","og_description":"Le samedi 04 mars, le journaliste d\u2019investigation et patron de L\u2019Alternative quitte Lome\u0301 pour se rendre a\u0300 Cotonou p ...","og_url":"https:\/\/www.africa-press.net\/togo\/toutes-les-actualites\/togo-ferdinand-ayite-3-jours-en-enfer","og_site_name":"Togo","article_published_time":"2023-03-09T12:08:25+00:00","article_modified_time":"2023-03-09T12:38:05+00:00","og_image":[{"width":1280,"height":802,"url":"https:\/\/static.africa-press.net\/togo\/sites\/58\/2023\/03\/postQueueImg_1678351121.19.jpg","type":"image\/jpeg"}],"author":"cfeditorfr","twitter_card":"summary_large_image","twitter_misc":{"\u00c9crit par":"cfeditorfr","Dur\u00e9e de lecture estim\u00e9e":"2 minutes"},"schema":{"@context":"https:\/\/schema.org","@graph":[{"@type":"Article","@id":"https:\/\/www.africa-press.net\/togo\/toutes-les-actualites\/togo-ferdinand-ayite-3-jours-en-enfer#article","isPartOf":{"@id":"https:\/\/www.africa-press.net\/togo\/toutes-les-actualites\/togo-ferdinand-ayite-3-jours-en-enfer"},"author":{"name":"cfeditorfr","@id":"https:\/\/www.africa-press.net\/togo\/#\/schema\/person\/2b1cf3cd81a31e3cd26889ca66d677f1"},"headline":"Togo- Ferdinand Ayit\u00e9, 3 jours en enfer\u2026","datePublished":"2023-03-09T12:08:25+00:00","dateModified":"2023-03-09T12:38:05+00:00","mainEntityOfPage":{"@id":"https:\/\/www.africa-press.net\/togo\/toutes-les-actualites\/togo-ferdinand-ayite-3-jours-en-enfer"},"wordCount":432,"commentCount":0,"image":{"@id":"https:\/\/www.africa-press.net\/togo\/toutes-les-actualites\/togo-ferdinand-ayite-3-jours-en-enfer#primaryimage"},"thumbnailUrl":"https:\/\/static.africa-press.net\/togo\/sites\/58\/2023\/03\/postQueueImg_1678351121.19.jpg","keywords":["Africa Press","Africa Press-Togo","Togo"],"articleSection":["Communaut\u00e9","Toutes les actualit\u00e9s"],"inLanguage":"fr-FR","potentialAction":[{"@type":"CommentAction","name":"Comment","target":["https:\/\/www.africa-press.net\/togo\/toutes-les-actualites\/togo-ferdinand-ayite-3-jours-en-enfer#respond"]}]},{"@type":"WebPage","@id":"https:\/\/www.africa-press.net\/togo\/toutes-les-actualites\/togo-ferdinand-ayite-3-jours-en-enfer","url":"https:\/\/www.africa-press.net\/togo\/toutes-les-actualites\/togo-ferdinand-ayite-3-jours-en-enfer","name":"Togo- Ferdinand Ayit\u00e9, 3 jours en enfer\u2026 - Togo","isPartOf":{"@id":"https:\/\/www.africa-press.net\/togo\/#website"},"primaryImageOfPage":{"@id":"https:\/\/www.africa-press.net\/togo\/toutes-les-actualites\/togo-ferdinand-ayite-3-jours-en-enfer#primaryimage"},"image":{"@id":"https:\/\/www.africa-press.net\/togo\/toutes-les-actualites\/togo-ferdinand-ayite-3-jours-en-enfer#primaryimage"},"thumbnailUrl":"https:\/\/static.africa-press.net\/togo\/sites\/58\/2023\/03\/postQueueImg_1678351121.19.jpg","datePublished":"2023-03-09T12:08:25+00:00","dateModified":"2023-03-09T12:38:05+00:00","author":{"@id":"https:\/\/www.africa-press.net\/togo\/#\/schema\/person\/2b1cf3cd81a31e3cd26889ca66d677f1"},"description":"Le samedi 04 mars, le journaliste d\u2019investigation et patron de L\u2019Alternative quitte Lome\u0301 pour se rendre a\u0300 Cotonou p ...","breadcrumb":{"@id":"https:\/\/www.africa-press.net\/togo\/toutes-les-actualites\/togo-ferdinand-ayite-3-jours-en-enfer#breadcrumb"},"inLanguage":"fr-FR","potentialAction":[{"@type":"ReadAction","target":["https:\/\/www.africa-press.net\/togo\/toutes-les-actualites\/togo-ferdinand-ayite-3-jours-en-enfer"]}]},{"@type":"ImageObject","inLanguage":"fr-FR","@id":"https:\/\/www.africa-press.net\/togo\/toutes-les-actualites\/togo-ferdinand-ayite-3-jours-en-enfer#primaryimage","url":"https:\/\/static.africa-press.net\/togo\/sites\/58\/2023\/03\/postQueueImg_1678351121.19.jpg","contentUrl":"https:\/\/static.africa-press.net\/togo\/sites\/58\/2023\/03\/postQueueImg_1678351121.19.jpg","width":1280,"height":802,"caption":"Togo- Ferdinand Ayit\u00e9, 3 jours en enfer\u2026"},{"@type":"BreadcrumbList","@id":"https:\/\/www.africa-press.net\/togo\/toutes-les-actualites\/togo-ferdinand-ayite-3-jours-en-enfer#breadcrumb","itemListElement":[{"@type":"ListItem","position":1,"name":"Accueil","item":"https:\/\/www.africa-press.net\/togo\/"},{"@type":"ListItem","position":2,"name":"Togo- Ferdinand Ayit\u00e9, 3 jours en enfer\u2026"}]},{"@type":"WebSite","@id":"https:\/\/www.africa-press.net\/togo\/#website","url":"https:\/\/www.africa-press.net\/togo\/","name":"Togo","description":"Just another Africa News Agency Sites site","potentialAction":[{"@type":"SearchAction","target":{"@type":"EntryPoint","urlTemplate":"https:\/\/www.africa-press.net\/togo\/?s={search_term_string}"},"query-input":{"@type":"PropertyValueSpecification","valueRequired":true,"valueName":"search_term_string"}}],"inLanguage":"fr-FR"},{"@type":"Person","@id":"https:\/\/www.africa-press.net\/togo\/#\/schema\/person\/2b1cf3cd81a31e3cd26889ca66d677f1","name":"cfeditorfr"}]}},"_links":{"self":[{"href":"https:\/\/www.africa-press.net\/togo\/wp-json\/wp\/v2\/posts\/18324","targetHints":{"allow":["GET"]}}],"collection":[{"href":"https:\/\/www.africa-press.net\/togo\/wp-json\/wp\/v2\/posts"}],"about":[{"href":"https:\/\/www.africa-press.net\/togo\/wp-json\/wp\/v2\/types\/post"}],"author":[{"embeddable":true,"href":"https:\/\/www.africa-press.net\/togo\/wp-json\/wp\/v2\/users\/82"}],"replies":[{"embeddable":true,"href":"https:\/\/www.africa-press.net\/togo\/wp-json\/wp\/v2\/comments?post=18324"}],"version-history":[{"count":0,"href":"https:\/\/www.africa-press.net\/togo\/wp-json\/wp\/v2\/posts\/18324\/revisions"}],"wp:featuredmedia":[{"embeddable":true,"href":"https:\/\/www.africa-press.net\/togo\/wp-json\/wp\/v2\/media\/18323"}],"wp:attachment":[{"href":"https:\/\/www.africa-press.net\/togo\/wp-json\/wp\/v2\/media?parent=18324"}],"wp:term":[{"taxonomy":"category","embeddable":true,"href":"https:\/\/www.africa-press.net\/togo\/wp-json\/wp\/v2\/categories?post=18324"},{"taxonomy":"post_tag","embeddable":true,"href":"https:\/\/www.africa-press.net\/togo\/wp-json\/wp\/v2\/tags?post=18324"}],"curies":[{"name":"wp","href":"https:\/\/api.w.org\/{rel}","templated":true}]}}