{"id":18326,"date":"2023-03-09T12:08:45","date_gmt":"2023-03-09T12:08:45","guid":{"rendered":"https:\/\/www.africa-press.net\/togo\/politique\/christian-spieker-nexiste-t-il-aucun-togolais-en-situation-irreguliere-en-tunisie"},"modified":"2023-03-09T12:38:40","modified_gmt":"2023-03-09T12:38:40","slug":"christian-spieker-nexiste-t-il-aucun-togolais-en-situation-irreguliere-en-tunisie","status":"publish","type":"post","link":"https:\/\/www.africa-press.net\/togo\/politique\/christian-spieker-nexiste-t-il-aucun-togolais-en-situation-irreguliere-en-tunisie","title":{"rendered":"Christian Spieker : \u201d N\u00b4existe-t-il aucun Togolais en situation irr\u00e9guli\u00e8re en Tunisie?\u201d"},"content":{"rendered":"<p><span style=\"color: #ff6600\"><strong>Africa-Press &#8211; Togo. <\/strong><\/span><b>Le Pre\u0301sident tunisien a tenu des propos haineux a\u0300 l \u0301e\u0301gard des Africains en situation irre\u0301gulie\u0300re sur son sol et ces propos a\u0300 caracte\u0300re raciste, ont mis en inse\u0301curite\u0301 les Africains re\u0301sidant en Tunisie dans de telle situation. Certains pre\u0301sidents africains comme celui de la Co\u0302te-d \u0301Ivoire, de la Guine\u0301e et du Mali ont re\u0301agi en affre\u0301tant chacun, un avion pour le rapatriement de ses ressortissants. J \u0301approuve beaucoup cette bonne re\u0301action de leur part. C \u0301est c\u0327a diriger un pays. On prote\u0300ge ses compatriotes partout ou\u0300 ils sont dans le monde et non pas seulement ceux qui sont a\u0300 l \u0301inte\u0301rieur du pays.<\/b><\/p>\n<p>On espe\u0300re que Faure Gnassingbe\u0301, plus a\u0300 l \u0301aise en politique e\u0301trange\u0300re qu \u0301inte\u0301rieure, et tre\u0300s en pointe aussi dans les ne\u0301gociations pour de\u0301bloquer les situations difficiles en faveur \u201cd \u0301autres ressortissants\u201d comme la libe\u0301ration des militaires ivoiriens au Mali, affre\u0301tera aussi sans doute un avion pour aller chercher nos compatriotes au cas ou\u0300 certains des no\u0302tres re\u0301sidaient aussi en Tunisie. Ou bien n \u0301existe-t-il aucun Togolais en situation irre\u0301gulie\u0300re en Tunisie? C\u0327a m \u0301e\u0301tonnerait. En tout cas, moi j \u0301attends qu \u0301on nous parle aussi des cas togolais la\u0300-bas et leur rapatriement au pays.<\/p>\n<p>Ce qui est vraiment surprenant chez ce Pre\u0301sident tunisien Kais Saied, c \u0301est la manie\u0300re dont il dirige le pays, pourtant un professeur de Droit qui n \u0301appartenait a\u0300 aucun parti politique avant qu \u0301il ne devienne Pre\u0301sident de la re\u0301publique et tre\u0300s populaire chez les jeunes avant son e\u0301lection. Mais, petit a\u0300 petit il a change\u0301 comple\u0300tement quand le Pouvoir est tombe\u0301 entre ses mains. Il a fait modifier la Constitution vers le pre\u0301sidentialisme a\u0300 l \u0301africaine. Entre-temps il a dissous le parlement et a concentre\u0301 tous les autres pouvoirs entre ses mains. Il vient d \u0301organiser les e\u0301lections le\u0301gislatives mais ceux qui ont participe\u0301 n \u0301ont pas atteint 11%. C \u0301est cette de\u0301rive la\u0300 qui surprend. C \u0301 est une de\u0301rive inexplicable de la part de celui qui connai\u0302t bien le Droit et l \u0301enseigne. Il sait ce qu\u2019est la de\u0301mocratie. Ce n\u2019est pas un militaire et non plus l\u2019enfant de militaire.<\/p>\n<p>Tous les Africains sont pareils quand ils viennent au Pouvoir. Ne voyez-vous pas que c \u0301est vrai? Les opposants virulents aujourd \u0301hui a\u0300 l \u0301e\u0301gard du Pouvoir dans les pays africains, deviennent pires demain que ceux qu \u0301ils critiquaient hier. Partout c \u0301est comme c\u0327a en Afrique. C\u2019est pourquoi je suis un peu tole\u0301rant envers Faure Gnassingbe\u0301 dans sa manie\u0300re de ge\u0301rer le pays puisque lui, son papa est militaire et il est e\u0301duque\u0301 dans la dictature. Si les professeurs de Droit deviennent dictateurs, qu\u2019est-ce qu\u2019on peut reprocher a\u0300 un enfant de militaire qui a grandi dans le bruit des bottes au camp militaire? On va seulement le prier de quitter le Pouvoir en 2025 car il ne va pas comprendre ce qu\u2019on lui reproche. Il ne connai\u0302t pas la de\u0301mocratie et ce n\u2019est pas de sa faute. Moi, c\u2019est mon point de vue. Le milieu dans lequel l\u2019individu a grandi ou est e\u0301leve\u0301, agit toujours sur lui. Ne dit-on pas que \u201cle milieu corrompt l\u2019homme\u201d? Par exemple, au Tribunal les juges sont plus se\u0301ve\u0300res envers celui qui connai\u0302t le Droit et a viole\u0301 la loi qu\u2019un profane qui ne connai\u0302t pas le Droit mais a viole\u0301 la me\u0302me loi malgre\u0301 l \u2018adage selon lequel: \u201cnul n\u2019est cense\u0301 ignorer la loi \u201c. Donc on va e\u0302tre un peu tole\u0301rant envers l\u2019enfant du militaire e\u0301leve\u0301 et e\u0301duque\u0301 au camp militaire.<\/p>\n<p>Il ne comprendra jamais ce qu\u2019 on lui reproche sur la de\u0301mocratie car il a e\u0301te\u0301 e\u0301leve\u0301 par un militaire et dans la dictature au temps de parti unique RPT. Un peu de tole\u0301rance envers lui. Ce n\u2019est pas de sa faute. Ce sont ses conseillers qui devraient lui donner de bons conseils mais comme eux, ils ne pensent qu\u2019a\u0300 leur poche, ils ne le font pas comme c\u0327a se doit. On va beaucoup prier seulement qu\u2019il accepte de quitter le Pouvoir en 2025. En fin strate\u0300ge et diplomate, je chercherai a\u0300 le rencontrer pour aborder le sujet avec lui en 2025. Je suis su\u0302r qu\u2019il comprendra et c\u0327a de\u0301pendra de la manie\u0300re dont on aborde le sujet avec lui avec respect et finesse.<\/p>\n<p>C\u2019est avec le Pre\u0301sident tunisien qu\u2019on va e\u0302tre plus dur et se\u0301ve\u0300re dans les critiques car lui, c\u2019est un prof. de Droit. Voila\u0300 qu \u0301il est devenu Pre\u0301sident et il prend l \u0301habit de la dictature en emprisonnant les opposants dans son pays et concentrant tous les pouvoirs entre ses mains. Comment peut-on imaginer qu \u0301un Professeur de Droit a\u0300 un a\u0302ge avance\u0301, peut-il agir ainsi? Dans mon dernier article, le journaliste qui l \u0301a mis en ligne, l \u0301a titre\u0301: \u201cTous les dirigeants africains sont les me\u0302mes\u201d puisque ce passage ce trouve dans le texte. C \u0301est une re\u0301alite\u0301 incontestable. L \u0301Africain aime tellement le Pouvoir que s \u0301il le prend, il ne veut plus le la\u0302cher. Bizarre encore, ceux qui sont a\u0300 la te\u0302te de l\u2019UA ne disent rien. Quand un des leurs commet une erreur, les autres ne disent rien. Comment voulez-vous qu\u2019on e\u0301volue en Afrique?<\/p>\n<p>C \u0301est pourquoi au Togo aussi, je ne vois aucun opposant qui viendra au Pouvoir et ne se comportera pas comme Faure Gnassingbe\u0301. La seule chose que nous pouvons ou devons tous souhaiter est qu\u2019il quitte le Pouvoir en 2025.<\/p>\n<p>C \u0301est pourquoi je pro\u0302ne toujours que la fonction du Pre\u0301sident de la re\u0301publique telle qu \u0301elle est exerce\u0301e aujourd \u0301hui dans les pays africains, change en syste\u0300me parlementaire. Il faut supprimer la partie politique de la fonction pre\u0301sidentielle dans la Constitution pour donner place a\u0300 la fonction du Premier ministre a\u0300 l \u0301anglaise ou du Chancelier a\u0300 l \u0301allemande. L \u0301Afrique doit changer et pour que c\u0327a change, il faut que ce changement commence quelque part en Afrique. Le Togo doit montrer cet exemple de la fonction du Chancelier ou du Premier ministre en tant que chef de l \u0301exe\u0301cutif a\u0300 la place de la fonction du Pre\u0301sident de la re\u0301publique et je suis pre\u0302t pour montrer le chemin aux autres pays africains. Je connais bien la rigueur allemande dans la gestion des affaires de l \u0301E\u0301tat, de l \u0301e\u0301conomie.<\/p>\n<p>Il faut au Togo, aller quotidiennement a\u0300 la rencontre du peuple et non pas rester dans au palais pre\u0301sidentiel ou bunker pour ne ressortir que cinq ans apre\u0300s, a\u0300 l \u0301approche des e\u0301lections pre\u0301sidentielles, le\u0301gislatives ou re\u0301gionales. Il faut que les mentalite\u0301s e\u0301voluent dans la gestion du Pouvoir en Afrique, surtout en Afrique francophone. Le Togo doit montrer le chemin aux autres pays africains et je suis pre\u0302t pour le faire.<\/p>\n<p>Les mauvaises langues et haineuses diront : Et toi, n\u2019es-tu pas Africain pour faire la me\u0302me choses que ceux-la\u0300? Evidemment je suis Africain. Mais ces mauvaises langues, pre\u0302tes a\u0300 critiquer a\u0300 tout vent, doivent savoir aussi que je ne me conduis pas avec cette culture franc\u0327aise ou francophone. J \u0301ai la culture allemande dans mes habitudes avec la rigueur et le sentiment de toujours bien faire avec humilite\u0301 et rigueur.<\/p>\n<p>Dr. Christian Spieker<\/p>\n<p><strong>Pour plus d&rsquo;informations et d&rsquo;analyses sur la <a href=\"https:\/\/www.africa-press.net\/togo\">Togo<\/a>, suivez <a href=\"https:\/\/www.africa-press.net\/\">Africa-Press<\/a><\/strong><\/p>\n","protected":false},"excerpt":{"rendered":"<p>Africa-Press &#8211; Togo. Le Pre\u0301sident tunisien a tenu des propos haineux a\u0300 l \u0301e\u0301gard des Africains en situation irre\u0301gulie\u0300re sur son sol et ces propos a\u0300 caracte\u0300re raciste, ont mis en inse\u0301curite\u0301 les Africains re\u0301sidant en Tunisie dans de telle situation. Certains pre\u0301sidents africains comme celui de la Co\u0302te-d \u0301Ivoire, de la Guine\u0301e et du [&hellip;]<\/p>\n","protected":false},"author":82,"featured_media":18325,"comment_status":"open","ping_status":"closed","sticky":false,"template":"","format":"standard","meta":{"footnotes":""},"categories":[2,10],"tags":[36,49,50],"class_list":["post-18326","post","type-post","status-publish","format-standard","has-post-thumbnail","hentry","category-politique","category-toutes-les-actualites","tag-africa-press","tag-africa-press-togo","tag-togo"],"yoast_head":"<!-- This site is optimized with the Yoast SEO Premium plugin v26.1 (Yoast SEO v27.0) - https:\/\/yoast.com\/product\/yoast-seo-premium-wordpress\/ -->\n<title>Christian Spieker : \u201d N\u00b4existe-t-il aucun Togolais en situation irr\u00e9guli\u00e8re en Tunisie?\u201d - Togo<\/title>\n<meta name=\"description\" content=\"Le Pre\u0301sident tunisien a tenu des propos haineux a\u0300 l \u0301e\u0301gard des Africains en situation irre\u0301gulie\u0300re sur son sol et ...\" \/>\n<meta name=\"robots\" content=\"index, follow, max-snippet:-1, max-image-preview:large, max-video-preview:-1\" \/>\n<link rel=\"canonical\" href=\"https:\/\/www.africa-press.net\/togo\/politique\/christian-spieker-nexiste-t-il-aucun-togolais-en-situation-irreguliere-en-tunisie\" \/>\n<meta property=\"og:locale\" content=\"fr_FR\" \/>\n<meta property=\"og:type\" content=\"article\" \/>\n<meta property=\"og:title\" content=\"Christian Spieker : \u201d N\u00b4existe-t-il aucun Togolais en situation irr\u00e9guli\u00e8re en Tunisie?\u201d\" \/>\n<meta property=\"og:description\" content=\"Le Pre\u0301sident tunisien a tenu des propos haineux a\u0300 l \u0301e\u0301gard des Africains en situation irre\u0301gulie\u0300re sur son sol et ...\" \/>\n<meta property=\"og:url\" content=\"https:\/\/www.africa-press.net\/togo\/politique\/christian-spieker-nexiste-t-il-aucun-togolais-en-situation-irreguliere-en-tunisie\" \/>\n<meta property=\"og:site_name\" content=\"Togo\" \/>\n<meta property=\"article:published_time\" content=\"2023-03-09T12:08:45+00:00\" \/>\n<meta property=\"article:modified_time\" content=\"2023-03-09T12:38:40+00:00\" \/>\n<meta property=\"og:image\" content=\"https:\/\/static.africa-press.net\/togo\/sites\/58\/2023\/03\/postQueueImg_1678351129.86.jpg\" \/>\n\t<meta property=\"og:image:width\" content=\"1280\" \/>\n\t<meta property=\"og:image:height\" content=\"800\" \/>\n\t<meta property=\"og:image:type\" content=\"image\/jpeg\" \/>\n<meta name=\"author\" content=\"cfeditorfr\" \/>\n<meta name=\"twitter:card\" content=\"summary_large_image\" \/>\n<meta name=\"twitter:label1\" content=\"\u00c9crit par\" \/>\n\t<meta name=\"twitter:data1\" content=\"cfeditorfr\" \/>\n\t<meta name=\"twitter:label2\" content=\"Dur\u00e9e de lecture estim\u00e9e\" \/>\n\t<meta name=\"twitter:data2\" content=\"7 minutes\" \/>\n<script type=\"application\/ld+json\" class=\"yoast-schema-graph\">{\"@context\":\"https:\/\/schema.org\",\"@graph\":[{\"@type\":\"Article\",\"@id\":\"https:\/\/www.africa-press.net\/togo\/politique\/christian-spieker-nexiste-t-il-aucun-togolais-en-situation-irreguliere-en-tunisie#article\",\"isPartOf\":{\"@id\":\"https:\/\/www.africa-press.net\/togo\/politique\/christian-spieker-nexiste-t-il-aucun-togolais-en-situation-irreguliere-en-tunisie\"},\"author\":{\"name\":\"cfeditorfr\",\"@id\":\"https:\/\/www.africa-press.net\/togo\/#\/schema\/person\/2b1cf3cd81a31e3cd26889ca66d677f1\"},\"headline\":\"Christian Spieker : \u201d N\u00b4existe-t-il aucun Togolais en situation irr\u00e9guli\u00e8re en Tunisie?\u201d\",\"datePublished\":\"2023-03-09T12:08:45+00:00\",\"dateModified\":\"2023-03-09T12:38:40+00:00\",\"mainEntityOfPage\":{\"@id\":\"https:\/\/www.africa-press.net\/togo\/politique\/christian-spieker-nexiste-t-il-aucun-togolais-en-situation-irreguliere-en-tunisie\"},\"wordCount\":1335,\"commentCount\":0,\"image\":{\"@id\":\"https:\/\/www.africa-press.net\/togo\/politique\/christian-spieker-nexiste-t-il-aucun-togolais-en-situation-irreguliere-en-tunisie#primaryimage\"},\"thumbnailUrl\":\"https:\/\/static.africa-press.net\/togo\/sites\/58\/2023\/03\/postQueueImg_1678351129.86.jpg\",\"keywords\":[\"Africa Press\",\"Africa Press-Togo\",\"Togo\"],\"articleSection\":[\"Politique\",\"Toutes les actualit\u00e9s\"],\"inLanguage\":\"fr-FR\",\"potentialAction\":[{\"@type\":\"CommentAction\",\"name\":\"Comment\",\"target\":[\"https:\/\/www.africa-press.net\/togo\/politique\/christian-spieker-nexiste-t-il-aucun-togolais-en-situation-irreguliere-en-tunisie#respond\"]}]},{\"@type\":\"WebPage\",\"@id\":\"https:\/\/www.africa-press.net\/togo\/politique\/christian-spieker-nexiste-t-il-aucun-togolais-en-situation-irreguliere-en-tunisie\",\"url\":\"https:\/\/www.africa-press.net\/togo\/politique\/christian-spieker-nexiste-t-il-aucun-togolais-en-situation-irreguliere-en-tunisie\",\"name\":\"Christian Spieker : \u201d N\u00b4existe-t-il aucun Togolais en situation irr\u00e9guli\u00e8re en Tunisie?\u201d - Togo\",\"isPartOf\":{\"@id\":\"https:\/\/www.africa-press.net\/togo\/#website\"},\"primaryImageOfPage\":{\"@id\":\"https:\/\/www.africa-press.net\/togo\/politique\/christian-spieker-nexiste-t-il-aucun-togolais-en-situation-irreguliere-en-tunisie#primaryimage\"},\"image\":{\"@id\":\"https:\/\/www.africa-press.net\/togo\/politique\/christian-spieker-nexiste-t-il-aucun-togolais-en-situation-irreguliere-en-tunisie#primaryimage\"},\"thumbnailUrl\":\"https:\/\/static.africa-press.net\/togo\/sites\/58\/2023\/03\/postQueueImg_1678351129.86.jpg\",\"datePublished\":\"2023-03-09T12:08:45+00:00\",\"dateModified\":\"2023-03-09T12:38:40+00:00\",\"author\":{\"@id\":\"https:\/\/www.africa-press.net\/togo\/#\/schema\/person\/2b1cf3cd81a31e3cd26889ca66d677f1\"},\"description\":\"Le Pre\u0301sident tunisien a tenu des propos haineux a\u0300 l \u0301e\u0301gard des Africains en situation irre\u0301gulie\u0300re sur son sol et ...\",\"breadcrumb\":{\"@id\":\"https:\/\/www.africa-press.net\/togo\/politique\/christian-spieker-nexiste-t-il-aucun-togolais-en-situation-irreguliere-en-tunisie#breadcrumb\"},\"inLanguage\":\"fr-FR\",\"potentialAction\":[{\"@type\":\"ReadAction\",\"target\":[\"https:\/\/www.africa-press.net\/togo\/politique\/christian-spieker-nexiste-t-il-aucun-togolais-en-situation-irreguliere-en-tunisie\"]}]},{\"@type\":\"ImageObject\",\"inLanguage\":\"fr-FR\",\"@id\":\"https:\/\/www.africa-press.net\/togo\/politique\/christian-spieker-nexiste-t-il-aucun-togolais-en-situation-irreguliere-en-tunisie#primaryimage\",\"url\":\"https:\/\/static.africa-press.net\/togo\/sites\/58\/2023\/03\/postQueueImg_1678351129.86.jpg\",\"contentUrl\":\"https:\/\/static.africa-press.net\/togo\/sites\/58\/2023\/03\/postQueueImg_1678351129.86.jpg\",\"width\":1280,\"height\":800,\"caption\":\"Christian Spieker : \u201d N\u00b4existe-t-il aucun Togolais en situation irr\u00e9guli\u00e8re en Tunisie?\u201d\"},{\"@type\":\"BreadcrumbList\",\"@id\":\"https:\/\/www.africa-press.net\/togo\/politique\/christian-spieker-nexiste-t-il-aucun-togolais-en-situation-irreguliere-en-tunisie#breadcrumb\",\"itemListElement\":[{\"@type\":\"ListItem\",\"position\":1,\"name\":\"Accueil\",\"item\":\"https:\/\/www.africa-press.net\/togo\/\"},{\"@type\":\"ListItem\",\"position\":2,\"name\":\"Christian Spieker : \u201d N\u00b4existe-t-il aucun Togolais en situation irr\u00e9guli\u00e8re en Tunisie?\u201d\"}]},{\"@type\":\"WebSite\",\"@id\":\"https:\/\/www.africa-press.net\/togo\/#website\",\"url\":\"https:\/\/www.africa-press.net\/togo\/\",\"name\":\"Togo\",\"description\":\"Just another Africa News Agency Sites site\",\"potentialAction\":[{\"@type\":\"SearchAction\",\"target\":{\"@type\":\"EntryPoint\",\"urlTemplate\":\"https:\/\/www.africa-press.net\/togo\/?s={search_term_string}\"},\"query-input\":{\"@type\":\"PropertyValueSpecification\",\"valueRequired\":true,\"valueName\":\"search_term_string\"}}],\"inLanguage\":\"fr-FR\"},{\"@type\":\"Person\",\"@id\":\"https:\/\/www.africa-press.net\/togo\/#\/schema\/person\/2b1cf3cd81a31e3cd26889ca66d677f1\",\"name\":\"cfeditorfr\"}]}<\/script>\n<!-- \/ Yoast SEO Premium plugin. -->","yoast_head_json":{"title":"Christian Spieker : \u201d N\u00b4existe-t-il aucun Togolais en situation irr\u00e9guli\u00e8re en Tunisie?\u201d - Togo","description":"Le Pre\u0301sident tunisien a tenu des propos haineux a\u0300 l \u0301e\u0301gard des Africains en situation irre\u0301gulie\u0300re sur son sol et ...","robots":{"index":"index","follow":"follow","max-snippet":"max-snippet:-1","max-image-preview":"max-image-preview:large","max-video-preview":"max-video-preview:-1"},"canonical":"https:\/\/www.africa-press.net\/togo\/politique\/christian-spieker-nexiste-t-il-aucun-togolais-en-situation-irreguliere-en-tunisie","og_locale":"fr_FR","og_type":"article","og_title":"Christian Spieker : \u201d N\u00b4existe-t-il aucun Togolais en situation irr\u00e9guli\u00e8re en Tunisie?\u201d","og_description":"Le Pre\u0301sident tunisien a tenu des propos haineux a\u0300 l \u0301e\u0301gard des Africains en situation irre\u0301gulie\u0300re sur son sol et ...","og_url":"https:\/\/www.africa-press.net\/togo\/politique\/christian-spieker-nexiste-t-il-aucun-togolais-en-situation-irreguliere-en-tunisie","og_site_name":"Togo","article_published_time":"2023-03-09T12:08:45+00:00","article_modified_time":"2023-03-09T12:38:40+00:00","og_image":[{"width":1280,"height":800,"url":"https:\/\/static.africa-press.net\/togo\/sites\/58\/2023\/03\/postQueueImg_1678351129.86.jpg","type":"image\/jpeg"}],"author":"cfeditorfr","twitter_card":"summary_large_image","twitter_misc":{"\u00c9crit par":"cfeditorfr","Dur\u00e9e de lecture estim\u00e9e":"7 minutes"},"schema":{"@context":"https:\/\/schema.org","@graph":[{"@type":"Article","@id":"https:\/\/www.africa-press.net\/togo\/politique\/christian-spieker-nexiste-t-il-aucun-togolais-en-situation-irreguliere-en-tunisie#article","isPartOf":{"@id":"https:\/\/www.africa-press.net\/togo\/politique\/christian-spieker-nexiste-t-il-aucun-togolais-en-situation-irreguliere-en-tunisie"},"author":{"name":"cfeditorfr","@id":"https:\/\/www.africa-press.net\/togo\/#\/schema\/person\/2b1cf3cd81a31e3cd26889ca66d677f1"},"headline":"Christian Spieker : \u201d N\u00b4existe-t-il aucun Togolais en situation irr\u00e9guli\u00e8re en Tunisie?\u201d","datePublished":"2023-03-09T12:08:45+00:00","dateModified":"2023-03-09T12:38:40+00:00","mainEntityOfPage":{"@id":"https:\/\/www.africa-press.net\/togo\/politique\/christian-spieker-nexiste-t-il-aucun-togolais-en-situation-irreguliere-en-tunisie"},"wordCount":1335,"commentCount":0,"image":{"@id":"https:\/\/www.africa-press.net\/togo\/politique\/christian-spieker-nexiste-t-il-aucun-togolais-en-situation-irreguliere-en-tunisie#primaryimage"},"thumbnailUrl":"https:\/\/static.africa-press.net\/togo\/sites\/58\/2023\/03\/postQueueImg_1678351129.86.jpg","keywords":["Africa Press","Africa Press-Togo","Togo"],"articleSection":["Politique","Toutes les actualit\u00e9s"],"inLanguage":"fr-FR","potentialAction":[{"@type":"CommentAction","name":"Comment","target":["https:\/\/www.africa-press.net\/togo\/politique\/christian-spieker-nexiste-t-il-aucun-togolais-en-situation-irreguliere-en-tunisie#respond"]}]},{"@type":"WebPage","@id":"https:\/\/www.africa-press.net\/togo\/politique\/christian-spieker-nexiste-t-il-aucun-togolais-en-situation-irreguliere-en-tunisie","url":"https:\/\/www.africa-press.net\/togo\/politique\/christian-spieker-nexiste-t-il-aucun-togolais-en-situation-irreguliere-en-tunisie","name":"Christian Spieker : \u201d N\u00b4existe-t-il aucun Togolais en situation irr\u00e9guli\u00e8re en Tunisie?\u201d - Togo","isPartOf":{"@id":"https:\/\/www.africa-press.net\/togo\/#website"},"primaryImageOfPage":{"@id":"https:\/\/www.africa-press.net\/togo\/politique\/christian-spieker-nexiste-t-il-aucun-togolais-en-situation-irreguliere-en-tunisie#primaryimage"},"image":{"@id":"https:\/\/www.africa-press.net\/togo\/politique\/christian-spieker-nexiste-t-il-aucun-togolais-en-situation-irreguliere-en-tunisie#primaryimage"},"thumbnailUrl":"https:\/\/static.africa-press.net\/togo\/sites\/58\/2023\/03\/postQueueImg_1678351129.86.jpg","datePublished":"2023-03-09T12:08:45+00:00","dateModified":"2023-03-09T12:38:40+00:00","author":{"@id":"https:\/\/www.africa-press.net\/togo\/#\/schema\/person\/2b1cf3cd81a31e3cd26889ca66d677f1"},"description":"Le Pre\u0301sident tunisien a tenu des propos haineux a\u0300 l \u0301e\u0301gard des Africains en situation irre\u0301gulie\u0300re sur son sol et ...","breadcrumb":{"@id":"https:\/\/www.africa-press.net\/togo\/politique\/christian-spieker-nexiste-t-il-aucun-togolais-en-situation-irreguliere-en-tunisie#breadcrumb"},"inLanguage":"fr-FR","potentialAction":[{"@type":"ReadAction","target":["https:\/\/www.africa-press.net\/togo\/politique\/christian-spieker-nexiste-t-il-aucun-togolais-en-situation-irreguliere-en-tunisie"]}]},{"@type":"ImageObject","inLanguage":"fr-FR","@id":"https:\/\/www.africa-press.net\/togo\/politique\/christian-spieker-nexiste-t-il-aucun-togolais-en-situation-irreguliere-en-tunisie#primaryimage","url":"https:\/\/static.africa-press.net\/togo\/sites\/58\/2023\/03\/postQueueImg_1678351129.86.jpg","contentUrl":"https:\/\/static.africa-press.net\/togo\/sites\/58\/2023\/03\/postQueueImg_1678351129.86.jpg","width":1280,"height":800,"caption":"Christian Spieker : \u201d N\u00b4existe-t-il aucun Togolais en situation irr\u00e9guli\u00e8re en Tunisie?\u201d"},{"@type":"BreadcrumbList","@id":"https:\/\/www.africa-press.net\/togo\/politique\/christian-spieker-nexiste-t-il-aucun-togolais-en-situation-irreguliere-en-tunisie#breadcrumb","itemListElement":[{"@type":"ListItem","position":1,"name":"Accueil","item":"https:\/\/www.africa-press.net\/togo\/"},{"@type":"ListItem","position":2,"name":"Christian Spieker : \u201d N\u00b4existe-t-il aucun Togolais en situation irr\u00e9guli\u00e8re en Tunisie?\u201d"}]},{"@type":"WebSite","@id":"https:\/\/www.africa-press.net\/togo\/#website","url":"https:\/\/www.africa-press.net\/togo\/","name":"Togo","description":"Just another Africa News Agency Sites site","potentialAction":[{"@type":"SearchAction","target":{"@type":"EntryPoint","urlTemplate":"https:\/\/www.africa-press.net\/togo\/?s={search_term_string}"},"query-input":{"@type":"PropertyValueSpecification","valueRequired":true,"valueName":"search_term_string"}}],"inLanguage":"fr-FR"},{"@type":"Person","@id":"https:\/\/www.africa-press.net\/togo\/#\/schema\/person\/2b1cf3cd81a31e3cd26889ca66d677f1","name":"cfeditorfr"}]}},"_links":{"self":[{"href":"https:\/\/www.africa-press.net\/togo\/wp-json\/wp\/v2\/posts\/18326","targetHints":{"allow":["GET"]}}],"collection":[{"href":"https:\/\/www.africa-press.net\/togo\/wp-json\/wp\/v2\/posts"}],"about":[{"href":"https:\/\/www.africa-press.net\/togo\/wp-json\/wp\/v2\/types\/post"}],"author":[{"embeddable":true,"href":"https:\/\/www.africa-press.net\/togo\/wp-json\/wp\/v2\/users\/82"}],"replies":[{"embeddable":true,"href":"https:\/\/www.africa-press.net\/togo\/wp-json\/wp\/v2\/comments?post=18326"}],"version-history":[{"count":0,"href":"https:\/\/www.africa-press.net\/togo\/wp-json\/wp\/v2\/posts\/18326\/revisions"}],"wp:featuredmedia":[{"embeddable":true,"href":"https:\/\/www.africa-press.net\/togo\/wp-json\/wp\/v2\/media\/18325"}],"wp:attachment":[{"href":"https:\/\/www.africa-press.net\/togo\/wp-json\/wp\/v2\/media?parent=18326"}],"wp:term":[{"taxonomy":"category","embeddable":true,"href":"https:\/\/www.africa-press.net\/togo\/wp-json\/wp\/v2\/categories?post=18326"},{"taxonomy":"post_tag","embeddable":true,"href":"https:\/\/www.africa-press.net\/togo\/wp-json\/wp\/v2\/tags?post=18326"}],"curies":[{"name":"wp","href":"https:\/\/api.w.org\/{rel}","templated":true}]}}