{"id":18332,"date":"2023-03-09T12:09:12","date_gmt":"2023-03-09T12:09:12","guid":{"rendered":"https:\/\/www.africa-press.net\/togo\/politique\/togo-mgr-kpodzro-confirme-son-deces"},"modified":"2023-03-09T12:40:09","modified_gmt":"2023-03-09T12:40:09","slug":"togo-mgr-kpodzro-confirme-son-deces","status":"publish","type":"post","link":"https:\/\/www.africa-press.net\/togo\/politique\/togo-mgr-kpodzro-confirme-son-deces","title":{"rendered":"Togo-Mgr Kpodzro \u00ab confirme son d\u00e9c\u00e8s \u00bb"},"content":{"rendered":"<p><span style=\"color: #ff6600\"><strong>Africa-Press &#8211; Togo. <\/strong><\/span><b>Depuis quelques jours, circule sur les re\u0301seaux sociaux une formation selon laquelle le pre\u0301lat nonage\u0301naire, en exil en Europe depuis 2020, aurait tire\u0301 sa re\u0301ve\u0301rence. Dans une vide\u0301o, Mgr Kpodzro confirme sa mort. <\/b><\/p>\n<p>\u00ab Je viens d\u2019apprendre sur les re\u0301seaux sociaux l\u2019annonce de mon de\u0301ce\u0300s. Mgr Kpodzro est mort !!! Eh bien, je suis tre\u0300s heureux et satisfait de venir vous dire que je confirme mon de\u0301ce\u0300s. Mais mes ennemis ont tire\u0301 leur e\u0301pe\u0301e dans l\u2019eau, je suis bien vivant gra\u0302ce a\u0300 Dieu\u00bb, a indique\u0301 Mgr Kpodzro.<\/p>\n<p>L\u2019archeve\u0302que e\u0301me\u0301rite de Lome\u0301 indique qu\u2019il implore chaque jour la gra\u0302ce du Seigneur de voir l\u2019alternance re\u0301alise\u0301e au Togo avant qu\u2019il ne l\u2019appelle.<\/p>\n<p><strong>Pour plus d&rsquo;informations et d&rsquo;analyses sur la <a href=\"https:\/\/www.africa-press.net\/togo\">Togo<\/a>, suivez <a href=\"https:\/\/www.africa-press.net\/\">Africa-Press<\/a><\/strong><\/p>\n","protected":false},"excerpt":{"rendered":"<p>Africa-Press &#8211; Togo. Depuis quelques jours, circule sur les re\u0301seaux sociaux une formation selon laquelle le pre\u0301lat nonage\u0301naire, en exil en Europe depuis 2020, aurait tire\u0301 sa re\u0301ve\u0301rence. Dans une vide\u0301o, Mgr Kpodzro confirme sa mort. \u00ab Je viens d\u2019apprendre sur les re\u0301seaux sociaux l\u2019annonce de mon de\u0301ce\u0300s. Mgr Kpodzro est mort !!! Eh bien, [&hellip;]<\/p>\n","protected":false},"author":82,"featured_media":18331,"comment_status":"open","ping_status":"closed","sticky":false,"template":"","format":"standard","meta":{"footnotes":""},"categories":[2,10],"tags":[36,49,50],"class_list":["post-18332","post","type-post","status-publish","format-standard","has-post-thumbnail","hentry","category-politique","category-toutes-les-actualites","tag-africa-press","tag-africa-press-togo","tag-togo"],"yoast_head":"<!-- This site is optimized with the Yoast SEO Premium plugin v26.1 (Yoast SEO v27.0) - https:\/\/yoast.com\/product\/yoast-seo-premium-wordpress\/ -->\n<title>Togo-Mgr Kpodzro \u00ab confirme son d\u00e9c\u00e8s \u00bb - Togo<\/title>\n<meta name=\"description\" content=\"Depuis quelques jours, circule sur les re\u0301seaux sociaux une formation selon laquelle le pre\u0301lat nonage\u0301naire, en exil ...\" \/>\n<meta name=\"robots\" content=\"index, follow, max-snippet:-1, max-image-preview:large, max-video-preview:-1\" \/>\n<link rel=\"canonical\" href=\"https:\/\/www.africa-press.net\/togo\/politique\/togo-mgr-kpodzro-confirme-son-deces\" \/>\n<meta property=\"og:locale\" content=\"fr_FR\" \/>\n<meta property=\"og:type\" content=\"article\" \/>\n<meta property=\"og:title\" content=\"Togo-Mgr Kpodzro \u00ab confirme son d\u00e9c\u00e8s \u00bb\" \/>\n<meta property=\"og:description\" content=\"Depuis quelques jours, circule sur les re\u0301seaux sociaux une formation selon laquelle le pre\u0301lat nonage\u0301naire, en exil ...\" \/>\n<meta property=\"og:url\" content=\"https:\/\/www.africa-press.net\/togo\/politique\/togo-mgr-kpodzro-confirme-son-deces\" \/>\n<meta property=\"og:site_name\" content=\"Togo\" \/>\n<meta property=\"article:published_time\" content=\"2023-03-09T12:09:12+00:00\" \/>\n<meta property=\"article:modified_time\" content=\"2023-03-09T12:40:09+00:00\" \/>\n<meta property=\"og:image\" content=\"https:\/\/static.africa-press.net\/togo\/sites\/58\/2023\/03\/postQueueImg_1678351159.56.jpg\" \/>\n\t<meta property=\"og:image:width\" content=\"1280\" \/>\n\t<meta property=\"og:image:height\" content=\"800\" \/>\n\t<meta property=\"og:image:type\" content=\"image\/jpeg\" \/>\n<meta name=\"author\" content=\"cfeditorfr\" \/>\n<meta name=\"twitter:card\" content=\"summary_large_image\" \/>\n<meta name=\"twitter:label1\" content=\"\u00c9crit par\" \/>\n\t<meta name=\"twitter:data1\" content=\"cfeditorfr\" \/>\n\t<meta name=\"twitter:label2\" content=\"Dur\u00e9e de lecture estim\u00e9e\" \/>\n\t<meta name=\"twitter:data2\" content=\"1 minute\" \/>\n<script type=\"application\/ld+json\" class=\"yoast-schema-graph\">{\"@context\":\"https:\/\/schema.org\",\"@graph\":[{\"@type\":\"Article\",\"@id\":\"https:\/\/www.africa-press.net\/togo\/politique\/togo-mgr-kpodzro-confirme-son-deces#article\",\"isPartOf\":{\"@id\":\"https:\/\/www.africa-press.net\/togo\/politique\/togo-mgr-kpodzro-confirme-son-deces\"},\"author\":{\"name\":\"cfeditorfr\",\"@id\":\"https:\/\/www.africa-press.net\/togo\/#\/schema\/person\/2b1cf3cd81a31e3cd26889ca66d677f1\"},\"headline\":\"Togo-Mgr Kpodzro \u00ab confirme son d\u00e9c\u00e8s \u00bb\",\"datePublished\":\"2023-03-09T12:09:12+00:00\",\"dateModified\":\"2023-03-09T12:40:09+00:00\",\"mainEntityOfPage\":{\"@id\":\"https:\/\/www.africa-press.net\/togo\/politique\/togo-mgr-kpodzro-confirme-son-deces\"},\"wordCount\":158,\"commentCount\":0,\"image\":{\"@id\":\"https:\/\/www.africa-press.net\/togo\/politique\/togo-mgr-kpodzro-confirme-son-deces#primaryimage\"},\"thumbnailUrl\":\"https:\/\/static.africa-press.net\/togo\/sites\/58\/2023\/03\/postQueueImg_1678351159.56.jpg\",\"keywords\":[\"Africa Press\",\"Africa Press-Togo\",\"Togo\"],\"articleSection\":[\"Politique\",\"Toutes les actualit\u00e9s\"],\"inLanguage\":\"fr-FR\",\"potentialAction\":[{\"@type\":\"CommentAction\",\"name\":\"Comment\",\"target\":[\"https:\/\/www.africa-press.net\/togo\/politique\/togo-mgr-kpodzro-confirme-son-deces#respond\"]}]},{\"@type\":\"WebPage\",\"@id\":\"https:\/\/www.africa-press.net\/togo\/politique\/togo-mgr-kpodzro-confirme-son-deces\",\"url\":\"https:\/\/www.africa-press.net\/togo\/politique\/togo-mgr-kpodzro-confirme-son-deces\",\"name\":\"Togo-Mgr Kpodzro \u00ab confirme son d\u00e9c\u00e8s \u00bb - Togo\",\"isPartOf\":{\"@id\":\"https:\/\/www.africa-press.net\/togo\/#website\"},\"primaryImageOfPage\":{\"@id\":\"https:\/\/www.africa-press.net\/togo\/politique\/togo-mgr-kpodzro-confirme-son-deces#primaryimage\"},\"image\":{\"@id\":\"https:\/\/www.africa-press.net\/togo\/politique\/togo-mgr-kpodzro-confirme-son-deces#primaryimage\"},\"thumbnailUrl\":\"https:\/\/static.africa-press.net\/togo\/sites\/58\/2023\/03\/postQueueImg_1678351159.56.jpg\",\"datePublished\":\"2023-03-09T12:09:12+00:00\",\"dateModified\":\"2023-03-09T12:40:09+00:00\",\"author\":{\"@id\":\"https:\/\/www.africa-press.net\/togo\/#\/schema\/person\/2b1cf3cd81a31e3cd26889ca66d677f1\"},\"description\":\"Depuis quelques jours, circule sur les re\u0301seaux sociaux une formation selon laquelle le pre\u0301lat nonage\u0301naire, en exil ...\",\"breadcrumb\":{\"@id\":\"https:\/\/www.africa-press.net\/togo\/politique\/togo-mgr-kpodzro-confirme-son-deces#breadcrumb\"},\"inLanguage\":\"fr-FR\",\"potentialAction\":[{\"@type\":\"ReadAction\",\"target\":[\"https:\/\/www.africa-press.net\/togo\/politique\/togo-mgr-kpodzro-confirme-son-deces\"]}]},{\"@type\":\"ImageObject\",\"inLanguage\":\"fr-FR\",\"@id\":\"https:\/\/www.africa-press.net\/togo\/politique\/togo-mgr-kpodzro-confirme-son-deces#primaryimage\",\"url\":\"https:\/\/static.africa-press.net\/togo\/sites\/58\/2023\/03\/postQueueImg_1678351159.56.jpg\",\"contentUrl\":\"https:\/\/static.africa-press.net\/togo\/sites\/58\/2023\/03\/postQueueImg_1678351159.56.jpg\",\"width\":1280,\"height\":800,\"caption\":\"Togo-Mgr Kpodzro \u00ab confirme son d\u00e9c\u00e8s \u00bb\"},{\"@type\":\"BreadcrumbList\",\"@id\":\"https:\/\/www.africa-press.net\/togo\/politique\/togo-mgr-kpodzro-confirme-son-deces#breadcrumb\",\"itemListElement\":[{\"@type\":\"ListItem\",\"position\":1,\"name\":\"Accueil\",\"item\":\"https:\/\/www.africa-press.net\/togo\/\"},{\"@type\":\"ListItem\",\"position\":2,\"name\":\"Togo-Mgr Kpodzro \u00ab confirme son d\u00e9c\u00e8s \u00bb\"}]},{\"@type\":\"WebSite\",\"@id\":\"https:\/\/www.africa-press.net\/togo\/#website\",\"url\":\"https:\/\/www.africa-press.net\/togo\/\",\"name\":\"Togo\",\"description\":\"Just another Africa News Agency Sites site\",\"potentialAction\":[{\"@type\":\"SearchAction\",\"target\":{\"@type\":\"EntryPoint\",\"urlTemplate\":\"https:\/\/www.africa-press.net\/togo\/?s={search_term_string}\"},\"query-input\":{\"@type\":\"PropertyValueSpecification\",\"valueRequired\":true,\"valueName\":\"search_term_string\"}}],\"inLanguage\":\"fr-FR\"},{\"@type\":\"Person\",\"@id\":\"https:\/\/www.africa-press.net\/togo\/#\/schema\/person\/2b1cf3cd81a31e3cd26889ca66d677f1\",\"name\":\"cfeditorfr\"}]}<\/script>\n<!-- \/ Yoast SEO Premium plugin. -->","yoast_head_json":{"title":"Togo-Mgr Kpodzro \u00ab confirme son d\u00e9c\u00e8s \u00bb - Togo","description":"Depuis quelques jours, circule sur les re\u0301seaux sociaux une formation selon laquelle le pre\u0301lat nonage\u0301naire, en exil ...","robots":{"index":"index","follow":"follow","max-snippet":"max-snippet:-1","max-image-preview":"max-image-preview:large","max-video-preview":"max-video-preview:-1"},"canonical":"https:\/\/www.africa-press.net\/togo\/politique\/togo-mgr-kpodzro-confirme-son-deces","og_locale":"fr_FR","og_type":"article","og_title":"Togo-Mgr Kpodzro \u00ab confirme son d\u00e9c\u00e8s \u00bb","og_description":"Depuis quelques jours, circule sur les re\u0301seaux sociaux une formation selon laquelle le pre\u0301lat nonage\u0301naire, en exil ...","og_url":"https:\/\/www.africa-press.net\/togo\/politique\/togo-mgr-kpodzro-confirme-son-deces","og_site_name":"Togo","article_published_time":"2023-03-09T12:09:12+00:00","article_modified_time":"2023-03-09T12:40:09+00:00","og_image":[{"width":1280,"height":800,"url":"https:\/\/static.africa-press.net\/togo\/sites\/58\/2023\/03\/postQueueImg_1678351159.56.jpg","type":"image\/jpeg"}],"author":"cfeditorfr","twitter_card":"summary_large_image","twitter_misc":{"\u00c9crit par":"cfeditorfr","Dur\u00e9e de lecture estim\u00e9e":"1 minute"},"schema":{"@context":"https:\/\/schema.org","@graph":[{"@type":"Article","@id":"https:\/\/www.africa-press.net\/togo\/politique\/togo-mgr-kpodzro-confirme-son-deces#article","isPartOf":{"@id":"https:\/\/www.africa-press.net\/togo\/politique\/togo-mgr-kpodzro-confirme-son-deces"},"author":{"name":"cfeditorfr","@id":"https:\/\/www.africa-press.net\/togo\/#\/schema\/person\/2b1cf3cd81a31e3cd26889ca66d677f1"},"headline":"Togo-Mgr Kpodzro \u00ab confirme son d\u00e9c\u00e8s \u00bb","datePublished":"2023-03-09T12:09:12+00:00","dateModified":"2023-03-09T12:40:09+00:00","mainEntityOfPage":{"@id":"https:\/\/www.africa-press.net\/togo\/politique\/togo-mgr-kpodzro-confirme-son-deces"},"wordCount":158,"commentCount":0,"image":{"@id":"https:\/\/www.africa-press.net\/togo\/politique\/togo-mgr-kpodzro-confirme-son-deces#primaryimage"},"thumbnailUrl":"https:\/\/static.africa-press.net\/togo\/sites\/58\/2023\/03\/postQueueImg_1678351159.56.jpg","keywords":["Africa Press","Africa Press-Togo","Togo"],"articleSection":["Politique","Toutes les actualit\u00e9s"],"inLanguage":"fr-FR","potentialAction":[{"@type":"CommentAction","name":"Comment","target":["https:\/\/www.africa-press.net\/togo\/politique\/togo-mgr-kpodzro-confirme-son-deces#respond"]}]},{"@type":"WebPage","@id":"https:\/\/www.africa-press.net\/togo\/politique\/togo-mgr-kpodzro-confirme-son-deces","url":"https:\/\/www.africa-press.net\/togo\/politique\/togo-mgr-kpodzro-confirme-son-deces","name":"Togo-Mgr Kpodzro \u00ab confirme son d\u00e9c\u00e8s \u00bb - Togo","isPartOf":{"@id":"https:\/\/www.africa-press.net\/togo\/#website"},"primaryImageOfPage":{"@id":"https:\/\/www.africa-press.net\/togo\/politique\/togo-mgr-kpodzro-confirme-son-deces#primaryimage"},"image":{"@id":"https:\/\/www.africa-press.net\/togo\/politique\/togo-mgr-kpodzro-confirme-son-deces#primaryimage"},"thumbnailUrl":"https:\/\/static.africa-press.net\/togo\/sites\/58\/2023\/03\/postQueueImg_1678351159.56.jpg","datePublished":"2023-03-09T12:09:12+00:00","dateModified":"2023-03-09T12:40:09+00:00","author":{"@id":"https:\/\/www.africa-press.net\/togo\/#\/schema\/person\/2b1cf3cd81a31e3cd26889ca66d677f1"},"description":"Depuis quelques jours, circule sur les re\u0301seaux sociaux une formation selon laquelle le pre\u0301lat nonage\u0301naire, en exil ...","breadcrumb":{"@id":"https:\/\/www.africa-press.net\/togo\/politique\/togo-mgr-kpodzro-confirme-son-deces#breadcrumb"},"inLanguage":"fr-FR","potentialAction":[{"@type":"ReadAction","target":["https:\/\/www.africa-press.net\/togo\/politique\/togo-mgr-kpodzro-confirme-son-deces"]}]},{"@type":"ImageObject","inLanguage":"fr-FR","@id":"https:\/\/www.africa-press.net\/togo\/politique\/togo-mgr-kpodzro-confirme-son-deces#primaryimage","url":"https:\/\/static.africa-press.net\/togo\/sites\/58\/2023\/03\/postQueueImg_1678351159.56.jpg","contentUrl":"https:\/\/static.africa-press.net\/togo\/sites\/58\/2023\/03\/postQueueImg_1678351159.56.jpg","width":1280,"height":800,"caption":"Togo-Mgr Kpodzro \u00ab confirme son d\u00e9c\u00e8s \u00bb"},{"@type":"BreadcrumbList","@id":"https:\/\/www.africa-press.net\/togo\/politique\/togo-mgr-kpodzro-confirme-son-deces#breadcrumb","itemListElement":[{"@type":"ListItem","position":1,"name":"Accueil","item":"https:\/\/www.africa-press.net\/togo\/"},{"@type":"ListItem","position":2,"name":"Togo-Mgr Kpodzro \u00ab confirme son d\u00e9c\u00e8s \u00bb"}]},{"@type":"WebSite","@id":"https:\/\/www.africa-press.net\/togo\/#website","url":"https:\/\/www.africa-press.net\/togo\/","name":"Togo","description":"Just another Africa News Agency Sites site","potentialAction":[{"@type":"SearchAction","target":{"@type":"EntryPoint","urlTemplate":"https:\/\/www.africa-press.net\/togo\/?s={search_term_string}"},"query-input":{"@type":"PropertyValueSpecification","valueRequired":true,"valueName":"search_term_string"}}],"inLanguage":"fr-FR"},{"@type":"Person","@id":"https:\/\/www.africa-press.net\/togo\/#\/schema\/person\/2b1cf3cd81a31e3cd26889ca66d677f1","name":"cfeditorfr"}]}},"_links":{"self":[{"href":"https:\/\/www.africa-press.net\/togo\/wp-json\/wp\/v2\/posts\/18332","targetHints":{"allow":["GET"]}}],"collection":[{"href":"https:\/\/www.africa-press.net\/togo\/wp-json\/wp\/v2\/posts"}],"about":[{"href":"https:\/\/www.africa-press.net\/togo\/wp-json\/wp\/v2\/types\/post"}],"author":[{"embeddable":true,"href":"https:\/\/www.africa-press.net\/togo\/wp-json\/wp\/v2\/users\/82"}],"replies":[{"embeddable":true,"href":"https:\/\/www.africa-press.net\/togo\/wp-json\/wp\/v2\/comments?post=18332"}],"version-history":[{"count":0,"href":"https:\/\/www.africa-press.net\/togo\/wp-json\/wp\/v2\/posts\/18332\/revisions"}],"wp:featuredmedia":[{"embeddable":true,"href":"https:\/\/www.africa-press.net\/togo\/wp-json\/wp\/v2\/media\/18331"}],"wp:attachment":[{"href":"https:\/\/www.africa-press.net\/togo\/wp-json\/wp\/v2\/media?parent=18332"}],"wp:term":[{"taxonomy":"category","embeddable":true,"href":"https:\/\/www.africa-press.net\/togo\/wp-json\/wp\/v2\/categories?post=18332"},{"taxonomy":"post_tag","embeddable":true,"href":"https:\/\/www.africa-press.net\/togo\/wp-json\/wp\/v2\/tags?post=18332"}],"curies":[{"name":"wp","href":"https:\/\/api.w.org\/{rel}","templated":true}]}}