{"id":18339,"date":"2023-03-09T12:09:35","date_gmt":"2023-03-09T12:09:35","guid":{"rendered":"https:\/\/www.africa-press.net\/togo\/politique\/togo-detention-arbitraire-dabdoul-aziz-goma-des-avocats-americains-saisissent-le-groupe-de-travail-des-nations-unies"},"modified":"2023-03-09T12:41:49","modified_gmt":"2023-03-09T12:41:49","slug":"togo-detention-arbitraire-dabdoul-aziz-goma-des-avocats-americains-saisissent-le-groupe-de-travail-des-nations-unies","status":"publish","type":"post","link":"https:\/\/www.africa-press.net\/togo\/politique\/togo-detention-arbitraire-dabdoul-aziz-goma-des-avocats-americains-saisissent-le-groupe-de-travail-des-nations-unies","title":{"rendered":"Togo-D\u00e9tention arbitraire d\u2019Abdoul Aziz Goma : Des avocats am\u00e9ricains saisissent le groupe de travail des Nations Unies"},"content":{"rendered":"<p><span style=\"color: #ff6600\"><strong>Africa-Press &#8211; Togo. <\/strong><\/span><b>Le 3 mars 2023, Freedom Now et le cabinet d\u2019avocats McKool Smith ont de\u0301pose\u0301 une reque\u0302te aupre\u0300s du Groupe de travail des Nations Unies sur la de\u0301tention arbitraire au nom de l\u2019homme d\u2019affaires Abdoul Aziz Goma, un citoyen irlandais d\u2019origine togolaise. La pe\u0301tition alle\u0300gue que la de\u0301tention secre\u0300te de Goma par le Togo pendant des anne\u0301es, sans proce\u0300s, porte atteinte a\u0300 son droit fondamental a\u0300 la liberte\u0301, en violation du Pacte international relatif aux droits civils et politiques et de la De\u0301claration universelle des droits de l\u2019homme.<\/b><br \/>\n<b>\u00abAbdoul Aziz Goma a e\u0301te\u0301 injustement de\u0301tenu pendant plus de quatre ans sans proce\u0300s, tout en e\u0301tant soumis a\u0300 plusieurs reprises a\u0300 des actes re\u0301pre\u0301hensibles de torture et de mauvais traitements\u00bb, a de\u0301clare\u0301 Adam Lhedmat, juriste de Freedom Now. \u00ab Nous sommes convaincus que le Groupe de travail des Nations unies sur la de\u0301tention arbitraire conclura que les droits humains fondamentaux d\u2019Abdoul ont e\u0301te\u0301 viole\u0301 s et qu\u2019il doit e\u0302tre libe\u0301re\u0301 imme\u0301diatement\u00bb.<\/b><\/p>\n<p>Avant son arrestation, Goma effectuait re\u0301gulie\u0300rement des visites d\u2019affaires au Togo. Son voyage le plus re\u0301cent a eu lieu en novembre 2018. Le 19 de\u0301cembre 2018, Goma a rec\u0327u un appel inattendu d\u2019un ami re\u0301sidant a\u0300 Accra, au Ghana, demandant de l\u2019aide pour huit jeunes qui avaient voyage\u0301 d\u2019Accra a\u0300 Lome\u0301, au Togo et e\u0301taient bloque\u0301s car ils ne pouvaient pas joindre leur contact local. Bien que Goma ne connaisse pas ces personnes, il a de\u0301cide\u0301 de les aider et a contacte\u0301 un ami qui a accepte\u0301 de les accueillir. Il leur a e\u0301galement fourni de l\u2019argent pour les aider a\u0300 retourner au Ghana. Goma a appris plus tard que les individus e\u0301taient originaires du Togo et se trouvaient a\u0300 Lome\u0301 pour participer a\u0300 une marche de protestation pacifique entourant les prochaines e\u0301lections. Cependant, la manifestation n\u2019a jamais eu lieu en raison d\u2019une re\u0301pression gouvernementale. Les huit individus ont finalement rejoint leur contact local le lendemain soir et se sont installe\u0301s dans un ho\u0302tel. Goma ne les a jamais revus.<\/p>\n<p>Dans la soire\u0301e du 21 de\u0301cembre 2018, Goma a e\u0301te\u0301 arre\u0302te\u0301 dans les rues de Lome\u0301 par un groupe d\u2019hommes arme\u0301s en civil, re\u0301ve\u0301le\u0301s plus tard e\u0302tre des membres de l\u2019Unite\u0301 spe\u0301ciale d \u2019intervention de la gendarmerie (USIG). Les hommes arme\u0301s ont agresse\u0301 puis menotte\u0301 Goma et ses compagnons. Ils ont e\u0301te\u0301 emmene\u0301s au quartier ge\u0301ne\u0301ral de la police spe\u0301ciale ou\u0300 ils ont de nouveau e\u0301te\u0301 agresse\u0301s physiquement et ont continue\u0301 a\u0300 e\u0302tre maltraite\u0301s jusqu\u2019au lendemain. Goma a e\u0301te\u0301 menotte\u0301 a\u0300 une voiture puis a\u0300 un arbre et battu jusqu\u2019a\u0300 ce qu \u2019il vomisse du sang et s\u2019e\u0301vanouisse. Il s\u2019est assure\u0301 des passages a\u0300 tabac re\u0301pe\u0301te\u0301s et de la torture pendant deux semaines.<\/p>\n<p>Goma a comparu devant le procureur de la Re\u0301publique 10 jours apre\u0300s son arrestation et a e\u0301te\u0301 informe\u0301 des charges retenues contre lui, notamment trouble aggrave\u0301 de l\u2019ordre public, destruction volontaire de biens publics, association de malfaiteurs et atteinte a\u0300 la se\u0301curite\u0301 inte\u0301rieure de l\u2019E\u0301tat, mais n\u2019a pas e\u0301te\u0301 pre\u0301sente\u0301 a\u0300 un juge pour encore deux semaines. Les accusations de destruction de biens publics et d\u2019atteinte a\u0300 la se\u0301curite\u0301 de l\u2019E\u0301tat ont ensuite e\u0301te\u0301 abandonne\u0301es. A\u0300 aucun moment au cours de ces e\u0301ve\u0301nements, Goma n\u2019a eu acce\u0300s a\u0300 un avocat ou a\u0300 des contacts avec ses proches.<\/p>\n<p>En octobre 2020, pre\u0300s de deux ans apre\u0300s son arrestation, Goma a obtenu son premier acce\u0300s a\u0300 des avocats qui ont demande\u0301 une libe\u0301ration provisoire. Cette demande a e\u0301te\u0301 rejete\u0301e par le tribunal sans aucune justification. Le tribunal a ensuite ordonne\u0301 une enque\u0302te officielle sur les alle\u0301gations de torture de Goma, enque\u0302te qui, pre\u0300s de deux ans et demi plus tard, n\u2019a toujours pas eu lieu.<\/p>\n<p>Le 20 janvier 2022, Goma a e\u0301te\u0301 transfe\u0301re\u0301 d\u2019une prison secre\u0300te a\u0300 la gendarmerie nationale de Lome\u0301, ou\u0300 il e\u0301tait de\u0301tenu depuis juin 2020, a\u0300 la prison civile de Lome\u0301, ou\u0300 il reste incarce\u0301re\u0301. La prison civile de Lome\u0301 est cense\u0301e abriter 600 de\u0301tenus, mais en abrite actuellement plus de 2 000. Pendant sa de\u0301tention, Goma n\u2019e\u0301tait ge\u0301ne\u0301ralement nourri qu\u2019une fois par jour et souvent pas du tout.<\/p>\n<p>En raison des tortures qu\u2019il a subies, la sante\u0301 de Goma s\u2019est rapidement de\u0301te\u0301riore\u0301e. On lui a diagnostique\u0301 une hernie discale, qui depuis n\u2019a pas e\u0301te\u0301 traite\u0301e. Il de\u0301veloppe e\u0301galement des sympto\u0302mes de Charcot-Marie-Tooth, un trouble nerveux de\u0301ge\u0301ne\u0301ratif qui provoque une faiblesse et une atrophie des bras, des mains, des jambes et des pieds. En conse\u0301quence, il a progressivement perdu l\u2019usage de ses deux jambes et ne peut plus marcher. La torture l\u2019a laisse\u0301 dans un e\u0301tat permanent de douleurs musculaires, articulaires, verte\u0301brales et abdominales. Ses demandes de libe\u0301ration pour raisons humanitaires ont e\u0301te\u0301 rejete\u0301es.<\/p>\n<p><strong>Pour plus d&rsquo;informations et d&rsquo;analyses sur la <a href=\"https:\/\/www.africa-press.net\/togo\">Togo<\/a>, suivez <a href=\"https:\/\/www.africa-press.net\/\">Africa-Press<\/a><\/strong><\/p>\n","protected":false},"excerpt":{"rendered":"<p>Africa-Press &#8211; Togo. Le 3 mars 2023, Freedom Now et le cabinet d\u2019avocats McKool Smith ont de\u0301pose\u0301 une reque\u0302te aupre\u0300s du Groupe de travail des Nations Unies sur la de\u0301tention arbitraire au nom de l\u2019homme d\u2019affaires Abdoul Aziz Goma, un citoyen irlandais d\u2019origine togolaise. La pe\u0301tition alle\u0300gue que la de\u0301tention secre\u0300te de Goma par le [&hellip;]<\/p>\n","protected":false},"author":82,"featured_media":18338,"comment_status":"open","ping_status":"closed","sticky":false,"template":"","format":"standard","meta":{"footnotes":""},"categories":[2,10],"tags":[36,49,50],"class_list":["post-18339","post","type-post","status-publish","format-standard","has-post-thumbnail","hentry","category-politique","category-toutes-les-actualites","tag-africa-press","tag-africa-press-togo","tag-togo"],"yoast_head":"<!-- This site is optimized with the Yoast SEO Premium plugin v26.1 (Yoast SEO v27.0) - https:\/\/yoast.com\/product\/yoast-seo-premium-wordpress\/ -->\n<title>Togo-D\u00e9tention arbitraire d\u2019Abdoul Aziz Goma : Des avocats am\u00e9ricains saisissent le groupe de travail des Nations Unies - Togo<\/title>\n<meta name=\"description\" content=\"Le 3 mars 2023, Freedom Now et le cabinet d\u2019avocats McKool Smith ont de\u0301pose\u0301 une reque\u0302te aupre\u0300s du Groupe de trava ...\" \/>\n<meta name=\"robots\" content=\"index, follow, max-snippet:-1, max-image-preview:large, max-video-preview:-1\" \/>\n<link rel=\"canonical\" href=\"https:\/\/www.africa-press.net\/togo\/politique\/togo-detention-arbitraire-dabdoul-aziz-goma-des-avocats-americains-saisissent-le-groupe-de-travail-des-nations-unies\" \/>\n<meta property=\"og:locale\" content=\"fr_FR\" \/>\n<meta property=\"og:type\" content=\"article\" \/>\n<meta property=\"og:title\" content=\"Togo-D\u00e9tention arbitraire d\u2019Abdoul Aziz Goma : Des avocats am\u00e9ricains saisissent le groupe de travail des Nations Unies\" \/>\n<meta property=\"og:description\" content=\"Le 3 mars 2023, Freedom Now et le cabinet d\u2019avocats McKool Smith ont de\u0301pose\u0301 une reque\u0302te aupre\u0300s du Groupe de trava ...\" \/>\n<meta property=\"og:url\" content=\"https:\/\/www.africa-press.net\/togo\/politique\/togo-detention-arbitraire-dabdoul-aziz-goma-des-avocats-americains-saisissent-le-groupe-de-travail-des-nations-unies\" \/>\n<meta property=\"og:site_name\" content=\"Togo\" \/>\n<meta property=\"article:published_time\" content=\"2023-03-09T12:09:35+00:00\" \/>\n<meta property=\"article:modified_time\" content=\"2023-03-09T12:41:49+00:00\" \/>\n<meta property=\"og:image\" content=\"https:\/\/static.africa-press.net\/togo\/sites\/58\/2023\/03\/postQueueImg_1678351187.53.jpg\" \/>\n\t<meta property=\"og:image:width\" content=\"1280\" \/>\n\t<meta property=\"og:image:height\" content=\"800\" \/>\n\t<meta property=\"og:image:type\" content=\"image\/jpeg\" \/>\n<meta name=\"author\" content=\"cfeditorfr\" \/>\n<meta name=\"twitter:card\" content=\"summary_large_image\" \/>\n<meta name=\"twitter:label1\" content=\"\u00c9crit par\" \/>\n\t<meta name=\"twitter:data1\" content=\"cfeditorfr\" \/>\n\t<meta name=\"twitter:label2\" content=\"Dur\u00e9e de lecture estim\u00e9e\" \/>\n\t<meta name=\"twitter:data2\" content=\"5 minutes\" \/>\n<script type=\"application\/ld+json\" class=\"yoast-schema-graph\">{\"@context\":\"https:\/\/schema.org\",\"@graph\":[{\"@type\":\"Article\",\"@id\":\"https:\/\/www.africa-press.net\/togo\/politique\/togo-detention-arbitraire-dabdoul-aziz-goma-des-avocats-americains-saisissent-le-groupe-de-travail-des-nations-unies#article\",\"isPartOf\":{\"@id\":\"https:\/\/www.africa-press.net\/togo\/politique\/togo-detention-arbitraire-dabdoul-aziz-goma-des-avocats-americains-saisissent-le-groupe-de-travail-des-nations-unies\"},\"author\":{\"name\":\"cfeditorfr\",\"@id\":\"https:\/\/www.africa-press.net\/togo\/#\/schema\/person\/2b1cf3cd81a31e3cd26889ca66d677f1\"},\"headline\":\"Togo-D\u00e9tention arbitraire d\u2019Abdoul Aziz Goma : Des avocats am\u00e9ricains saisissent le groupe de travail des Nations Unies\",\"datePublished\":\"2023-03-09T12:09:35+00:00\",\"dateModified\":\"2023-03-09T12:41:49+00:00\",\"mainEntityOfPage\":{\"@id\":\"https:\/\/www.africa-press.net\/togo\/politique\/togo-detention-arbitraire-dabdoul-aziz-goma-des-avocats-americains-saisissent-le-groupe-de-travail-des-nations-unies\"},\"wordCount\":938,\"commentCount\":0,\"image\":{\"@id\":\"https:\/\/www.africa-press.net\/togo\/politique\/togo-detention-arbitraire-dabdoul-aziz-goma-des-avocats-americains-saisissent-le-groupe-de-travail-des-nations-unies#primaryimage\"},\"thumbnailUrl\":\"https:\/\/static.africa-press.net\/togo\/sites\/58\/2023\/03\/postQueueImg_1678351187.53.jpg\",\"keywords\":[\"Africa Press\",\"Africa Press-Togo\",\"Togo\"],\"articleSection\":[\"Politique\",\"Toutes les actualit\u00e9s\"],\"inLanguage\":\"fr-FR\",\"potentialAction\":[{\"@type\":\"CommentAction\",\"name\":\"Comment\",\"target\":[\"https:\/\/www.africa-press.net\/togo\/politique\/togo-detention-arbitraire-dabdoul-aziz-goma-des-avocats-americains-saisissent-le-groupe-de-travail-des-nations-unies#respond\"]}]},{\"@type\":\"WebPage\",\"@id\":\"https:\/\/www.africa-press.net\/togo\/politique\/togo-detention-arbitraire-dabdoul-aziz-goma-des-avocats-americains-saisissent-le-groupe-de-travail-des-nations-unies\",\"url\":\"https:\/\/www.africa-press.net\/togo\/politique\/togo-detention-arbitraire-dabdoul-aziz-goma-des-avocats-americains-saisissent-le-groupe-de-travail-des-nations-unies\",\"name\":\"Togo-D\u00e9tention arbitraire d\u2019Abdoul Aziz Goma : Des avocats am\u00e9ricains saisissent le groupe de travail des Nations Unies - Togo\",\"isPartOf\":{\"@id\":\"https:\/\/www.africa-press.net\/togo\/#website\"},\"primaryImageOfPage\":{\"@id\":\"https:\/\/www.africa-press.net\/togo\/politique\/togo-detention-arbitraire-dabdoul-aziz-goma-des-avocats-americains-saisissent-le-groupe-de-travail-des-nations-unies#primaryimage\"},\"image\":{\"@id\":\"https:\/\/www.africa-press.net\/togo\/politique\/togo-detention-arbitraire-dabdoul-aziz-goma-des-avocats-americains-saisissent-le-groupe-de-travail-des-nations-unies#primaryimage\"},\"thumbnailUrl\":\"https:\/\/static.africa-press.net\/togo\/sites\/58\/2023\/03\/postQueueImg_1678351187.53.jpg\",\"datePublished\":\"2023-03-09T12:09:35+00:00\",\"dateModified\":\"2023-03-09T12:41:49+00:00\",\"author\":{\"@id\":\"https:\/\/www.africa-press.net\/togo\/#\/schema\/person\/2b1cf3cd81a31e3cd26889ca66d677f1\"},\"description\":\"Le 3 mars 2023, Freedom Now et le cabinet d\u2019avocats McKool Smith ont de\u0301pose\u0301 une reque\u0302te aupre\u0300s du Groupe de trava ...\",\"breadcrumb\":{\"@id\":\"https:\/\/www.africa-press.net\/togo\/politique\/togo-detention-arbitraire-dabdoul-aziz-goma-des-avocats-americains-saisissent-le-groupe-de-travail-des-nations-unies#breadcrumb\"},\"inLanguage\":\"fr-FR\",\"potentialAction\":[{\"@type\":\"ReadAction\",\"target\":[\"https:\/\/www.africa-press.net\/togo\/politique\/togo-detention-arbitraire-dabdoul-aziz-goma-des-avocats-americains-saisissent-le-groupe-de-travail-des-nations-unies\"]}]},{\"@type\":\"ImageObject\",\"inLanguage\":\"fr-FR\",\"@id\":\"https:\/\/www.africa-press.net\/togo\/politique\/togo-detention-arbitraire-dabdoul-aziz-goma-des-avocats-americains-saisissent-le-groupe-de-travail-des-nations-unies#primaryimage\",\"url\":\"https:\/\/static.africa-press.net\/togo\/sites\/58\/2023\/03\/postQueueImg_1678351187.53.jpg\",\"contentUrl\":\"https:\/\/static.africa-press.net\/togo\/sites\/58\/2023\/03\/postQueueImg_1678351187.53.jpg\",\"width\":1280,\"height\":800,\"caption\":\"Togo-D\u00e9tention arbitraire d\u2019Abdoul Aziz Goma : Des avocats am\u00e9ricains saisissent le groupe de travail des Nations Unies\"},{\"@type\":\"BreadcrumbList\",\"@id\":\"https:\/\/www.africa-press.net\/togo\/politique\/togo-detention-arbitraire-dabdoul-aziz-goma-des-avocats-americains-saisissent-le-groupe-de-travail-des-nations-unies#breadcrumb\",\"itemListElement\":[{\"@type\":\"ListItem\",\"position\":1,\"name\":\"Accueil\",\"item\":\"https:\/\/www.africa-press.net\/togo\/\"},{\"@type\":\"ListItem\",\"position\":2,\"name\":\"Togo-D\u00e9tention arbitraire d\u2019Abdoul Aziz Goma : Des avocats am\u00e9ricains saisissent le groupe de travail des Nations Unies\"}]},{\"@type\":\"WebSite\",\"@id\":\"https:\/\/www.africa-press.net\/togo\/#website\",\"url\":\"https:\/\/www.africa-press.net\/togo\/\",\"name\":\"Togo\",\"description\":\"Just another Africa News Agency Sites site\",\"potentialAction\":[{\"@type\":\"SearchAction\",\"target\":{\"@type\":\"EntryPoint\",\"urlTemplate\":\"https:\/\/www.africa-press.net\/togo\/?s={search_term_string}\"},\"query-input\":{\"@type\":\"PropertyValueSpecification\",\"valueRequired\":true,\"valueName\":\"search_term_string\"}}],\"inLanguage\":\"fr-FR\"},{\"@type\":\"Person\",\"@id\":\"https:\/\/www.africa-press.net\/togo\/#\/schema\/person\/2b1cf3cd81a31e3cd26889ca66d677f1\",\"name\":\"cfeditorfr\"}]}<\/script>\n<!-- \/ Yoast SEO Premium plugin. -->","yoast_head_json":{"title":"Togo-D\u00e9tention arbitraire d\u2019Abdoul Aziz Goma : Des avocats am\u00e9ricains saisissent le groupe de travail des Nations Unies - Togo","description":"Le 3 mars 2023, Freedom Now et le cabinet d\u2019avocats McKool Smith ont de\u0301pose\u0301 une reque\u0302te aupre\u0300s du Groupe de trava ...","robots":{"index":"index","follow":"follow","max-snippet":"max-snippet:-1","max-image-preview":"max-image-preview:large","max-video-preview":"max-video-preview:-1"},"canonical":"https:\/\/www.africa-press.net\/togo\/politique\/togo-detention-arbitraire-dabdoul-aziz-goma-des-avocats-americains-saisissent-le-groupe-de-travail-des-nations-unies","og_locale":"fr_FR","og_type":"article","og_title":"Togo-D\u00e9tention arbitraire d\u2019Abdoul Aziz Goma : Des avocats am\u00e9ricains saisissent le groupe de travail des Nations Unies","og_description":"Le 3 mars 2023, Freedom Now et le cabinet d\u2019avocats McKool Smith ont de\u0301pose\u0301 une reque\u0302te aupre\u0300s du Groupe de trava ...","og_url":"https:\/\/www.africa-press.net\/togo\/politique\/togo-detention-arbitraire-dabdoul-aziz-goma-des-avocats-americains-saisissent-le-groupe-de-travail-des-nations-unies","og_site_name":"Togo","article_published_time":"2023-03-09T12:09:35+00:00","article_modified_time":"2023-03-09T12:41:49+00:00","og_image":[{"width":1280,"height":800,"url":"https:\/\/static.africa-press.net\/togo\/sites\/58\/2023\/03\/postQueueImg_1678351187.53.jpg","type":"image\/jpeg"}],"author":"cfeditorfr","twitter_card":"summary_large_image","twitter_misc":{"\u00c9crit par":"cfeditorfr","Dur\u00e9e de lecture estim\u00e9e":"5 minutes"},"schema":{"@context":"https:\/\/schema.org","@graph":[{"@type":"Article","@id":"https:\/\/www.africa-press.net\/togo\/politique\/togo-detention-arbitraire-dabdoul-aziz-goma-des-avocats-americains-saisissent-le-groupe-de-travail-des-nations-unies#article","isPartOf":{"@id":"https:\/\/www.africa-press.net\/togo\/politique\/togo-detention-arbitraire-dabdoul-aziz-goma-des-avocats-americains-saisissent-le-groupe-de-travail-des-nations-unies"},"author":{"name":"cfeditorfr","@id":"https:\/\/www.africa-press.net\/togo\/#\/schema\/person\/2b1cf3cd81a31e3cd26889ca66d677f1"},"headline":"Togo-D\u00e9tention arbitraire d\u2019Abdoul Aziz Goma : Des avocats am\u00e9ricains saisissent le groupe de travail des Nations Unies","datePublished":"2023-03-09T12:09:35+00:00","dateModified":"2023-03-09T12:41:49+00:00","mainEntityOfPage":{"@id":"https:\/\/www.africa-press.net\/togo\/politique\/togo-detention-arbitraire-dabdoul-aziz-goma-des-avocats-americains-saisissent-le-groupe-de-travail-des-nations-unies"},"wordCount":938,"commentCount":0,"image":{"@id":"https:\/\/www.africa-press.net\/togo\/politique\/togo-detention-arbitraire-dabdoul-aziz-goma-des-avocats-americains-saisissent-le-groupe-de-travail-des-nations-unies#primaryimage"},"thumbnailUrl":"https:\/\/static.africa-press.net\/togo\/sites\/58\/2023\/03\/postQueueImg_1678351187.53.jpg","keywords":["Africa Press","Africa Press-Togo","Togo"],"articleSection":["Politique","Toutes les actualit\u00e9s"],"inLanguage":"fr-FR","potentialAction":[{"@type":"CommentAction","name":"Comment","target":["https:\/\/www.africa-press.net\/togo\/politique\/togo-detention-arbitraire-dabdoul-aziz-goma-des-avocats-americains-saisissent-le-groupe-de-travail-des-nations-unies#respond"]}]},{"@type":"WebPage","@id":"https:\/\/www.africa-press.net\/togo\/politique\/togo-detention-arbitraire-dabdoul-aziz-goma-des-avocats-americains-saisissent-le-groupe-de-travail-des-nations-unies","url":"https:\/\/www.africa-press.net\/togo\/politique\/togo-detention-arbitraire-dabdoul-aziz-goma-des-avocats-americains-saisissent-le-groupe-de-travail-des-nations-unies","name":"Togo-D\u00e9tention arbitraire d\u2019Abdoul Aziz Goma : Des avocats am\u00e9ricains saisissent le groupe de travail des Nations Unies - Togo","isPartOf":{"@id":"https:\/\/www.africa-press.net\/togo\/#website"},"primaryImageOfPage":{"@id":"https:\/\/www.africa-press.net\/togo\/politique\/togo-detention-arbitraire-dabdoul-aziz-goma-des-avocats-americains-saisissent-le-groupe-de-travail-des-nations-unies#primaryimage"},"image":{"@id":"https:\/\/www.africa-press.net\/togo\/politique\/togo-detention-arbitraire-dabdoul-aziz-goma-des-avocats-americains-saisissent-le-groupe-de-travail-des-nations-unies#primaryimage"},"thumbnailUrl":"https:\/\/static.africa-press.net\/togo\/sites\/58\/2023\/03\/postQueueImg_1678351187.53.jpg","datePublished":"2023-03-09T12:09:35+00:00","dateModified":"2023-03-09T12:41:49+00:00","author":{"@id":"https:\/\/www.africa-press.net\/togo\/#\/schema\/person\/2b1cf3cd81a31e3cd26889ca66d677f1"},"description":"Le 3 mars 2023, Freedom Now et le cabinet d\u2019avocats McKool Smith ont de\u0301pose\u0301 une reque\u0302te aupre\u0300s du Groupe de trava ...","breadcrumb":{"@id":"https:\/\/www.africa-press.net\/togo\/politique\/togo-detention-arbitraire-dabdoul-aziz-goma-des-avocats-americains-saisissent-le-groupe-de-travail-des-nations-unies#breadcrumb"},"inLanguage":"fr-FR","potentialAction":[{"@type":"ReadAction","target":["https:\/\/www.africa-press.net\/togo\/politique\/togo-detention-arbitraire-dabdoul-aziz-goma-des-avocats-americains-saisissent-le-groupe-de-travail-des-nations-unies"]}]},{"@type":"ImageObject","inLanguage":"fr-FR","@id":"https:\/\/www.africa-press.net\/togo\/politique\/togo-detention-arbitraire-dabdoul-aziz-goma-des-avocats-americains-saisissent-le-groupe-de-travail-des-nations-unies#primaryimage","url":"https:\/\/static.africa-press.net\/togo\/sites\/58\/2023\/03\/postQueueImg_1678351187.53.jpg","contentUrl":"https:\/\/static.africa-press.net\/togo\/sites\/58\/2023\/03\/postQueueImg_1678351187.53.jpg","width":1280,"height":800,"caption":"Togo-D\u00e9tention arbitraire d\u2019Abdoul Aziz Goma : Des avocats am\u00e9ricains saisissent le groupe de travail des Nations Unies"},{"@type":"BreadcrumbList","@id":"https:\/\/www.africa-press.net\/togo\/politique\/togo-detention-arbitraire-dabdoul-aziz-goma-des-avocats-americains-saisissent-le-groupe-de-travail-des-nations-unies#breadcrumb","itemListElement":[{"@type":"ListItem","position":1,"name":"Accueil","item":"https:\/\/www.africa-press.net\/togo\/"},{"@type":"ListItem","position":2,"name":"Togo-D\u00e9tention arbitraire d\u2019Abdoul Aziz Goma : Des avocats am\u00e9ricains saisissent le groupe de travail des Nations Unies"}]},{"@type":"WebSite","@id":"https:\/\/www.africa-press.net\/togo\/#website","url":"https:\/\/www.africa-press.net\/togo\/","name":"Togo","description":"Just another Africa News Agency Sites site","potentialAction":[{"@type":"SearchAction","target":{"@type":"EntryPoint","urlTemplate":"https:\/\/www.africa-press.net\/togo\/?s={search_term_string}"},"query-input":{"@type":"PropertyValueSpecification","valueRequired":true,"valueName":"search_term_string"}}],"inLanguage":"fr-FR"},{"@type":"Person","@id":"https:\/\/www.africa-press.net\/togo\/#\/schema\/person\/2b1cf3cd81a31e3cd26889ca66d677f1","name":"cfeditorfr"}]}},"_links":{"self":[{"href":"https:\/\/www.africa-press.net\/togo\/wp-json\/wp\/v2\/posts\/18339","targetHints":{"allow":["GET"]}}],"collection":[{"href":"https:\/\/www.africa-press.net\/togo\/wp-json\/wp\/v2\/posts"}],"about":[{"href":"https:\/\/www.africa-press.net\/togo\/wp-json\/wp\/v2\/types\/post"}],"author":[{"embeddable":true,"href":"https:\/\/www.africa-press.net\/togo\/wp-json\/wp\/v2\/users\/82"}],"replies":[{"embeddable":true,"href":"https:\/\/www.africa-press.net\/togo\/wp-json\/wp\/v2\/comments?post=18339"}],"version-history":[{"count":0,"href":"https:\/\/www.africa-press.net\/togo\/wp-json\/wp\/v2\/posts\/18339\/revisions"}],"wp:featuredmedia":[{"embeddable":true,"href":"https:\/\/www.africa-press.net\/togo\/wp-json\/wp\/v2\/media\/18338"}],"wp:attachment":[{"href":"https:\/\/www.africa-press.net\/togo\/wp-json\/wp\/v2\/media?parent=18339"}],"wp:term":[{"taxonomy":"category","embeddable":true,"href":"https:\/\/www.africa-press.net\/togo\/wp-json\/wp\/v2\/categories?post=18339"},{"taxonomy":"post_tag","embeddable":true,"href":"https:\/\/www.africa-press.net\/togo\/wp-json\/wp\/v2\/tags?post=18339"}],"curies":[{"name":"wp","href":"https:\/\/api.w.org\/{rel}","templated":true}]}}